{"id":18789,"date":"2018-08-01T13:18:04","date_gmt":"2018-08-01T11:18:04","guid":{"rendered":"https:\/\/blog.zeit.de\/teilchen\/?p=18789"},"modified":"2018-08-01T13:18:04","modified_gmt":"2018-08-01T11:18:04","slug":"aus-und-einschalten-computer-technische-probleme-loesung","status":"publish","type":"post","link":"https:\/\/blog.zeit.de\/teilchen\/2018\/08\/01\/aus-und-einschalten-computer-technische-probleme-loesung\/","title":{"rendered":"Warum Aus- und Einschalten fast jedes technische Problem l\u00f6st"},"content":{"rendered":"\n<div class=\"embed-wrapper embed-wrapper--blocked js-embed-consent\" data-method=\"embed\">\n<script class=\"raw__source\" type=\"text\/template\"><iframe loading=\"lazy\" title=\"Why Does Rebooting Fix So Many Problems?\" width=\"640\" height=\"360\" src=\"https:\/\/www.youtube-nocookie.com\/embed\/Lish5QFp81E?feature=oembed\" frameborder=\"0\" allow=\"accelerometer; autoplay; clipboard-write; encrypted-media; gyroscope; picture-in-picture; web-share\" referrerpolicy=\"strict-origin-when-cross-origin\" allowfullscreen><\/iframe><\/script>\n<div class=\"embed-wrapper__inner\">\n<div class=\"embed-wrapper__text\">\n<h3>Empfohlener redaktioneller Inhalt<\/h3>\n<p data-replace=\"no\">An dieser Stelle finden Sie externen Inhalt, der den Artikel erg\u00e4nzt. Sie k\u00f6nnen sich externe Inhalte mit einem Klick anzeigen lassen und wieder ausblenden.<noscript>Bitte aktivieren Sie JavaScript damit Sie diesen Inhalt anzeigen k\u00f6nnen.<\/noscript><\/p>\n<\/div>\n<div class=\"embed-consent\">\n<label class=\"embed-consent__toggle\">\n<input class=\"js-embed-consent__toggle\" type=\"checkbox\" autocomplete=\"off\">\n<span><\/span>\nExterner Inhalt\n<\/label>\n<a href=\"https:\/\/www.zeit.de\/hilfe\/datenschutz\" target=\"_blank\" class=\"embed-consent__datalink-when-active\">Datenschutzerkl\u00e4rung<\/a>\n<\/div>\n<div class=\"embed-wrapper__footer\">\n<p data-replace=\"no\">\nIch bin damit einverstanden, dass mir externe Inhalte angezeigt werden. Damit k\u00f6nnen personenbezogene Daten an Drittplattformen \u00fcbermittelt werden. <a href=\"https:\/\/www.zeit.de\/hilfe\/datenschutz\" target=\"_blank\">Mehr dazu in unserer Datenschutzerkl\u00e4rung.<\/a>\n<\/p>\n<\/div>\n<\/div>\n<\/div>\n<p>&#8222;Haben Sie den Rechner schon aus- und wieder eingeschaltet?&#8220; Jeder, der sich schon mal mit einem PC-Problem an den b\u00fcrointernen IT-Fachmann oder die Digitalexpertin im Freundeskreis gewandt hat, d\u00fcrfte diese Frage kennen. Ganz egal, ob gerade der Bildschirm eingefroren ist oder die Internetverbindung nicht funktioniert: Mit dem Dr\u00fccken der Power-Taste lassen sich viele digitale Komplikationen l\u00f6sen. Aber warum hilft das so simple Vorgehen fast immer?<!--more--><\/p>\n<p>Auf seinem <a href=\"https:\/\/www.youtube.com\/channel\/UC0vBXGSyV14uvJ4hECDOl0Q\" target=\"_blank\" rel=\"noopener\">YouTube-Kanal <em>Techquickie<\/em> <\/a>beantwortet der Kanadier Linus Sebastian die Frage anhand einer Analogie. Als Beispiel nimmt er eine Autofahrt: Manchmal, sagt er, k\u00f6nne man um einen Stau herumfahren, dann sei das Hindernis umgangen. Andere Male hingegen m\u00fcsse man komplett umdrehen und eine neue Route fahren. So \u00e4hnlich sei es auch mit Computern und Smartphones. H\u00e4ngen sich technische Ger\u00e4te auf, kann das an der Software, an der Hardware oder am Betriebssystem liegen. Das Ein- und Ausschalten, im Englischen auch <em>Rebooting<\/em> genannt, f\u00fchrt zur\u00fcck zum Ausgangspunkt.<\/p>\n<p>Solche vermeintlich einfachen Sachverhalte erkl\u00e4rt Sebastian regelm\u00e4\u00dfig auf seinem YouTube-Kanal. Er verdeutlicht seinen Zuschauerinnen und Zuschauern, wie Google Maps funktioniert, was die Datenschutz-Grundverordnung ist oder ob man USB-Sticks wirklich korrekt auswerfen muss. Klingt nach nerdiger Nische? Ist es aber nicht: Mit seinen Videos erreicht der Kanadier teils bis zu einer Million Zuschauerinnen und Zuschauer pro Folge. Der F\u00fcnfmin\u00fcter zum Rebooting hatte schon nach wenigen Tagen mehr als 300.000 Views.<\/p>\n<p><em>Weitere <a href=\"https:\/\/blog.zeit.de\/teilchen\/\" target=\"_blank\" rel=\"noopener\">Netzfundst\u00fccke gibt&#8217;s im Teilchen-Blog<\/a>.<\/em><\/p>\n","protected":false},"excerpt":{"rendered":"<p>Empfohlener redaktioneller Inhalt An dieser Stelle finden Sie externen Inhalt, der den Artikel erg\u00e4nzt. Sie k\u00f6nnen sich externe Inhalte mit einem Klick anzeigen lassen [\u2026]<\/p>\n","protected":false},"author":729,"featured_media":18792,"comment_status":"open","ping_status":"closed","sticky":false,"template":"","format":"standard","meta":{"_jetpack_memberships_contains_paid_content":false,"footnotes":""},"categories":[28],"tags":[],"class_list":["post-18789","post","type-post","status-publish","format-standard","has-post-thumbnail","hentry","category-video"],"yoast_head":"<!-- This site is optimized with the Yoast SEO plugin v21.0 - https:\/\/yoast.com\/wordpress\/plugins\/seo\/ -->\n<title>Warum Aus- und Einschalten fast jedes technische Problem l\u00f6st &#8902; Teilchen<\/title>\n<meta name=\"description\" content=\"Egal, ob das WLAN nicht funktioniert oder der Bildschirm eingefroren ist: Das Aus- und Einschalten eines Ger\u00e4ts l\u00f6st fast jedes technische Problem. Wie das?\" \/>\n<meta name=\"robots\" content=\"index, follow, max-snippet:-1, max-image-preview:large, max-video-preview:-1\" \/>\n<link rel=\"canonical\" href=\"https:\/\/blog.zeit.de\/teilchen\/2018\/08\/01\/aus-und-einschalten-computer-technische-probleme-loesung\/\" \/>\n<meta property=\"og:locale\" content=\"de_DE\" \/>\n<meta property=\"og:type\" content=\"article\" \/>\n<meta property=\"og:title\" content=\"Warum Aus- und Einschalten fast jedes technische Problem l\u00f6st &#8902; Teilchen\" \/>\n<meta property=\"og:description\" content=\"Egal, ob das WLAN nicht funktioniert oder der Bildschirm eingefroren ist: Das Aus- und Einschalten eines Ger\u00e4ts l\u00f6st fast jedes technische Problem. Wie das?\" \/>\n<meta property=\"og:url\" content=\"https:\/\/blog.zeit.de\/teilchen\/2018\/08\/01\/aus-und-einschalten-computer-technische-probleme-loesung\/\" \/>\n<meta property=\"og:site_name\" content=\"Teilchen\" \/>\n<meta property=\"article:published_time\" content=\"2018-08-01T11:18:04+00:00\" \/>\n<meta property=\"og:image\" content=\"https:\/\/blog.zeit.de\/teilchen\/files\/2018\/07\/screenshot_rebooting_180731.png\" \/>\n\t<meta property=\"og:image:width\" content=\"2426\" \/>\n\t<meta property=\"og:image:height\" content=\"1538\" \/>\n\t<meta property=\"og:image:type\" content=\"image\/png\" \/>\n<meta name=\"author\" content=\"Lisa Hegemann\" \/>\n<meta name=\"twitter:card\" content=\"summary_large_image\" \/>\n<meta name=\"twitter:image\" content=\"https:\/\/blog.zeit.de\/teilchen\/files\/2018\/07\/screenshot_rebooting_180731.png\" \/>\n<meta name=\"twitter:creator\" content=\"@zeitonline\" \/>\n<meta name=\"twitter:site\" content=\"@zeitonline\" \/>\n<meta name=\"twitter:label1\" content=\"Geschrieben von\" \/>\n\t<meta name=\"twitter:data1\" content=\"Lisa Hegemann\" \/>\n\t<meta name=\"twitter:label2\" content=\"Gesch\u00e4tzte Lesezeit\" \/>\n\t<meta name=\"twitter:data2\" content=\"1\u00a0Minute\" \/>\n<script type=\"application\/ld+json\" class=\"yoast-schema-graph\">{\"@context\":\"https:\/\/schema.org\",\"@graph\":[{\"@type\":\"WebPage\",\"@id\":\"https:\/\/blog.zeit.de\/teilchen\/2018\/08\/01\/aus-und-einschalten-computer-technische-probleme-loesung\/\",\"url\":\"https:\/\/blog.zeit.de\/teilchen\/2018\/08\/01\/aus-und-einschalten-computer-technische-probleme-loesung\/\",\"name\":\"Warum Aus- und Einschalten fast jedes technische Problem l\u00f6st &#8902; Teilchen\",\"isPartOf\":{\"@id\":\"https:\/\/blog.zeit.de\/teilchen\/#website\"},\"datePublished\":\"2018-08-01T11:18:04+00:00\",\"dateModified\":\"2018-08-01T11:18:04+00:00\",\"author\":{\"@id\":\"https:\/\/blog.zeit.de\/teilchen\/#\/schema\/person\/c2c139a1e31b4559cf2f8c51e0a55bdb\"},\"description\":\"Egal, ob das WLAN nicht funktioniert oder der Bildschirm eingefroren ist: Das Aus- und Einschalten eines Ger\u00e4ts l\u00f6st fast jedes technische Problem. Wie das?\",\"breadcrumb\":{\"@id\":\"https:\/\/blog.zeit.de\/teilchen\/2018\/08\/01\/aus-und-einschalten-computer-technische-probleme-loesung\/#breadcrumb\"},\"inLanguage\":\"de\",\"potentialAction\":[{\"@type\":\"ReadAction\",\"target\":[\"https:\/\/blog.zeit.de\/teilchen\/2018\/08\/01\/aus-und-einschalten-computer-technische-probleme-loesung\/\"]}]},{\"@type\":\"BreadcrumbList\",\"@id\":\"https:\/\/blog.zeit.de\/teilchen\/2018\/08\/01\/aus-und-einschalten-computer-technische-probleme-loesung\/#breadcrumb\",\"itemListElement\":[{\"@type\":\"ListItem\",\"position\":1,\"name\":\"Startseite\",\"item\":\"https:\/\/blog.zeit.de\/teilchen\/\"},{\"@type\":\"ListItem\",\"position\":2,\"name\":\"Warum Aus- und Einschalten fast jedes technische Problem l\u00f6st\"}]},{\"@type\":\"WebSite\",\"@id\":\"https:\/\/blog.zeit.de\/teilchen\/#website\",\"url\":\"https:\/\/blog.zeit.de\/teilchen\/\",\"name\":\"Teilchen\",\"description\":\"Im Netz verstecken sich kleine Sch\u00e4tze - ZEIT ONLINE findet sie.\",\"potentialAction\":[{\"@type\":\"SearchAction\",\"target\":{\"@type\":\"EntryPoint\",\"urlTemplate\":\"https:\/\/blog.zeit.de\/teilchen\/?s={search_term_string}\"},\"query-input\":\"required name=search_term_string\"}],\"inLanguage\":\"de\"},{\"@type\":\"Person\",\"@id\":\"https:\/\/blog.zeit.de\/teilchen\/#\/schema\/person\/c2c139a1e31b4559cf2f8c51e0a55bdb\",\"name\":\"Lisa Hegemann\",\"image\":{\"@type\":\"ImageObject\",\"inLanguage\":\"de\",\"@id\":\"https:\/\/blog.zeit.de\/teilchen\/#\/schema\/person\/image\/\",\"url\":\"https:\/\/secure.gravatar.com\/avatar\/b6c8004e019d584bf4b6027f424dc55245d917a5d282995034915fb3cf64f47e?s=96&d=mm&r=g\",\"contentUrl\":\"https:\/\/secure.gravatar.com\/avatar\/b6c8004e019d584bf4b6027f424dc55245d917a5d282995034915fb3cf64f47e?s=96&d=mm&r=g\",\"caption\":\"Lisa Hegemann\"},\"description\":\"Geboren 1987 im Ruhrpott. Abitur in Recklinghausen, K\u00f6lner Journalistenschule, VWL-Studium an der Uni K\u00f6ln. Als freie Journalistin unter anderem f\u00fcr das \\\"Handelsblatt\\\" und die \\\"WirtschaftsWoche\\\" geschrieben. 2016 zu \\\"t3n\\\" gewechselt, dort als stellvertretende Redaktionsleiterin das Printmagazin und den Onlineauftritt mitbetreut. Seit Mai 2018 ist sie Redakteurin im Ressort Digital bei ZEIT ONLINE.\",\"url\":\"https:\/\/blog.zeit.de\/teilchen\/author\/lhegemann\/\"}]}<\/script>\n<!-- \/ Yoast SEO plugin. -->","yoast_head_json":{"title":"Warum Aus- und Einschalten fast jedes technische Problem l\u00f6st &#8902; Teilchen","description":"Egal, ob das WLAN nicht funktioniert oder der Bildschirm eingefroren ist: Das Aus- und Einschalten eines Ger\u00e4ts l\u00f6st fast jedes technische Problem. Wie das?","robots":{"index":"index","follow":"follow","max-snippet":"max-snippet:-1","max-image-preview":"max-image-preview:large","max-video-preview":"max-video-preview:-1"},"canonical":"https:\/\/blog.zeit.de\/teilchen\/2018\/08\/01\/aus-und-einschalten-computer-technische-probleme-loesung\/","og_locale":"de_DE","og_type":"article","og_title":"Warum Aus- und Einschalten fast jedes technische Problem l\u00f6st &#8902; Teilchen","og_description":"Egal, ob das WLAN nicht funktioniert oder der Bildschirm eingefroren ist: Das Aus- und Einschalten eines Ger\u00e4ts l\u00f6st fast jedes technische Problem. Wie das?","og_url":"https:\/\/blog.zeit.de\/teilchen\/2018\/08\/01\/aus-und-einschalten-computer-technische-probleme-loesung\/","og_site_name":"Teilchen","article_published_time":"2018-08-01T11:18:04+00:00","og_image":[{"width":2426,"height":1538,"url":"https:\/\/blog.zeit.de\/teilchen\/files\/2018\/07\/screenshot_rebooting_180731.png","type":"image\/png"}],"author":"Lisa Hegemann","twitter_card":"summary_large_image","twitter_image":"https:\/\/blog.zeit.de\/teilchen\/files\/2018\/07\/screenshot_rebooting_180731.png","twitter_creator":"@zeitonline","twitter_site":"@zeitonline","twitter_misc":{"Geschrieben von":"Lisa Hegemann","Gesch\u00e4tzte Lesezeit":"1\u00a0Minute"},"schema":{"@context":"https:\/\/schema.org","@graph":[{"@type":"WebPage","@id":"https:\/\/blog.zeit.de\/teilchen\/2018\/08\/01\/aus-und-einschalten-computer-technische-probleme-loesung\/","url":"https:\/\/blog.zeit.de\/teilchen\/2018\/08\/01\/aus-und-einschalten-computer-technische-probleme-loesung\/","name":"Warum Aus- und Einschalten fast jedes technische Problem l\u00f6st &#8902; Teilchen","isPartOf":{"@id":"https:\/\/blog.zeit.de\/teilchen\/#website"},"datePublished":"2018-08-01T11:18:04+00:00","dateModified":"2018-08-01T11:18:04+00:00","author":{"@id":"https:\/\/blog.zeit.de\/teilchen\/#\/schema\/person\/c2c139a1e31b4559cf2f8c51e0a55bdb"},"description":"Egal, ob das WLAN nicht funktioniert oder der Bildschirm eingefroren ist: Das Aus- und Einschalten eines Ger\u00e4ts l\u00f6st fast jedes technische Problem. Wie das?","breadcrumb":{"@id":"https:\/\/blog.zeit.de\/teilchen\/2018\/08\/01\/aus-und-einschalten-computer-technische-probleme-loesung\/#breadcrumb"},"inLanguage":"de","potentialAction":[{"@type":"ReadAction","target":["https:\/\/blog.zeit.de\/teilchen\/2018\/08\/01\/aus-und-einschalten-computer-technische-probleme-loesung\/"]}]},{"@type":"BreadcrumbList","@id":"https:\/\/blog.zeit.de\/teilchen\/2018\/08\/01\/aus-und-einschalten-computer-technische-probleme-loesung\/#breadcrumb","itemListElement":[{"@type":"ListItem","position":1,"name":"Startseite","item":"https:\/\/blog.zeit.de\/teilchen\/"},{"@type":"ListItem","position":2,"name":"Warum Aus- und Einschalten fast jedes technische Problem l\u00f6st"}]},{"@type":"WebSite","@id":"https:\/\/blog.zeit.de\/teilchen\/#website","url":"https:\/\/blog.zeit.de\/teilchen\/","name":"Teilchen","description":"Im Netz verstecken sich kleine Sch\u00e4tze - ZEIT ONLINE findet sie.","potentialAction":[{"@type":"SearchAction","target":{"@type":"EntryPoint","urlTemplate":"https:\/\/blog.zeit.de\/teilchen\/?s={search_term_string}"},"query-input":"required name=search_term_string"}],"inLanguage":"de"},{"@type":"Person","@id":"https:\/\/blog.zeit.de\/teilchen\/#\/schema\/person\/c2c139a1e31b4559cf2f8c51e0a55bdb","name":"Lisa Hegemann","image":{"@type":"ImageObject","inLanguage":"de","@id":"https:\/\/blog.zeit.de\/teilchen\/#\/schema\/person\/image\/","url":"https:\/\/secure.gravatar.com\/avatar\/b6c8004e019d584bf4b6027f424dc55245d917a5d282995034915fb3cf64f47e?s=96&d=mm&r=g","contentUrl":"https:\/\/secure.gravatar.com\/avatar\/b6c8004e019d584bf4b6027f424dc55245d917a5d282995034915fb3cf64f47e?s=96&d=mm&r=g","caption":"Lisa Hegemann"},"description":"Geboren 1987 im Ruhrpott. Abitur in Recklinghausen, K\u00f6lner Journalistenschule, VWL-Studium an der Uni K\u00f6ln. Als freie Journalistin unter anderem f\u00fcr das \"Handelsblatt\" und die \"WirtschaftsWoche\" geschrieben. 2016 zu \"t3n\" gewechselt, dort als stellvertretende Redaktionsleiterin das Printmagazin und den Onlineauftritt mitbetreut. Seit Mai 2018 ist sie Redakteurin im Ressort Digital bei ZEIT ONLINE.","url":"https:\/\/blog.zeit.de\/teilchen\/author\/lhegemann\/"}]}},"jetpack_featured_media_url":"https:\/\/blog.zeit.de\/teilchen\/files\/2018\/07\/screenshot_rebooting_180731.png","jetpack_sharing_enabled":true,"_links":{"self":[{"href":"https:\/\/blog.zeit.de\/teilchen\/wp-json\/wp\/v2\/posts\/18789","targetHints":{"allow":["GET"]}}],"collection":[{"href":"https:\/\/blog.zeit.de\/teilchen\/wp-json\/wp\/v2\/posts"}],"about":[{"href":"https:\/\/blog.zeit.de\/teilchen\/wp-json\/wp\/v2\/types\/post"}],"author":[{"embeddable":true,"href":"https:\/\/blog.zeit.de\/teilchen\/wp-json\/wp\/v2\/users\/729"}],"replies":[{"embeddable":true,"href":"https:\/\/blog.zeit.de\/teilchen\/wp-json\/wp\/v2\/comments?post=18789"}],"version-history":[{"count":6,"href":"https:\/\/blog.zeit.de\/teilchen\/wp-json\/wp\/v2\/posts\/18789\/revisions"}],"predecessor-version":[{"id":18798,"href":"https:\/\/blog.zeit.de\/teilchen\/wp-json\/wp\/v2\/posts\/18789\/revisions\/18798"}],"wp:featuredmedia":[{"embeddable":true,"href":"https:\/\/blog.zeit.de\/teilchen\/wp-json\/wp\/v2\/media\/18792"}],"wp:attachment":[{"href":"https:\/\/blog.zeit.de\/teilchen\/wp-json\/wp\/v2\/media?parent=18789"}],"wp:term":[{"taxonomy":"category","embeddable":true,"href":"https:\/\/blog.zeit.de\/teilchen\/wp-json\/wp\/v2\/categories?post=18789"},{"taxonomy":"post_tag","embeddable":true,"href":"https:\/\/blog.zeit.de\/teilchen\/wp-json\/wp\/v2\/tags?post=18789"}],"curies":[{"name":"wp","href":"https:\/\/api.w.org\/{rel}","templated":true}]}}