{"id":18799,"date":"2018-08-02T10:38:29","date_gmt":"2018-08-02T08:38:29","guid":{"rendered":"https:\/\/blog.zeit.de\/teilchen\/?p=18799"},"modified":"2018-08-02T11:39:35","modified_gmt":"2018-08-02T09:39:35","slug":"aquarius-rettungsschiff-fluechtlinge-mittelmeer-seenotrettung","status":"publish","type":"post","link":"https:\/\/blog.zeit.de\/teilchen\/2018\/08\/02\/aquarius-rettungsschiff-fluechtlinge-mittelmeer-seenotrettung\/","title":{"rendered":"Das Rettungsschiff &#8222;Aquarius&#8220; l\u00e4sst sich nun online tracken"},"content":{"rendered":"<p><figure id=\"attachment_18801\" aria-describedby=\"caption-attachment-18801\" style=\"width: 1435px\" class=\"wp-caption alignnone\"><img loading=\"lazy\" decoding=\"async\" class=\"wp-image-18801 size-full\" src=\"https:\/\/blog.zeit.de\/teilchen\/files\/2018\/08\/Bildschirmfoto-2018-08-01-um-16.21.18.png\" alt=\"Die Aquarius ist eines der letzten zivilen Rettungsschiffe f\u00fcr Fl\u00fcchtlinge. \" width=\"1435\" height=\"882\" srcset=\"https:\/\/blog.zeit.de\/teilchen\/files\/2018\/08\/Bildschirmfoto-2018-08-01-um-16.21.18.png 1435w, https:\/\/blog.zeit.de\/teilchen\/files\/2018\/08\/Bildschirmfoto-2018-08-01-um-16.21.18-620x381.png 620w, https:\/\/blog.zeit.de\/teilchen\/files\/2018\/08\/Bildschirmfoto-2018-08-01-um-16.21.18-768x472.png 768w, https:\/\/blog.zeit.de\/teilchen\/files\/2018\/08\/Bildschirmfoto-2018-08-01-um-16.21.18-1024x629.png 1024w\" sizes=\"auto, (max-width: 1435px) 100vw, 1435px\" \/><figcaption id=\"caption-attachment-18801\" class=\"wp-caption-text\">Screenshot \u00a9 Onboard Aquarius<\/figcaption><\/figure><\/p>\n<p>Das <a href=\"https:\/\/www.zeit.de\/politik\/ausland\/2017-08\/seenotrettung-fluechtlinge-mittelmeer-libysche-kuestenwache-ngos\" target=\"_blank\" rel=\"noopener\">Mittelmeer<\/a> ist ein Massengrab. Bei den gef\u00e4hrlichen \u00dcberfahrten nach Europa <a href=\"https:\/\/www.zeit.de\/gesellschaft\/zeitgeschehen\/2018-07\/fluechtlinge-mittelmeer-flucht-tote-2018-organisation-fuer-migration\">sterben j\u00e4hrlich Tausende Migranten<\/a>. Allein bis Juli dieses Jahres kamen mehr als 1.100 Menschen ums Leben. Die <em>Aquarius<\/em> ist eines der letzten und gr\u00f6\u00dften zivilen Rettungsschiffe, das Gefl\u00fcchteten hilft, die in Seenot geraten sind. Nun hat das Schiff wieder abgelegt \u2013 und <a href=\"https:\/\/onboard-aquarius.org\/\">\u00fcber ein Logbuch kann jeder mitverfolgen, wo es sich gerade befindet<\/a> und wie es der Besatzung geht.<\/p>\n<p><!--more--><\/p>\n<p>Derzeit steuert die <em>Aquarius<\/em>,\u00a0die von den Hilfsorganisationen SOS M\u00e9diterran\u00e9e und \u00c4rzte ohne Grenzen betrieben wird, auf Sardinien zu. Dabei wird sie online getrackt durch die Anwendung <a href=\"https:\/\/onboard-aquarius.org\/\">Onboard Aquarius<\/a> sowie die interaktive Karte <a href=\"https:\/\/www.vesselfinder.com\/de\/?imo=7600574\">Vesselfinder<\/a>. Zuvor lag das Schiff im Hafen von Marseille, nachdem es in die Schlagzeilen geraten war, weil es mit <a href=\"https:\/\/www.zeit.de\/politik\/ausland\/2018-06\/migration-aquarius-fluechtlinge-spanien-valencia\">mehr als 600 Fl\u00fcchtlingen an Bord<\/a> weder in italienische noch in maltesische H\u00e4fen einlaufen durfte. Erst von Spanien wurden die Menschen nach tagelanger Irrfahrt aufgenommen, wie sich auch der Logbuchhistorie entnehmen l\u00e4sst.<\/p>\n\n<div class=\"embed-wrapper embed-wrapper--blocked js-embed-consent\" data-method=\"embed\">\n<script class=\"raw__source\" type=\"text\/template\"><div class=\"embed-twitter\"><blockquote class=\"twitter-tweet\" data-width=\"550\" data-dnt=\"true\"><p data-replace lang=\"de\" dir=\"ltr\">\ud83d\udd34Die Mission der Aquarius hat immer hohen Wert auf Transparenz gelegt. Nun kehrt das Rettungsschiff als \u201eziviler W\u00e4chter im Mittelmeer\u201c zur\u00fcck: Ein \u00f6ffentlich zug\u00e4ngliches Online-Logbuch wurde gerade lanciert &amp; wird laufend aktualisiert: <a href=\"https:\/\/t.co\/wLviQXRwWc\">https:\/\/t.co\/wLviQXRwWc<\/a> <a href=\"https:\/\/twitter.com\/hashtag\/onboardAquarius?src=hash&amp;ref_src=twsrc%5Etfw\">#onboardAquarius<\/a> <a href=\"https:\/\/t.co\/BMrujnilf7\">https:\/\/t.co\/BMrujnilf7<\/a><\/p>&mdash; SOS Humanity (@soshumanity_de) <a href=\"https:\/\/twitter.com\/soshumanity_de\/status\/1024589115231268864?ref_src=twsrc%5Etfw\">August 1, 2018<\/a><\/blockquote><scr+ipt async src=\"https:\/\/platform.twitter.com\/widgets.js\" charset=\"utf-8\"><\/scr+ipt><\/div><\/script>\n<div class=\"embed-wrapper__inner\">\n<div class=\"embed-wrapper__text\">\n<h3>Empfohlener redaktioneller Inhalt<\/h3>\n<p data-replace=\"no\">An dieser Stelle finden Sie externen Inhalt, der den Artikel erg\u00e4nzt. Sie k\u00f6nnen sich externe Inhalte mit einem Klick anzeigen lassen und wieder ausblenden.<noscript>Bitte aktivieren Sie JavaScript damit Sie diesen Inhalt anzeigen k\u00f6nnen.<\/noscript><\/p>\n<\/div>\n<div class=\"embed-consent\">\n<label class=\"embed-consent__toggle\">\n<input class=\"js-embed-consent__toggle\" type=\"checkbox\" autocomplete=\"off\">\n<span><\/span>\nExterner Inhalt\n<\/label>\n<a href=\"https:\/\/www.zeit.de\/hilfe\/datenschutz\" target=\"_blank\" class=\"embed-consent__datalink-when-active\">Datenschutzerkl\u00e4rung<\/a>\n<\/div>\n<div class=\"embed-wrapper__footer\">\n<p data-replace=\"no\">\nIch bin damit einverstanden, dass mir externe Inhalte angezeigt werden. Damit k\u00f6nnen personenbezogene Daten an Drittplattformen \u00fcbermittelt werden. <a href=\"https:\/\/www.zeit.de\/hilfe\/datenschutz\" target=\"_blank\">Mehr dazu in unserer Datenschutzerkl\u00e4rung.<\/a>\n<\/p>\n<\/div>\n<\/div>\n<\/div>\n<p><span id=\"result_box\" class=\"\" lang=\"de\"><\/span>Laut SOS M\u00e9diterran\u00e9e hat die <em>Aquarius<\/em> in den vergangenen zweieinhalb Jahren insgesamt <a href=\"https:\/\/www.zeit.de\/politik\/ausland\/2018-08\/rettungsschiff-aquarius-mittelmeer-fluechtlinge-seenotrettung\">mehr als 29.300 Menschen gerettet<\/a>. Auf Deck wurden mitunter sechs Babys geboren und sieben Kinder wiederbelebt. &#8222;<a href=\"https:\/\/www.msf.org\/aquarius-returns-central-mediterranean-humanitarian-assistance-sea-desperately-needed\">Humanit\u00e4re Hilfe auf See<\/a> wird heute mehr denn je ben\u00f6tigt&#8220;, sagt <span id=\"result_box\" class=\"\" lang=\"de\">Aloys Vimard, Projektkoordinator der <em>Aquarius<\/em>. Die EU-L\u00e4nder h\u00e4tten es bisher verschlafen, spezielle Such- und Rettungsmechanismen zu schaffen. Au\u00dferdem gebe es immer weniger zivile Rettungsschiffe. &#8222;Die Rettung von Menschen in <a href=\"https:\/\/www.zeit.de\/gesellschaft\/zeitgeschehen\/2018-07\/seenotrettung-aquarius-fluechtlinge-mittelmeer-libyen-eu\" target=\"_blank\" rel=\"noopener\">Seenot<\/a> bleibt eine rechtliche und moralische Verpflichtung&#8220;, davon ist er \u00fcberzeugt.<\/span><\/p>\n<p>Daher ist das Ziel des Schiffes wieder die libysche K\u00fcste, selbst wenn noch nicht absehbar ist, wie die Eins\u00e4tze in internationalen Gew\u00e4ssern verlaufen werden. Denn seit Ende Juni hat <a href=\"https:\/\/www.zeit.de\/gesellschaft\/zeitgeschehen\/2018-07\/seenotrettung-aquarius-fluechtlinge-mittelmeer-libyen-eu\">Libyen eine Such- und Rettungszone<\/a> eingerichtet. Somit ist das Land f\u00fcr alle Eins\u00e4tze vor der eigenen K\u00fcste zust\u00e4ndig und darf NGOs aus dem Gebiet vertreiben. Das ist aber auch das Gebiet, in dem die meisten Gefl\u00fcchteten in Seenot geraten. <a href=\"https:\/\/www.zeit.de\/politik\/ausland\/2018-08\/libyen-migranten-eu-human-rights-watch-interview\">Europa unterst\u00fctzt die libysche K\u00fcstenwache<\/a> mit viel Geld, damit sie Migranten aufh\u00e4lt und so verhindert, dass diese bis an die EU-Grenzen gelangen. Dar\u00fcber hinaus ist unklar, welche europ\u00e4ischen Staaten \u00fcberhaupt noch bereit sind, Bootsfl\u00fcchtlinge aufzunehmen.<span id=\"result_box\" class=\"\" lang=\"de\"><\/span><\/p>\n<p><span id=\"result_box\" class=\"\" lang=\"de\">Davon lassen sich die Crewmitglieder der <em>Aquarius<\/em> allerdings nicht abhalten. SOS M\u00e9diterran\u00e9e zufolge ist sie auf erneute Verz\u00f6gerungen vorbereitet. Das Schiff verf\u00fcge \u00fcber gr\u00f6\u00dfere Nahrungsvorr\u00e4te. Zudem sei eine K\u00fchlkammer eingerichtet worden, um die W\u00fcrde von m\u00f6glicherweise geborgenen Toten zu respektieren.<\/span><\/p>\n\n<div class=\"embed-wrapper embed-wrapper--blocked js-embed-consent\" data-method=\"embed\">\n<script class=\"raw__source\" type=\"text\/template\"><div class=\"embed-twitter\"><blockquote class=\"twitter-tweet\" data-width=\"550\" data-dnt=\"true\"><p data-replace lang=\"en\" dir=\"ltr\">\ud83d\udd34&quot;Nothing, nothing, apart from threats for the safety of our crew will prevent us from achieving our mission (...) As long as the safety of crew is not threatened and that we\u2019re not forced to bring people back to <a href=\"https:\/\/twitter.com\/hashtag\/Libya?src=hash&amp;ref_src=twsrc%5Etfw\">#Libya<\/a>&quot; says Francis Vallat, president <a href=\"https:\/\/twitter.com\/SOSMedFrance?ref_src=twsrc%5Etfw\">@SOSMedFrance<\/a> <a href=\"https:\/\/twitter.com\/hashtag\/Aquarius?src=hash&amp;ref_src=twsrc%5Etfw\">#Aquarius<\/a> <a href=\"https:\/\/t.co\/o5syGUIcJe\">https:\/\/t.co\/o5syGUIcJe<\/a><\/p>&mdash; SOS MEDITERRANEE (@SOSMedIntl) <a href=\"https:\/\/twitter.com\/SOSMedIntl\/status\/1024565106397601792?ref_src=twsrc%5Etfw\">August 1, 2018<\/a><\/blockquote><scr+ipt async src=\"https:\/\/platform.twitter.com\/widgets.js\" charset=\"utf-8\"><\/scr+ipt><\/div><\/script>\n<div class=\"embed-wrapper__inner\">\n<div class=\"embed-wrapper__text\">\n<h3>Empfohlener redaktioneller Inhalt<\/h3>\n<p data-replace=\"no\">An dieser Stelle finden Sie externen Inhalt, der den Artikel erg\u00e4nzt. Sie k\u00f6nnen sich externe Inhalte mit einem Klick anzeigen lassen und wieder ausblenden.<noscript>Bitte aktivieren Sie JavaScript damit Sie diesen Inhalt anzeigen k\u00f6nnen.<\/noscript><\/p>\n<\/div>\n<div class=\"embed-consent\">\n<label class=\"embed-consent__toggle\">\n<input class=\"js-embed-consent__toggle\" type=\"checkbox\" autocomplete=\"off\">\n<span><\/span>\nExterner Inhalt\n<\/label>\n<a href=\"https:\/\/www.zeit.de\/hilfe\/datenschutz\" target=\"_blank\" class=\"embed-consent__datalink-when-active\">Datenschutzerkl\u00e4rung<\/a>\n<\/div>\n<div class=\"embed-wrapper__footer\">\n<p data-replace=\"no\">\nIch bin damit einverstanden, dass mir externe Inhalte angezeigt werden. Damit k\u00f6nnen personenbezogene Daten an Drittplattformen \u00fcbermittelt werden. <a href=\"https:\/\/www.zeit.de\/hilfe\/datenschutz\" target=\"_blank\">Mehr dazu in unserer Datenschutzerkl\u00e4rung.<\/a>\n<\/p>\n<\/div>\n<\/div>\n<\/div>\n<p>In einer gemeinsamen Pressekonferenz teilten die Hilfsorganisationen mit, dass der Einsatz auf drei verschiedenen Seerechtskonventionen beruhe. Experten h\u00e4tten garantiert, dass die humanit\u00e4re Hilfe der <em>Aquarius<\/em> in einem legalen Rahmen stattfinde. Das Onlinelogbuch soll dabei nicht nur f\u00fcr \u00f6ffentliche Aufmerksamkeit sorgen, sondern auch die Eins\u00e4tze transparent machen.<\/p>\n<ul>\n<li><em>Weitere <a href=\"https:\/\/blog.zeit.de\/teilchen\/\" target=\"_blank\" rel=\"noopener\">Netzfundst\u00fccke gibt&#8217;s im Teilchen-Blog<\/a><\/em><\/li>\n<\/ul>\n","protected":false},"excerpt":{"rendered":"<p>Das Mittelmeer ist ein Massengrab. Bei den gef\u00e4hrlichen \u00dcberfahrten nach Europa sterben j\u00e4hrlich Tausende Migranten. Allein bis Juli dieses Jahres kamen mehr als 1.100 [\u2026]<\/p>\n","protected":false},"author":684,"featured_media":0,"comment_status":"open","ping_status":"closed","sticky":false,"template":"","format":"standard","meta":{"_jetpack_memberships_contains_paid_content":false,"footnotes":""},"categories":[13657],"tags":[],"class_list":["post-18799","post","type-post","status-publish","format-standard","hentry","category-interaktiv"],"yoast_head":"<!-- This site is optimized with the Yoast SEO plugin v21.0 - https:\/\/yoast.com\/wordpress\/plugins\/seo\/ -->\n<title>Das Rettungsschiff Aquarius l\u00e4sst sich nun online tracken<\/title>\n<meta name=\"description\" content=\"Die Aquarius ist eines der letzten zivilen Rettungsschiffe, das Gefl\u00fcchteten hilft, die im zentralen Mittelmeer in Seenot geraten.\" \/>\n<meta name=\"robots\" content=\"index, follow, max-snippet:-1, max-image-preview:large, max-video-preview:-1\" \/>\n<link rel=\"canonical\" href=\"https:\/\/blog.zeit.de\/teilchen\/2018\/08\/02\/aquarius-rettungsschiff-fluechtlinge-mittelmeer-seenotrettung\/\" \/>\n<meta property=\"og:locale\" content=\"de_DE\" \/>\n<meta property=\"og:type\" content=\"article\" \/>\n<meta property=\"og:title\" content=\"Das Rettungsschiff Aquarius l\u00e4sst sich nun online tracken\" \/>\n<meta property=\"og:description\" content=\"Die Aquarius ist eines der letzten zivilen Rettungsschiffe, das Gefl\u00fcchteten hilft, die im zentralen Mittelmeer in Seenot geraten.\" \/>\n<meta property=\"og:url\" content=\"https:\/\/blog.zeit.de\/teilchen\/2018\/08\/02\/aquarius-rettungsschiff-fluechtlinge-mittelmeer-seenotrettung\/\" \/>\n<meta property=\"og:site_name\" content=\"Teilchen\" \/>\n<meta property=\"article:published_time\" content=\"2018-08-02T08:38:29+00:00\" \/>\n<meta property=\"article:modified_time\" content=\"2018-08-02T09:39:35+00:00\" \/>\n<meta property=\"og:image\" content=\"https:\/\/blog.zeit.de\/teilchen\/files\/2018\/08\/Bildschirmfoto-2018-08-01-um-16.21.18.png\" \/>\n<meta name=\"author\" content=\"Hanna Lauwitz\" \/>\n<meta name=\"twitter:card\" content=\"summary_large_image\" \/>\n<meta name=\"twitter:creator\" content=\"@hannamariarosa\" \/>\n<meta name=\"twitter:site\" content=\"@zeitonline\" \/>\n<meta name=\"twitter:label1\" content=\"Geschrieben von\" \/>\n\t<meta name=\"twitter:data1\" content=\"Hanna Lauwitz\" \/>\n\t<meta name=\"twitter:label2\" content=\"Gesch\u00e4tzte Lesezeit\" \/>\n\t<meta name=\"twitter:data2\" content=\"2\u00a0Minuten\" \/>\n<script type=\"application\/ld+json\" class=\"yoast-schema-graph\">{\"@context\":\"https:\/\/schema.org\",\"@graph\":[{\"@type\":\"WebPage\",\"@id\":\"https:\/\/blog.zeit.de\/teilchen\/2018\/08\/02\/aquarius-rettungsschiff-fluechtlinge-mittelmeer-seenotrettung\/\",\"url\":\"https:\/\/blog.zeit.de\/teilchen\/2018\/08\/02\/aquarius-rettungsschiff-fluechtlinge-mittelmeer-seenotrettung\/\",\"name\":\"Das Rettungsschiff Aquarius l\u00e4sst sich nun online tracken\",\"isPartOf\":{\"@id\":\"https:\/\/blog.zeit.de\/teilchen\/#website\"},\"datePublished\":\"2018-08-02T08:38:29+00:00\",\"dateModified\":\"2018-08-02T09:39:35+00:00\",\"author\":{\"@id\":\"https:\/\/blog.zeit.de\/teilchen\/#\/schema\/person\/835c07f25a4cf509c1f669cd01218106\"},\"description\":\"Die Aquarius ist eines der letzten zivilen Rettungsschiffe, das Gefl\u00fcchteten hilft, die im zentralen Mittelmeer in Seenot geraten.\",\"breadcrumb\":{\"@id\":\"https:\/\/blog.zeit.de\/teilchen\/2018\/08\/02\/aquarius-rettungsschiff-fluechtlinge-mittelmeer-seenotrettung\/#breadcrumb\"},\"inLanguage\":\"de\",\"potentialAction\":[{\"@type\":\"ReadAction\",\"target\":[\"https:\/\/blog.zeit.de\/teilchen\/2018\/08\/02\/aquarius-rettungsschiff-fluechtlinge-mittelmeer-seenotrettung\/\"]}]},{\"@type\":\"BreadcrumbList\",\"@id\":\"https:\/\/blog.zeit.de\/teilchen\/2018\/08\/02\/aquarius-rettungsschiff-fluechtlinge-mittelmeer-seenotrettung\/#breadcrumb\",\"itemListElement\":[{\"@type\":\"ListItem\",\"position\":1,\"name\":\"Startseite\",\"item\":\"https:\/\/blog.zeit.de\/teilchen\/\"},{\"@type\":\"ListItem\",\"position\":2,\"name\":\"Das Rettungsschiff &#8222;Aquarius&#8220; l\u00e4sst sich nun online tracken\"}]},{\"@type\":\"WebSite\",\"@id\":\"https:\/\/blog.zeit.de\/teilchen\/#website\",\"url\":\"https:\/\/blog.zeit.de\/teilchen\/\",\"name\":\"Teilchen\",\"description\":\"Im Netz verstecken sich kleine Sch\u00e4tze - ZEIT ONLINE findet sie.\",\"potentialAction\":[{\"@type\":\"SearchAction\",\"target\":{\"@type\":\"EntryPoint\",\"urlTemplate\":\"https:\/\/blog.zeit.de\/teilchen\/?s={search_term_string}\"},\"query-input\":\"required name=search_term_string\"}],\"inLanguage\":\"de\"},{\"@type\":\"Person\",\"@id\":\"https:\/\/blog.zeit.de\/teilchen\/#\/schema\/person\/835c07f25a4cf509c1f669cd01218106\",\"name\":\"Hanna Lauwitz\",\"image\":{\"@type\":\"ImageObject\",\"inLanguage\":\"de\",\"@id\":\"https:\/\/blog.zeit.de\/teilchen\/#\/schema\/person\/image\/\",\"url\":\"https:\/\/secure.gravatar.com\/avatar\/a2058e8325b0c0f790e8ffc10cfad6a35ffeb4907f706f757da2927d3aaa6443?s=96&d=mm&r=g\",\"contentUrl\":\"https:\/\/secure.gravatar.com\/avatar\/a2058e8325b0c0f790e8ffc10cfad6a35ffeb4907f706f757da2927d3aaa6443?s=96&d=mm&r=g\",\"caption\":\"Hanna Lauwitz\"},\"description\":\"Redakteurin Social Media bei ZEIT ONLINE\",\"sameAs\":[\"https:\/\/twitter.com\/hannamariarosa\"],\"url\":\"https:\/\/blog.zeit.de\/teilchen\/author\/hlauwitz\/\"}]}<\/script>\n<!-- \/ Yoast SEO plugin. -->","yoast_head_json":{"title":"Das Rettungsschiff Aquarius l\u00e4sst sich nun online tracken","description":"Die Aquarius ist eines der letzten zivilen Rettungsschiffe, das Gefl\u00fcchteten hilft, die im zentralen Mittelmeer in Seenot geraten.","robots":{"index":"index","follow":"follow","max-snippet":"max-snippet:-1","max-image-preview":"max-image-preview:large","max-video-preview":"max-video-preview:-1"},"canonical":"https:\/\/blog.zeit.de\/teilchen\/2018\/08\/02\/aquarius-rettungsschiff-fluechtlinge-mittelmeer-seenotrettung\/","og_locale":"de_DE","og_type":"article","og_title":"Das Rettungsschiff Aquarius l\u00e4sst sich nun online tracken","og_description":"Die Aquarius ist eines der letzten zivilen Rettungsschiffe, das Gefl\u00fcchteten hilft, die im zentralen Mittelmeer in Seenot geraten.","og_url":"https:\/\/blog.zeit.de\/teilchen\/2018\/08\/02\/aquarius-rettungsschiff-fluechtlinge-mittelmeer-seenotrettung\/","og_site_name":"Teilchen","article_published_time":"2018-08-02T08:38:29+00:00","article_modified_time":"2018-08-02T09:39:35+00:00","og_image":[{"url":"https:\/\/blog.zeit.de\/teilchen\/files\/2018\/08\/Bildschirmfoto-2018-08-01-um-16.21.18.png"}],"author":"Hanna Lauwitz","twitter_card":"summary_large_image","twitter_creator":"@hannamariarosa","twitter_site":"@zeitonline","twitter_misc":{"Geschrieben von":"Hanna Lauwitz","Gesch\u00e4tzte Lesezeit":"2\u00a0Minuten"},"schema":{"@context":"https:\/\/schema.org","@graph":[{"@type":"WebPage","@id":"https:\/\/blog.zeit.de\/teilchen\/2018\/08\/02\/aquarius-rettungsschiff-fluechtlinge-mittelmeer-seenotrettung\/","url":"https:\/\/blog.zeit.de\/teilchen\/2018\/08\/02\/aquarius-rettungsschiff-fluechtlinge-mittelmeer-seenotrettung\/","name":"Das Rettungsschiff Aquarius l\u00e4sst sich nun online tracken","isPartOf":{"@id":"https:\/\/blog.zeit.de\/teilchen\/#website"},"datePublished":"2018-08-02T08:38:29+00:00","dateModified":"2018-08-02T09:39:35+00:00","author":{"@id":"https:\/\/blog.zeit.de\/teilchen\/#\/schema\/person\/835c07f25a4cf509c1f669cd01218106"},"description":"Die Aquarius ist eines der letzten zivilen Rettungsschiffe, das Gefl\u00fcchteten hilft, die im zentralen Mittelmeer in Seenot geraten.","breadcrumb":{"@id":"https:\/\/blog.zeit.de\/teilchen\/2018\/08\/02\/aquarius-rettungsschiff-fluechtlinge-mittelmeer-seenotrettung\/#breadcrumb"},"inLanguage":"de","potentialAction":[{"@type":"ReadAction","target":["https:\/\/blog.zeit.de\/teilchen\/2018\/08\/02\/aquarius-rettungsschiff-fluechtlinge-mittelmeer-seenotrettung\/"]}]},{"@type":"BreadcrumbList","@id":"https:\/\/blog.zeit.de\/teilchen\/2018\/08\/02\/aquarius-rettungsschiff-fluechtlinge-mittelmeer-seenotrettung\/#breadcrumb","itemListElement":[{"@type":"ListItem","position":1,"name":"Startseite","item":"https:\/\/blog.zeit.de\/teilchen\/"},{"@type":"ListItem","position":2,"name":"Das Rettungsschiff &#8222;Aquarius&#8220; l\u00e4sst sich nun online tracken"}]},{"@type":"WebSite","@id":"https:\/\/blog.zeit.de\/teilchen\/#website","url":"https:\/\/blog.zeit.de\/teilchen\/","name":"Teilchen","description":"Im Netz verstecken sich kleine Sch\u00e4tze - ZEIT ONLINE findet sie.","potentialAction":[{"@type":"SearchAction","target":{"@type":"EntryPoint","urlTemplate":"https:\/\/blog.zeit.de\/teilchen\/?s={search_term_string}"},"query-input":"required name=search_term_string"}],"inLanguage":"de"},{"@type":"Person","@id":"https:\/\/blog.zeit.de\/teilchen\/#\/schema\/person\/835c07f25a4cf509c1f669cd01218106","name":"Hanna Lauwitz","image":{"@type":"ImageObject","inLanguage":"de","@id":"https:\/\/blog.zeit.de\/teilchen\/#\/schema\/person\/image\/","url":"https:\/\/secure.gravatar.com\/avatar\/a2058e8325b0c0f790e8ffc10cfad6a35ffeb4907f706f757da2927d3aaa6443?s=96&d=mm&r=g","contentUrl":"https:\/\/secure.gravatar.com\/avatar\/a2058e8325b0c0f790e8ffc10cfad6a35ffeb4907f706f757da2927d3aaa6443?s=96&d=mm&r=g","caption":"Hanna Lauwitz"},"description":"Redakteurin Social Media bei ZEIT ONLINE","sameAs":["https:\/\/twitter.com\/hannamariarosa"],"url":"https:\/\/blog.zeit.de\/teilchen\/author\/hlauwitz\/"}]}},"jetpack_featured_media_url":"","jetpack_sharing_enabled":true,"_links":{"self":[{"href":"https:\/\/blog.zeit.de\/teilchen\/wp-json\/wp\/v2\/posts\/18799","targetHints":{"allow":["GET"]}}],"collection":[{"href":"https:\/\/blog.zeit.de\/teilchen\/wp-json\/wp\/v2\/posts"}],"about":[{"href":"https:\/\/blog.zeit.de\/teilchen\/wp-json\/wp\/v2\/types\/post"}],"author":[{"embeddable":true,"href":"https:\/\/blog.zeit.de\/teilchen\/wp-json\/wp\/v2\/users\/684"}],"replies":[{"embeddable":true,"href":"https:\/\/blog.zeit.de\/teilchen\/wp-json\/wp\/v2\/comments?post=18799"}],"version-history":[{"count":6,"href":"https:\/\/blog.zeit.de\/teilchen\/wp-json\/wp\/v2\/posts\/18799\/revisions"}],"predecessor-version":[{"id":18818,"href":"https:\/\/blog.zeit.de\/teilchen\/wp-json\/wp\/v2\/posts\/18799\/revisions\/18818"}],"wp:attachment":[{"href":"https:\/\/blog.zeit.de\/teilchen\/wp-json\/wp\/v2\/media?parent=18799"}],"wp:term":[{"taxonomy":"category","embeddable":true,"href":"https:\/\/blog.zeit.de\/teilchen\/wp-json\/wp\/v2\/categories?post=18799"},{"taxonomy":"post_tag","embeddable":true,"href":"https:\/\/blog.zeit.de\/teilchen\/wp-json\/wp\/v2\/tags?post=18799"}],"curies":[{"name":"wp","href":"https:\/\/api.w.org\/{rel}","templated":true}]}}