{"id":19282,"date":"2019-02-21T14:45:46","date_gmt":"2019-02-21T13:45:46","guid":{"rendered":"https:\/\/blog.zeit.de\/teilchen\/?p=19282"},"modified":"2019-02-21T15:48:16","modified_gmt":"2019-02-21T14:48:16","slug":"fox-reporter-tucker-carlson-rastet-im-interview-aus","status":"publish","type":"post","link":"https:\/\/blog.zeit.de\/teilchen\/2019\/02\/21\/fox-reporter-tucker-carlson-rastet-im-interview-aus\/","title":{"rendered":"Fox-Reporter Tucker Carlson rastet im Interview aus"},"content":{"rendered":"\n<div class=\"embed-wrapper embed-wrapper--blocked js-embed-consent\" data-method=\"embed\">\n<script class=\"raw__source\" type=\"text\/template\"><div class=\"embed-twitter\"><blockquote class=\"twitter-tweet\" data-width=\"550\" data-dnt=\"true\"><p data-replace lang=\"en\" dir=\"ltr\">1\/ Here\u2019s the interview that <a href=\"https:\/\/twitter.com\/TuckerCarlson?ref_src=twsrc%5Etfw\">@TuckerCarlson<\/a> and Fox News didn\u2019t want you to see. I chose to release it, because I think we should keep talking about the corrupting influence of money in politics. It also shows how angry elites can get if you do that. <a href=\"https:\/\/t.co\/hs1474MJNM\">https:\/\/t.co\/hs1474MJNM<\/a><\/p>&mdash; Rutger Bregman (@rcbregman) <a href=\"https:\/\/twitter.com\/rcbregman\/status\/1098283273120350211?ref_src=twsrc%5Etfw\">February 20, 2019<\/a><\/blockquote><scr+ipt async src=\"https:\/\/platform.twitter.com\/widgets.js\" charset=\"utf-8\"><\/scr+ipt><\/div><\/script>\n<div class=\"embed-wrapper__inner\">\n<div class=\"embed-wrapper__text\">\n<h3>Empfohlener redaktioneller Inhalt<\/h3>\n<p data-replace=\"no\">An dieser Stelle finden Sie externen Inhalt, der den Artikel erg\u00e4nzt. Sie k\u00f6nnen sich externe Inhalte mit einem Klick anzeigen lassen und wieder ausblenden.<noscript>Bitte aktivieren Sie JavaScript damit Sie diesen Inhalt anzeigen k\u00f6nnen.<\/noscript><\/p>\n<\/div>\n<div class=\"embed-consent\">\n<label class=\"embed-consent__toggle\">\n<input class=\"js-embed-consent__toggle\" type=\"checkbox\" autocomplete=\"off\">\n<span><\/span>\nExterner Inhalt\n<\/label>\n<a href=\"https:\/\/www.zeit.de\/hilfe\/datenschutz\" target=\"_blank\" class=\"embed-consent__datalink-when-active\">Datenschutzerkl\u00e4rung<\/a>\n<\/div>\n<div class=\"embed-wrapper__footer\">\n<p data-replace=\"no\">\nIch bin damit einverstanden, dass mir externe Inhalte angezeigt werden. Damit k\u00f6nnen personenbezogene Daten an Drittplattformen \u00fcbermittelt werden. <a href=\"https:\/\/www.zeit.de\/hilfe\/datenschutz\" target=\"_blank\">Mehr dazu in unserer Datenschutzerkl\u00e4rung.<\/a>\n<\/p>\n<\/div>\n<\/div>\n<\/div>\n<p>Manchmal f\u00fchren sich die Moderatorinnen und Moderatoren von Donald Trumps Lieblingssender Fox auf wie der US-Pr\u00e4sident selbst. Das zeigt nun ein Video, das dem Internetportal <em>NowThis<\/em> zugespielt wurde. Darin ist zu sehen, wie Fox-Moderator Tucker Carlson vor laufender Kamera ausrastet.<\/p>\n<p><!--more-->Als &#8222;kleinhirnigen Idioten&#8220;, der sich selbst ficken solle, beschimpft Carlson den niederl\u00e4ndischen Historiker Rutger Bregman. Wahrscheinlich h\u00e4tte sich der Reporter gew\u00fcnscht, dass die Aufzeichnungen bei Fox auf Nimmerwiedersehen in einer Schublade verschwinden. Doch Bregman hatte sich ebenfalls einen Mitschnitt gesichert. Er lie\u00df die Beleidigungen nicht auf sich sitzen \u2013 und leitete sie an <em>NowThis<\/em> weiter. Innerhalb weniger Stunden wurde der Beitrag mehr als 2.000-mal geteilt.<\/p>\n<p><a href=\"https:\/\/www.sueddeutsche.de\/wirtschaft\/davos-rutger-bregman-1.4312297\" target=\"_blank\" rel=\"noopener\">Bereits im Januar beim Weltwirtschaftsforum in Davos kam Bregman zu Ber\u00fchmtheit, als er Million\u00e4ren vorwarf, ihre Steuern nicht zu zahlen<\/a>. Die M\u00e4chtigen w\u00fcrden scheinheilig von Teilhabe, Gerechtigkeit und Gleichheit reden, sagte der Wissenschaftler damals. Wegen dieses Auftritts hatte Carlson ihn zu Fox eingeladen. Doch der gut vorbereitete Bregman \u00fcberrumpelte ihn.<\/p>\n<h3>&#8222;Sie sind ein Million\u00e4r, finanziert von Milliard\u00e4ren&#8220;<\/h3>\n<p>&#8222;Die Murdochs wollen, dass du Einwanderer zu S\u00fcndenb\u00f6cken erkl\u00e4rst&#8220;, sagt Bregman kurz nach Beginn des Gespr\u00e4chs. Anschlie\u00dfend greift er Carlson pers\u00f6nlich an: &#8222;Sie sind ein Million\u00e4r, finanziert von Milliard\u00e4ren.&#8220; Deshalb wolle der Moderator nicht \u00fcber Steuerhinterziehung reden. Der Fox-Moderator sei &#8222;kein Teil der L\u00f6sung, sondern Teil des Problems&#8220;, so Bregman, der Carlson auch dessen Arbeit f\u00fcr das Cato-Institut vorwarf. Cato ist eine Denkfabrik, die sich gegen Umweltschutzma\u00dfnahmen und nachhaltige Entwicklungskonzepte stellt. Kritikern bem\u00e4ngeln, dass Cato au\u00dferdem zu den f\u00fchrenden Instituten z\u00e4hlt, die den vom Menschen verursachten Klimawandel leugnen.<\/p>\n<p>Fox und Tucker Carlson haben sich zu dem Leak bislang nicht ge\u00e4u\u00dfert.<\/p>\n<p><em>Weitere <a href=\"https:\/\/blog.zeit.de\/teilchen\/\" target=\"_blank\" rel=\"noopener\">Netzfundst\u00fccke finden Sie im Teilchen-Blog<\/a>.<\/em><\/p>\n","protected":false},"excerpt":{"rendered":"<p>Empfohlener redaktioneller Inhalt An dieser Stelle finden Sie externen Inhalt, der den Artikel erg\u00e4nzt. Sie k\u00f6nnen sich externe Inhalte mit einem Klick anzeigen lassen [\u2026]<\/p>\n","protected":false},"author":1095,"featured_media":19298,"comment_status":"open","ping_status":"closed","sticky":false,"template":"","format":"standard","meta":{"_jetpack_memberships_contains_paid_content":false,"footnotes":""},"categories":[28],"tags":[],"class_list":["post-19282","post","type-post","status-publish","format-standard","has-post-thumbnail","hentry","category-video"],"yoast_head":"<!-- This site is optimized with the Yoast SEO plugin v21.0 - https:\/\/yoast.com\/wordpress\/plugins\/seo\/ -->\n<title>Fox-Reporter Tucker Carlson rastet im Interview aus<\/title>\n<meta name=\"description\" content=\"Manchmal f\u00fchren sich die Moderatoren von Donald Trumps Lieblingssender Fox auf wie der US-Pr\u00e4sident selbst. Fox-Moderator Tucker Carlson rastet vor laufender Kamera aus.\" \/>\n<meta name=\"robots\" content=\"index, follow, max-snippet:-1, max-image-preview:large, max-video-preview:-1\" \/>\n<link rel=\"canonical\" href=\"https:\/\/blog.zeit.de\/teilchen\/2019\/02\/21\/fox-reporter-tucker-carlson-rastet-im-interview-aus\/\" \/>\n<meta property=\"og:locale\" content=\"de_DE\" \/>\n<meta property=\"og:type\" content=\"article\" \/>\n<meta property=\"og:title\" content=\"Fox-Reporter Tucker Carlson rastet im Interview aus\" \/>\n<meta property=\"og:description\" content=\"Manchmal f\u00fchren sich die Moderatoren von Donald Trumps Lieblingssender Fox auf wie der US-Pr\u00e4sident selbst. Fox-Moderator Tucker Carlson rastet vor laufender Kamera aus.\" \/>\n<meta property=\"og:url\" content=\"https:\/\/blog.zeit.de\/teilchen\/2019\/02\/21\/fox-reporter-tucker-carlson-rastet-im-interview-aus\/\" \/>\n<meta property=\"og:site_name\" content=\"Teilchen\" \/>\n<meta property=\"article:published_time\" content=\"2019-02-21T13:45:46+00:00\" \/>\n<meta property=\"article:modified_time\" content=\"2019-02-21T14:48:16+00:00\" \/>\n<meta property=\"og:image\" content=\"https:\/\/blog.zeit.de\/teilchen\/files\/2019\/02\/Bildschirmfoto-2019-02-21-um-13.45.09.png\" \/>\n\t<meta property=\"og:image:width\" content=\"552\" \/>\n\t<meta property=\"og:image:height\" content=\"355\" \/>\n\t<meta property=\"og:image:type\" content=\"image\/png\" \/>\n<meta name=\"author\" content=\"Henrik Merker\" \/>\n<meta name=\"twitter:card\" content=\"summary_large_image\" \/>\n<meta name=\"twitter:image\" content=\"https:\/\/blog.zeit.de\/teilchen\/files\/2019\/02\/Bildschirmfoto-2019-02-21-um-13.45.09.png\" \/>\n<meta name=\"twitter:creator\" content=\"@zeitonline\" \/>\n<meta name=\"twitter:site\" content=\"@zeitonline\" \/>\n<meta name=\"twitter:label1\" content=\"Geschrieben von\" \/>\n\t<meta name=\"twitter:data1\" content=\"Henrik Merker\" \/>\n\t<meta name=\"twitter:label2\" content=\"Gesch\u00e4tzte Lesezeit\" \/>\n\t<meta name=\"twitter:data2\" content=\"2\u00a0Minuten\" \/>\n<script type=\"application\/ld+json\" class=\"yoast-schema-graph\">{\"@context\":\"https:\/\/schema.org\",\"@graph\":[{\"@type\":\"WebPage\",\"@id\":\"https:\/\/blog.zeit.de\/teilchen\/2019\/02\/21\/fox-reporter-tucker-carlson-rastet-im-interview-aus\/\",\"url\":\"https:\/\/blog.zeit.de\/teilchen\/2019\/02\/21\/fox-reporter-tucker-carlson-rastet-im-interview-aus\/\",\"name\":\"Fox-Reporter Tucker Carlson rastet im Interview aus\",\"isPartOf\":{\"@id\":\"https:\/\/blog.zeit.de\/teilchen\/#website\"},\"datePublished\":\"2019-02-21T13:45:46+00:00\",\"dateModified\":\"2019-02-21T14:48:16+00:00\",\"author\":{\"@id\":\"https:\/\/blog.zeit.de\/teilchen\/#\/schema\/person\/04fbcd7c6b70d6d707d31945802cdadf\"},\"description\":\"Manchmal f\u00fchren sich die Moderatoren von Donald Trumps Lieblingssender Fox auf wie der US-Pr\u00e4sident selbst. Fox-Moderator Tucker Carlson rastet vor laufender Kamera aus.\",\"breadcrumb\":{\"@id\":\"https:\/\/blog.zeit.de\/teilchen\/2019\/02\/21\/fox-reporter-tucker-carlson-rastet-im-interview-aus\/#breadcrumb\"},\"inLanguage\":\"de\",\"potentialAction\":[{\"@type\":\"ReadAction\",\"target\":[\"https:\/\/blog.zeit.de\/teilchen\/2019\/02\/21\/fox-reporter-tucker-carlson-rastet-im-interview-aus\/\"]}]},{\"@type\":\"BreadcrumbList\",\"@id\":\"https:\/\/blog.zeit.de\/teilchen\/2019\/02\/21\/fox-reporter-tucker-carlson-rastet-im-interview-aus\/#breadcrumb\",\"itemListElement\":[{\"@type\":\"ListItem\",\"position\":1,\"name\":\"Startseite\",\"item\":\"https:\/\/blog.zeit.de\/teilchen\/\"},{\"@type\":\"ListItem\",\"position\":2,\"name\":\"Fox-Reporter Tucker Carlson rastet im Interview aus\"}]},{\"@type\":\"WebSite\",\"@id\":\"https:\/\/blog.zeit.de\/teilchen\/#website\",\"url\":\"https:\/\/blog.zeit.de\/teilchen\/\",\"name\":\"Teilchen\",\"description\":\"Im Netz verstecken sich kleine Sch\u00e4tze - ZEIT ONLINE findet sie.\",\"potentialAction\":[{\"@type\":\"SearchAction\",\"target\":{\"@type\":\"EntryPoint\",\"urlTemplate\":\"https:\/\/blog.zeit.de\/teilchen\/?s={search_term_string}\"},\"query-input\":\"required name=search_term_string\"}],\"inLanguage\":\"de\"},{\"@type\":\"Person\",\"@id\":\"https:\/\/blog.zeit.de\/teilchen\/#\/schema\/person\/04fbcd7c6b70d6d707d31945802cdadf\",\"name\":\"Henrik Merker\",\"image\":{\"@type\":\"ImageObject\",\"inLanguage\":\"de\",\"@id\":\"https:\/\/blog.zeit.de\/teilchen\/#\/schema\/person\/image\/\",\"url\":\"https:\/\/secure.gravatar.com\/avatar\/07a485e5e2de4a3a8e0da567801aad674ec55ecffeddf6b6f8e2e5157c894ad9?s=96&d=mm&r=g\",\"contentUrl\":\"https:\/\/secure.gravatar.com\/avatar\/07a485e5e2de4a3a8e0da567801aad674ec55ecffeddf6b6f8e2e5157c894ad9?s=96&d=mm&r=g\",\"caption\":\"Henrik Merker\"},\"description\":\"Geboren 1994 in Sachsen. Studium der Internationalen Beziehungen in Erfurt, Germanistik und Arabistik in Halle. Schreibt seit 2017 f\u00fcr ZEIT ONLINE. Erst beim \\\"St\u00f6rungsmelder\\\", seit 2019 als Hospitant im Investigativressort.\",\"url\":\"https:\/\/blog.zeit.de\/teilchen\/author\/hmerker\/\"}]}<\/script>\n<!-- \/ Yoast SEO plugin. -->","yoast_head_json":{"title":"Fox-Reporter Tucker Carlson rastet im Interview aus","description":"Manchmal f\u00fchren sich die Moderatoren von Donald Trumps Lieblingssender Fox auf wie der US-Pr\u00e4sident selbst. Fox-Moderator Tucker Carlson rastet vor laufender Kamera aus.","robots":{"index":"index","follow":"follow","max-snippet":"max-snippet:-1","max-image-preview":"max-image-preview:large","max-video-preview":"max-video-preview:-1"},"canonical":"https:\/\/blog.zeit.de\/teilchen\/2019\/02\/21\/fox-reporter-tucker-carlson-rastet-im-interview-aus\/","og_locale":"de_DE","og_type":"article","og_title":"Fox-Reporter Tucker Carlson rastet im Interview aus","og_description":"Manchmal f\u00fchren sich die Moderatoren von Donald Trumps Lieblingssender Fox auf wie der US-Pr\u00e4sident selbst. Fox-Moderator Tucker Carlson rastet vor laufender Kamera aus.","og_url":"https:\/\/blog.zeit.de\/teilchen\/2019\/02\/21\/fox-reporter-tucker-carlson-rastet-im-interview-aus\/","og_site_name":"Teilchen","article_published_time":"2019-02-21T13:45:46+00:00","article_modified_time":"2019-02-21T14:48:16+00:00","og_image":[{"width":552,"height":355,"url":"https:\/\/blog.zeit.de\/teilchen\/files\/2019\/02\/Bildschirmfoto-2019-02-21-um-13.45.09.png","type":"image\/png"}],"author":"Henrik Merker","twitter_card":"summary_large_image","twitter_image":"https:\/\/blog.zeit.de\/teilchen\/files\/2019\/02\/Bildschirmfoto-2019-02-21-um-13.45.09.png","twitter_creator":"@zeitonline","twitter_site":"@zeitonline","twitter_misc":{"Geschrieben von":"Henrik Merker","Gesch\u00e4tzte Lesezeit":"2\u00a0Minuten"},"schema":{"@context":"https:\/\/schema.org","@graph":[{"@type":"WebPage","@id":"https:\/\/blog.zeit.de\/teilchen\/2019\/02\/21\/fox-reporter-tucker-carlson-rastet-im-interview-aus\/","url":"https:\/\/blog.zeit.de\/teilchen\/2019\/02\/21\/fox-reporter-tucker-carlson-rastet-im-interview-aus\/","name":"Fox-Reporter Tucker Carlson rastet im Interview aus","isPartOf":{"@id":"https:\/\/blog.zeit.de\/teilchen\/#website"},"datePublished":"2019-02-21T13:45:46+00:00","dateModified":"2019-02-21T14:48:16+00:00","author":{"@id":"https:\/\/blog.zeit.de\/teilchen\/#\/schema\/person\/04fbcd7c6b70d6d707d31945802cdadf"},"description":"Manchmal f\u00fchren sich die Moderatoren von Donald Trumps Lieblingssender Fox auf wie der US-Pr\u00e4sident selbst. Fox-Moderator Tucker Carlson rastet vor laufender Kamera aus.","breadcrumb":{"@id":"https:\/\/blog.zeit.de\/teilchen\/2019\/02\/21\/fox-reporter-tucker-carlson-rastet-im-interview-aus\/#breadcrumb"},"inLanguage":"de","potentialAction":[{"@type":"ReadAction","target":["https:\/\/blog.zeit.de\/teilchen\/2019\/02\/21\/fox-reporter-tucker-carlson-rastet-im-interview-aus\/"]}]},{"@type":"BreadcrumbList","@id":"https:\/\/blog.zeit.de\/teilchen\/2019\/02\/21\/fox-reporter-tucker-carlson-rastet-im-interview-aus\/#breadcrumb","itemListElement":[{"@type":"ListItem","position":1,"name":"Startseite","item":"https:\/\/blog.zeit.de\/teilchen\/"},{"@type":"ListItem","position":2,"name":"Fox-Reporter Tucker Carlson rastet im Interview aus"}]},{"@type":"WebSite","@id":"https:\/\/blog.zeit.de\/teilchen\/#website","url":"https:\/\/blog.zeit.de\/teilchen\/","name":"Teilchen","description":"Im Netz verstecken sich kleine Sch\u00e4tze - ZEIT ONLINE findet sie.","potentialAction":[{"@type":"SearchAction","target":{"@type":"EntryPoint","urlTemplate":"https:\/\/blog.zeit.de\/teilchen\/?s={search_term_string}"},"query-input":"required name=search_term_string"}],"inLanguage":"de"},{"@type":"Person","@id":"https:\/\/blog.zeit.de\/teilchen\/#\/schema\/person\/04fbcd7c6b70d6d707d31945802cdadf","name":"Henrik Merker","image":{"@type":"ImageObject","inLanguage":"de","@id":"https:\/\/blog.zeit.de\/teilchen\/#\/schema\/person\/image\/","url":"https:\/\/secure.gravatar.com\/avatar\/07a485e5e2de4a3a8e0da567801aad674ec55ecffeddf6b6f8e2e5157c894ad9?s=96&d=mm&r=g","contentUrl":"https:\/\/secure.gravatar.com\/avatar\/07a485e5e2de4a3a8e0da567801aad674ec55ecffeddf6b6f8e2e5157c894ad9?s=96&d=mm&r=g","caption":"Henrik Merker"},"description":"Geboren 1994 in Sachsen. Studium der Internationalen Beziehungen in Erfurt, Germanistik und Arabistik in Halle. Schreibt seit 2017 f\u00fcr ZEIT ONLINE. Erst beim \"St\u00f6rungsmelder\", seit 2019 als Hospitant im Investigativressort.","url":"https:\/\/blog.zeit.de\/teilchen\/author\/hmerker\/"}]}},"jetpack_featured_media_url":"https:\/\/blog.zeit.de\/teilchen\/files\/2019\/02\/Bildschirmfoto-2019-02-21-um-13.45.09.png","jetpack_sharing_enabled":true,"_links":{"self":[{"href":"https:\/\/blog.zeit.de\/teilchen\/wp-json\/wp\/v2\/posts\/19282","targetHints":{"allow":["GET"]}}],"collection":[{"href":"https:\/\/blog.zeit.de\/teilchen\/wp-json\/wp\/v2\/posts"}],"about":[{"href":"https:\/\/blog.zeit.de\/teilchen\/wp-json\/wp\/v2\/types\/post"}],"author":[{"embeddable":true,"href":"https:\/\/blog.zeit.de\/teilchen\/wp-json\/wp\/v2\/users\/1095"}],"replies":[{"embeddable":true,"href":"https:\/\/blog.zeit.de\/teilchen\/wp-json\/wp\/v2\/comments?post=19282"}],"version-history":[{"count":5,"href":"https:\/\/blog.zeit.de\/teilchen\/wp-json\/wp\/v2\/posts\/19282\/revisions"}],"predecessor-version":[{"id":19304,"href":"https:\/\/blog.zeit.de\/teilchen\/wp-json\/wp\/v2\/posts\/19282\/revisions\/19304"}],"wp:featuredmedia":[{"embeddable":true,"href":"https:\/\/blog.zeit.de\/teilchen\/wp-json\/wp\/v2\/media\/19298"}],"wp:attachment":[{"href":"https:\/\/blog.zeit.de\/teilchen\/wp-json\/wp\/v2\/media?parent=19282"}],"wp:term":[{"taxonomy":"category","embeddable":true,"href":"https:\/\/blog.zeit.de\/teilchen\/wp-json\/wp\/v2\/categories?post=19282"},{"taxonomy":"post_tag","embeddable":true,"href":"https:\/\/blog.zeit.de\/teilchen\/wp-json\/wp\/v2\/tags?post=19282"}],"curies":[{"name":"wp","href":"https:\/\/api.w.org\/{rel}","templated":true}]}}