{"id":19369,"date":"2019-03-21T15:09:21","date_gmt":"2019-03-21T14:09:21","guid":{"rendered":"https:\/\/blog.zeit.de\/teilchen\/?p=19369"},"modified":"2019-04-02T10:07:34","modified_gmt":"2019-04-02T08:07:34","slug":"axel-voss-cdu-twitter-eu-urheberrechtsreform-artikel-13","status":"publish","type":"post","link":"https:\/\/blog.zeit.de\/teilchen\/2019\/03\/21\/axel-voss-cdu-twitter-eu-urheberrechtsreform-artikel-13\/","title":{"rendered":"Googeln mit dem Netzhelden der CDU"},"content":{"rendered":"\n<div class=\"embed-wrapper embed-wrapper--blocked js-embed-consent\" data-method=\"embed\">\n<script class=\"raw__source\" type=\"text\/template\"><div class=\"embed-twitter\"><blockquote class=\"twitter-tweet\" data-width=\"550\" data-dnt=\"true\"><p data-replace lang=\"de\" dir=\"ltr\">K\u00f6nnte die heute-show bitte den Twitter-Account der <a href=\"https:\/\/twitter.com\/CDU_CSU_EP?ref_src=twsrc%5Etfw\">@CDU_CSU_EP<\/a> wieder freigeben? Anders sind solche Tweets nicht zu erkl\u00e4ren... \ud83e\udd26\u200d\u2642\ufe0f<\/p>&mdash; Matthias Hauer \ud83c\udde9\ud83c\uddea\ud83c\uddea\ud83c\uddfa (@MatthiasHauer) <a href=\"https:\/\/twitter.com\/MatthiasHauer\/status\/1108404342502182912?ref_src=twsrc%5Etfw\">March 20, 2019<\/a><\/blockquote><scr+ipt async src=\"https:\/\/platform.twitter.com\/widgets.js\" charset=\"utf-8\"><\/scr+ipt><\/div><\/script>\n<div class=\"embed-wrapper__inner\">\n<div class=\"embed-wrapper__text\">\n<h3>Empfohlener redaktioneller Inhalt<\/h3>\n<p data-replace=\"no\">An dieser Stelle finden Sie externen Inhalt, der den Artikel erg\u00e4nzt. Sie k\u00f6nnen sich externe Inhalte mit einem Klick anzeigen lassen und wieder ausblenden.<noscript>Bitte aktivieren Sie JavaScript damit Sie diesen Inhalt anzeigen k\u00f6nnen.<\/noscript><\/p>\n<\/div>\n<div class=\"embed-consent\">\n<label class=\"embed-consent__toggle\">\n<input class=\"js-embed-consent__toggle\" type=\"checkbox\" autocomplete=\"off\">\n<span><\/span>\nExterner Inhalt\n<\/label>\n<a href=\"https:\/\/www.zeit.de\/hilfe\/datenschutz\" target=\"_blank\" class=\"embed-consent__datalink-when-active\">Datenschutzerkl\u00e4rung<\/a>\n<\/div>\n<div class=\"embed-wrapper__footer\">\n<p data-replace=\"no\">\nIch bin damit einverstanden, dass mir externe Inhalte angezeigt werden. Damit k\u00f6nnen personenbezogene Daten an Drittplattformen \u00fcbermittelt werden. <a href=\"https:\/\/www.zeit.de\/hilfe\/datenschutz\" target=\"_blank\">Mehr dazu in unserer Datenschutzerkl\u00e4rung.<\/a>\n<\/p>\n<\/div>\n<\/div>\n<\/div>\n<p>2017 hatte die CDU das Internet mit ihrem <a href=\"https:\/\/ze.tt\/deutschland-raetselt-was-ist-fedidwgugl-und-wenn-ja-wie-viele\/\">Wahlkampfaufruf #fedidwgugl<\/a> zum Explodieren gebracht. Wo &#8222;F\u00fcr ein Deutschland in dem wir gut und gerne leben&#8220; noch ironisch zum Trend wurde, gibt es diesmal vor allem Spott und H\u00e4me f\u00fcr die konservativen Netzhelden.<\/p>\n<p><!--more--><\/p>\n<p>Aber was war passiert? Axel Voss, rechtspolitischer Sprecher der EVP-Fraktion in Br\u00fcssel, hatte <em>Vice<\/em> ein <a href=\"https:\/\/www.vice.com\/de\/article\/vbw8zy\/streit-um-uploadfilter-und-artikel13-wie-axel-voss-das-internet-sieht\">Interview zur bevorstehenden Urheberrechtsreform<\/a> gegeben, die seit Wochen massive Kritik abbekommt. Netzaktivisten und Oppositionspolitikerinnen bef\u00fcrchten, dass viele Inhalte des Internets durch die neuen Gesetze illegalisiert werden k\u00f6nnten.<\/p>\n<p>Vor allem <a href=\"https:\/\/www.zeit.de\/2019\/13\/artikel-13-eu-urheberrechtsreform-uploadfilter-leistungsschutzrecht\">Artikel 13 wird von vielen Seiten abgelehnt<\/a>. Plattformen wie YouTube oder Twitter werden darin verpflichtet, illegale oder urheberrechtlich gesch\u00fctzte Inhalte bereits beim Upload auszusortieren. Memes und Share-Pics k\u00f6nnten dann von Uploadfiltern automatisch gel\u00f6scht werden, weil sie h\u00e4ufig Inhalte Dritter einschlie\u00dfen. Aktivisten nennen das Zensur, bef\u00fcrchten das Ende des freien Internets.<\/p>\n<p>Im Interview behauptete Voss, Google habe sogar eine extra Rubrik f\u00fcr Memes, weshalb die Bilder nicht von Uploadfiltern betroffen seien. SPD-Digitalpolitiker Timo Woelken konterte mit einem Screenshot von Googles Such-Seite:<\/p>\n\n<div class=\"embed-wrapper embed-wrapper--blocked js-embed-consent\" data-method=\"embed\">\n<script class=\"raw__source\" type=\"text\/template\"><div class=\"embed-twitter\"><blockquote class=\"twitter-tweet\" data-width=\"550\" data-dnt=\"true\"><p data-replace lang=\"de\" dir=\"ltr\">Habe gerade auf <a href=\"https:\/\/twitter.com\/hashtag\/google?src=hash&amp;ref_src=twsrc%5Etfw\">#google<\/a> die Rubrik <a href=\"https:\/\/twitter.com\/hashtag\/memes?src=hash&amp;ref_src=twsrc%5Etfw\">#memes<\/a> gesucht. Hat sie jemand gefunden? <a href=\"https:\/\/twitter.com\/hashtag\/Article13?src=hash&amp;ref_src=twsrc%5Etfw\">#Article13<\/a> <a href=\"https:\/\/t.co\/sdr7Lecewt\">pic.twitter.com\/sdr7Lecewt<\/a><\/p>&mdash; Tiemo W\u00f6lken \ud83c\uddea\ud83c\uddfa (@woelken) <a href=\"https:\/\/twitter.com\/woelken\/status\/1108316987711725568?ref_src=twsrc%5Etfw\">March 20, 2019<\/a><\/blockquote><scr+ipt async src=\"https:\/\/platform.twitter.com\/widgets.js\" charset=\"utf-8\"><\/scr+ipt><\/div><\/script>\n<div class=\"embed-wrapper__inner\">\n<div class=\"embed-wrapper__text\">\n<h3>Empfohlener redaktioneller Inhalt<\/h3>\n<p data-replace=\"no\">An dieser Stelle finden Sie externen Inhalt, der den Artikel erg\u00e4nzt. Sie k\u00f6nnen sich externe Inhalte mit einem Klick anzeigen lassen und wieder ausblenden.<noscript>Bitte aktivieren Sie JavaScript damit Sie diesen Inhalt anzeigen k\u00f6nnen.<\/noscript><\/p>\n<\/div>\n<div class=\"embed-consent\">\n<label class=\"embed-consent__toggle\">\n<input class=\"js-embed-consent__toggle\" type=\"checkbox\" autocomplete=\"off\">\n<span><\/span>\nExterner Inhalt\n<\/label>\n<a href=\"https:\/\/www.zeit.de\/hilfe\/datenschutz\" target=\"_blank\" class=\"embed-consent__datalink-when-active\">Datenschutzerkl\u00e4rung<\/a>\n<\/div>\n<div class=\"embed-wrapper__footer\">\n<p data-replace=\"no\">\nIch bin damit einverstanden, dass mir externe Inhalte angezeigt werden. Damit k\u00f6nnen personenbezogene Daten an Drittplattformen \u00fcbermittelt werden. <a href=\"https:\/\/www.zeit.de\/hilfe\/datenschutz\" target=\"_blank\">Mehr dazu in unserer Datenschutzerkl\u00e4rung.<\/a>\n<\/p>\n<\/div>\n<\/div>\n<\/div>\n<p>Voss hingegen bekr\u00e4ftigte seine Ansicht, Algorithmen wie die von Google k\u00f6nnten zwischen Memes und urheberrechtlich gesch\u00fctzten Bildern klar unterscheiden. Als Beweis hatte er sich selber gegoogelt und einen Screenshot davon ver\u00f6ffentlicht. \u00dcber Bildern von ihm tauchte das eingerahmte Wort Memes auf \u2013 f\u00fcr Voss der ultimative Beweis.<\/p>\n<p>Twitter-User versuchten, ihn aufzukl\u00e4ren:<\/p>\n<p>https:\/\/twitter.com\/HoneyballCookie\/status\/1108379495550144513<\/p>\n<p>Einige CDU-Abgeordnete konnten f\u00fcr die fehlende Sachkenntnis ihres Kollegen kein Verst\u00e4ndnis aufbringen. Matthias Hauer hoffte auf eine Satireaktion:<\/p>\n\n<div class=\"embed-wrapper embed-wrapper--blocked js-embed-consent\" data-method=\"embed\">\n<script class=\"raw__source\" type=\"text\/template\"><div class=\"embed-twitter\"><blockquote class=\"twitter-tweet\" data-width=\"550\" data-dnt=\"true\"><p data-replace lang=\"de\" dir=\"ltr\">Wenn den eigenen Mitgliedern ihre Partei peinlich ist...<\/p>&mdash; Hegamona (@fjarsmans) <a href=\"https:\/\/twitter.com\/fjarsmans\/status\/1108407647689166849?ref_src=twsrc%5Etfw\">March 20, 2019<\/a><\/blockquote><scr+ipt async src=\"https:\/\/platform.twitter.com\/widgets.js\" charset=\"utf-8\"><\/scr+ipt><\/div><\/script>\n<div class=\"embed-wrapper__inner\">\n<div class=\"embed-wrapper__text\">\n<h3>Empfohlener redaktioneller Inhalt<\/h3>\n<p data-replace=\"no\">An dieser Stelle finden Sie externen Inhalt, der den Artikel erg\u00e4nzt. Sie k\u00f6nnen sich externe Inhalte mit einem Klick anzeigen lassen und wieder ausblenden.<noscript>Bitte aktivieren Sie JavaScript damit Sie diesen Inhalt anzeigen k\u00f6nnen.<\/noscript><\/p>\n<\/div>\n<div class=\"embed-consent\">\n<label class=\"embed-consent__toggle\">\n<input class=\"js-embed-consent__toggle\" type=\"checkbox\" autocomplete=\"off\">\n<span><\/span>\nExterner Inhalt\n<\/label>\n<a href=\"https:\/\/www.zeit.de\/hilfe\/datenschutz\" target=\"_blank\" class=\"embed-consent__datalink-when-active\">Datenschutzerkl\u00e4rung<\/a>\n<\/div>\n<div class=\"embed-wrapper__footer\">\n<p data-replace=\"no\">\nIch bin damit einverstanden, dass mir externe Inhalte angezeigt werden. Damit k\u00f6nnen personenbezogene Daten an Drittplattformen \u00fcbermittelt werden. <a href=\"https:\/\/www.zeit.de\/hilfe\/datenschutz\" target=\"_blank\">Mehr dazu in unserer Datenschutzerkl\u00e4rung.<\/a>\n<\/p>\n<\/div>\n<\/div>\n<\/div>\n<p>Die <em>heute-show<\/em> war&#8217;s nicht, will sich aber gern beim Talentepool der CDU bedienen:<\/p>\n\n<div class=\"embed-wrapper embed-wrapper--blocked js-embed-consent\" data-method=\"embed\">\n<script class=\"raw__source\" type=\"text\/template\"><div class=\"embed-twitter\"><blockquote class=\"twitter-tweet\" data-width=\"550\" data-dnt=\"true\"><p data-replace lang=\"de\" dir=\"ltr\">Vergesst nicht &quot;PN&quot; zu erkl\u00e4ren.....<\/p>&mdash; Nerdy Timber (@NerdyTimber) <a href=\"https:\/\/twitter.com\/NerdyTimber\/status\/1108447999502544897?ref_src=twsrc%5Etfw\">March 20, 2019<\/a><\/blockquote><scr+ipt async src=\"https:\/\/platform.twitter.com\/widgets.js\" charset=\"utf-8\"><\/scr+ipt><\/div><\/script>\n<div class=\"embed-wrapper__inner\">\n<div class=\"embed-wrapper__text\">\n<h3>Empfohlener redaktioneller Inhalt<\/h3>\n<p data-replace=\"no\">An dieser Stelle finden Sie externen Inhalt, der den Artikel erg\u00e4nzt. Sie k\u00f6nnen sich externe Inhalte mit einem Klick anzeigen lassen und wieder ausblenden.<noscript>Bitte aktivieren Sie JavaScript damit Sie diesen Inhalt anzeigen k\u00f6nnen.<\/noscript><\/p>\n<\/div>\n<div class=\"embed-consent\">\n<label class=\"embed-consent__toggle\">\n<input class=\"js-embed-consent__toggle\" type=\"checkbox\" autocomplete=\"off\">\n<span><\/span>\nExterner Inhalt\n<\/label>\n<a href=\"https:\/\/www.zeit.de\/hilfe\/datenschutz\" target=\"_blank\" class=\"embed-consent__datalink-when-active\">Datenschutzerkl\u00e4rung<\/a>\n<\/div>\n<div class=\"embed-wrapper__footer\">\n<p data-replace=\"no\">\nIch bin damit einverstanden, dass mir externe Inhalte angezeigt werden. Damit k\u00f6nnen personenbezogene Daten an Drittplattformen \u00fcbermittelt werden. <a href=\"https:\/\/www.zeit.de\/hilfe\/datenschutz\" target=\"_blank\">Mehr dazu in unserer Datenschutzerkl\u00e4rung.<\/a>\n<\/p>\n<\/div>\n<\/div>\n<\/div>\n<p>Von Voss gab es keine weitere Reaktion auf Twitter. Es gibt Vermutungen, was er stattdessen macht:<\/p>\n<p>https:\/\/twitter.com\/RAStadler\/status\/1108659959951175680<\/p>\n<p>Unter dem <a href=\"https:\/\/ze.tt\/wir-schreiben-das-jahr-2019-und-twitter-muss-cdu-politiker-axel-voss-das-internet-erklaeren\/\">Trend-Hashtag #axelsurft<\/a> kommen aller paar Sekunden neue Seitenhiebe. In der Google-Suche werden Axel Voss und die Memes auf ewig vereint. Super.<\/p>\n\n<div class=\"embed-wrapper embed-wrapper--blocked js-embed-consent\" data-method=\"embed\">\n<script class=\"raw__source\" type=\"text\/template\"><div class=\"embed-twitter\"><blockquote class=\"twitter-tweet\" data-width=\"550\" data-dnt=\"true\"><p data-replace lang=\"de\" dir=\"ltr\">&quot;Wer hat hier den MacKeeper runtergeladen?&quot; <a href=\"https:\/\/twitter.com\/hashtag\/axelsurft?src=hash&amp;ref_src=twsrc%5Etfw\">#axelsurft<\/a> <a href=\"https:\/\/t.co\/t9FsTPNZzz\">pic.twitter.com\/t9FsTPNZzz<\/a><\/p>&mdash; d.s (@dennis_schmees) <a href=\"https:\/\/twitter.com\/dennis_schmees\/status\/1108659482094120960?ref_src=twsrc%5Etfw\">March 21, 2019<\/a><\/blockquote><scr+ipt async src=\"https:\/\/platform.twitter.com\/widgets.js\" charset=\"utf-8\"><\/scr+ipt><\/div><\/script>\n<div class=\"embed-wrapper__inner\">\n<div class=\"embed-wrapper__text\">\n<h3>Empfohlener redaktioneller Inhalt<\/h3>\n<p data-replace=\"no\">An dieser Stelle finden Sie externen Inhalt, der den Artikel erg\u00e4nzt. Sie k\u00f6nnen sich externe Inhalte mit einem Klick anzeigen lassen und wieder ausblenden.<noscript>Bitte aktivieren Sie JavaScript damit Sie diesen Inhalt anzeigen k\u00f6nnen.<\/noscript><\/p>\n<\/div>\n<div class=\"embed-consent\">\n<label class=\"embed-consent__toggle\">\n<input class=\"js-embed-consent__toggle\" type=\"checkbox\" autocomplete=\"off\">\n<span><\/span>\nExterner Inhalt\n<\/label>\n<a href=\"https:\/\/www.zeit.de\/hilfe\/datenschutz\" target=\"_blank\" class=\"embed-consent__datalink-when-active\">Datenschutzerkl\u00e4rung<\/a>\n<\/div>\n<div class=\"embed-wrapper__footer\">\n<p data-replace=\"no\">\nIch bin damit einverstanden, dass mir externe Inhalte angezeigt werden. Damit k\u00f6nnen personenbezogene Daten an Drittplattformen \u00fcbermittelt werden. <a href=\"https:\/\/www.zeit.de\/hilfe\/datenschutz\" target=\"_blank\">Mehr dazu in unserer Datenschutzerkl\u00e4rung.<\/a>\n<\/p>\n<\/div>\n<\/div>\n<\/div>\n","protected":false},"excerpt":{"rendered":"<p>Empfohlener redaktioneller Inhalt An dieser Stelle finden Sie externen Inhalt, der den Artikel erg\u00e4nzt. Sie k\u00f6nnen sich externe Inhalte mit einem Klick anzeigen lassen [\u2026]<\/p>\n","protected":false},"author":1095,"featured_media":19384,"comment_status":"open","ping_status":"closed","sticky":false,"template":"","format":"standard","meta":{"_jetpack_memberships_contains_paid_content":false,"footnotes":""},"categories":[29747],"tags":[],"class_list":["post-19369","post","type-post","status-publish","format-standard","has-post-thumbnail","hentry","category-geschichten"],"yoast_head":"<!-- This site is optimized with the Yoast SEO plugin v21.0 - https:\/\/yoast.com\/wordpress\/plugins\/seo\/ -->\n<title>Axel Voss: Googeln mit dem Netzhelden der CDU &#8902; Teilchen<\/title>\n<meta name=\"description\" content=\"Der rechtpolitische Sprecher der EVP-Fraktion, Axel Voss, m\u00f6chter \u00fcber Algorithmen aufkl\u00e4ren und blamiert sich dabei auf Twitter.\" \/>\n<meta name=\"robots\" content=\"index, follow, max-snippet:-1, max-image-preview:large, max-video-preview:-1\" \/>\n<link rel=\"canonical\" href=\"https:\/\/blog.zeit.de\/teilchen\/2019\/03\/21\/axel-voss-cdu-twitter-eu-urheberrechtsreform-artikel-13\/\" \/>\n<meta property=\"og:locale\" content=\"de_DE\" \/>\n<meta property=\"og:type\" content=\"article\" \/>\n<meta property=\"og:title\" content=\"Axel Voss: Googeln mit dem Netzhelden der CDU &#8902; Teilchen\" \/>\n<meta property=\"og:description\" content=\"Der rechtpolitische Sprecher der EVP-Fraktion, Axel Voss, m\u00f6chter \u00fcber Algorithmen aufkl\u00e4ren und blamiert sich dabei auf Twitter.\" \/>\n<meta property=\"og:url\" content=\"https:\/\/blog.zeit.de\/teilchen\/2019\/03\/21\/axel-voss-cdu-twitter-eu-urheberrechtsreform-artikel-13\/\" \/>\n<meta property=\"og:site_name\" content=\"Teilchen\" \/>\n<meta property=\"article:published_time\" content=\"2019-03-21T14:09:21+00:00\" \/>\n<meta property=\"article:modified_time\" content=\"2019-04-02T08:07:34+00:00\" \/>\n<meta property=\"og:image\" content=\"https:\/\/blog.zeit.de\/teilchen\/files\/2019\/03\/Bildschirmfoto-2019-03-21-um-14.13.50.png\" \/>\n\t<meta property=\"og:image:width\" content=\"636\" \/>\n\t<meta property=\"og:image:height\" content=\"481\" \/>\n\t<meta property=\"og:image:type\" content=\"image\/png\" \/>\n<meta name=\"author\" content=\"Henrik Merker\" \/>\n<meta name=\"twitter:card\" content=\"summary_large_image\" \/>\n<meta name=\"twitter:creator\" content=\"@zeitonline\" \/>\n<meta name=\"twitter:site\" content=\"@zeitonline\" \/>\n<meta name=\"twitter:label1\" content=\"Geschrieben von\" \/>\n\t<meta name=\"twitter:data1\" content=\"Henrik Merker\" \/>\n\t<meta name=\"twitter:label2\" content=\"Gesch\u00e4tzte Lesezeit\" \/>\n\t<meta name=\"twitter:data2\" content=\"2\u00a0Minuten\" \/>\n<script type=\"application\/ld+json\" class=\"yoast-schema-graph\">{\"@context\":\"https:\/\/schema.org\",\"@graph\":[{\"@type\":\"WebPage\",\"@id\":\"https:\/\/blog.zeit.de\/teilchen\/2019\/03\/21\/axel-voss-cdu-twitter-eu-urheberrechtsreform-artikel-13\/\",\"url\":\"https:\/\/blog.zeit.de\/teilchen\/2019\/03\/21\/axel-voss-cdu-twitter-eu-urheberrechtsreform-artikel-13\/\",\"name\":\"Axel Voss: Googeln mit dem Netzhelden der CDU &#8902; Teilchen\",\"isPartOf\":{\"@id\":\"https:\/\/blog.zeit.de\/teilchen\/#website\"},\"datePublished\":\"2019-03-21T14:09:21+00:00\",\"dateModified\":\"2019-04-02T08:07:34+00:00\",\"author\":{\"@id\":\"https:\/\/blog.zeit.de\/teilchen\/#\/schema\/person\/04fbcd7c6b70d6d707d31945802cdadf\"},\"description\":\"Der rechtpolitische Sprecher der EVP-Fraktion, Axel Voss, m\u00f6chter \u00fcber Algorithmen aufkl\u00e4ren und blamiert sich dabei auf Twitter.\",\"breadcrumb\":{\"@id\":\"https:\/\/blog.zeit.de\/teilchen\/2019\/03\/21\/axel-voss-cdu-twitter-eu-urheberrechtsreform-artikel-13\/#breadcrumb\"},\"inLanguage\":\"de\",\"potentialAction\":[{\"@type\":\"ReadAction\",\"target\":[\"https:\/\/blog.zeit.de\/teilchen\/2019\/03\/21\/axel-voss-cdu-twitter-eu-urheberrechtsreform-artikel-13\/\"]}]},{\"@type\":\"BreadcrumbList\",\"@id\":\"https:\/\/blog.zeit.de\/teilchen\/2019\/03\/21\/axel-voss-cdu-twitter-eu-urheberrechtsreform-artikel-13\/#breadcrumb\",\"itemListElement\":[{\"@type\":\"ListItem\",\"position\":1,\"name\":\"Startseite\",\"item\":\"https:\/\/blog.zeit.de\/teilchen\/\"},{\"@type\":\"ListItem\",\"position\":2,\"name\":\"Googeln mit dem Netzhelden der CDU\"}]},{\"@type\":\"WebSite\",\"@id\":\"https:\/\/blog.zeit.de\/teilchen\/#website\",\"url\":\"https:\/\/blog.zeit.de\/teilchen\/\",\"name\":\"Teilchen\",\"description\":\"Im Netz verstecken sich kleine Sch\u00e4tze - ZEIT ONLINE findet sie.\",\"potentialAction\":[{\"@type\":\"SearchAction\",\"target\":{\"@type\":\"EntryPoint\",\"urlTemplate\":\"https:\/\/blog.zeit.de\/teilchen\/?s={search_term_string}\"},\"query-input\":\"required name=search_term_string\"}],\"inLanguage\":\"de\"},{\"@type\":\"Person\",\"@id\":\"https:\/\/blog.zeit.de\/teilchen\/#\/schema\/person\/04fbcd7c6b70d6d707d31945802cdadf\",\"name\":\"Henrik Merker\",\"image\":{\"@type\":\"ImageObject\",\"inLanguage\":\"de\",\"@id\":\"https:\/\/blog.zeit.de\/teilchen\/#\/schema\/person\/image\/\",\"url\":\"https:\/\/secure.gravatar.com\/avatar\/07a485e5e2de4a3a8e0da567801aad674ec55ecffeddf6b6f8e2e5157c894ad9?s=96&d=mm&r=g\",\"contentUrl\":\"https:\/\/secure.gravatar.com\/avatar\/07a485e5e2de4a3a8e0da567801aad674ec55ecffeddf6b6f8e2e5157c894ad9?s=96&d=mm&r=g\",\"caption\":\"Henrik Merker\"},\"description\":\"Geboren 1994 in Sachsen. Studium der Internationalen Beziehungen in Erfurt, Germanistik und Arabistik in Halle. Schreibt seit 2017 f\u00fcr ZEIT ONLINE. Erst beim \\\"St\u00f6rungsmelder\\\", seit 2019 als Hospitant im Investigativressort.\",\"url\":\"https:\/\/blog.zeit.de\/teilchen\/author\/hmerker\/\"}]}<\/script>\n<!-- \/ Yoast SEO plugin. -->","yoast_head_json":{"title":"Axel Voss: Googeln mit dem Netzhelden der CDU &#8902; Teilchen","description":"Der rechtpolitische Sprecher der EVP-Fraktion, Axel Voss, m\u00f6chter \u00fcber Algorithmen aufkl\u00e4ren und blamiert sich dabei auf Twitter.","robots":{"index":"index","follow":"follow","max-snippet":"max-snippet:-1","max-image-preview":"max-image-preview:large","max-video-preview":"max-video-preview:-1"},"canonical":"https:\/\/blog.zeit.de\/teilchen\/2019\/03\/21\/axel-voss-cdu-twitter-eu-urheberrechtsreform-artikel-13\/","og_locale":"de_DE","og_type":"article","og_title":"Axel Voss: Googeln mit dem Netzhelden der CDU &#8902; Teilchen","og_description":"Der rechtpolitische Sprecher der EVP-Fraktion, Axel Voss, m\u00f6chter \u00fcber Algorithmen aufkl\u00e4ren und blamiert sich dabei auf Twitter.","og_url":"https:\/\/blog.zeit.de\/teilchen\/2019\/03\/21\/axel-voss-cdu-twitter-eu-urheberrechtsreform-artikel-13\/","og_site_name":"Teilchen","article_published_time":"2019-03-21T14:09:21+00:00","article_modified_time":"2019-04-02T08:07:34+00:00","og_image":[{"width":636,"height":481,"url":"https:\/\/blog.zeit.de\/teilchen\/files\/2019\/03\/Bildschirmfoto-2019-03-21-um-14.13.50.png","type":"image\/png"}],"author":"Henrik Merker","twitter_card":"summary_large_image","twitter_creator":"@zeitonline","twitter_site":"@zeitonline","twitter_misc":{"Geschrieben von":"Henrik Merker","Gesch\u00e4tzte Lesezeit":"2\u00a0Minuten"},"schema":{"@context":"https:\/\/schema.org","@graph":[{"@type":"WebPage","@id":"https:\/\/blog.zeit.de\/teilchen\/2019\/03\/21\/axel-voss-cdu-twitter-eu-urheberrechtsreform-artikel-13\/","url":"https:\/\/blog.zeit.de\/teilchen\/2019\/03\/21\/axel-voss-cdu-twitter-eu-urheberrechtsreform-artikel-13\/","name":"Axel Voss: Googeln mit dem Netzhelden der CDU &#8902; Teilchen","isPartOf":{"@id":"https:\/\/blog.zeit.de\/teilchen\/#website"},"datePublished":"2019-03-21T14:09:21+00:00","dateModified":"2019-04-02T08:07:34+00:00","author":{"@id":"https:\/\/blog.zeit.de\/teilchen\/#\/schema\/person\/04fbcd7c6b70d6d707d31945802cdadf"},"description":"Der rechtpolitische Sprecher der EVP-Fraktion, Axel Voss, m\u00f6chter \u00fcber Algorithmen aufkl\u00e4ren und blamiert sich dabei auf Twitter.","breadcrumb":{"@id":"https:\/\/blog.zeit.de\/teilchen\/2019\/03\/21\/axel-voss-cdu-twitter-eu-urheberrechtsreform-artikel-13\/#breadcrumb"},"inLanguage":"de","potentialAction":[{"@type":"ReadAction","target":["https:\/\/blog.zeit.de\/teilchen\/2019\/03\/21\/axel-voss-cdu-twitter-eu-urheberrechtsreform-artikel-13\/"]}]},{"@type":"BreadcrumbList","@id":"https:\/\/blog.zeit.de\/teilchen\/2019\/03\/21\/axel-voss-cdu-twitter-eu-urheberrechtsreform-artikel-13\/#breadcrumb","itemListElement":[{"@type":"ListItem","position":1,"name":"Startseite","item":"https:\/\/blog.zeit.de\/teilchen\/"},{"@type":"ListItem","position":2,"name":"Googeln mit dem Netzhelden der CDU"}]},{"@type":"WebSite","@id":"https:\/\/blog.zeit.de\/teilchen\/#website","url":"https:\/\/blog.zeit.de\/teilchen\/","name":"Teilchen","description":"Im Netz verstecken sich kleine Sch\u00e4tze - ZEIT ONLINE findet sie.","potentialAction":[{"@type":"SearchAction","target":{"@type":"EntryPoint","urlTemplate":"https:\/\/blog.zeit.de\/teilchen\/?s={search_term_string}"},"query-input":"required name=search_term_string"}],"inLanguage":"de"},{"@type":"Person","@id":"https:\/\/blog.zeit.de\/teilchen\/#\/schema\/person\/04fbcd7c6b70d6d707d31945802cdadf","name":"Henrik Merker","image":{"@type":"ImageObject","inLanguage":"de","@id":"https:\/\/blog.zeit.de\/teilchen\/#\/schema\/person\/image\/","url":"https:\/\/secure.gravatar.com\/avatar\/07a485e5e2de4a3a8e0da567801aad674ec55ecffeddf6b6f8e2e5157c894ad9?s=96&d=mm&r=g","contentUrl":"https:\/\/secure.gravatar.com\/avatar\/07a485e5e2de4a3a8e0da567801aad674ec55ecffeddf6b6f8e2e5157c894ad9?s=96&d=mm&r=g","caption":"Henrik Merker"},"description":"Geboren 1994 in Sachsen. Studium der Internationalen Beziehungen in Erfurt, Germanistik und Arabistik in Halle. Schreibt seit 2017 f\u00fcr ZEIT ONLINE. Erst beim \"St\u00f6rungsmelder\", seit 2019 als Hospitant im Investigativressort.","url":"https:\/\/blog.zeit.de\/teilchen\/author\/hmerker\/"}]}},"jetpack_featured_media_url":"https:\/\/blog.zeit.de\/teilchen\/files\/2019\/03\/Bildschirmfoto-2019-03-21-um-14.13.50.png","jetpack_sharing_enabled":true,"_links":{"self":[{"href":"https:\/\/blog.zeit.de\/teilchen\/wp-json\/wp\/v2\/posts\/19369","targetHints":{"allow":["GET"]}}],"collection":[{"href":"https:\/\/blog.zeit.de\/teilchen\/wp-json\/wp\/v2\/posts"}],"about":[{"href":"https:\/\/blog.zeit.de\/teilchen\/wp-json\/wp\/v2\/types\/post"}],"author":[{"embeddable":true,"href":"https:\/\/blog.zeit.de\/teilchen\/wp-json\/wp\/v2\/users\/1095"}],"replies":[{"embeddable":true,"href":"https:\/\/blog.zeit.de\/teilchen\/wp-json\/wp\/v2\/comments?post=19369"}],"version-history":[{"count":7,"href":"https:\/\/blog.zeit.de\/teilchen\/wp-json\/wp\/v2\/posts\/19369\/revisions"}],"predecessor-version":[{"id":19399,"href":"https:\/\/blog.zeit.de\/teilchen\/wp-json\/wp\/v2\/posts\/19369\/revisions\/19399"}],"wp:featuredmedia":[{"embeddable":true,"href":"https:\/\/blog.zeit.de\/teilchen\/wp-json\/wp\/v2\/media\/19384"}],"wp:attachment":[{"href":"https:\/\/blog.zeit.de\/teilchen\/wp-json\/wp\/v2\/media?parent=19369"}],"wp:term":[{"taxonomy":"category","embeddable":true,"href":"https:\/\/blog.zeit.de\/teilchen\/wp-json\/wp\/v2\/categories?post=19369"},{"taxonomy":"post_tag","embeddable":true,"href":"https:\/\/blog.zeit.de\/teilchen\/wp-json\/wp\/v2\/tags?post=19369"}],"curies":[{"name":"wp","href":"https:\/\/api.w.org\/{rel}","templated":true}]}}