{"id":19748,"date":"2019-08-22T10:34:49","date_gmt":"2019-08-22T08:34:49","guid":{"rendered":"https:\/\/blog.zeit.de\/teilchen\/?p=19748"},"modified":"2019-08-22T12:50:58","modified_gmt":"2019-08-22T10:50:58","slug":"sklaverei-usa-400-jahre-unfreiheit-emanzipation","status":"publish","type":"post","link":"https:\/\/blog.zeit.de\/teilchen\/2019\/08\/22\/sklaverei-usa-400-jahre-unfreiheit-emanzipation\/","title":{"rendered":"400 Jahre Unfreiheit"},"content":{"rendered":"<p><figure id=\"attachment_19749\" aria-describedby=\"caption-attachment-19749\" style=\"width: 620px\" class=\"wp-caption alignnone\"><img loading=\"lazy\" decoding=\"async\" class=\"size-medium wp-image-19749\" src=\"https:\/\/blog.zeit.de\/teilchen\/files\/2019\/08\/GettyImages-951575582-2-620x414.jpg\" alt=\"\" width=\"620\" height=\"414\" srcset=\"https:\/\/blog.zeit.de\/teilchen\/files\/2019\/08\/GettyImages-951575582-2-620x414.jpg 620w, https:\/\/blog.zeit.de\/teilchen\/files\/2019\/08\/GettyImages-951575582-2-768x513.jpg 768w, https:\/\/blog.zeit.de\/teilchen\/files\/2019\/08\/GettyImages-951575582-2.jpg 1024w\" sizes=\"auto, (max-width: 620px) 100vw, 620px\" \/><figcaption id=\"caption-attachment-19749\" class=\"wp-caption-text\">Am Eingang <span class=\"tlid-translation translation\" lang=\"de\"><span class=\"\" title=\"\">des Nationalen Denkmals f\u00fcr Frieden und Gerechtigkeit<\/span><\/span> steht eine <span class=\"tlid-translation translation\" lang=\"de\"><span class=\"\" title=\"\">Skulptur zum Gedenken an den Sklavenhandel\u00a0 <span class=\"figure__copyright\">\u00a9<\/span> <\/span><\/span>Bob Miller\/Getty Images<\/figcaption><\/figure><\/p>\n<p>Es begann mit einer vergleichsweise kleinen Zahl: 20. Und es sollten noch viele Hunderttausende mehr werden, die aus Afrika nach Nordamerika entf\u00fchrt wurden.<\/p>\n<p>Im August des Jahres 1619 legte ein englisches Schiff an einem St\u00fcck K\u00fcste mit dem Namen Point Comfort an. Der K\u00fcstenabschnitt befindet sich im heutigen Bundesstaat Virginia und war damals noch britisches Gebiet. Das Schiff brachte 20 Afrikanerinnen und Afrikaner aus dem heutigen Angola gegen ihren Willen auf das nordamerikanische Festland. Sie betraten die damals noch englische Kolonie, wurden verkauft und versklavt.<\/p>\n<p>Die <em>New York Times<\/em> widmet diesem besonderen US-amerikanischen Jahrestag einen Schwerpunkt mit dem Titel <a href=\"https:\/\/www.nytimes.com\/interactive\/2019\/08\/14\/magazine\/1619-america-slavery.html\"><em>The 1619 Project<\/em><\/a>. Verschiedene Essays, Reportagen, aber auch Gedichte machen es sich darin zur Aufgabe, die Geschichte des Land neu zu <em>framen <\/em>und die Konsequenzen der <a href=\"https:\/\/www.zeit.de\/2019\/35\/transatlantischer-sklavenhandel-sklaverei-kolonialismus-usa\" target=\"_blank\" rel=\"noopener noreferrer\">Sklaverei in den USA<\/a> aufzuzeigen. Stets mit dem Fokus auf den Ort Point Comfort, welcher durch das Ereignis vor 400 Jahren zu einem Symbol f\u00fcr Ungerechtigkeit und Schrecken wurde. Die afrikanischen Sklavinnen und Sklaven trafen in Nordamerika ein, bevor die <em>Mayflower<\/em> im Jahr 1620 mit englischen Siedlern eintraf. Sie waren da, bevor Nordamerika zu den Vereinigten Staaten wurde. Und somit sind sie ein essenzieller Teil der US-amerikanischen Entstehungsgeschichte.<br \/>\n<!--more--><\/p>\n<p>Erst 1865 fand die Sklaverei in den USA konstitutionell ein Ende. Doch auch nach diesem historischen Meilenstein der afroamerikanischen Emanzipationsgeschichte war das Unrecht nicht vorbei. Das Ende der Sklaverei war ein riesiger Fortschritt f\u00fcr die Afroamerikanerinnen und Afroamerikaner, doch wurden sie verletzlich zur\u00fcckgelassen. Laut des 13. Zusatzartikels der US-amerikanischen Verfassung waren Schwarze frei, doch der institutionelle Rassismus spiegelte sich in lokalen Gesetzgebungen wider. Sogenannte <em>Black Codes<\/em> schr\u00e4nkten die Freiheit der schwarzen Bev\u00f6lkerung ein, indem sie beispielsweise die Berufs- oder Ortswahl einschr\u00e4nkten. Sogenannte Jim-Crow-Gesetze setzten die <a href=\"https:\/\/www.zeit.de\/2014\/25\/civil-rights-act-rassentrennung\">Rassentrennung<\/a> in den S\u00fcdstaaten durch und machten schwarze Menschen zu <em>second-class citizens.<\/em> Rassistische Hassverbrechen, wie die zahlreichen Lynchmorde an Kindern und Erwachsenen, Anschl\u00e4ge auf afroamerikanische Gemeinden oder die Formierung des rechtsterroristischen <a href=\"https:\/\/www.zeit.de\/thema\/ku-klux-klan\">Ku-Klux-Klan<\/a> waren weitere Bedrohungen, die sich als Folgen der Sklaverei und aus der wei\u00dfen Vorherrschaft entwickelten.<\/p>\n<p>Im Jahr 2011 wurde der geschichtstr\u00e4chtige K\u00fcstenabschnitt in Virginia durch den damaligen US-Pr\u00e4sidenten <a href=\"https:\/\/www.zeit.de\/thema\/barack-obama\">Barack Obama<\/a> zu einem Nationaldenkmal erkl\u00e4rt. Doch auch nachdem die erste schwarze Familie in das Wei\u00dfe Haus einziehen konnte, sind die Folgen jahrelanger wei\u00dfer Vorherrschaft deutlich sichtbar: Ob in Form von <a href=\"https:\/\/www.zeit.de\/politik\/ausland\/2018-11\/florida-gouverneurswahl-andrew-gillum\">W\u00e4hlerunterdr\u00fcckung bei der Gouverneurswahl in Georgia<\/a>\u00a0in den <a href=\"https:\/\/www.zeit.de\/thema\/midterm-elections\">Midterm Elections 2018<\/a> oder in der <a href=\"https:\/\/www.zeit.de\/wirtschaft\/2014-08\/schwarze-usa-soziale-ungleichheit\">gesellschaftlichen Ungleichheit<\/a> zwischen schwarzen und wei\u00dfen B\u00fcrgerinnen und B\u00fcrgern in s\u00e4mtlichen Lebensbereichen. Eines wird deutlich: Die langersehnte postrassistische Welt ist noch weit entfernt.<\/p>\n<ul>\n<li><em>Weitere <a href=\"https:\/\/blog.zeit.de\/teilchen\/\" target=\"_blank\" rel=\"noopener noreferrer\">Netzfundst\u00fccke gibt&#8217;s im Teilchen-Blog<\/a>.<\/em><\/li>\n<\/ul>\n","protected":false},"excerpt":{"rendered":"<p>Es begann mit einer vergleichsweise kleinen Zahl: 20. Und es sollten noch viele Hunderttausende mehr werden, die aus Afrika nach Nordamerika entf\u00fchrt wurden. Im [\u2026]<\/p>\n","protected":false},"author":1108,"featured_media":19749,"comment_status":"open","ping_status":"closed","sticky":false,"template":"","format":"standard","meta":{"_jetpack_memberships_contains_paid_content":false,"footnotes":""},"categories":[29747],"tags":[],"class_list":["post-19748","post","type-post","status-publish","format-standard","has-post-thumbnail","hentry","category-geschichten"],"yoast_head":"<!-- This site is optimized with the Yoast SEO plugin v21.0 - https:\/\/yoast.com\/wordpress\/plugins\/seo\/ -->\n<title>Sklaverei in den USA: 400 Jahre Unfreiheit und die Folgen<\/title>\n<meta name=\"description\" content=\"Das konstitutionelle Ende der Sklaverei 1865 war ein Fortschritt f\u00fcr die Afroamerikanerinnen und Afroamerikaner, doch wurden sie verletzlich zur\u00fcckgelassen.\" \/>\n<meta name=\"robots\" content=\"index, follow, max-snippet:-1, max-image-preview:large, max-video-preview:-1\" \/>\n<link rel=\"canonical\" href=\"https:\/\/blog.zeit.de\/teilchen\/2019\/08\/22\/sklaverei-usa-400-jahre-unfreiheit-emanzipation\/\" \/>\n<meta property=\"og:locale\" content=\"de_DE\" \/>\n<meta property=\"og:type\" content=\"article\" \/>\n<meta property=\"og:title\" content=\"Sklaverei in den USA: 400 Jahre Unfreiheit und die Folgen\" \/>\n<meta property=\"og:description\" content=\"Das konstitutionelle Ende der Sklaverei 1865 war ein Fortschritt f\u00fcr die Afroamerikanerinnen und Afroamerikaner, doch wurden sie verletzlich zur\u00fcckgelassen.\" \/>\n<meta property=\"og:url\" content=\"https:\/\/blog.zeit.de\/teilchen\/2019\/08\/22\/sklaverei-usa-400-jahre-unfreiheit-emanzipation\/\" \/>\n<meta property=\"og:site_name\" content=\"Teilchen\" \/>\n<meta property=\"article:published_time\" content=\"2019-08-22T08:34:49+00:00\" \/>\n<meta property=\"article:modified_time\" content=\"2019-08-22T10:50:58+00:00\" \/>\n<meta property=\"og:image\" content=\"https:\/\/blog.zeit.de\/teilchen\/files\/2019\/08\/GettyImages-951575582-2.jpg\" \/>\n\t<meta property=\"og:image:width\" content=\"1024\" \/>\n\t<meta property=\"og:image:height\" content=\"684\" \/>\n\t<meta property=\"og:image:type\" content=\"image\/jpeg\" \/>\n<meta name=\"author\" content=\"Alisha Mendgen\" \/>\n<meta name=\"twitter:card\" content=\"summary_large_image\" \/>\n<meta name=\"twitter:image\" content=\"https:\/\/blog.zeit.de\/teilchen\/files\/2019\/08\/GettyImages-951575582-2.jpg\" \/>\n<meta name=\"twitter:creator\" content=\"@zeitonline\" \/>\n<meta name=\"twitter:site\" content=\"@zeitonline\" \/>\n<meta name=\"twitter:label1\" content=\"Geschrieben von\" \/>\n\t<meta name=\"twitter:data1\" content=\"Alisha Mendgen\" \/>\n\t<meta name=\"twitter:label2\" content=\"Gesch\u00e4tzte Lesezeit\" \/>\n\t<meta name=\"twitter:data2\" content=\"2\u00a0Minuten\" \/>\n<script type=\"application\/ld+json\" class=\"yoast-schema-graph\">{\"@context\":\"https:\/\/schema.org\",\"@graph\":[{\"@type\":\"WebPage\",\"@id\":\"https:\/\/blog.zeit.de\/teilchen\/2019\/08\/22\/sklaverei-usa-400-jahre-unfreiheit-emanzipation\/\",\"url\":\"https:\/\/blog.zeit.de\/teilchen\/2019\/08\/22\/sklaverei-usa-400-jahre-unfreiheit-emanzipation\/\",\"name\":\"Sklaverei in den USA: 400 Jahre Unfreiheit und die Folgen\",\"isPartOf\":{\"@id\":\"https:\/\/blog.zeit.de\/teilchen\/#website\"},\"datePublished\":\"2019-08-22T08:34:49+00:00\",\"dateModified\":\"2019-08-22T10:50:58+00:00\",\"author\":{\"@id\":\"https:\/\/blog.zeit.de\/teilchen\/#\/schema\/person\/66ee20f03f149d1a36a85108be42d55f\"},\"description\":\"Das konstitutionelle Ende der Sklaverei 1865 war ein Fortschritt f\u00fcr die Afroamerikanerinnen und Afroamerikaner, doch wurden sie verletzlich zur\u00fcckgelassen.\",\"breadcrumb\":{\"@id\":\"https:\/\/blog.zeit.de\/teilchen\/2019\/08\/22\/sklaverei-usa-400-jahre-unfreiheit-emanzipation\/#breadcrumb\"},\"inLanguage\":\"de\",\"potentialAction\":[{\"@type\":\"ReadAction\",\"target\":[\"https:\/\/blog.zeit.de\/teilchen\/2019\/08\/22\/sklaverei-usa-400-jahre-unfreiheit-emanzipation\/\"]}]},{\"@type\":\"BreadcrumbList\",\"@id\":\"https:\/\/blog.zeit.de\/teilchen\/2019\/08\/22\/sklaverei-usa-400-jahre-unfreiheit-emanzipation\/#breadcrumb\",\"itemListElement\":[{\"@type\":\"ListItem\",\"position\":1,\"name\":\"Startseite\",\"item\":\"https:\/\/blog.zeit.de\/teilchen\/\"},{\"@type\":\"ListItem\",\"position\":2,\"name\":\"400 Jahre Unfreiheit\"}]},{\"@type\":\"WebSite\",\"@id\":\"https:\/\/blog.zeit.de\/teilchen\/#website\",\"url\":\"https:\/\/blog.zeit.de\/teilchen\/\",\"name\":\"Teilchen\",\"description\":\"Im Netz verstecken sich kleine Sch\u00e4tze - ZEIT ONLINE findet sie.\",\"potentialAction\":[{\"@type\":\"SearchAction\",\"target\":{\"@type\":\"EntryPoint\",\"urlTemplate\":\"https:\/\/blog.zeit.de\/teilchen\/?s={search_term_string}\"},\"query-input\":\"required name=search_term_string\"}],\"inLanguage\":\"de\"},{\"@type\":\"Person\",\"@id\":\"https:\/\/blog.zeit.de\/teilchen\/#\/schema\/person\/66ee20f03f149d1a36a85108be42d55f\",\"name\":\"Alisha Mendgen\",\"image\":{\"@type\":\"ImageObject\",\"inLanguage\":\"de\",\"@id\":\"https:\/\/blog.zeit.de\/teilchen\/#\/schema\/person\/image\/\",\"url\":\"https:\/\/secure.gravatar.com\/avatar\/bd95ed4537b9c1f6ef4e31b71a9c8a3f288c02b4e627fc567443efe132968d4d?s=96&d=mm&r=g\",\"contentUrl\":\"https:\/\/secure.gravatar.com\/avatar\/bd95ed4537b9c1f6ef4e31b71a9c8a3f288c02b4e627fc567443efe132968d4d?s=96&d=mm&r=g\",\"caption\":\"Alisha Mendgen\"},\"description\":\"Geboren 1996 in Hamburg. Studium der Kulturwissenschaft und Kunstgeschichte an der Humboldt-Universit\u00e4t zu Berlin. Bachelorthesis \u00fcber Sexroboter und K\u00fcnstliche Intelligenz in deutschen Medien. Redaktionelle Arbeit beim Bauer Verlag, Eat Smarter Magazin, Axel Springer Verlag und seit M\u00e4rz 2019 studentische Mitarbeiterin im Engagement-Team bei ZEIT ONLINE.\",\"url\":\"https:\/\/blog.zeit.de\/teilchen\/author\/amendgen\/\"}]}<\/script>\n<!-- \/ Yoast SEO plugin. -->","yoast_head_json":{"title":"Sklaverei in den USA: 400 Jahre Unfreiheit und die Folgen","description":"Das konstitutionelle Ende der Sklaverei 1865 war ein Fortschritt f\u00fcr die Afroamerikanerinnen und Afroamerikaner, doch wurden sie verletzlich zur\u00fcckgelassen.","robots":{"index":"index","follow":"follow","max-snippet":"max-snippet:-1","max-image-preview":"max-image-preview:large","max-video-preview":"max-video-preview:-1"},"canonical":"https:\/\/blog.zeit.de\/teilchen\/2019\/08\/22\/sklaverei-usa-400-jahre-unfreiheit-emanzipation\/","og_locale":"de_DE","og_type":"article","og_title":"Sklaverei in den USA: 400 Jahre Unfreiheit und die Folgen","og_description":"Das konstitutionelle Ende der Sklaverei 1865 war ein Fortschritt f\u00fcr die Afroamerikanerinnen und Afroamerikaner, doch wurden sie verletzlich zur\u00fcckgelassen.","og_url":"https:\/\/blog.zeit.de\/teilchen\/2019\/08\/22\/sklaverei-usa-400-jahre-unfreiheit-emanzipation\/","og_site_name":"Teilchen","article_published_time":"2019-08-22T08:34:49+00:00","article_modified_time":"2019-08-22T10:50:58+00:00","og_image":[{"width":1024,"height":684,"url":"https:\/\/blog.zeit.de\/teilchen\/files\/2019\/08\/GettyImages-951575582-2.jpg","type":"image\/jpeg"}],"author":"Alisha Mendgen","twitter_card":"summary_large_image","twitter_image":"https:\/\/blog.zeit.de\/teilchen\/files\/2019\/08\/GettyImages-951575582-2.jpg","twitter_creator":"@zeitonline","twitter_site":"@zeitonline","twitter_misc":{"Geschrieben von":"Alisha Mendgen","Gesch\u00e4tzte Lesezeit":"2\u00a0Minuten"},"schema":{"@context":"https:\/\/schema.org","@graph":[{"@type":"WebPage","@id":"https:\/\/blog.zeit.de\/teilchen\/2019\/08\/22\/sklaverei-usa-400-jahre-unfreiheit-emanzipation\/","url":"https:\/\/blog.zeit.de\/teilchen\/2019\/08\/22\/sklaverei-usa-400-jahre-unfreiheit-emanzipation\/","name":"Sklaverei in den USA: 400 Jahre Unfreiheit und die Folgen","isPartOf":{"@id":"https:\/\/blog.zeit.de\/teilchen\/#website"},"datePublished":"2019-08-22T08:34:49+00:00","dateModified":"2019-08-22T10:50:58+00:00","author":{"@id":"https:\/\/blog.zeit.de\/teilchen\/#\/schema\/person\/66ee20f03f149d1a36a85108be42d55f"},"description":"Das konstitutionelle Ende der Sklaverei 1865 war ein Fortschritt f\u00fcr die Afroamerikanerinnen und Afroamerikaner, doch wurden sie verletzlich zur\u00fcckgelassen.","breadcrumb":{"@id":"https:\/\/blog.zeit.de\/teilchen\/2019\/08\/22\/sklaverei-usa-400-jahre-unfreiheit-emanzipation\/#breadcrumb"},"inLanguage":"de","potentialAction":[{"@type":"ReadAction","target":["https:\/\/blog.zeit.de\/teilchen\/2019\/08\/22\/sklaverei-usa-400-jahre-unfreiheit-emanzipation\/"]}]},{"@type":"BreadcrumbList","@id":"https:\/\/blog.zeit.de\/teilchen\/2019\/08\/22\/sklaverei-usa-400-jahre-unfreiheit-emanzipation\/#breadcrumb","itemListElement":[{"@type":"ListItem","position":1,"name":"Startseite","item":"https:\/\/blog.zeit.de\/teilchen\/"},{"@type":"ListItem","position":2,"name":"400 Jahre Unfreiheit"}]},{"@type":"WebSite","@id":"https:\/\/blog.zeit.de\/teilchen\/#website","url":"https:\/\/blog.zeit.de\/teilchen\/","name":"Teilchen","description":"Im Netz verstecken sich kleine Sch\u00e4tze - ZEIT ONLINE findet sie.","potentialAction":[{"@type":"SearchAction","target":{"@type":"EntryPoint","urlTemplate":"https:\/\/blog.zeit.de\/teilchen\/?s={search_term_string}"},"query-input":"required name=search_term_string"}],"inLanguage":"de"},{"@type":"Person","@id":"https:\/\/blog.zeit.de\/teilchen\/#\/schema\/person\/66ee20f03f149d1a36a85108be42d55f","name":"Alisha Mendgen","image":{"@type":"ImageObject","inLanguage":"de","@id":"https:\/\/blog.zeit.de\/teilchen\/#\/schema\/person\/image\/","url":"https:\/\/secure.gravatar.com\/avatar\/bd95ed4537b9c1f6ef4e31b71a9c8a3f288c02b4e627fc567443efe132968d4d?s=96&d=mm&r=g","contentUrl":"https:\/\/secure.gravatar.com\/avatar\/bd95ed4537b9c1f6ef4e31b71a9c8a3f288c02b4e627fc567443efe132968d4d?s=96&d=mm&r=g","caption":"Alisha Mendgen"},"description":"Geboren 1996 in Hamburg. Studium der Kulturwissenschaft und Kunstgeschichte an der Humboldt-Universit\u00e4t zu Berlin. Bachelorthesis \u00fcber Sexroboter und K\u00fcnstliche Intelligenz in deutschen Medien. Redaktionelle Arbeit beim Bauer Verlag, Eat Smarter Magazin, Axel Springer Verlag und seit M\u00e4rz 2019 studentische Mitarbeiterin im Engagement-Team bei ZEIT ONLINE.","url":"https:\/\/blog.zeit.de\/teilchen\/author\/amendgen\/"}]}},"jetpack_featured_media_url":"https:\/\/blog.zeit.de\/teilchen\/files\/2019\/08\/GettyImages-951575582-2.jpg","jetpack_sharing_enabled":true,"_links":{"self":[{"href":"https:\/\/blog.zeit.de\/teilchen\/wp-json\/wp\/v2\/posts\/19748","targetHints":{"allow":["GET"]}}],"collection":[{"href":"https:\/\/blog.zeit.de\/teilchen\/wp-json\/wp\/v2\/posts"}],"about":[{"href":"https:\/\/blog.zeit.de\/teilchen\/wp-json\/wp\/v2\/types\/post"}],"author":[{"embeddable":true,"href":"https:\/\/blog.zeit.de\/teilchen\/wp-json\/wp\/v2\/users\/1108"}],"replies":[{"embeddable":true,"href":"https:\/\/blog.zeit.de\/teilchen\/wp-json\/wp\/v2\/comments?post=19748"}],"version-history":[{"count":4,"href":"https:\/\/blog.zeit.de\/teilchen\/wp-json\/wp\/v2\/posts\/19748\/revisions"}],"predecessor-version":[{"id":19760,"href":"https:\/\/blog.zeit.de\/teilchen\/wp-json\/wp\/v2\/posts\/19748\/revisions\/19760"}],"wp:featuredmedia":[{"embeddable":true,"href":"https:\/\/blog.zeit.de\/teilchen\/wp-json\/wp\/v2\/media\/19749"}],"wp:attachment":[{"href":"https:\/\/blog.zeit.de\/teilchen\/wp-json\/wp\/v2\/media?parent=19748"}],"wp:term":[{"taxonomy":"category","embeddable":true,"href":"https:\/\/blog.zeit.de\/teilchen\/wp-json\/wp\/v2\/categories?post=19748"},{"taxonomy":"post_tag","embeddable":true,"href":"https:\/\/blog.zeit.de\/teilchen\/wp-json\/wp\/v2\/tags?post=19748"}],"curies":[{"name":"wp","href":"https:\/\/api.w.org\/{rel}","templated":true}]}}