{"id":19857,"date":"2019-11-08T18:40:30","date_gmt":"2019-11-08T17:40:30","guid":{"rendered":"https:\/\/blog.zeit.de\/teilchen\/?p=19857"},"modified":"2019-11-11T15:39:45","modified_gmt":"2019-11-11T14:39:45","slug":"ok-boomer-streit-der-generationen","status":"publish","type":"post","link":"https:\/\/blog.zeit.de\/teilchen\/2019\/11\/08\/ok-boomer-streit-der-generationen\/","title":{"rendered":"Streit der Generationen"},"content":{"rendered":"\n<div class=\"embed-wrapper embed-wrapper--blocked js-embed-consent\" data-method=\"embed\">\n<script class=\"raw__source\" type=\"text\/template\"><iframe loading=\"lazy\" title=\"\u201cOk boomer\u201d goes viral after New Zealand MP rebukes a heckler\" width=\"640\" height=\"360\" src=\"https:\/\/www.youtube-nocookie.com\/embed\/vhGgdqzzODQ?feature=oembed\" frameborder=\"0\" allow=\"accelerometer; autoplay; clipboard-write; encrypted-media; gyroscope; picture-in-picture; web-share\" referrerpolicy=\"strict-origin-when-cross-origin\" allowfullscreen><\/iframe><\/script>\n<div class=\"embed-wrapper__inner\">\n<div class=\"embed-wrapper__text\">\n<h3>Empfohlener redaktioneller Inhalt<\/h3>\n<p data-replace=\"no\">An dieser Stelle finden Sie externen Inhalt, der den Artikel erg\u00e4nzt. Sie k\u00f6nnen sich externe Inhalte mit einem Klick anzeigen lassen und wieder ausblenden.<noscript>Bitte aktivieren Sie JavaScript damit Sie diesen Inhalt anzeigen k\u00f6nnen.<\/noscript><\/p>\n<\/div>\n<div class=\"embed-consent\">\n<label class=\"embed-consent__toggle\">\n<input class=\"js-embed-consent__toggle\" type=\"checkbox\" autocomplete=\"off\">\n<span><\/span>\nExterner Inhalt\n<\/label>\n<a href=\"https:\/\/www.zeit.de\/hilfe\/datenschutz\" target=\"_blank\" class=\"embed-consent__datalink-when-active\">Datenschutzerkl\u00e4rung<\/a>\n<\/div>\n<div class=\"embed-wrapper__footer\">\n<p data-replace=\"no\">\nIch bin damit einverstanden, dass mir externe Inhalte angezeigt werden. Damit k\u00f6nnen personenbezogene Daten an Drittplattformen \u00fcbermittelt werden. <a href=\"https:\/\/www.zeit.de\/hilfe\/datenschutz\" target=\"_blank\">Mehr dazu in unserer Datenschutzerkl\u00e4rung.<\/a>\n<\/p>\n<\/div>\n<\/div>\n<\/div>\n<p>Eine 25-j\u00e4hrige Politikerin hat Zwischenrufe im neuseel\u00e4ndischen Parlament mit dem Millennial-Slang &#8222;Ok, Boomer&#8220; abgekanzelt. Dabei benutzte sie Meme-Sprache, die junge Social-Media-User kennen \u2013 das Parlament aber nicht.<!--more--><\/p>\n<p>Chl\u00f6e Swarbrick, mit 25 Jahren selber ein Millennial, sitzt seit 2017 f\u00fcr die Gr\u00fcne Partei von Aotearoa Neuseeland im Parlament. In einer Rede am Montag sprach sie sich f\u00fcr den <a href=\"https:\/\/www.mfe.govt.nz\/climate-change\/zero-carbon-amendment-bill\">Null-Kohlenstoff-Gesetzesentwurf<\/a> aus. \u201eHerr Sprecher, wie viele f\u00fchrende Pers\u00f6nlichkeiten der Welt haben seit wie vielen Jahrzehnten gesehen und gewusst, was auf uns zukommt, haben jedoch entschieden, dass es politisch sinnvoller ist, es hinter verschlossenen T\u00fcren zu lassen. Meine Generation und die nachfolgenden Generationen haben diesen Luxus nicht\u201c, kritisierte sie ihre politischen Vorg\u00e4ngerinnen und Vorg\u00e4nger in Sachen Klimaschutz. W\u00e4hrend ihres Beitrags erhielt sie von anderen Mitgliedern des Parlaments Zwischenrufe und antworte kurz und knapp mit \u201eOk, Boomer\u201c. Worte, welche sogar der parlamentarische TV-Sender nicht kannte und mit \u201eOk, Berma\u201c untertitelte.<\/p>\n\n<div class=\"embed-wrapper embed-wrapper--blocked js-embed-consent\" data-method=\"embed\">\n<script class=\"raw__source\" type=\"text\/template\"><div class=\"embed-twitter\"><blockquote class=\"twitter-tweet\" data-width=\"550\" data-dnt=\"true\"><p data-replace lang=\"en\" dir=\"ltr\">Green MP <a href=\"https:\/\/twitter.com\/_chloeswarbrick?ref_src=twsrc%5Etfw\">@_chloeswarbrick<\/a> was heckled by a National MP during her speech on the Zero Carbon Bill.<br><br>She fired back with &quot;okay boomer&quot; but the captions on Parliament TV clearly have not yet got the memo on millennial slang: <a href=\"https:\/\/t.co\/zF8Ogp4Geu\">pic.twitter.com\/zF8Ogp4Geu<\/a><\/p>&mdash; Jason Walls (@Jasonwalls92) <a href=\"https:\/\/twitter.com\/Jasonwalls92\/status\/1191579220004065280?ref_src=twsrc%5Etfw\">November 5, 2019<\/a><\/blockquote><scr+ipt async src=\"https:\/\/platform.twitter.com\/widgets.js\" charset=\"utf-8\"><\/scr+ipt><\/div><\/script>\n<div class=\"embed-wrapper__inner\">\n<div class=\"embed-wrapper__text\">\n<h3>Empfohlener redaktioneller Inhalt<\/h3>\n<p data-replace=\"no\">An dieser Stelle finden Sie externen Inhalt, der den Artikel erg\u00e4nzt. Sie k\u00f6nnen sich externe Inhalte mit einem Klick anzeigen lassen und wieder ausblenden.<noscript>Bitte aktivieren Sie JavaScript damit Sie diesen Inhalt anzeigen k\u00f6nnen.<\/noscript><\/p>\n<\/div>\n<div class=\"embed-consent\">\n<label class=\"embed-consent__toggle\">\n<input class=\"js-embed-consent__toggle\" type=\"checkbox\" autocomplete=\"off\">\n<span><\/span>\nExterner Inhalt\n<\/label>\n<a href=\"https:\/\/www.zeit.de\/hilfe\/datenschutz\" target=\"_blank\" class=\"embed-consent__datalink-when-active\">Datenschutzerkl\u00e4rung<\/a>\n<\/div>\n<div class=\"embed-wrapper__footer\">\n<p data-replace=\"no\">\nIch bin damit einverstanden, dass mir externe Inhalte angezeigt werden. Damit k\u00f6nnen personenbezogene Daten an Drittplattformen \u00fcbermittelt werden. <a href=\"https:\/\/www.zeit.de\/hilfe\/datenschutz\" target=\"_blank\">Mehr dazu in unserer Datenschutzerkl\u00e4rung.<\/a>\n<\/p>\n<\/div>\n<\/div>\n<\/div>\n<p>Doch was hei\u00dft das, \u201eOk, Boomer\u201c?<\/p>\n<p>Mit dem lapidaren Spruch \u00e4u\u00dfert die Jugend ihren Unmut \u00fcber die herablassende Haltung der Babyboomer-Generation (1946-1964). Sie kritisieren, dass Probleme wie die Klimakrise von \u00e4lteren Menschen nicht ernst genommen werden und dass sich stets \u00fcber Millennials und Generation Z lustig gemacht wird. Sie zeigen damit, dass sie keine Lust mehr auf faktenlose bevormundende Beitr\u00e4ge der \u00c4lteren haben.<\/p>\n<p>Woher kommt diese Redewendung?<\/p>\n<p>Auf TikTok wurde \u201eOk, Boomer\u201c als Gegenbewegung beliebt. Auf der Social-Media-Plattform erstellen User kurze Videos und teilen diese mit anderen Usern aus aller Welt. In den maximal 15 Sekunden langen Clips wird getanzt, gesungen oder lustige Sketche aufgef\u00fchrt. Auch Influencer haben die kurzen Videos f\u00fcr sich entdeckt.<\/p>\n\n<div class=\"embed-wrapper embed-wrapper--blocked js-embed-consent\" data-method=\"embed\">\n<script class=\"raw__source\" type=\"text\/template\"><iframe loading=\"lazy\" title=\"OK BOOMER TIKTOK COMPILATION\" width=\"640\" height=\"360\" src=\"https:\/\/www.youtube-nocookie.com\/embed\/NarX9usjj0Q?feature=oembed\" frameborder=\"0\" allow=\"accelerometer; autoplay; clipboard-write; encrypted-media; gyroscope; picture-in-picture; web-share\" referrerpolicy=\"strict-origin-when-cross-origin\" allowfullscreen><\/iframe><\/script>\n<div class=\"embed-wrapper__inner\">\n<div class=\"embed-wrapper__text\">\n<h3>Empfohlener redaktioneller Inhalt<\/h3>\n<p data-replace=\"no\">An dieser Stelle finden Sie externen Inhalt, der den Artikel erg\u00e4nzt. Sie k\u00f6nnen sich externe Inhalte mit einem Klick anzeigen lassen und wieder ausblenden.<noscript>Bitte aktivieren Sie JavaScript damit Sie diesen Inhalt anzeigen k\u00f6nnen.<\/noscript><\/p>\n<\/div>\n<div class=\"embed-consent\">\n<label class=\"embed-consent__toggle\">\n<input class=\"js-embed-consent__toggle\" type=\"checkbox\" autocomplete=\"off\">\n<span><\/span>\nExterner Inhalt\n<\/label>\n<a href=\"https:\/\/www.zeit.de\/hilfe\/datenschutz\" target=\"_blank\" class=\"embed-consent__datalink-when-active\">Datenschutzerkl\u00e4rung<\/a>\n<\/div>\n<div class=\"embed-wrapper__footer\">\n<p data-replace=\"no\">\nIch bin damit einverstanden, dass mir externe Inhalte angezeigt werden. Damit k\u00f6nnen personenbezogene Daten an Drittplattformen \u00fcbermittelt werden. <a href=\"https:\/\/www.zeit.de\/hilfe\/datenschutz\" target=\"_blank\">Mehr dazu in unserer Datenschutzerkl\u00e4rung.<\/a>\n<\/p>\n<\/div>\n<\/div>\n<\/div>\n<p>TikTok ist die am schnellsten wachsende Social-Media-App der Welt. Im Februar 2019 erreichte sie <a href=\"https:\/\/sensortower.com\/blog\/tiktok-downloads-one-billion\">eine Milliarden Downloads<\/a> weltweit, Downloads f\u00fcr Android-Telefone in China nicht mitgez\u00e4hlt. Demografisch gesehen ist <a href=\"https:\/\/mediakix.com\/blog\/top-tik-tok-statistics-demographics\/\">die App bei unter 30-J\u00e4hrigen am beliebtesten<\/a>, also vor allem bei Generation Z und Millennials. <a href=\"https:\/\/www.nytimes.com\/2019\/10\/29\/style\/ok-boomer.html\">Wie die New York Times berichtete<\/a>, ist \u201eOk, Boomer\u201c Anfang des Jahres durch ein Video ber\u00fchmt geworden. In dem Clip ist ein \u00e4lterer wei\u00dfhaariger Mann zu sehen, der Millennials und der Generation Z unterstellt, dass sie \u201enie erwachsen werden\u201c wollen. Tausende User haben mit \u201eOk, Boomer\u201c-Memes darauf geantwortet und diese auf TikTok geteilt. Auf anderen sozialen Plattformen wie Reddit oder Twitter findet das Meme auch statt.<\/p>\n<p>https:\/\/twitter.com\/maximiliangim\/status\/1192499907279482880<\/p>\n<p>Doch es l\u00e4sst sich eine Gegenbewegung zur Gegenbewegung im Netz erkennen. Auf Reddit zirkulieren zahlreiche Memes, die wiederum das Boomer-Meme angreifen.<\/p>\n\n<div class=\"embed-wrapper embed-wrapper--blocked js-embed-consent\" data-method=\"embed\">\n<script class=\"raw__source\" type=\"text\/template\"><blockquote class=\"reddit-embed-bq\" style=\"height:500px\" ><a href=\"https:\/\/www.reddit.com\/r\/memes\/comments\/dtas3i\/say_the_line_bart_sighs_ok_boomer\/\">&#34;Say the line, Bart!&#34; sighs &#34;Ok, Boomer.&#34;<\/a><br> by<a href=\"\"><\/a> in<a href=\"https:\/\/www.reddit.com\/r\/memes\/\">memes<\/a><\/blockquote><scr+ipt async src=\"https:\/\/embed.reddit.com\/widgets.js\" charset=\"UTF-8\"><\/scr+ipt><\/script>\n<div class=\"embed-wrapper__inner\">\n<div class=\"embed-wrapper__text\">\n<h3>Empfohlener redaktioneller Inhalt<\/h3>\n<p data-replace=\"no\">An dieser Stelle finden Sie externen Inhalt, der den Artikel erg\u00e4nzt. Sie k\u00f6nnen sich externe Inhalte mit einem Klick anzeigen lassen und wieder ausblenden.<noscript>Bitte aktivieren Sie JavaScript damit Sie diesen Inhalt anzeigen k\u00f6nnen.<\/noscript><\/p>\n<\/div>\n<div class=\"embed-consent\">\n<label class=\"embed-consent__toggle\">\n<input class=\"js-embed-consent__toggle\" type=\"checkbox\" autocomplete=\"off\">\n<span><\/span>\nExterner Inhalt\n<\/label>\n<a href=\"https:\/\/www.zeit.de\/hilfe\/datenschutz\" target=\"_blank\" class=\"embed-consent__datalink-when-active\">Datenschutzerkl\u00e4rung<\/a>\n<\/div>\n<div class=\"embed-wrapper__footer\">\n<p data-replace=\"no\">\nIch bin damit einverstanden, dass mir externe Inhalte angezeigt werden. Damit k\u00f6nnen personenbezogene Daten an Drittplattformen \u00fcbermittelt werden. <a href=\"https:\/\/www.zeit.de\/hilfe\/datenschutz\" target=\"_blank\">Mehr dazu in unserer Datenschutzerkl\u00e4rung.<\/a>\n<\/p>\n<\/div>\n<\/div>\n<\/div>\n\n<div class=\"embed-wrapper embed-wrapper--blocked js-embed-consent\" data-method=\"embed\">\n<script class=\"raw__source\" type=\"text\/template\"><blockquote class=\"reddit-embed-bq\" style=\"height:500px\" ><a href=\"https:\/\/www.reddit.com\/r\/okboomer\/comments\/dt38xv\/ok_boomer\/\">Ok Boomer<\/a><br> by<a href=\"https:\/\/www.reddit.com\/user\/smithersalex123\/\">u\/smithersalex123<\/a> in<a href=\"https:\/\/www.reddit.com\/r\/okboomer\/\">okboomer<\/a><\/blockquote><scr+ipt async src=\"https:\/\/embed.reddit.com\/widgets.js\" charset=\"UTF-8\"><\/scr+ipt><\/script>\n<div class=\"embed-wrapper__inner\">\n<div class=\"embed-wrapper__text\">\n<h3>Empfohlener redaktioneller Inhalt<\/h3>\n<p data-replace=\"no\">An dieser Stelle finden Sie externen Inhalt, der den Artikel erg\u00e4nzt. Sie k\u00f6nnen sich externe Inhalte mit einem Klick anzeigen lassen und wieder ausblenden.<noscript>Bitte aktivieren Sie JavaScript damit Sie diesen Inhalt anzeigen k\u00f6nnen.<\/noscript><\/p>\n<\/div>\n<div class=\"embed-consent\">\n<label class=\"embed-consent__toggle\">\n<input class=\"js-embed-consent__toggle\" type=\"checkbox\" autocomplete=\"off\">\n<span><\/span>\nExterner Inhalt\n<\/label>\n<a href=\"https:\/\/www.zeit.de\/hilfe\/datenschutz\" target=\"_blank\" class=\"embed-consent__datalink-when-active\">Datenschutzerkl\u00e4rung<\/a>\n<\/div>\n<div class=\"embed-wrapper__footer\">\n<p data-replace=\"no\">\nIch bin damit einverstanden, dass mir externe Inhalte angezeigt werden. Damit k\u00f6nnen personenbezogene Daten an Drittplattformen \u00fcbermittelt werden. <a href=\"https:\/\/www.zeit.de\/hilfe\/datenschutz\" target=\"_blank\">Mehr dazu in unserer Datenschutzerkl\u00e4rung.<\/a>\n<\/p>\n<\/div>\n<\/div>\n<\/div>\n<p>Medien wie <a href=\"https:\/\/www.nytimes.com\/2019\/10\/29\/style\/ok-boomer.html\">die <em>New York Times<\/em> definieren<\/a> die Boomer-Memes als Kriegserkl\u00e4rung und <a href=\"https:\/\/www.theguardian.com\/commentisfree\/2019\/nov\/06\/ok-boomer-meme-older-generations\"><em>The Guardian<\/em> kritisiert<\/a> die fehlende Solidarit\u00e4t mit der \u00e4lteren Generation. Demnach sollten Millennials von der Weisheit der Babyboomer lernen, um Ver\u00e4nderungen zu erreichen. Die Politikerin Swarbrick aus Neuseeland sieht das anders. <a href=\"https:\/\/www.stuff.co.nz\/national\/117196427\/chle-swarbrick-explains-what-ok-boomer-means\">In einem Interview mit <em>Stuff<\/em><\/a> erl\u00e4uterte sie das Ph\u00e4nomen. \u201eOk, Boomer\u201c r\u00e4ume ein, dass &#8222;man keine zutiefst polarisierte Debatte gewinnen kann \u2013 Fakten spielen keine Rolle&#8220;, sagte Swarbrick. Bei \u201eOk, Boomer\u201c handele es sich um eine \u201eeinfache Zusammenfassung der kollektiven Ersch\u00f6pfung\u201c.<\/p>\n","protected":false},"excerpt":{"rendered":"<p>Empfohlener redaktioneller Inhalt An dieser Stelle finden Sie externen Inhalt, der den Artikel erg\u00e4nzt. Sie k\u00f6nnen sich externe Inhalte mit einem Klick anzeigen lassen [\u2026]<\/p>\n","protected":false},"author":1108,"featured_media":19891,"comment_status":"open","ping_status":"closed","sticky":false,"template":"","format":"standard","meta":{"_jetpack_memberships_contains_paid_content":false,"footnotes":""},"categories":[29747],"tags":[],"class_list":["post-19857","post","type-post","status-publish","format-standard","has-post-thumbnail","hentry","category-geschichten"],"yoast_head":"<!-- This site is optimized with the Yoast SEO plugin v21.0 - https:\/\/yoast.com\/wordpress\/plugins\/seo\/ -->\n<title>\u201eOK, Boomer\u201c \u2013 Streit der Generationen<\/title>\n<meta name=\"description\" content=\"Die Politikerin Chl\u00f6e Swarbrick hat Zwischenrufe im neuseel\u00e4ndischen Parlament mit dem Millennial-Slang &quot;OK, Boomer&quot; abgekanzelt. Doch was hei\u00dft das?\" \/>\n<meta name=\"robots\" content=\"index, follow, max-snippet:-1, max-image-preview:large, max-video-preview:-1\" \/>\n<link rel=\"canonical\" href=\"https:\/\/blog.zeit.de\/teilchen\/2019\/11\/08\/ok-boomer-streit-der-generationen\/\" \/>\n<meta property=\"og:locale\" content=\"de_DE\" \/>\n<meta property=\"og:type\" content=\"article\" \/>\n<meta property=\"og:title\" content=\"\u201eOK, Boomer\u201c \u2013 Streit der Generationen\" \/>\n<meta property=\"og:description\" content=\"Die Politikerin Chl\u00f6e Swarbrick hat Zwischenrufe im neuseel\u00e4ndischen Parlament mit dem Millennial-Slang &quot;OK, Boomer&quot; abgekanzelt. Doch was hei\u00dft das?\" \/>\n<meta property=\"og:url\" content=\"https:\/\/blog.zeit.de\/teilchen\/2019\/11\/08\/ok-boomer-streit-der-generationen\/\" \/>\n<meta property=\"og:site_name\" content=\"Teilchen\" \/>\n<meta property=\"article:published_time\" content=\"2019-11-08T17:40:30+00:00\" \/>\n<meta property=\"article:modified_time\" content=\"2019-11-11T14:39:45+00:00\" \/>\n<meta property=\"og:image\" content=\"https:\/\/blog.zeit.de\/teilchen\/files\/2019\/11\/Bildschirmfoto-2019-11-11-um-15.38.50.png\" \/>\n\t<meta property=\"og:image:width\" content=\"619\" \/>\n\t<meta property=\"og:image:height\" content=\"345\" \/>\n\t<meta property=\"og:image:type\" content=\"image\/png\" \/>\n<meta name=\"author\" content=\"Alisha Mendgen\" \/>\n<meta name=\"twitter:card\" content=\"summary_large_image\" \/>\n<meta name=\"twitter:image\" content=\"https:\/\/blog.zeit.de\/teilchen\/files\/2019\/11\/Bildschirmfoto-2019-11-11-um-15.38.50.png\" \/>\n<meta name=\"twitter:creator\" content=\"@zeitonline\" \/>\n<meta name=\"twitter:site\" content=\"@zeitonline\" \/>\n<meta name=\"twitter:label1\" content=\"Geschrieben von\" \/>\n\t<meta name=\"twitter:data1\" content=\"Alisha Mendgen\" \/>\n\t<meta name=\"twitter:label2\" content=\"Gesch\u00e4tzte Lesezeit\" \/>\n\t<meta name=\"twitter:data2\" content=\"3\u00a0Minuten\" \/>\n<script type=\"application\/ld+json\" class=\"yoast-schema-graph\">{\"@context\":\"https:\/\/schema.org\",\"@graph\":[{\"@type\":\"WebPage\",\"@id\":\"https:\/\/blog.zeit.de\/teilchen\/2019\/11\/08\/ok-boomer-streit-der-generationen\/\",\"url\":\"https:\/\/blog.zeit.de\/teilchen\/2019\/11\/08\/ok-boomer-streit-der-generationen\/\",\"name\":\"\u201eOK, Boomer\u201c \u2013 Streit der Generationen\",\"isPartOf\":{\"@id\":\"https:\/\/blog.zeit.de\/teilchen\/#website\"},\"datePublished\":\"2019-11-08T17:40:30+00:00\",\"dateModified\":\"2019-11-11T14:39:45+00:00\",\"author\":{\"@id\":\"https:\/\/blog.zeit.de\/teilchen\/#\/schema\/person\/66ee20f03f149d1a36a85108be42d55f\"},\"description\":\"Die Politikerin Chl\u00f6e Swarbrick hat Zwischenrufe im neuseel\u00e4ndischen Parlament mit dem Millennial-Slang \\\"OK, Boomer\\\" abgekanzelt. Doch was hei\u00dft das?\",\"breadcrumb\":{\"@id\":\"https:\/\/blog.zeit.de\/teilchen\/2019\/11\/08\/ok-boomer-streit-der-generationen\/#breadcrumb\"},\"inLanguage\":\"de\",\"potentialAction\":[{\"@type\":\"ReadAction\",\"target\":[\"https:\/\/blog.zeit.de\/teilchen\/2019\/11\/08\/ok-boomer-streit-der-generationen\/\"]}]},{\"@type\":\"BreadcrumbList\",\"@id\":\"https:\/\/blog.zeit.de\/teilchen\/2019\/11\/08\/ok-boomer-streit-der-generationen\/#breadcrumb\",\"itemListElement\":[{\"@type\":\"ListItem\",\"position\":1,\"name\":\"Startseite\",\"item\":\"https:\/\/blog.zeit.de\/teilchen\/\"},{\"@type\":\"ListItem\",\"position\":2,\"name\":\"Streit der Generationen\"}]},{\"@type\":\"WebSite\",\"@id\":\"https:\/\/blog.zeit.de\/teilchen\/#website\",\"url\":\"https:\/\/blog.zeit.de\/teilchen\/\",\"name\":\"Teilchen\",\"description\":\"Im Netz verstecken sich kleine Sch\u00e4tze - ZEIT ONLINE findet sie.\",\"potentialAction\":[{\"@type\":\"SearchAction\",\"target\":{\"@type\":\"EntryPoint\",\"urlTemplate\":\"https:\/\/blog.zeit.de\/teilchen\/?s={search_term_string}\"},\"query-input\":\"required name=search_term_string\"}],\"inLanguage\":\"de\"},{\"@type\":\"Person\",\"@id\":\"https:\/\/blog.zeit.de\/teilchen\/#\/schema\/person\/66ee20f03f149d1a36a85108be42d55f\",\"name\":\"Alisha Mendgen\",\"image\":{\"@type\":\"ImageObject\",\"inLanguage\":\"de\",\"@id\":\"https:\/\/blog.zeit.de\/teilchen\/#\/schema\/person\/image\/\",\"url\":\"https:\/\/secure.gravatar.com\/avatar\/bd95ed4537b9c1f6ef4e31b71a9c8a3f288c02b4e627fc567443efe132968d4d?s=96&d=mm&r=g\",\"contentUrl\":\"https:\/\/secure.gravatar.com\/avatar\/bd95ed4537b9c1f6ef4e31b71a9c8a3f288c02b4e627fc567443efe132968d4d?s=96&d=mm&r=g\",\"caption\":\"Alisha Mendgen\"},\"description\":\"Geboren 1996 in Hamburg. Studium der Kulturwissenschaft und Kunstgeschichte an der Humboldt-Universit\u00e4t zu Berlin. Bachelorthesis \u00fcber Sexroboter und K\u00fcnstliche Intelligenz in deutschen Medien. Redaktionelle Arbeit beim Bauer Verlag, Eat Smarter Magazin, Axel Springer Verlag und seit M\u00e4rz 2019 studentische Mitarbeiterin im Engagement-Team bei ZEIT ONLINE.\",\"url\":\"https:\/\/blog.zeit.de\/teilchen\/author\/amendgen\/\"}]}<\/script>\n<!-- \/ Yoast SEO plugin. -->","yoast_head_json":{"title":"\u201eOK, Boomer\u201c \u2013 Streit der Generationen","description":"Die Politikerin Chl\u00f6e Swarbrick hat Zwischenrufe im neuseel\u00e4ndischen Parlament mit dem Millennial-Slang \"OK, Boomer\" abgekanzelt. Doch was hei\u00dft das?","robots":{"index":"index","follow":"follow","max-snippet":"max-snippet:-1","max-image-preview":"max-image-preview:large","max-video-preview":"max-video-preview:-1"},"canonical":"https:\/\/blog.zeit.de\/teilchen\/2019\/11\/08\/ok-boomer-streit-der-generationen\/","og_locale":"de_DE","og_type":"article","og_title":"\u201eOK, Boomer\u201c \u2013 Streit der Generationen","og_description":"Die Politikerin Chl\u00f6e Swarbrick hat Zwischenrufe im neuseel\u00e4ndischen Parlament mit dem Millennial-Slang \"OK, Boomer\" abgekanzelt. Doch was hei\u00dft das?","og_url":"https:\/\/blog.zeit.de\/teilchen\/2019\/11\/08\/ok-boomer-streit-der-generationen\/","og_site_name":"Teilchen","article_published_time":"2019-11-08T17:40:30+00:00","article_modified_time":"2019-11-11T14:39:45+00:00","og_image":[{"width":619,"height":345,"url":"https:\/\/blog.zeit.de\/teilchen\/files\/2019\/11\/Bildschirmfoto-2019-11-11-um-15.38.50.png","type":"image\/png"}],"author":"Alisha Mendgen","twitter_card":"summary_large_image","twitter_image":"https:\/\/blog.zeit.de\/teilchen\/files\/2019\/11\/Bildschirmfoto-2019-11-11-um-15.38.50.png","twitter_creator":"@zeitonline","twitter_site":"@zeitonline","twitter_misc":{"Geschrieben von":"Alisha Mendgen","Gesch\u00e4tzte Lesezeit":"3\u00a0Minuten"},"schema":{"@context":"https:\/\/schema.org","@graph":[{"@type":"WebPage","@id":"https:\/\/blog.zeit.de\/teilchen\/2019\/11\/08\/ok-boomer-streit-der-generationen\/","url":"https:\/\/blog.zeit.de\/teilchen\/2019\/11\/08\/ok-boomer-streit-der-generationen\/","name":"\u201eOK, Boomer\u201c \u2013 Streit der Generationen","isPartOf":{"@id":"https:\/\/blog.zeit.de\/teilchen\/#website"},"datePublished":"2019-11-08T17:40:30+00:00","dateModified":"2019-11-11T14:39:45+00:00","author":{"@id":"https:\/\/blog.zeit.de\/teilchen\/#\/schema\/person\/66ee20f03f149d1a36a85108be42d55f"},"description":"Die Politikerin Chl\u00f6e Swarbrick hat Zwischenrufe im neuseel\u00e4ndischen Parlament mit dem Millennial-Slang \"OK, Boomer\" abgekanzelt. Doch was hei\u00dft das?","breadcrumb":{"@id":"https:\/\/blog.zeit.de\/teilchen\/2019\/11\/08\/ok-boomer-streit-der-generationen\/#breadcrumb"},"inLanguage":"de","potentialAction":[{"@type":"ReadAction","target":["https:\/\/blog.zeit.de\/teilchen\/2019\/11\/08\/ok-boomer-streit-der-generationen\/"]}]},{"@type":"BreadcrumbList","@id":"https:\/\/blog.zeit.de\/teilchen\/2019\/11\/08\/ok-boomer-streit-der-generationen\/#breadcrumb","itemListElement":[{"@type":"ListItem","position":1,"name":"Startseite","item":"https:\/\/blog.zeit.de\/teilchen\/"},{"@type":"ListItem","position":2,"name":"Streit der Generationen"}]},{"@type":"WebSite","@id":"https:\/\/blog.zeit.de\/teilchen\/#website","url":"https:\/\/blog.zeit.de\/teilchen\/","name":"Teilchen","description":"Im Netz verstecken sich kleine Sch\u00e4tze - ZEIT ONLINE findet sie.","potentialAction":[{"@type":"SearchAction","target":{"@type":"EntryPoint","urlTemplate":"https:\/\/blog.zeit.de\/teilchen\/?s={search_term_string}"},"query-input":"required name=search_term_string"}],"inLanguage":"de"},{"@type":"Person","@id":"https:\/\/blog.zeit.de\/teilchen\/#\/schema\/person\/66ee20f03f149d1a36a85108be42d55f","name":"Alisha Mendgen","image":{"@type":"ImageObject","inLanguage":"de","@id":"https:\/\/blog.zeit.de\/teilchen\/#\/schema\/person\/image\/","url":"https:\/\/secure.gravatar.com\/avatar\/bd95ed4537b9c1f6ef4e31b71a9c8a3f288c02b4e627fc567443efe132968d4d?s=96&d=mm&r=g","contentUrl":"https:\/\/secure.gravatar.com\/avatar\/bd95ed4537b9c1f6ef4e31b71a9c8a3f288c02b4e627fc567443efe132968d4d?s=96&d=mm&r=g","caption":"Alisha Mendgen"},"description":"Geboren 1996 in Hamburg. Studium der Kulturwissenschaft und Kunstgeschichte an der Humboldt-Universit\u00e4t zu Berlin. Bachelorthesis \u00fcber Sexroboter und K\u00fcnstliche Intelligenz in deutschen Medien. Redaktionelle Arbeit beim Bauer Verlag, Eat Smarter Magazin, Axel Springer Verlag und seit M\u00e4rz 2019 studentische Mitarbeiterin im Engagement-Team bei ZEIT ONLINE.","url":"https:\/\/blog.zeit.de\/teilchen\/author\/amendgen\/"}]}},"jetpack_featured_media_url":"https:\/\/blog.zeit.de\/teilchen\/files\/2019\/11\/Bildschirmfoto-2019-11-11-um-15.38.50.png","jetpack_sharing_enabled":true,"_links":{"self":[{"href":"https:\/\/blog.zeit.de\/teilchen\/wp-json\/wp\/v2\/posts\/19857","targetHints":{"allow":["GET"]}}],"collection":[{"href":"https:\/\/blog.zeit.de\/teilchen\/wp-json\/wp\/v2\/posts"}],"about":[{"href":"https:\/\/blog.zeit.de\/teilchen\/wp-json\/wp\/v2\/types\/post"}],"author":[{"embeddable":true,"href":"https:\/\/blog.zeit.de\/teilchen\/wp-json\/wp\/v2\/users\/1108"}],"replies":[{"embeddable":true,"href":"https:\/\/blog.zeit.de\/teilchen\/wp-json\/wp\/v2\/comments?post=19857"}],"version-history":[{"count":6,"href":"https:\/\/blog.zeit.de\/teilchen\/wp-json\/wp\/v2\/posts\/19857\/revisions"}],"predecessor-version":[{"id":19889,"href":"https:\/\/blog.zeit.de\/teilchen\/wp-json\/wp\/v2\/posts\/19857\/revisions\/19889"}],"wp:featuredmedia":[{"embeddable":true,"href":"https:\/\/blog.zeit.de\/teilchen\/wp-json\/wp\/v2\/media\/19891"}],"wp:attachment":[{"href":"https:\/\/blog.zeit.de\/teilchen\/wp-json\/wp\/v2\/media?parent=19857"}],"wp:term":[{"taxonomy":"category","embeddable":true,"href":"https:\/\/blog.zeit.de\/teilchen\/wp-json\/wp\/v2\/categories?post=19857"},{"taxonomy":"post_tag","embeddable":true,"href":"https:\/\/blog.zeit.de\/teilchen\/wp-json\/wp\/v2\/tags?post=19857"}],"curies":[{"name":"wp","href":"https:\/\/api.w.org\/{rel}","templated":true}]}}