{"id":20167,"date":"2020-07-15T12:22:09","date_gmt":"2020-07-15T10:22:09","guid":{"rendered":"https:\/\/blog.zeit.de\/teilchen\/?p=20167"},"modified":"2020-12-22T16:07:46","modified_gmt":"2020-12-22T15:07:46","slug":"abschlussfeier-2020-corona-abitur-frank-walter-steinmeier-prominente-social-media","status":"publish","type":"post","link":"https:\/\/blog.zeit.de\/teilchen\/2020\/07\/15\/abschlussfeier-2020-corona-abitur-frank-walter-steinmeier-prominente-social-media\/","title":{"rendered":"Der Bundespr\u00e4sident rettet die Abifeier"},"content":{"rendered":"\n<div class=\"embed-wrapper embed-wrapper--blocked js-embed-consent\" data-method=\"embed\">\n<script class=\"raw__source\" type=\"text\/template\"><div class=\"embed-twitter\"><blockquote class=\"twitter-tweet\" data-width=\"550\" data-dnt=\"true\"><p data-replace lang=\"de\" dir=\"ltr\">mehr verst\u00f6rende bilder (&amp; viele, viele gl\u00fcckw\u00fcnsche zur <a href=\"https:\/\/twitter.com\/hashtag\/abschlussfeier2020?src=hash&amp;ref_src=twsrc%5Etfw\">#abschlussfeier2020<\/a> gibt es hier: <a href=\"https:\/\/t.co\/WD7fvTidU0\">https:\/\/t.co\/WD7fvTidU0<\/a> (alter diese uhr) <a href=\"https:\/\/t.co\/FVWTkylvo1\">pic.twitter.com\/FVWTkylvo1<\/a><\/p>&mdash; klaas heufer-umlauf (@damitdasklaas) <a href=\"https:\/\/twitter.com\/damitdasklaas\/status\/1283313801597771776?ref_src=twsrc%5Etfw\">July 15, 2020<\/a><\/blockquote><scr+ipt async src=\"https:\/\/platform.twitter.com\/widgets.js\" charset=\"utf-8\"><\/scr+ipt><\/div><\/script>\n<div class=\"embed-wrapper__inner\">\n<div class=\"embed-wrapper__text\">\n<h3>Empfohlener redaktioneller Inhalt<\/h3>\n<p data-replace=\"no\">An dieser Stelle finden Sie externen Inhalt, der den Artikel erg\u00e4nzt. Sie k\u00f6nnen sich externe Inhalte mit einem Klick anzeigen lassen und wieder ausblenden.<noscript>Bitte aktivieren Sie JavaScript damit Sie diesen Inhalt anzeigen k\u00f6nnen.<\/noscript><\/p>\n<\/div>\n<div class=\"embed-consent\">\n<label class=\"embed-consent__toggle\">\n<input class=\"js-embed-consent__toggle\" type=\"checkbox\" autocomplete=\"off\">\n<span><\/span>\nExterner Inhalt\n<\/label>\n<a href=\"https:\/\/www.zeit.de\/hilfe\/datenschutz\" target=\"_blank\" class=\"embed-consent__datalink-when-active\">Datenschutzerkl\u00e4rung<\/a>\n<\/div>\n<div class=\"embed-wrapper__footer\">\n<p data-replace=\"no\">\nIch bin damit einverstanden, dass mir externe Inhalte angezeigt werden. Damit k\u00f6nnen personenbezogene Daten an Drittplattformen \u00fcbermittelt werden. <a href=\"https:\/\/www.zeit.de\/hilfe\/datenschutz\" target=\"_blank\">Mehr dazu in unserer Datenschutzerkl\u00e4rung.<\/a>\n<\/p>\n<\/div>\n<\/div>\n<\/div>\n<p>Existenz\u00e4ngste, Zukunfts\u00e4ngste, Angst um Eltern, Gro\u00dfeltern, Angst vor Ansteckung, Isolation, Enge \u2013 seit Ausbruch der Corona-Pandemie ist die Welt in so vielen Momenten ein Drama. Wie sch\u00f6n und wie selten ist da ein Moment, der einfach nur nett ist \u2013 <a href=\"https:\/\/www.abschlussfeier-2020.de\/\" target=\"_blank\" rel=\"noopener noreferrer\">wie die virtuelle Abifeier<\/a>, die Bundespr\u00e4sident Frank Walter Steinmeier gestartet hat und bei der Jugendliche dazu aufgerufen sind, unter #abschlussfeier2020 ihre eigenen Beitr\u00e4ge zu posten.<\/p>\n<p><!--more-->Zu jedem anderen Zeitpunkt h\u00e4tte man sich \u00fcber so eine Aktion lustig gemacht. Eine bem\u00fcht lockere Rede vor Mikrofonen mit Wischtechnik-Tapete im Hintergrund, mit gro\u00dfen Botschaften an die Abschlussklassen des Jahres 2020 wie &#8222;Wir brauchen euch&#8220; und &#8222;Glaubt an euch, ich tue es&#8220;. Aber da nun in diesem Jahr coronabedingt 1,9 Millionen Schulabg\u00e4ngerinnen und Schulabg\u00e4ngern zumindest die ganz gro\u00dfe Abisause verwehrt bleibt, ist man \u00fcber diese pr\u00e4sidiale Partyhilfe doch ganz froh.<\/p>\n<p>Damit es nicht hei\u00dft, man habe nur \u00fcber die Jugendlichen und nicht mit ihnen geredet, werden Gru\u00dfbotschaften eingeblendet: Ines rappt, was sie vermissen wird. Dennis erz\u00e4hlt, was er im Lockdown vermisst hat. Fridtjof blickt positiv im geb\u00fcgelten Hemd in die Zukunft. Das Ganze entbehrt nicht der Unbeholfenheit, aber mittlerweile hat sich jeder Bundesb\u00fcrger schon mehrfach in Zoom-Konferenzen oder anderen digitalen Formaten schr\u00e4g benommen \u2013 da ist es ganz tr\u00f6stlich, dass es dem Staatsoberhaupt nicht anders geht.<\/p>\n<p>Und au\u00dferdem gibt es noch jede Menge Gru\u00dfbotschaften von Prominenten, die behaupten, einen Schulabschluss zu haben, oder zumindest mit der Idee etwas anfangen zu k\u00f6nnen. Zum Beispiel die von <a href=\"https:\/\/www.abschlussfeier-2020.de?name=sophie_passmann\" target=\"_blank\" rel=\"noopener noreferrer\">Sophie Passmann, die sehr treffend sagt: &#8222;Ihr verpasst nichts, die beste Zeit eures Lebens kommt erst noch.&#8220;<\/a> Oder von Moderator Micky Beisenherz, der sich mit seinem Kollegen Klaas Heufer-Umlauf einen Wettbewerb darin liefert, m\u00f6glichst verst\u00f6rende Bilder von damals zu posten.<\/p>\n\n<div class=\"embed-wrapper embed-wrapper--blocked js-embed-consent\" data-method=\"embed\">\n<script class=\"raw__source\" type=\"text\/template\"><div class=\"embed-twitter\"><blockquote class=\"twitter-tweet\" data-width=\"550\" data-dnt=\"true\"><p data-replace lang=\"de\" dir=\"ltr\">Ja, ich hatte nur m\u00e4\u00dfig Talent f\u00fcr Schule. Daf\u00fcr aber eine echte Abiparty. Alle anderen ehren wir heute auf digitalem Wege: <br>Wie <a href=\"https:\/\/twitter.com\/damitdasklaas?ref_src=twsrc%5Etfw\">@damitdasklaas<\/a> richtig schreibt:<br>mehr verst\u00f6rende bilder (&amp; viele, viele gl\u00fcckw\u00fcnsche zur <a href=\"https:\/\/twitter.com\/hashtag\/abschlussfeier2020?src=hash&amp;ref_src=twsrc%5Etfw\">#abschlussfeier2020<\/a> gibt es unter <a href=\"https:\/\/t.co\/RyQ6fjO23j\">https:\/\/t.co\/RyQ6fjO23j<\/a> <a href=\"https:\/\/t.co\/XfZ5t7mkcK\">pic.twitter.com\/XfZ5t7mkcK<\/a><\/p>&mdash; Micky Beisenherz \ud83c\udf4c (@MickyBeisenherz) <a href=\"https:\/\/twitter.com\/MickyBeisenherz\/status\/1283317206823112704?ref_src=twsrc%5Etfw\">July 15, 2020<\/a><\/blockquote><scr+ipt async src=\"https:\/\/platform.twitter.com\/widgets.js\" charset=\"utf-8\"><\/scr+ipt><\/div><\/script>\n<div class=\"embed-wrapper__inner\">\n<div class=\"embed-wrapper__text\">\n<h3>Empfohlener redaktioneller Inhalt<\/h3>\n<p data-replace=\"no\">An dieser Stelle finden Sie externen Inhalt, der den Artikel erg\u00e4nzt. Sie k\u00f6nnen sich externe Inhalte mit einem Klick anzeigen lassen und wieder ausblenden.<noscript>Bitte aktivieren Sie JavaScript damit Sie diesen Inhalt anzeigen k\u00f6nnen.<\/noscript><\/p>\n<\/div>\n<div class=\"embed-consent\">\n<label class=\"embed-consent__toggle\">\n<input class=\"js-embed-consent__toggle\" type=\"checkbox\" autocomplete=\"off\">\n<span><\/span>\nExterner Inhalt\n<\/label>\n<a href=\"https:\/\/www.zeit.de\/hilfe\/datenschutz\" target=\"_blank\" class=\"embed-consent__datalink-when-active\">Datenschutzerkl\u00e4rung<\/a>\n<\/div>\n<div class=\"embed-wrapper__footer\">\n<p data-replace=\"no\">\nIch bin damit einverstanden, dass mir externe Inhalte angezeigt werden. Damit k\u00f6nnen personenbezogene Daten an Drittplattformen \u00fcbermittelt werden. <a href=\"https:\/\/www.zeit.de\/hilfe\/datenschutz\" target=\"_blank\">Mehr dazu in unserer Datenschutzerkl\u00e4rung.<\/a>\n<\/p>\n<\/div>\n<\/div>\n<\/div>\n<p><em>Weitere <a href=\"https:\/\/blog.zeit.de\/teilchen\/\" target=\"_blank\" rel=\"noopener noreferrer\">Netzfundst\u00fccke gibt&#8217;s im Teilchen-Blog<\/a>.<\/em><\/p>\n","protected":false},"excerpt":{"rendered":"<p>Empfohlener redaktioneller Inhalt An dieser Stelle finden Sie externen Inhalt, der den Artikel erg\u00e4nzt. Sie k\u00f6nnen sich externe Inhalte mit einem Klick anzeigen lassen [\u2026]<\/p>\n","protected":false},"author":1130,"featured_media":20171,"comment_status":"open","ping_status":"closed","sticky":false,"template":"","format":"standard","meta":{"_jetpack_memberships_contains_paid_content":false,"footnotes":""},"categories":[29747],"tags":[],"class_list":["post-20167","post","type-post","status-publish","format-standard","has-post-thumbnail","hentry","category-geschichten"],"yoast_head":"<!-- This site is optimized with the Yoast SEO plugin v21.0 - https:\/\/yoast.com\/wordpress\/plugins\/seo\/ -->\n<title>Abschlussfeier 2020: Der Bundespr\u00e4sident rettet die Abifeier &#8902; Teilchen<\/title>\n<meta name=\"description\" content=\"Seit Ausbruch der Corona-Pandemie ist die Welt in so vielen Momenten ein Drama. Wie sch\u00f6n und wie selten ist da ein Moment, der einfach nur nett ist \u2013 wie die virtuelle Abifeier, die Bundespr\u00e4sident Frank Walter Steinmeier gestartet hat und bei der Jugendliche dazu aufgerufen sind, unter #abschlussfeier2020 ihre eigenen Beitr\u00e4ge zu posten.\" \/>\n<meta name=\"robots\" content=\"index, follow, max-snippet:-1, max-image-preview:large, max-video-preview:-1\" \/>\n<link rel=\"canonical\" href=\"https:\/\/blog.zeit.de\/teilchen\/2020\/07\/15\/abschlussfeier-2020-corona-abitur-frank-walter-steinmeier-prominente-social-media\/\" \/>\n<meta property=\"og:locale\" content=\"de_DE\" \/>\n<meta property=\"og:type\" content=\"article\" \/>\n<meta property=\"og:title\" content=\"Abschlussfeier 2020: Der Bundespr\u00e4sident rettet die Abifeier &#8902; Teilchen\" \/>\n<meta property=\"og:description\" content=\"Seit Ausbruch der Corona-Pandemie ist die Welt in so vielen Momenten ein Drama. Wie sch\u00f6n und wie selten ist da ein Moment, der einfach nur nett ist \u2013 wie die virtuelle Abifeier, die Bundespr\u00e4sident Frank Walter Steinmeier gestartet hat und bei der Jugendliche dazu aufgerufen sind, unter #abschlussfeier2020 ihre eigenen Beitr\u00e4ge zu posten.\" \/>\n<meta property=\"og:url\" content=\"https:\/\/blog.zeit.de\/teilchen\/2020\/07\/15\/abschlussfeier-2020-corona-abitur-frank-walter-steinmeier-prominente-social-media\/\" \/>\n<meta property=\"og:site_name\" content=\"Teilchen\" \/>\n<meta property=\"article:published_time\" content=\"2020-07-15T10:22:09+00:00\" \/>\n<meta property=\"article:modified_time\" content=\"2020-12-22T15:07:46+00:00\" \/>\n<meta property=\"og:image\" content=\"https:\/\/blog.zeit.de\/teilchen\/files\/2020\/07\/Bildschirmfoto-2020-07-15-um-11.22.24.png\" \/>\n\t<meta property=\"og:image:width\" content=\"919\" \/>\n\t<meta property=\"og:image:height\" content=\"664\" \/>\n\t<meta property=\"og:image:type\" content=\"image\/png\" \/>\n<meta name=\"author\" content=\"Judith Luig\" \/>\n<meta name=\"twitter:card\" content=\"summary_large_image\" \/>\n<meta name=\"twitter:image\" content=\"https:\/\/blog.zeit.de\/teilchen\/files\/2020\/07\/Bildschirmfoto-2020-07-15-um-11.22.24.png\" \/>\n<meta name=\"twitter:creator\" content=\"@luigologie\" \/>\n<meta name=\"twitter:site\" content=\"@zeitonline\" \/>\n<meta name=\"twitter:label1\" content=\"Geschrieben von\" \/>\n\t<meta name=\"twitter:data1\" content=\"Judith Luig\" \/>\n\t<meta name=\"twitter:label2\" content=\"Gesch\u00e4tzte Lesezeit\" \/>\n\t<meta name=\"twitter:data2\" content=\"2\u00a0Minuten\" \/>\n<script type=\"application\/ld+json\" class=\"yoast-schema-graph\">{\"@context\":\"https:\/\/schema.org\",\"@graph\":[{\"@type\":\"WebPage\",\"@id\":\"https:\/\/blog.zeit.de\/teilchen\/2020\/07\/15\/abschlussfeier-2020-corona-abitur-frank-walter-steinmeier-prominente-social-media\/\",\"url\":\"https:\/\/blog.zeit.de\/teilchen\/2020\/07\/15\/abschlussfeier-2020-corona-abitur-frank-walter-steinmeier-prominente-social-media\/\",\"name\":\"Abschlussfeier 2020: Der Bundespr\u00e4sident rettet die Abifeier &#8902; Teilchen\",\"isPartOf\":{\"@id\":\"https:\/\/blog.zeit.de\/teilchen\/#website\"},\"datePublished\":\"2020-07-15T10:22:09+00:00\",\"dateModified\":\"2020-12-22T15:07:46+00:00\",\"author\":{\"@id\":\"https:\/\/blog.zeit.de\/teilchen\/#\/schema\/person\/234a71dacd69ef5f11f64756edf7f68c\"},\"description\":\"Seit Ausbruch der Corona-Pandemie ist die Welt in so vielen Momenten ein Drama. Wie sch\u00f6n und wie selten ist da ein Moment, der einfach nur nett ist \u2013 wie die virtuelle Abifeier, die Bundespr\u00e4sident Frank Walter Steinmeier gestartet hat und bei der Jugendliche dazu aufgerufen sind, unter #abschlussfeier2020 ihre eigenen Beitr\u00e4ge zu posten.\",\"breadcrumb\":{\"@id\":\"https:\/\/blog.zeit.de\/teilchen\/2020\/07\/15\/abschlussfeier-2020-corona-abitur-frank-walter-steinmeier-prominente-social-media\/#breadcrumb\"},\"inLanguage\":\"de\",\"potentialAction\":[{\"@type\":\"ReadAction\",\"target\":[\"https:\/\/blog.zeit.de\/teilchen\/2020\/07\/15\/abschlussfeier-2020-corona-abitur-frank-walter-steinmeier-prominente-social-media\/\"]}]},{\"@type\":\"BreadcrumbList\",\"@id\":\"https:\/\/blog.zeit.de\/teilchen\/2020\/07\/15\/abschlussfeier-2020-corona-abitur-frank-walter-steinmeier-prominente-social-media\/#breadcrumb\",\"itemListElement\":[{\"@type\":\"ListItem\",\"position\":1,\"name\":\"Startseite\",\"item\":\"https:\/\/blog.zeit.de\/teilchen\/\"},{\"@type\":\"ListItem\",\"position\":2,\"name\":\"Der Bundespr\u00e4sident rettet die Abifeier\"}]},{\"@type\":\"WebSite\",\"@id\":\"https:\/\/blog.zeit.de\/teilchen\/#website\",\"url\":\"https:\/\/blog.zeit.de\/teilchen\/\",\"name\":\"Teilchen\",\"description\":\"Im Netz verstecken sich kleine Sch\u00e4tze - ZEIT ONLINE findet sie.\",\"potentialAction\":[{\"@type\":\"SearchAction\",\"target\":{\"@type\":\"EntryPoint\",\"urlTemplate\":\"https:\/\/blog.zeit.de\/teilchen\/?s={search_term_string}\"},\"query-input\":\"required name=search_term_string\"}],\"inLanguage\":\"de\"},{\"@type\":\"Person\",\"@id\":\"https:\/\/blog.zeit.de\/teilchen\/#\/schema\/person\/234a71dacd69ef5f11f64756edf7f68c\",\"name\":\"Judith Luig\",\"image\":{\"@type\":\"ImageObject\",\"inLanguage\":\"de\",\"@id\":\"https:\/\/blog.zeit.de\/teilchen\/#\/schema\/person\/image\/\",\"url\":\"https:\/\/secure.gravatar.com\/avatar\/f043e1419832da98d83e832b917c47b56c61d64fe080f2fa807802f0580e41be?s=96&d=mm&r=g\",\"contentUrl\":\"https:\/\/secure.gravatar.com\/avatar\/f043e1419832da98d83e832b917c47b56c61d64fe080f2fa807802f0580e41be?s=96&d=mm&r=g\",\"caption\":\"Judith Luig\"},\"description\":\"Judith Luig schreibt haupts\u00e4chlich \u00fcber alle Arten gesellschaftlicher Entwicklung, aktuell vor allem \u00fcber Schule. Sie kommt von der \\\"taz\\\", war lange bei der \\\"Welt am Sonntag\\\". Sie hat Literaturwissenschaften studiert, unterrichtet und ein paar B\u00fccher geschrieben.\",\"sameAs\":[\"https:\/\/twitter.com\/luigologie\"],\"url\":\"https:\/\/blog.zeit.de\/teilchen\/author\/jluig\/\"}]}<\/script>\n<!-- \/ Yoast SEO plugin. -->","yoast_head_json":{"title":"Abschlussfeier 2020: Der Bundespr\u00e4sident rettet die Abifeier &#8902; Teilchen","description":"Seit Ausbruch der Corona-Pandemie ist die Welt in so vielen Momenten ein Drama. Wie sch\u00f6n und wie selten ist da ein Moment, der einfach nur nett ist \u2013 wie die virtuelle Abifeier, die Bundespr\u00e4sident Frank Walter Steinmeier gestartet hat und bei der Jugendliche dazu aufgerufen sind, unter #abschlussfeier2020 ihre eigenen Beitr\u00e4ge zu posten.","robots":{"index":"index","follow":"follow","max-snippet":"max-snippet:-1","max-image-preview":"max-image-preview:large","max-video-preview":"max-video-preview:-1"},"canonical":"https:\/\/blog.zeit.de\/teilchen\/2020\/07\/15\/abschlussfeier-2020-corona-abitur-frank-walter-steinmeier-prominente-social-media\/","og_locale":"de_DE","og_type":"article","og_title":"Abschlussfeier 2020: Der Bundespr\u00e4sident rettet die Abifeier &#8902; Teilchen","og_description":"Seit Ausbruch der Corona-Pandemie ist die Welt in so vielen Momenten ein Drama. Wie sch\u00f6n und wie selten ist da ein Moment, der einfach nur nett ist \u2013 wie die virtuelle Abifeier, die Bundespr\u00e4sident Frank Walter Steinmeier gestartet hat und bei der Jugendliche dazu aufgerufen sind, unter #abschlussfeier2020 ihre eigenen Beitr\u00e4ge zu posten.","og_url":"https:\/\/blog.zeit.de\/teilchen\/2020\/07\/15\/abschlussfeier-2020-corona-abitur-frank-walter-steinmeier-prominente-social-media\/","og_site_name":"Teilchen","article_published_time":"2020-07-15T10:22:09+00:00","article_modified_time":"2020-12-22T15:07:46+00:00","og_image":[{"width":919,"height":664,"url":"https:\/\/blog.zeit.de\/teilchen\/files\/2020\/07\/Bildschirmfoto-2020-07-15-um-11.22.24.png","type":"image\/png"}],"author":"Judith Luig","twitter_card":"summary_large_image","twitter_image":"https:\/\/blog.zeit.de\/teilchen\/files\/2020\/07\/Bildschirmfoto-2020-07-15-um-11.22.24.png","twitter_creator":"@luigologie","twitter_site":"@zeitonline","twitter_misc":{"Geschrieben von":"Judith Luig","Gesch\u00e4tzte Lesezeit":"2\u00a0Minuten"},"schema":{"@context":"https:\/\/schema.org","@graph":[{"@type":"WebPage","@id":"https:\/\/blog.zeit.de\/teilchen\/2020\/07\/15\/abschlussfeier-2020-corona-abitur-frank-walter-steinmeier-prominente-social-media\/","url":"https:\/\/blog.zeit.de\/teilchen\/2020\/07\/15\/abschlussfeier-2020-corona-abitur-frank-walter-steinmeier-prominente-social-media\/","name":"Abschlussfeier 2020: Der Bundespr\u00e4sident rettet die Abifeier &#8902; Teilchen","isPartOf":{"@id":"https:\/\/blog.zeit.de\/teilchen\/#website"},"datePublished":"2020-07-15T10:22:09+00:00","dateModified":"2020-12-22T15:07:46+00:00","author":{"@id":"https:\/\/blog.zeit.de\/teilchen\/#\/schema\/person\/234a71dacd69ef5f11f64756edf7f68c"},"description":"Seit Ausbruch der Corona-Pandemie ist die Welt in so vielen Momenten ein Drama. Wie sch\u00f6n und wie selten ist da ein Moment, der einfach nur nett ist \u2013 wie die virtuelle Abifeier, die Bundespr\u00e4sident Frank Walter Steinmeier gestartet hat und bei der Jugendliche dazu aufgerufen sind, unter #abschlussfeier2020 ihre eigenen Beitr\u00e4ge zu posten.","breadcrumb":{"@id":"https:\/\/blog.zeit.de\/teilchen\/2020\/07\/15\/abschlussfeier-2020-corona-abitur-frank-walter-steinmeier-prominente-social-media\/#breadcrumb"},"inLanguage":"de","potentialAction":[{"@type":"ReadAction","target":["https:\/\/blog.zeit.de\/teilchen\/2020\/07\/15\/abschlussfeier-2020-corona-abitur-frank-walter-steinmeier-prominente-social-media\/"]}]},{"@type":"BreadcrumbList","@id":"https:\/\/blog.zeit.de\/teilchen\/2020\/07\/15\/abschlussfeier-2020-corona-abitur-frank-walter-steinmeier-prominente-social-media\/#breadcrumb","itemListElement":[{"@type":"ListItem","position":1,"name":"Startseite","item":"https:\/\/blog.zeit.de\/teilchen\/"},{"@type":"ListItem","position":2,"name":"Der Bundespr\u00e4sident rettet die Abifeier"}]},{"@type":"WebSite","@id":"https:\/\/blog.zeit.de\/teilchen\/#website","url":"https:\/\/blog.zeit.de\/teilchen\/","name":"Teilchen","description":"Im Netz verstecken sich kleine Sch\u00e4tze - ZEIT ONLINE findet sie.","potentialAction":[{"@type":"SearchAction","target":{"@type":"EntryPoint","urlTemplate":"https:\/\/blog.zeit.de\/teilchen\/?s={search_term_string}"},"query-input":"required name=search_term_string"}],"inLanguage":"de"},{"@type":"Person","@id":"https:\/\/blog.zeit.de\/teilchen\/#\/schema\/person\/234a71dacd69ef5f11f64756edf7f68c","name":"Judith Luig","image":{"@type":"ImageObject","inLanguage":"de","@id":"https:\/\/blog.zeit.de\/teilchen\/#\/schema\/person\/image\/","url":"https:\/\/secure.gravatar.com\/avatar\/f043e1419832da98d83e832b917c47b56c61d64fe080f2fa807802f0580e41be?s=96&d=mm&r=g","contentUrl":"https:\/\/secure.gravatar.com\/avatar\/f043e1419832da98d83e832b917c47b56c61d64fe080f2fa807802f0580e41be?s=96&d=mm&r=g","caption":"Judith Luig"},"description":"Judith Luig schreibt haupts\u00e4chlich \u00fcber alle Arten gesellschaftlicher Entwicklung, aktuell vor allem \u00fcber Schule. Sie kommt von der \"taz\", war lange bei der \"Welt am Sonntag\". Sie hat Literaturwissenschaften studiert, unterrichtet und ein paar B\u00fccher geschrieben.","sameAs":["https:\/\/twitter.com\/luigologie"],"url":"https:\/\/blog.zeit.de\/teilchen\/author\/jluig\/"}]}},"jetpack_featured_media_url":"https:\/\/blog.zeit.de\/teilchen\/files\/2020\/07\/Bildschirmfoto-2020-07-15-um-11.22.24.png","jetpack_sharing_enabled":true,"_links":{"self":[{"href":"https:\/\/blog.zeit.de\/teilchen\/wp-json\/wp\/v2\/posts\/20167","targetHints":{"allow":["GET"]}}],"collection":[{"href":"https:\/\/blog.zeit.de\/teilchen\/wp-json\/wp\/v2\/posts"}],"about":[{"href":"https:\/\/blog.zeit.de\/teilchen\/wp-json\/wp\/v2\/types\/post"}],"author":[{"embeddable":true,"href":"https:\/\/blog.zeit.de\/teilchen\/wp-json\/wp\/v2\/users\/1130"}],"replies":[{"embeddable":true,"href":"https:\/\/blog.zeit.de\/teilchen\/wp-json\/wp\/v2\/comments?post=20167"}],"version-history":[{"count":7,"href":"https:\/\/blog.zeit.de\/teilchen\/wp-json\/wp\/v2\/posts\/20167\/revisions"}],"predecessor-version":[{"id":20365,"href":"https:\/\/blog.zeit.de\/teilchen\/wp-json\/wp\/v2\/posts\/20167\/revisions\/20365"}],"wp:featuredmedia":[{"embeddable":true,"href":"https:\/\/blog.zeit.de\/teilchen\/wp-json\/wp\/v2\/media\/20171"}],"wp:attachment":[{"href":"https:\/\/blog.zeit.de\/teilchen\/wp-json\/wp\/v2\/media?parent=20167"}],"wp:term":[{"taxonomy":"category","embeddable":true,"href":"https:\/\/blog.zeit.de\/teilchen\/wp-json\/wp\/v2\/categories?post=20167"},{"taxonomy":"post_tag","embeddable":true,"href":"https:\/\/blog.zeit.de\/teilchen\/wp-json\/wp\/v2\/tags?post=20167"}],"curies":[{"name":"wp","href":"https:\/\/api.w.org\/{rel}","templated":true}]}}