{"id":2018,"date":"2015-03-10T10:51:07","date_gmt":"2015-03-10T09:51:07","guid":{"rendered":"http:\/\/blog.zeit.de\/teilchen\/?p=2018"},"modified":"2015-03-10T12:43:22","modified_gmt":"2015-03-10T11:43:22","slug":"st-pauli-die-antipinkler-initiative","status":"publish","type":"post","link":"https:\/\/blog.zeit.de\/teilchen\/2015\/03\/10\/st-pauli-die-antipinkler-initiative\/","title":{"rendered":"Die Antipinkler-Initiative in St. Pauli"},"content":{"rendered":"\n<div class=\"embed-wrapper embed-wrapper--blocked js-embed-consent\" data-method=\"iframe\">\n<script class=\"raw__source\" type=\"text\/template\"><iframe loading=\"lazy\" frameborder=\"0\" height=\"326\" src=\"https:\/\/www.youtube.com\/embed\/uoN5EteWCH8\" width=\"580\"><\/iframe><\/script>\n<div class=\"embed-wrapper__inner\">\n<div class=\"embed-wrapper__text\">\n<h3>Empfohlener redaktioneller Inhalt<\/h3>\n<p data-replace=\"no\">An dieser Stelle finden Sie externen Inhalt, der den Artikel erg\u00e4nzt. Sie k\u00f6nnen sich externe Inhalte mit einem Klick anzeigen lassen und wieder ausblenden.<noscript>Bitte aktivieren Sie JavaScript damit Sie diesen Inhalt anzeigen k\u00f6nnen.<\/noscript><\/p>\n<\/div>\n<div class=\"embed-consent\">\n<label class=\"embed-consent__toggle\">\n<input class=\"js-embed-consent__toggle\" type=\"checkbox\" autocomplete=\"off\">\n<span><\/span>\nExterner Inhalt\n<\/label>\n<a href=\"https:\/\/www.zeit.de\/hilfe\/datenschutz\" target=\"_blank\" class=\"embed-consent__datalink-when-active\">Datenschutzerkl\u00e4rung<\/a>\n<\/div>\n<div class=\"embed-wrapper__footer\">\n<p data-replace=\"no\">\nIch bin damit einverstanden, dass mir externe Inhalte angezeigt werden. Damit k\u00f6nnen personenbezogene Daten an Drittplattformen \u00fcbermittelt werden. <a href=\"https:\/\/www.zeit.de\/hilfe\/datenschutz\" target=\"_blank\">Mehr dazu in unserer Datenschutzerkl\u00e4rung.<\/a>\n<\/p>\n<\/div>\n<\/div>\n<\/div>\n<p><a href=\"http:\/\/www.zeit.de\/hamburg\/2014-04\/davidwache-st-pauli-hamburg\">St. Pauli<\/a> ist nicht nur eine Am\u00fcsiermeile und Partyhochburg, sondern auch ein Riesenklo. Viele Besucher erleichtern sich an Ecken und Hausw\u00e4nden w\u00e4hrend ihrer Vergn\u00fcgungstour. Das stinkt offenbar nicht nur den Bewohnern, sondern vor allem der gewerblich orientierten Interessengemeinschaft St. Pauli.<br \/>\n<!--more--><\/p>\n<p>Sie will das gesch\u00e4ftssch\u00e4digende Verhalten der Besucher beenden und hat fl\u00fcssigkeitsabweisenden Lack an Hausw\u00e4nde im Viertel streichen lassen. Der l\u00e4sst den Urin abperlen. Das Video kostet diesen Schadenfreude-Moment aus und zeigt Pinkler, die sich vermeintlich nasse Hosen oder F\u00fc\u00dfe holen. Ganz nebenbei wirbt es f\u00fcr den Lack des US-amerikanischen Herstellers.<\/p>\n<p>Die \u00fcbel riechenden B\u00fcrgersteige und Hausw\u00e4nde sind durch die publikumswirksame Aktion allerdings nicht beseitigt. Da w\u00fcrden nur mehr \u00f6ffentliche Toiletten helfen.<\/p>\n<p><em>Weitere <a href=\"https:\/\/blog.zeit.de\/teilchen\/\" target=\"_blank\">Teilchen finden Sie<\/a> <a href=\"https:\/\/blog.zeit.de\/teilchen\/\">hier<\/a>.<\/em><\/p>\n","protected":false},"excerpt":{"rendered":"<p>Empfohlener redaktioneller Inhalt An dieser Stelle finden Sie externen Inhalt, der den Artikel erg\u00e4nzt. Sie k\u00f6nnen sich externe Inhalte mit einem Klick anzeigen lassen [\u2026]<\/p>\n","protected":false},"author":512,"featured_media":0,"comment_status":"open","ping_status":"closed","sticky":false,"template":"","format":"standard","meta":{"_jetpack_memberships_contains_paid_content":false,"footnotes":""},"categories":[28],"tags":[],"class_list":["post-2018","post","type-post","status-publish","format-standard","hentry","category-video"],"yoast_head":"<!-- This site is optimized with the Yoast SEO plugin v21.0 - https:\/\/yoast.com\/wordpress\/plugins\/seo\/ -->\n<title>Die Antipinkler-Initiative in St. Pauli &#8902; Teilchen<\/title>\n<meta name=\"description\" content=\"St. Pauli ist nicht nur eine Am\u00fcsiermeile, sondern auch ein Riesenklo. Deshalb wurden die H\u00e4userw\u00e4nde jetzt mit fl\u00fcssigkeitsabweisenden Lack gestrichen.\" \/>\n<meta name=\"robots\" content=\"index, follow, max-snippet:-1, max-image-preview:large, max-video-preview:-1\" \/>\n<link rel=\"canonical\" href=\"https:\/\/blog.zeit.de\/teilchen\/2015\/03\/10\/st-pauli-die-antipinkler-initiative\/\" \/>\n<meta property=\"og:locale\" content=\"de_DE\" \/>\n<meta property=\"og:type\" content=\"article\" \/>\n<meta property=\"og:title\" content=\"Die Antipinkler-Initiative in St. Pauli &#8902; Teilchen\" \/>\n<meta property=\"og:description\" content=\"St. Pauli ist nicht nur eine Am\u00fcsiermeile, sondern auch ein Riesenklo. Deshalb wurden die H\u00e4userw\u00e4nde jetzt mit fl\u00fcssigkeitsabweisenden Lack gestrichen.\" \/>\n<meta property=\"og:url\" content=\"https:\/\/blog.zeit.de\/teilchen\/2015\/03\/10\/st-pauli-die-antipinkler-initiative\/\" \/>\n<meta property=\"og:site_name\" content=\"Teilchen\" \/>\n<meta property=\"article:published_time\" content=\"2015-03-10T09:51:07+00:00\" \/>\n<meta property=\"article:modified_time\" content=\"2015-03-10T11:43:22+00:00\" \/>\n<meta property=\"og:image\" content=\"https:\/\/blog.zeit.de\/teilchen\/files\/2015\/03\/teilchen-facebook-fallback.jpg\" \/>\n\t<meta property=\"og:image:width\" content=\"1200\" \/>\n\t<meta property=\"og:image:height\" content=\"900\" \/>\n\t<meta property=\"og:image:type\" content=\"image\/jpeg\" \/>\n<meta name=\"author\" content=\"Ute Brandenburger\" \/>\n<meta name=\"twitter:card\" content=\"summary_large_image\" \/>\n<meta name=\"twitter:creator\" content=\"@zeitonline\" \/>\n<meta name=\"twitter:site\" content=\"@zeitonline\" \/>\n<meta name=\"twitter:label1\" content=\"Geschrieben von\" \/>\n\t<meta name=\"twitter:data1\" content=\"Ute Brandenburger\" \/>\n\t<meta name=\"twitter:label2\" content=\"Gesch\u00e4tzte Lesezeit\" \/>\n\t<meta name=\"twitter:data2\" content=\"1\u00a0Minute\" \/>\n<script type=\"application\/ld+json\" class=\"yoast-schema-graph\">{\"@context\":\"https:\/\/schema.org\",\"@graph\":[{\"@type\":\"WebPage\",\"@id\":\"https:\/\/blog.zeit.de\/teilchen\/2015\/03\/10\/st-pauli-die-antipinkler-initiative\/\",\"url\":\"https:\/\/blog.zeit.de\/teilchen\/2015\/03\/10\/st-pauli-die-antipinkler-initiative\/\",\"name\":\"Die Antipinkler-Initiative in St. Pauli &#8902; Teilchen\",\"isPartOf\":{\"@id\":\"https:\/\/blog.zeit.de\/teilchen\/#website\"},\"datePublished\":\"2015-03-10T09:51:07+00:00\",\"dateModified\":\"2015-03-10T11:43:22+00:00\",\"author\":{\"@id\":\"https:\/\/blog.zeit.de\/teilchen\/#\/schema\/person\/3599364aa80e33724066a76409d02a81\"},\"description\":\"St. Pauli ist nicht nur eine Am\u00fcsiermeile, sondern auch ein Riesenklo. Deshalb wurden die H\u00e4userw\u00e4nde jetzt mit fl\u00fcssigkeitsabweisenden Lack gestrichen.\",\"breadcrumb\":{\"@id\":\"https:\/\/blog.zeit.de\/teilchen\/2015\/03\/10\/st-pauli-die-antipinkler-initiative\/#breadcrumb\"},\"inLanguage\":\"de\",\"potentialAction\":[{\"@type\":\"ReadAction\",\"target\":[\"https:\/\/blog.zeit.de\/teilchen\/2015\/03\/10\/st-pauli-die-antipinkler-initiative\/\"]}]},{\"@type\":\"BreadcrumbList\",\"@id\":\"https:\/\/blog.zeit.de\/teilchen\/2015\/03\/10\/st-pauli-die-antipinkler-initiative\/#breadcrumb\",\"itemListElement\":[{\"@type\":\"ListItem\",\"position\":1,\"name\":\"Startseite\",\"item\":\"https:\/\/blog.zeit.de\/teilchen\/\"},{\"@type\":\"ListItem\",\"position\":2,\"name\":\"Die Antipinkler-Initiative in St. Pauli\"}]},{\"@type\":\"WebSite\",\"@id\":\"https:\/\/blog.zeit.de\/teilchen\/#website\",\"url\":\"https:\/\/blog.zeit.de\/teilchen\/\",\"name\":\"Teilchen\",\"description\":\"Im Netz verstecken sich kleine Sch\u00e4tze - ZEIT ONLINE findet sie.\",\"potentialAction\":[{\"@type\":\"SearchAction\",\"target\":{\"@type\":\"EntryPoint\",\"urlTemplate\":\"https:\/\/blog.zeit.de\/teilchen\/?s={search_term_string}\"},\"query-input\":\"required name=search_term_string\"}],\"inLanguage\":\"de\"},{\"@type\":\"Person\",\"@id\":\"https:\/\/blog.zeit.de\/teilchen\/#\/schema\/person\/3599364aa80e33724066a76409d02a81\",\"name\":\"Ute Brandenburger\",\"image\":{\"@type\":\"ImageObject\",\"inLanguage\":\"de\",\"@id\":\"https:\/\/blog.zeit.de\/teilchen\/#\/schema\/person\/image\/\",\"url\":\"https:\/\/secure.gravatar.com\/avatar\/3ae1b71ab9eac8344bcb58029669bed2b7885f48c244759bdd77bab578bee5dc?s=96&d=mm&r=g\",\"contentUrl\":\"https:\/\/secure.gravatar.com\/avatar\/3ae1b71ab9eac8344bcb58029669bed2b7885f48c244759bdd77bab578bee5dc?s=96&d=mm&r=g\",\"caption\":\"Ute Brandenburger\"},\"description\":\"ist Redakteurin bei ZEIT ONLINE.\",\"url\":\"https:\/\/blog.zeit.de\/teilchen\/author\/ubrandenburger\/\"}]}<\/script>\n<!-- \/ Yoast SEO plugin. -->","yoast_head_json":{"title":"Die Antipinkler-Initiative in St. Pauli &#8902; Teilchen","description":"St. Pauli ist nicht nur eine Am\u00fcsiermeile, sondern auch ein Riesenklo. Deshalb wurden die H\u00e4userw\u00e4nde jetzt mit fl\u00fcssigkeitsabweisenden Lack gestrichen.","robots":{"index":"index","follow":"follow","max-snippet":"max-snippet:-1","max-image-preview":"max-image-preview:large","max-video-preview":"max-video-preview:-1"},"canonical":"https:\/\/blog.zeit.de\/teilchen\/2015\/03\/10\/st-pauli-die-antipinkler-initiative\/","og_locale":"de_DE","og_type":"article","og_title":"Die Antipinkler-Initiative in St. Pauli &#8902; Teilchen","og_description":"St. Pauli ist nicht nur eine Am\u00fcsiermeile, sondern auch ein Riesenklo. Deshalb wurden die H\u00e4userw\u00e4nde jetzt mit fl\u00fcssigkeitsabweisenden Lack gestrichen.","og_url":"https:\/\/blog.zeit.de\/teilchen\/2015\/03\/10\/st-pauli-die-antipinkler-initiative\/","og_site_name":"Teilchen","article_published_time":"2015-03-10T09:51:07+00:00","article_modified_time":"2015-03-10T11:43:22+00:00","og_image":[{"width":1200,"height":900,"url":"https:\/\/blog.zeit.de\/teilchen\/files\/2015\/03\/teilchen-facebook-fallback.jpg","type":"image\/jpeg"}],"author":"Ute Brandenburger","twitter_card":"summary_large_image","twitter_creator":"@zeitonline","twitter_site":"@zeitonline","twitter_misc":{"Geschrieben von":"Ute Brandenburger","Gesch\u00e4tzte Lesezeit":"1\u00a0Minute"},"schema":{"@context":"https:\/\/schema.org","@graph":[{"@type":"WebPage","@id":"https:\/\/blog.zeit.de\/teilchen\/2015\/03\/10\/st-pauli-die-antipinkler-initiative\/","url":"https:\/\/blog.zeit.de\/teilchen\/2015\/03\/10\/st-pauli-die-antipinkler-initiative\/","name":"Die Antipinkler-Initiative in St. Pauli &#8902; Teilchen","isPartOf":{"@id":"https:\/\/blog.zeit.de\/teilchen\/#website"},"datePublished":"2015-03-10T09:51:07+00:00","dateModified":"2015-03-10T11:43:22+00:00","author":{"@id":"https:\/\/blog.zeit.de\/teilchen\/#\/schema\/person\/3599364aa80e33724066a76409d02a81"},"description":"St. Pauli ist nicht nur eine Am\u00fcsiermeile, sondern auch ein Riesenklo. Deshalb wurden die H\u00e4userw\u00e4nde jetzt mit fl\u00fcssigkeitsabweisenden Lack gestrichen.","breadcrumb":{"@id":"https:\/\/blog.zeit.de\/teilchen\/2015\/03\/10\/st-pauli-die-antipinkler-initiative\/#breadcrumb"},"inLanguage":"de","potentialAction":[{"@type":"ReadAction","target":["https:\/\/blog.zeit.de\/teilchen\/2015\/03\/10\/st-pauli-die-antipinkler-initiative\/"]}]},{"@type":"BreadcrumbList","@id":"https:\/\/blog.zeit.de\/teilchen\/2015\/03\/10\/st-pauli-die-antipinkler-initiative\/#breadcrumb","itemListElement":[{"@type":"ListItem","position":1,"name":"Startseite","item":"https:\/\/blog.zeit.de\/teilchen\/"},{"@type":"ListItem","position":2,"name":"Die Antipinkler-Initiative in St. Pauli"}]},{"@type":"WebSite","@id":"https:\/\/blog.zeit.de\/teilchen\/#website","url":"https:\/\/blog.zeit.de\/teilchen\/","name":"Teilchen","description":"Im Netz verstecken sich kleine Sch\u00e4tze - ZEIT ONLINE findet sie.","potentialAction":[{"@type":"SearchAction","target":{"@type":"EntryPoint","urlTemplate":"https:\/\/blog.zeit.de\/teilchen\/?s={search_term_string}"},"query-input":"required name=search_term_string"}],"inLanguage":"de"},{"@type":"Person","@id":"https:\/\/blog.zeit.de\/teilchen\/#\/schema\/person\/3599364aa80e33724066a76409d02a81","name":"Ute Brandenburger","image":{"@type":"ImageObject","inLanguage":"de","@id":"https:\/\/blog.zeit.de\/teilchen\/#\/schema\/person\/image\/","url":"https:\/\/secure.gravatar.com\/avatar\/3ae1b71ab9eac8344bcb58029669bed2b7885f48c244759bdd77bab578bee5dc?s=96&d=mm&r=g","contentUrl":"https:\/\/secure.gravatar.com\/avatar\/3ae1b71ab9eac8344bcb58029669bed2b7885f48c244759bdd77bab578bee5dc?s=96&d=mm&r=g","caption":"Ute Brandenburger"},"description":"ist Redakteurin bei ZEIT ONLINE.","url":"https:\/\/blog.zeit.de\/teilchen\/author\/ubrandenburger\/"}]}},"jetpack_featured_media_url":"","jetpack_sharing_enabled":true,"_links":{"self":[{"href":"https:\/\/blog.zeit.de\/teilchen\/wp-json\/wp\/v2\/posts\/2018","targetHints":{"allow":["GET"]}}],"collection":[{"href":"https:\/\/blog.zeit.de\/teilchen\/wp-json\/wp\/v2\/posts"}],"about":[{"href":"https:\/\/blog.zeit.de\/teilchen\/wp-json\/wp\/v2\/types\/post"}],"author":[{"embeddable":true,"href":"https:\/\/blog.zeit.de\/teilchen\/wp-json\/wp\/v2\/users\/512"}],"replies":[{"embeddable":true,"href":"https:\/\/blog.zeit.de\/teilchen\/wp-json\/wp\/v2\/comments?post=2018"}],"version-history":[{"count":7,"href":"https:\/\/blog.zeit.de\/teilchen\/wp-json\/wp\/v2\/posts\/2018\/revisions"}],"predecessor-version":[{"id":2106,"href":"https:\/\/blog.zeit.de\/teilchen\/wp-json\/wp\/v2\/posts\/2018\/revisions\/2106"}],"wp:attachment":[{"href":"https:\/\/blog.zeit.de\/teilchen\/wp-json\/wp\/v2\/media?parent=2018"}],"wp:term":[{"taxonomy":"category","embeddable":true,"href":"https:\/\/blog.zeit.de\/teilchen\/wp-json\/wp\/v2\/categories?post=2018"},{"taxonomy":"post_tag","embeddable":true,"href":"https:\/\/blog.zeit.de\/teilchen\/wp-json\/wp\/v2\/tags?post=2018"}],"curies":[{"name":"wp","href":"https:\/\/api.w.org\/{rel}","templated":true}]}}