{"id":20369,"date":"2021-01-14T15:47:42","date_gmt":"2021-01-14T14:47:42","guid":{"rendered":"https:\/\/blog.zeit.de\/teilchen\/?p=20369"},"modified":"2021-01-15T13:36:21","modified_gmt":"2021-01-15T12:36:21","slug":"corona-pflegekraft-gedicht-poetry-slam-krankenschwester-livia-warch","status":"publish","type":"post","link":"https:\/\/blog.zeit.de\/teilchen\/2021\/01\/14\/corona-pflegekraft-gedicht-poetry-slam-krankenschwester-livia-warch\/","title":{"rendered":"&#8222;Nichts h\u00e4tte mich darauf vorbereiten k\u00f6nnen&#8220;"},"content":{"rendered":"\n<div class=\"embed-wrapper embed-wrapper--blocked js-embed-consent\" data-method=\"embed\">\n<script class=\"raw__source\" type=\"text\/template\"><iframe loading=\"lazy\" title=\"Zwischen uns Welten (und FFP2)\" width=\"640\" height=\"360\" src=\"https:\/\/www.youtube-nocookie.com\/embed\/BJnXQlgDrLI?feature=oembed\" frameborder=\"0\" allow=\"accelerometer; autoplay; clipboard-write; encrypted-media; gyroscope; picture-in-picture; web-share\" referrerpolicy=\"strict-origin-when-cross-origin\" allowfullscreen><\/iframe><\/script>\n<div class=\"embed-wrapper__inner\">\n<div class=\"embed-wrapper__text\">\n<h3>Empfohlener redaktioneller Inhalt<\/h3>\n<p data-replace=\"no\">An dieser Stelle finden Sie externen Inhalt, der den Artikel erg\u00e4nzt. Sie k\u00f6nnen sich externe Inhalte mit einem Klick anzeigen lassen und wieder ausblenden.<noscript>Bitte aktivieren Sie JavaScript damit Sie diesen Inhalt anzeigen k\u00f6nnen.<\/noscript><\/p>\n<\/div>\n<div class=\"embed-consent\">\n<label class=\"embed-consent__toggle\">\n<input class=\"js-embed-consent__toggle\" type=\"checkbox\" autocomplete=\"off\">\n<span><\/span>\nExterner Inhalt\n<\/label>\n<a href=\"https:\/\/www.zeit.de\/hilfe\/datenschutz\" target=\"_blank\" class=\"embed-consent__datalink-when-active\">Datenschutzerkl\u00e4rung<\/a>\n<\/div>\n<div class=\"embed-wrapper__footer\">\n<p data-replace=\"no\">\nIch bin damit einverstanden, dass mir externe Inhalte angezeigt werden. Damit k\u00f6nnen personenbezogene Daten an Drittplattformen \u00fcbermittelt werden. <a href=\"https:\/\/www.zeit.de\/hilfe\/datenschutz\" target=\"_blank\">Mehr dazu in unserer Datenschutzerkl\u00e4rung.<\/a>\n<\/p>\n<\/div>\n<\/div>\n<\/div>\n<p>Zu Beginn der Corona-Pandemie haben sich in einem Pflegeheim in Hessen mehr als zwei Dutzend Bewohnerinnen, Bewohner und Pflegekr\u00e4fte mit dem Virus infiziert. Drei Menschen sind an der Erkrankung gestorben. Um das Erlebte zu verarbeiten, hat eine Krankenschwester ein Gedicht geschrieben.<\/p>\n<p><!--more--><\/p>\n<p>Livia Warch wollte nur aushelfen, als sie zu Beginn der Corona-Pandemie in einem Wohnheim der Lebenshilfe Dillenburg e.V. einsprang. Ein Gro\u00dfteil des Personals des Wohnheims hatte sich in Quarant\u00e4ne begeben, nachdem sich zehn Bewohner und 16 Pflegekr\u00e4fte mit dem Coronavirus infiziert hatten.<\/p>\n<p>Was sie in der Zeit erlebt hat, hat sie in dem Gedicht <em>Zwischen uns Welten (und FFP2)<\/em> zusammengefasst. Zun\u00e4chst nur f\u00fcr sich selbst. Die ausgebildete Krankenschwester nimmt seit Jahren an Poetry-Slam-Veranstaltungen teil und hat daher \u00dcbung im Ausdruck mit Worten. Monate nach der Zeit im Wohnheim wollte sie dadurch ihre Gedanken und Gef\u00fchle sortieren, schreibt sie auf Facebook. Freunde ermutigten sie, ein Video aufzunehmen, um das Gedicht einer breiteren \u00d6ffentlichkeit zug\u00e4nglich zu machen.<\/p>\n<p>&#8222;Nichts h\u00e4tte mich darauf vorbereiten k\u00f6nnen&#8220;, schreibt sie auf Facebook zu dem Videobeitrag. Sie meint damit die Einsamkeit und Angst, der sie im Wohnheim begegnete. Denn die Bewohnerinnen und Bewohner lebten teilweise wochenlang nur in ihren Zimmern, um Kontakte zu reduzieren \u2013 und weil das Personal knapp war.<\/p>\n<p>Was schon unter gew\u00f6hnlichen Umst\u00e4nden eine Herausforderung bedeutet, wurde zu einer psychischen und k\u00f6rperlichen Belastungsprobe f\u00fcr Bewohner und Pflegekr\u00e4fte. Die Pflege ist f\u00fcr Livia Warch ein sehr intimer Akt. &#8222;Im Grunde \u00fcberschreiten wir dabei die ganze Zeit Grenzen&#8220;, schreibt sie ZEIT ONLINE. &#8222;Die Pflegenden kommen den Menschen so nah wie sonst nur ihre engsten Vertrauten. K\u00f6rperlich bei der Pflege und emotional beim Gespr\u00e4ch.&#8220; Das daf\u00fcr notwendige Vertrauen aufzubauen, daf\u00fcr war die Zeit knapp. Auch die Hygieneregeln, Maske und nach M\u00f6glichkeit Abstand erschwerten die Arbeit.<\/p>\n<p>Trotzdem hat sie dort Beziehungen aufbauen k\u00f6nnen. Besonders ein Bewohner, der in der Zeit verstorben ist, lie\u00df Livia Warch nicht mehr los. Von ihm handelt ihr Gedicht. Vom Kennenlernen, den erschwerten Bedingungen durch Maske und Mangel an Zeit. Das Gedicht erz\u00e4hlt vom Kampf und der Angst und schlie\u00dflich vom Tod. Aber es erz\u00e4hlt auch von einem Leben und einer respektvollen Beziehung.<\/p>\n<p>&#8222;Es soll Menschen sichtbar und h\u00f6rbar machen, die in einer \u00e4hnlichen Situation waren oder sind wie der Wohnheimbewohner, \u00fcber den ich geschrieben habe&#8220;, schreibt sie im Gespr\u00e4ch. &#8222;Die auf Schutz angewiesen sind und die meiste Zeit momentan in Isolation verbringen m\u00fcssen.&#8220; Aber es soll auch die Menschen sichtbar und h\u00f6rbar machen, die sich um diese Menschen k\u00fcmmern.<\/p>\n<p>Tausende haben ihre Worte schon geh\u00f6rt. Auf YouTube schreibt eine Nutzerin: &#8222;Wunder wundersch\u00f6n, r\u00fchrend und einfach so wertsch\u00e4tzend, gutherzig, traurig. Du hast mich v\u00f6llig mitgenommen und zu Tr\u00e4nen ger\u00fchrt. Ich bin baff.&#8220; Ein anderer Nutzer, nach eigener Aussage selbst im medizinischen Bereich t\u00e4tig, schreibt: &#8222;<span class=\"style-scope yt-formatted-string\" dir=\"auto\">Das bringt mich zur\u00fcck an meinen ersten Covid 19 Patienten in der Notaufnahme. Es war mitte Februar 2020, es tut mir leid das wir nicht wussten wie wir mit dir Umgehen sollen, das wir dich nicht retten konnten. Du wolltest doch nur mit deinen gro\u00dfen Kindern schiefahren. <\/span> <span class=\"style-scope yt-formatted-string\" dir=\"auto\">RIP&#8220;<\/span><\/p>\n<ul>\n<li><em>Mehr zum Coronavirus und den aktuellen Entwicklungen finden Sie auf unserer Themenseite.<\/em><\/li>\n<li><em>Weitere Netzfundst\u00fccke gibt&#8217;s im Teilchen-Blog.<\/em><\/li>\n<\/ul>\n<div id=\"main\" class=\"style-scope ytd-comment-renderer\">\n<div id=\"toolbar\" class=\"style-scope ytd-comment-action-buttons-renderer\"><\/div>\n<\/div>\n<div id=\"action-menu\" class=\"style-scope ytd-comment-renderer\"><\/div>\n<p>&nbsp;<\/p>\n","protected":false},"excerpt":{"rendered":"<p>Empfohlener redaktioneller Inhalt An dieser Stelle finden Sie externen Inhalt, der den Artikel erg\u00e4nzt. Sie k\u00f6nnen sich externe Inhalte mit einem Klick anzeigen lassen [\u2026]<\/p>\n","protected":false},"author":1091,"featured_media":0,"comment_status":"open","ping_status":"closed","sticky":false,"template":"","format":"standard","meta":{"_jetpack_memberships_contains_paid_content":false,"footnotes":""},"categories":[28],"tags":[],"class_list":["post-20369","post","type-post","status-publish","format-standard","hentry","category-video"],"yoast_head":"<!-- This site is optimized with the Yoast SEO plugin v21.0 - https:\/\/yoast.com\/wordpress\/plugins\/seo\/ -->\n<title>Pflegekr\u00e4fte in der Pandemie: &quot;Nichts h\u00e4tte mich darauf vorbereiten k\u00f6nnen&quot;<\/title>\n<meta name=\"description\" content=\"Zu Beginn der Pandemie hat eine Corona-Pflegekraft in Hessen ein Gedicht geschrieben, um das Erlebte zu verarbeiten.\" \/>\n<meta name=\"robots\" content=\"index, follow, max-snippet:-1, max-image-preview:large, max-video-preview:-1\" \/>\n<link rel=\"canonical\" href=\"https:\/\/blog.zeit.de\/teilchen\/2021\/01\/14\/corona-pflegekraft-gedicht-poetry-slam-krankenschwester-livia-warch\/\" \/>\n<meta property=\"og:locale\" content=\"de_DE\" \/>\n<meta property=\"og:type\" content=\"article\" \/>\n<meta property=\"og:title\" content=\"Pflegekr\u00e4fte in der Pandemie: &quot;Nichts h\u00e4tte mich darauf vorbereiten k\u00f6nnen&quot;\" \/>\n<meta property=\"og:description\" content=\"Zu Beginn der Pandemie hat eine Corona-Pflegekraft in Hessen ein Gedicht geschrieben, um das Erlebte zu verarbeiten.\" \/>\n<meta property=\"og:url\" content=\"https:\/\/blog.zeit.de\/teilchen\/2021\/01\/14\/corona-pflegekraft-gedicht-poetry-slam-krankenschwester-livia-warch\/\" \/>\n<meta property=\"og:site_name\" content=\"Teilchen\" \/>\n<meta property=\"article:author\" content=\"dennizchmees\" \/>\n<meta property=\"article:published_time\" content=\"2021-01-14T14:47:42+00:00\" \/>\n<meta property=\"article:modified_time\" content=\"2021-01-15T12:36:21+00:00\" \/>\n<meta property=\"og:image\" content=\"https:\/\/blog.zeit.de\/teilchen\/files\/2021\/01\/Bildschirmfoto-2021-01-14-um-11.35.16.png\" \/>\n\t<meta property=\"og:image:width\" content=\"2142\" \/>\n\t<meta property=\"og:image:height\" content=\"1616\" \/>\n\t<meta property=\"og:image:type\" content=\"image\/png\" \/>\n<meta name=\"author\" content=\"Dennis Schmees\" \/>\n<meta name=\"twitter:card\" content=\"summary_large_image\" \/>\n<meta name=\"twitter:image\" content=\"https:\/\/blog.zeit.de\/teilchen\/files\/2021\/01\/Bildschirmfoto-2021-01-14-um-11.35.16.png\" \/>\n<meta name=\"twitter:creator\" content=\"@dennis_schmees\" \/>\n<meta name=\"twitter:site\" content=\"@zeitonline\" \/>\n<meta name=\"twitter:label1\" content=\"Geschrieben von\" \/>\n\t<meta name=\"twitter:data1\" content=\"Dennis Schmees\" \/>\n\t<meta name=\"twitter:label2\" content=\"Gesch\u00e4tzte Lesezeit\" \/>\n\t<meta name=\"twitter:data2\" content=\"3\u00a0Minuten\" \/>\n<script type=\"application\/ld+json\" class=\"yoast-schema-graph\">{\"@context\":\"https:\/\/schema.org\",\"@graph\":[{\"@type\":\"WebPage\",\"@id\":\"https:\/\/blog.zeit.de\/teilchen\/2021\/01\/14\/corona-pflegekraft-gedicht-poetry-slam-krankenschwester-livia-warch\/\",\"url\":\"https:\/\/blog.zeit.de\/teilchen\/2021\/01\/14\/corona-pflegekraft-gedicht-poetry-slam-krankenschwester-livia-warch\/\",\"name\":\"Pflegekr\u00e4fte in der Pandemie: \\\"Nichts h\u00e4tte mich darauf vorbereiten k\u00f6nnen\\\"\",\"isPartOf\":{\"@id\":\"https:\/\/blog.zeit.de\/teilchen\/#website\"},\"datePublished\":\"2021-01-14T14:47:42+00:00\",\"dateModified\":\"2021-01-15T12:36:21+00:00\",\"author\":{\"@id\":\"https:\/\/blog.zeit.de\/teilchen\/#\/schema\/person\/3173b9602fe1857bfd3155a1c04a60eb\"},\"description\":\"Zu Beginn der Pandemie hat eine Corona-Pflegekraft in Hessen ein Gedicht geschrieben, um das Erlebte zu verarbeiten.\",\"breadcrumb\":{\"@id\":\"https:\/\/blog.zeit.de\/teilchen\/2021\/01\/14\/corona-pflegekraft-gedicht-poetry-slam-krankenschwester-livia-warch\/#breadcrumb\"},\"inLanguage\":\"de\",\"potentialAction\":[{\"@type\":\"ReadAction\",\"target\":[\"https:\/\/blog.zeit.de\/teilchen\/2021\/01\/14\/corona-pflegekraft-gedicht-poetry-slam-krankenschwester-livia-warch\/\"]}]},{\"@type\":\"BreadcrumbList\",\"@id\":\"https:\/\/blog.zeit.de\/teilchen\/2021\/01\/14\/corona-pflegekraft-gedicht-poetry-slam-krankenschwester-livia-warch\/#breadcrumb\",\"itemListElement\":[{\"@type\":\"ListItem\",\"position\":1,\"name\":\"Startseite\",\"item\":\"https:\/\/blog.zeit.de\/teilchen\/\"},{\"@type\":\"ListItem\",\"position\":2,\"name\":\"&#8222;Nichts h\u00e4tte mich darauf vorbereiten k\u00f6nnen&#8220;\"}]},{\"@type\":\"WebSite\",\"@id\":\"https:\/\/blog.zeit.de\/teilchen\/#website\",\"url\":\"https:\/\/blog.zeit.de\/teilchen\/\",\"name\":\"Teilchen\",\"description\":\"Im Netz verstecken sich kleine Sch\u00e4tze - ZEIT ONLINE findet sie.\",\"potentialAction\":[{\"@type\":\"SearchAction\",\"target\":{\"@type\":\"EntryPoint\",\"urlTemplate\":\"https:\/\/blog.zeit.de\/teilchen\/?s={search_term_string}\"},\"query-input\":\"required name=search_term_string\"}],\"inLanguage\":\"de\"},{\"@type\":\"Person\",\"@id\":\"https:\/\/blog.zeit.de\/teilchen\/#\/schema\/person\/3173b9602fe1857bfd3155a1c04a60eb\",\"name\":\"Dennis Schmees\",\"image\":{\"@type\":\"ImageObject\",\"inLanguage\":\"de\",\"@id\":\"https:\/\/blog.zeit.de\/teilchen\/#\/schema\/person\/image\/\",\"url\":\"https:\/\/secure.gravatar.com\/avatar\/fa0d0245c1892a564021e04ceecb77447dc0a2f975a6778b7a7b60893f18f9ba?s=96&d=mm&r=g\",\"contentUrl\":\"https:\/\/secure.gravatar.com\/avatar\/fa0d0245c1892a564021e04ceecb77447dc0a2f975a6778b7a7b60893f18f9ba?s=96&d=mm&r=g\",\"caption\":\"Dennis Schmees\"},\"description\":\"ist Redakteur bei Zeit Online. Lebt in Berlin und im Internet.\",\"sameAs\":[\"dennizchmees\",\"https:\/\/twitter.com\/dennis_schmees\"],\"url\":\"https:\/\/blog.zeit.de\/teilchen\/author\/dschmees\/\"}]}<\/script>\n<!-- \/ Yoast SEO plugin. -->","yoast_head_json":{"title":"Pflegekr\u00e4fte in der Pandemie: \"Nichts h\u00e4tte mich darauf vorbereiten k\u00f6nnen\"","description":"Zu Beginn der Pandemie hat eine Corona-Pflegekraft in Hessen ein Gedicht geschrieben, um das Erlebte zu verarbeiten.","robots":{"index":"index","follow":"follow","max-snippet":"max-snippet:-1","max-image-preview":"max-image-preview:large","max-video-preview":"max-video-preview:-1"},"canonical":"https:\/\/blog.zeit.de\/teilchen\/2021\/01\/14\/corona-pflegekraft-gedicht-poetry-slam-krankenschwester-livia-warch\/","og_locale":"de_DE","og_type":"article","og_title":"Pflegekr\u00e4fte in der Pandemie: \"Nichts h\u00e4tte mich darauf vorbereiten k\u00f6nnen\"","og_description":"Zu Beginn der Pandemie hat eine Corona-Pflegekraft in Hessen ein Gedicht geschrieben, um das Erlebte zu verarbeiten.","og_url":"https:\/\/blog.zeit.de\/teilchen\/2021\/01\/14\/corona-pflegekraft-gedicht-poetry-slam-krankenschwester-livia-warch\/","og_site_name":"Teilchen","article_author":"dennizchmees","article_published_time":"2021-01-14T14:47:42+00:00","article_modified_time":"2021-01-15T12:36:21+00:00","og_image":[{"width":2142,"height":1616,"url":"https:\/\/blog.zeit.de\/teilchen\/files\/2021\/01\/Bildschirmfoto-2021-01-14-um-11.35.16.png","type":"image\/png"}],"author":"Dennis Schmees","twitter_card":"summary_large_image","twitter_image":"https:\/\/blog.zeit.de\/teilchen\/files\/2021\/01\/Bildschirmfoto-2021-01-14-um-11.35.16.png","twitter_creator":"@dennis_schmees","twitter_site":"@zeitonline","twitter_misc":{"Geschrieben von":"Dennis Schmees","Gesch\u00e4tzte Lesezeit":"3\u00a0Minuten"},"schema":{"@context":"https:\/\/schema.org","@graph":[{"@type":"WebPage","@id":"https:\/\/blog.zeit.de\/teilchen\/2021\/01\/14\/corona-pflegekraft-gedicht-poetry-slam-krankenschwester-livia-warch\/","url":"https:\/\/blog.zeit.de\/teilchen\/2021\/01\/14\/corona-pflegekraft-gedicht-poetry-slam-krankenschwester-livia-warch\/","name":"Pflegekr\u00e4fte in der Pandemie: \"Nichts h\u00e4tte mich darauf vorbereiten k\u00f6nnen\"","isPartOf":{"@id":"https:\/\/blog.zeit.de\/teilchen\/#website"},"datePublished":"2021-01-14T14:47:42+00:00","dateModified":"2021-01-15T12:36:21+00:00","author":{"@id":"https:\/\/blog.zeit.de\/teilchen\/#\/schema\/person\/3173b9602fe1857bfd3155a1c04a60eb"},"description":"Zu Beginn der Pandemie hat eine Corona-Pflegekraft in Hessen ein Gedicht geschrieben, um das Erlebte zu verarbeiten.","breadcrumb":{"@id":"https:\/\/blog.zeit.de\/teilchen\/2021\/01\/14\/corona-pflegekraft-gedicht-poetry-slam-krankenschwester-livia-warch\/#breadcrumb"},"inLanguage":"de","potentialAction":[{"@type":"ReadAction","target":["https:\/\/blog.zeit.de\/teilchen\/2021\/01\/14\/corona-pflegekraft-gedicht-poetry-slam-krankenschwester-livia-warch\/"]}]},{"@type":"BreadcrumbList","@id":"https:\/\/blog.zeit.de\/teilchen\/2021\/01\/14\/corona-pflegekraft-gedicht-poetry-slam-krankenschwester-livia-warch\/#breadcrumb","itemListElement":[{"@type":"ListItem","position":1,"name":"Startseite","item":"https:\/\/blog.zeit.de\/teilchen\/"},{"@type":"ListItem","position":2,"name":"&#8222;Nichts h\u00e4tte mich darauf vorbereiten k\u00f6nnen&#8220;"}]},{"@type":"WebSite","@id":"https:\/\/blog.zeit.de\/teilchen\/#website","url":"https:\/\/blog.zeit.de\/teilchen\/","name":"Teilchen","description":"Im Netz verstecken sich kleine Sch\u00e4tze - ZEIT ONLINE findet sie.","potentialAction":[{"@type":"SearchAction","target":{"@type":"EntryPoint","urlTemplate":"https:\/\/blog.zeit.de\/teilchen\/?s={search_term_string}"},"query-input":"required name=search_term_string"}],"inLanguage":"de"},{"@type":"Person","@id":"https:\/\/blog.zeit.de\/teilchen\/#\/schema\/person\/3173b9602fe1857bfd3155a1c04a60eb","name":"Dennis Schmees","image":{"@type":"ImageObject","inLanguage":"de","@id":"https:\/\/blog.zeit.de\/teilchen\/#\/schema\/person\/image\/","url":"https:\/\/secure.gravatar.com\/avatar\/fa0d0245c1892a564021e04ceecb77447dc0a2f975a6778b7a7b60893f18f9ba?s=96&d=mm&r=g","contentUrl":"https:\/\/secure.gravatar.com\/avatar\/fa0d0245c1892a564021e04ceecb77447dc0a2f975a6778b7a7b60893f18f9ba?s=96&d=mm&r=g","caption":"Dennis Schmees"},"description":"ist Redakteur bei Zeit Online. Lebt in Berlin und im Internet.","sameAs":["dennizchmees","https:\/\/twitter.com\/dennis_schmees"],"url":"https:\/\/blog.zeit.de\/teilchen\/author\/dschmees\/"}]}},"jetpack_featured_media_url":"","jetpack_sharing_enabled":true,"_links":{"self":[{"href":"https:\/\/blog.zeit.de\/teilchen\/wp-json\/wp\/v2\/posts\/20369","targetHints":{"allow":["GET"]}}],"collection":[{"href":"https:\/\/blog.zeit.de\/teilchen\/wp-json\/wp\/v2\/posts"}],"about":[{"href":"https:\/\/blog.zeit.de\/teilchen\/wp-json\/wp\/v2\/types\/post"}],"author":[{"embeddable":true,"href":"https:\/\/blog.zeit.de\/teilchen\/wp-json\/wp\/v2\/users\/1091"}],"replies":[{"embeddable":true,"href":"https:\/\/blog.zeit.de\/teilchen\/wp-json\/wp\/v2\/comments?post=20369"}],"version-history":[{"count":7,"href":"https:\/\/blog.zeit.de\/teilchen\/wp-json\/wp\/v2\/posts\/20369\/revisions"}],"predecessor-version":[{"id":20384,"href":"https:\/\/blog.zeit.de\/teilchen\/wp-json\/wp\/v2\/posts\/20369\/revisions\/20384"}],"wp:attachment":[{"href":"https:\/\/blog.zeit.de\/teilchen\/wp-json\/wp\/v2\/media?parent=20369"}],"wp:term":[{"taxonomy":"category","embeddable":true,"href":"https:\/\/blog.zeit.de\/teilchen\/wp-json\/wp\/v2\/categories?post=20369"},{"taxonomy":"post_tag","embeddable":true,"href":"https:\/\/blog.zeit.de\/teilchen\/wp-json\/wp\/v2\/tags?post=20369"}],"curies":[{"name":"wp","href":"https:\/\/api.w.org\/{rel}","templated":true}]}}