{"id":2164,"date":"2015-03-13T10:10:45","date_gmt":"2015-03-13T09:10:45","guid":{"rendered":"http:\/\/blog.zeit.de\/teilchen\/?p=2164"},"modified":"2015-03-18T11:20:14","modified_gmt":"2015-03-18T10:20:14","slug":"weltuntergangsstimmung-beim-warten-auf-die-u-bahn","status":"publish","type":"post","link":"https:\/\/blog.zeit.de\/teilchen\/2015\/03\/13\/weltuntergangsstimmung-beim-warten-auf-die-u-bahn\/","title":{"rendered":"Weltuntergangsstimmung beim Warten auf die U-Bahn"},"content":{"rendered":"<p>[vimeo 83663312 w=579 h=326]<\/p>\n<p>Berlin ist nicht gerade die Stadt der fr\u00f6hlichsten Gesichter. Und das ist auch gut so. Schonungslos ehrlich ist auch Adam Magyars Momentaufnahme von wartenden Fahrg\u00e4sten am Alexanderplatz.<\/p>\n<p>Passend in schwarz-wei\u00df gehalten, hat Magyars eine graue Alltagssituation im Berliner Untergrund eingefangen: Die eine tippt auf ihrem Smartphone, der andere putzt, einer liest sogar noch ein Buch, im Hintergrund rennen Schulkinder. Und alle scheinen nur die Stimmungslage zwischen Frust und Tr\u00fcbsal zu kennen.<\/p>\n<p>Die Slow-Motion-Kamerafahrt l\u00e4sst innerhalb der zwei Minuten kein m\u00fcdes Mundwinkelzucken erkennen. Aber vielleicht kommt sie ja gleich, die U-Bahn. Wenn nicht: Der Fr\u00fchling kommt bestimmt und mit ihm auch <a href=\"http:\/\/www.zeit.de\/mobilitaet\/2015-03\/fahrradstadt-berlin-verkehrsplanung-mobilitaet\">g\u00fcnstige Temperaturen zum Fahrradfahren.<br \/>\n<\/a><br \/>\n<em>Weitere <a href=\"https:\/\/blog.zeit.de\/teilchen\/\">Teilchen finden Sie hier.<\/a><\/em><\/p>\n","protected":false},"excerpt":{"rendered":"<p>[vimeo 83663312 w=579 h=326] Berlin ist nicht gerade die Stadt der fr\u00f6hlichsten Gesichter. Und das ist auch gut so. Schonungslos ehrlich ist auch Adam [\u2026]<\/p>\n","protected":false},"author":547,"featured_media":0,"comment_status":"open","ping_status":"closed","sticky":false,"template":"","format":"standard","meta":{"_jetpack_memberships_contains_paid_content":false,"footnotes":""},"categories":[28],"tags":[],"class_list":["post-2164","post","type-post","status-publish","format-standard","hentry","category-video"],"yoast_head":"<!-- This site is optimized with the Yoast SEO plugin v21.0 - https:\/\/yoast.com\/wordpress\/plugins\/seo\/ -->\n<title>Weltuntergangsstimmung beim Warten auf die U-Bahn &#8902; Teilchen<\/title>\n<meta name=\"description\" content=\"DIe Berliner jammern oft \u00fcber graue Wintertage. Auch beim Warten auf die U-Bahn herrscht tr\u00fcbe Stimmung, zeigen die Aufnahmen des K\u00fcnsters Adam Magyar.\" \/>\n<meta name=\"robots\" content=\"index, follow, max-snippet:-1, max-image-preview:large, max-video-preview:-1\" \/>\n<link rel=\"canonical\" href=\"https:\/\/blog.zeit.de\/teilchen\/2015\/03\/13\/weltuntergangsstimmung-beim-warten-auf-die-u-bahn\/\" \/>\n<meta property=\"og:locale\" content=\"de_DE\" \/>\n<meta property=\"og:type\" content=\"article\" \/>\n<meta property=\"og:title\" content=\"Weltuntergangsstimmung beim Warten auf die U-Bahn &#8902; Teilchen\" \/>\n<meta property=\"og:description\" content=\"DIe Berliner jammern oft \u00fcber graue Wintertage. Auch beim Warten auf die U-Bahn herrscht tr\u00fcbe Stimmung, zeigen die Aufnahmen des K\u00fcnsters Adam Magyar.\" \/>\n<meta property=\"og:url\" content=\"https:\/\/blog.zeit.de\/teilchen\/2015\/03\/13\/weltuntergangsstimmung-beim-warten-auf-die-u-bahn\/\" \/>\n<meta property=\"og:site_name\" content=\"Teilchen\" \/>\n<meta property=\"article:published_time\" content=\"2015-03-13T09:10:45+00:00\" \/>\n<meta property=\"article:modified_time\" content=\"2015-03-18T10:20:14+00:00\" \/>\n<meta property=\"og:image\" content=\"https:\/\/blog.zeit.de\/teilchen\/files\/2015\/03\/teilchen-facebook-fallback.jpg\" \/>\n\t<meta property=\"og:image:width\" content=\"1200\" \/>\n\t<meta property=\"og:image:height\" content=\"900\" \/>\n\t<meta property=\"og:image:type\" content=\"image\/jpeg\" \/>\n<meta name=\"author\" content=\"Marie Kamprath\" \/>\n<meta name=\"twitter:card\" content=\"summary_large_image\" \/>\n<meta name=\"twitter:creator\" content=\"@zeitonline\" \/>\n<meta name=\"twitter:site\" content=\"@zeitonline\" \/>\n<meta name=\"twitter:label1\" content=\"Geschrieben von\" \/>\n\t<meta name=\"twitter:data1\" content=\"Marie Kamprath\" \/>\n\t<meta name=\"twitter:label2\" content=\"Gesch\u00e4tzte Lesezeit\" \/>\n\t<meta name=\"twitter:data2\" content=\"1\u00a0Minute\" \/>\n<script type=\"application\/ld+json\" class=\"yoast-schema-graph\">{\"@context\":\"https:\/\/schema.org\",\"@graph\":[{\"@type\":\"WebPage\",\"@id\":\"https:\/\/blog.zeit.de\/teilchen\/2015\/03\/13\/weltuntergangsstimmung-beim-warten-auf-die-u-bahn\/\",\"url\":\"https:\/\/blog.zeit.de\/teilchen\/2015\/03\/13\/weltuntergangsstimmung-beim-warten-auf-die-u-bahn\/\",\"name\":\"Weltuntergangsstimmung beim Warten auf die U-Bahn &#8902; Teilchen\",\"isPartOf\":{\"@id\":\"https:\/\/blog.zeit.de\/teilchen\/#website\"},\"datePublished\":\"2015-03-13T09:10:45+00:00\",\"dateModified\":\"2015-03-18T10:20:14+00:00\",\"author\":{\"@id\":\"https:\/\/blog.zeit.de\/teilchen\/#\/schema\/person\/2e03b18ad9a176dfbeda9bb2901607cc\"},\"description\":\"DIe Berliner jammern oft \u00fcber graue Wintertage. Auch beim Warten auf die U-Bahn herrscht tr\u00fcbe Stimmung, zeigen die Aufnahmen des K\u00fcnsters Adam Magyar.\",\"breadcrumb\":{\"@id\":\"https:\/\/blog.zeit.de\/teilchen\/2015\/03\/13\/weltuntergangsstimmung-beim-warten-auf-die-u-bahn\/#breadcrumb\"},\"inLanguage\":\"de\",\"potentialAction\":[{\"@type\":\"ReadAction\",\"target\":[\"https:\/\/blog.zeit.de\/teilchen\/2015\/03\/13\/weltuntergangsstimmung-beim-warten-auf-die-u-bahn\/\"]}]},{\"@type\":\"BreadcrumbList\",\"@id\":\"https:\/\/blog.zeit.de\/teilchen\/2015\/03\/13\/weltuntergangsstimmung-beim-warten-auf-die-u-bahn\/#breadcrumb\",\"itemListElement\":[{\"@type\":\"ListItem\",\"position\":1,\"name\":\"Startseite\",\"item\":\"https:\/\/blog.zeit.de\/teilchen\/\"},{\"@type\":\"ListItem\",\"position\":2,\"name\":\"Weltuntergangsstimmung beim Warten auf die U-Bahn\"}]},{\"@type\":\"WebSite\",\"@id\":\"https:\/\/blog.zeit.de\/teilchen\/#website\",\"url\":\"https:\/\/blog.zeit.de\/teilchen\/\",\"name\":\"Teilchen\",\"description\":\"Im Netz verstecken sich kleine Sch\u00e4tze - ZEIT ONLINE findet sie.\",\"potentialAction\":[{\"@type\":\"SearchAction\",\"target\":{\"@type\":\"EntryPoint\",\"urlTemplate\":\"https:\/\/blog.zeit.de\/teilchen\/?s={search_term_string}\"},\"query-input\":\"required name=search_term_string\"}],\"inLanguage\":\"de\"},{\"@type\":\"Person\",\"@id\":\"https:\/\/blog.zeit.de\/teilchen\/#\/schema\/person\/2e03b18ad9a176dfbeda9bb2901607cc\",\"name\":\"Marie Kamprath\",\"image\":{\"@type\":\"ImageObject\",\"inLanguage\":\"de\",\"@id\":\"https:\/\/blog.zeit.de\/teilchen\/#\/schema\/person\/image\/\",\"url\":\"https:\/\/secure.gravatar.com\/avatar\/ea0e406521f2c1e0bb3d63ffba23f22d0be3aafcf53c88ff1c65074d90b5ab50?s=96&d=mm&r=g\",\"contentUrl\":\"https:\/\/secure.gravatar.com\/avatar\/ea0e406521f2c1e0bb3d63ffba23f22d0be3aafcf53c88ff1c65074d90b5ab50?s=96&d=mm&r=g\",\"caption\":\"Marie Kamprath\"},\"description\":\"ist Autorin bei ZEIT ONLINE.\",\"url\":\"https:\/\/blog.zeit.de\/teilchen\/author\/mariekamprath\/\"}]}<\/script>\n<!-- \/ Yoast SEO plugin. -->","yoast_head_json":{"title":"Weltuntergangsstimmung beim Warten auf die U-Bahn &#8902; Teilchen","description":"DIe Berliner jammern oft \u00fcber graue Wintertage. Auch beim Warten auf die U-Bahn herrscht tr\u00fcbe Stimmung, zeigen die Aufnahmen des K\u00fcnsters Adam Magyar.","robots":{"index":"index","follow":"follow","max-snippet":"max-snippet:-1","max-image-preview":"max-image-preview:large","max-video-preview":"max-video-preview:-1"},"canonical":"https:\/\/blog.zeit.de\/teilchen\/2015\/03\/13\/weltuntergangsstimmung-beim-warten-auf-die-u-bahn\/","og_locale":"de_DE","og_type":"article","og_title":"Weltuntergangsstimmung beim Warten auf die U-Bahn &#8902; Teilchen","og_description":"DIe Berliner jammern oft \u00fcber graue Wintertage. Auch beim Warten auf die U-Bahn herrscht tr\u00fcbe Stimmung, zeigen die Aufnahmen des K\u00fcnsters Adam Magyar.","og_url":"https:\/\/blog.zeit.de\/teilchen\/2015\/03\/13\/weltuntergangsstimmung-beim-warten-auf-die-u-bahn\/","og_site_name":"Teilchen","article_published_time":"2015-03-13T09:10:45+00:00","article_modified_time":"2015-03-18T10:20:14+00:00","og_image":[{"width":1200,"height":900,"url":"https:\/\/blog.zeit.de\/teilchen\/files\/2015\/03\/teilchen-facebook-fallback.jpg","type":"image\/jpeg"}],"author":"Marie Kamprath","twitter_card":"summary_large_image","twitter_creator":"@zeitonline","twitter_site":"@zeitonline","twitter_misc":{"Geschrieben von":"Marie Kamprath","Gesch\u00e4tzte Lesezeit":"1\u00a0Minute"},"schema":{"@context":"https:\/\/schema.org","@graph":[{"@type":"WebPage","@id":"https:\/\/blog.zeit.de\/teilchen\/2015\/03\/13\/weltuntergangsstimmung-beim-warten-auf-die-u-bahn\/","url":"https:\/\/blog.zeit.de\/teilchen\/2015\/03\/13\/weltuntergangsstimmung-beim-warten-auf-die-u-bahn\/","name":"Weltuntergangsstimmung beim Warten auf die U-Bahn &#8902; Teilchen","isPartOf":{"@id":"https:\/\/blog.zeit.de\/teilchen\/#website"},"datePublished":"2015-03-13T09:10:45+00:00","dateModified":"2015-03-18T10:20:14+00:00","author":{"@id":"https:\/\/blog.zeit.de\/teilchen\/#\/schema\/person\/2e03b18ad9a176dfbeda9bb2901607cc"},"description":"DIe Berliner jammern oft \u00fcber graue Wintertage. Auch beim Warten auf die U-Bahn herrscht tr\u00fcbe Stimmung, zeigen die Aufnahmen des K\u00fcnsters Adam Magyar.","breadcrumb":{"@id":"https:\/\/blog.zeit.de\/teilchen\/2015\/03\/13\/weltuntergangsstimmung-beim-warten-auf-die-u-bahn\/#breadcrumb"},"inLanguage":"de","potentialAction":[{"@type":"ReadAction","target":["https:\/\/blog.zeit.de\/teilchen\/2015\/03\/13\/weltuntergangsstimmung-beim-warten-auf-die-u-bahn\/"]}]},{"@type":"BreadcrumbList","@id":"https:\/\/blog.zeit.de\/teilchen\/2015\/03\/13\/weltuntergangsstimmung-beim-warten-auf-die-u-bahn\/#breadcrumb","itemListElement":[{"@type":"ListItem","position":1,"name":"Startseite","item":"https:\/\/blog.zeit.de\/teilchen\/"},{"@type":"ListItem","position":2,"name":"Weltuntergangsstimmung beim Warten auf die U-Bahn"}]},{"@type":"WebSite","@id":"https:\/\/blog.zeit.de\/teilchen\/#website","url":"https:\/\/blog.zeit.de\/teilchen\/","name":"Teilchen","description":"Im Netz verstecken sich kleine Sch\u00e4tze - ZEIT ONLINE findet sie.","potentialAction":[{"@type":"SearchAction","target":{"@type":"EntryPoint","urlTemplate":"https:\/\/blog.zeit.de\/teilchen\/?s={search_term_string}"},"query-input":"required name=search_term_string"}],"inLanguage":"de"},{"@type":"Person","@id":"https:\/\/blog.zeit.de\/teilchen\/#\/schema\/person\/2e03b18ad9a176dfbeda9bb2901607cc","name":"Marie Kamprath","image":{"@type":"ImageObject","inLanguage":"de","@id":"https:\/\/blog.zeit.de\/teilchen\/#\/schema\/person\/image\/","url":"https:\/\/secure.gravatar.com\/avatar\/ea0e406521f2c1e0bb3d63ffba23f22d0be3aafcf53c88ff1c65074d90b5ab50?s=96&d=mm&r=g","contentUrl":"https:\/\/secure.gravatar.com\/avatar\/ea0e406521f2c1e0bb3d63ffba23f22d0be3aafcf53c88ff1c65074d90b5ab50?s=96&d=mm&r=g","caption":"Marie Kamprath"},"description":"ist Autorin bei ZEIT ONLINE.","url":"https:\/\/blog.zeit.de\/teilchen\/author\/mariekamprath\/"}]}},"jetpack_featured_media_url":"","jetpack_sharing_enabled":true,"_links":{"self":[{"href":"https:\/\/blog.zeit.de\/teilchen\/wp-json\/wp\/v2\/posts\/2164","targetHints":{"allow":["GET"]}}],"collection":[{"href":"https:\/\/blog.zeit.de\/teilchen\/wp-json\/wp\/v2\/posts"}],"about":[{"href":"https:\/\/blog.zeit.de\/teilchen\/wp-json\/wp\/v2\/types\/post"}],"author":[{"embeddable":true,"href":"https:\/\/blog.zeit.de\/teilchen\/wp-json\/wp\/v2\/users\/547"}],"replies":[{"embeddable":true,"href":"https:\/\/blog.zeit.de\/teilchen\/wp-json\/wp\/v2\/comments?post=2164"}],"version-history":[{"count":6,"href":"https:\/\/blog.zeit.de\/teilchen\/wp-json\/wp\/v2\/posts\/2164\/revisions"}],"predecessor-version":[{"id":2350,"href":"https:\/\/blog.zeit.de\/teilchen\/wp-json\/wp\/v2\/posts\/2164\/revisions\/2350"}],"wp:attachment":[{"href":"https:\/\/blog.zeit.de\/teilchen\/wp-json\/wp\/v2\/media?parent=2164"}],"wp:term":[{"taxonomy":"category","embeddable":true,"href":"https:\/\/blog.zeit.de\/teilchen\/wp-json\/wp\/v2\/categories?post=2164"},{"taxonomy":"post_tag","embeddable":true,"href":"https:\/\/blog.zeit.de\/teilchen\/wp-json\/wp\/v2\/tags?post=2164"}],"curies":[{"name":"wp","href":"https:\/\/api.w.org\/{rel}","templated":true}]}}