{"id":2319,"date":"2015-03-20T15:00:01","date_gmt":"2015-03-20T14:00:01","guid":{"rendered":"http:\/\/blog.zeit.de\/teilchen\/?p=2319"},"modified":"2015-03-20T17:00:56","modified_gmt":"2015-03-20T16:00:56","slug":"yoga-krieger-kolumbien","status":"publish","type":"post","link":"https:\/\/blog.zeit.de\/teilchen\/2015\/03\/20\/yoga-krieger-kolumbien\/","title":{"rendered":"Die Kraft der yogischen Krieger"},"content":{"rendered":"<p><figure id=\"attachment_2320\" aria-describedby=\"caption-attachment-2320\" style=\"width: 580px\" class=\"wp-caption alignleft\"><a href=\"https:\/\/blog.zeit.de\/teilchen\/files\/2015\/03\/Bildschirmfoto-2015-03-17-um-18.44.19.png\"><img loading=\"lazy\" decoding=\"async\" class=\"wp-image-2320 size-medium\" src=\"https:\/\/blog.zeit.de\/teilchen\/files\/2015\/03\/Bildschirmfoto-2015-03-17-um-18.44.19-580x372.png\" alt=\"Yoga\" width=\"580\" height=\"372\" srcset=\"https:\/\/blog.zeit.de\/teilchen\/files\/2015\/03\/Bildschirmfoto-2015-03-17-um-18.44.19-580x372.png 580w, https:\/\/blog.zeit.de\/teilchen\/files\/2015\/03\/Bildschirmfoto-2015-03-17-um-18.44.19-1024x656.png 1024w, https:\/\/blog.zeit.de\/teilchen\/files\/2015\/03\/Bildschirmfoto-2015-03-17-um-18.44.19.png 1512w\" sizes=\"auto, (max-width: 580px) 100vw, 580px\" \/><\/a><figcaption id=\"caption-attachment-2320\" class=\"wp-caption-text\">\u00a9 Taro Taylor \/ Creative Commons via Quartz<\/figcaption><\/figure><\/p>\n<p>Yoga-Aficionados kennen die Figur des Kriegers. Der steht im Ausfallschritt, die Arme weit ausgebreitet oder \u00fcber den Kopf gereckt, mit geradem R\u00fccken und stolz nach vorne geschobener Brust. Erhobenen Kopfes und zugleich fest mit der Erde verbunden blickt der Krieger dem Leben mutig und gelassen entgegen. Wer regelm\u00e4\u00dfig diese Haltung einnimmt, soll auch innerlich an Kraft, Festigkeit und Harmonie gewinnen, <a href=\"http:\/\/www.asanayoga.de\/blog\/virabhadrasana-1-krieger-1\/\" target=\"_blank\">hei\u00dft es im Yoga<\/a>.<\/p>\n<p>In Kolumbien gibt es Yoga-Sch\u00fcler, die das besonders gut gebrauchen k\u00f6nnen. Manche von ihnen waren Krieger im wirklichen Leben \u2013 das f\u00fchlte sich vermutlich weit weniger heldenhaft an. Andere haben unter der Gewalt der Guerilleros und paramilit\u00e4rischen Banden gelitten. Heute rollen die Opfer direkt neben den T\u00e4tern ihre Yoga-Matten aus; unterrichtet werden sie von Lehrern der Organisation <a href=\"http:\/\/dunna.org\/\" target=\"_blank\">Dunna<\/a>. Die haben sich ein gro\u00dfes Ziel gesetzt: Yoga soll den Traumatisierten Heilung und Vers\u00f6hnung bringen.<\/p>\n<p>Lila McLellan hat sich das f\u00fcr die Newsseite <a href=\"http:\/\/qz.com\/361611\/the-colombian-government-is-turning-former-death-squad-members-into-yoga-teachers\/\" target=\"_blank\">Quartz<\/a> n\u00e4her angeschaut, und sie berichtet Erstaunliches. Offenbar hilft Yoga den ehemaligen K\u00e4mpfern und ihren Opfern, ihre Trauer, ihre Wut und ihre Panikattacken zu b\u00e4ndigen. Manchen scheint es mehr zu bringen als Medikamente oder Gespr\u00e4chstherapie. &#8222;Es hat mir geholfen, meine Familie zur\u00fcckzubekommen&#8220;, sagt in dem Text ein ehemaliger K\u00e4mpfer zur Reporterin. &#8222;Yoga hat einen liebenswerten Menschen aus mir gemacht.&#8220; Andere lassen sich selbst zu Yoga-Lehrern ausbilden, &#8222;damit wir heilen und uns weiterentwickeln k\u00f6nnen&#8220;.<\/p>\n<p>Nach Jahrzehnten des B\u00fcrgerkriegs steht die <a href=\"http:\/\/www.theguardian.com\/world\/2015\/mar\/15\/colombia-end-in-sight-longest-running-conflict\" target=\"_blank\">kolumbianische Regierung kurz vor dem Abschluss eines Friedensvertrags<\/a> mit der Farc-Guerilla \u2013 aber ein St\u00fcck Papier alleine macht noch keine friedvolle Gesellschaft. Eine Hoffnung ist, dass die yogischen Krieger helfen k\u00f6nnen, das Land zu vers\u00f6hnen.<\/p>\n<p><em>Weitere <a href=\"https:\/\/blog.zeit.de\/teilchen\/\" target=\"_blank\">Teilchen finden Sie hier<\/a>.<\/em><\/p>\n","protected":false},"excerpt":{"rendered":"<p>Yoga-Aficionados kennen die Figur des Kriegers. Der steht im Ausfallschritt, die Arme weit ausgebreitet oder \u00fcber den Kopf gereckt, mit geradem R\u00fccken und stolz [\u2026]<\/p>\n","protected":false},"author":362,"featured_media":0,"comment_status":"open","ping_status":"closed","sticky":false,"template":"","format":"standard","meta":{"_jetpack_memberships_contains_paid_content":false,"footnotes":""},"categories":[29747],"tags":[],"class_list":["post-2319","post","type-post","status-publish","format-standard","hentry","category-geschichten"],"yoast_head":"<!-- This site is optimized with the Yoast SEO plugin v21.0 - https:\/\/yoast.com\/wordpress\/plugins\/seo\/ -->\n<title>Die Kraft der Yoga-Krieger<\/title>\n<meta name=\"description\" content=\"In Kolumbien rollen die Opfer der Gewalt von Guerilleros und Paramilit\u00e4r direkt neben den T\u00e4tern ihre Yoga-Matten aus \u2013 um gemeinsam Wunden zu heilen.\" \/>\n<meta name=\"robots\" content=\"index, follow, max-snippet:-1, max-image-preview:large, max-video-preview:-1\" \/>\n<link rel=\"canonical\" href=\"https:\/\/blog.zeit.de\/teilchen\/2015\/03\/20\/yoga-krieger-kolumbien\/\" \/>\n<meta property=\"og:locale\" content=\"de_DE\" \/>\n<meta property=\"og:type\" content=\"article\" \/>\n<meta property=\"og:title\" content=\"Die Kraft der Yoga-Krieger\" \/>\n<meta property=\"og:description\" content=\"In Kolumbien rollen die Opfer der Gewalt von Guerilleros und Paramilit\u00e4r direkt neben den T\u00e4tern ihre Yoga-Matten aus \u2013 um gemeinsam Wunden zu heilen.\" \/>\n<meta property=\"og:url\" content=\"https:\/\/blog.zeit.de\/teilchen\/2015\/03\/20\/yoga-krieger-kolumbien\/\" \/>\n<meta property=\"og:site_name\" content=\"Teilchen\" \/>\n<meta property=\"article:published_time\" content=\"2015-03-20T14:00:01+00:00\" \/>\n<meta property=\"article:modified_time\" content=\"2015-03-20T16:00:56+00:00\" \/>\n<meta property=\"og:image\" content=\"https:\/\/blog.zeit.de\/teilchen\/files\/2015\/03\/Bildschirmfoto-2015-03-17-um-18.44.19-580x372.png\" \/>\n<meta name=\"author\" content=\"Alexandra Endres\" \/>\n<meta name=\"twitter:card\" content=\"summary_large_image\" \/>\n<meta name=\"twitter:creator\" content=\"@zeitonline\" \/>\n<meta name=\"twitter:site\" content=\"@zeitonline\" \/>\n<meta name=\"twitter:label1\" content=\"Geschrieben von\" \/>\n\t<meta name=\"twitter:data1\" content=\"Alexandra Endres\" \/>\n\t<meta name=\"twitter:label2\" content=\"Gesch\u00e4tzte Lesezeit\" \/>\n\t<meta name=\"twitter:data2\" content=\"1\u00a0Minute\" \/>\n<script type=\"application\/ld+json\" class=\"yoast-schema-graph\">{\"@context\":\"https:\/\/schema.org\",\"@graph\":[{\"@type\":\"WebPage\",\"@id\":\"https:\/\/blog.zeit.de\/teilchen\/2015\/03\/20\/yoga-krieger-kolumbien\/\",\"url\":\"https:\/\/blog.zeit.de\/teilchen\/2015\/03\/20\/yoga-krieger-kolumbien\/\",\"name\":\"Die Kraft der Yoga-Krieger\",\"isPartOf\":{\"@id\":\"https:\/\/blog.zeit.de\/teilchen\/#website\"},\"datePublished\":\"2015-03-20T14:00:01+00:00\",\"dateModified\":\"2015-03-20T16:00:56+00:00\",\"author\":{\"@id\":\"https:\/\/blog.zeit.de\/teilchen\/#\/schema\/person\/9800073d6d9fe684355572d5262cdf1b\"},\"description\":\"In Kolumbien rollen die Opfer der Gewalt von Guerilleros und Paramilit\u00e4r direkt neben den T\u00e4tern ihre Yoga-Matten aus \u2013 um gemeinsam Wunden zu heilen.\",\"breadcrumb\":{\"@id\":\"https:\/\/blog.zeit.de\/teilchen\/2015\/03\/20\/yoga-krieger-kolumbien\/#breadcrumb\"},\"inLanguage\":\"de\",\"potentialAction\":[{\"@type\":\"ReadAction\",\"target\":[\"https:\/\/blog.zeit.de\/teilchen\/2015\/03\/20\/yoga-krieger-kolumbien\/\"]}]},{\"@type\":\"BreadcrumbList\",\"@id\":\"https:\/\/blog.zeit.de\/teilchen\/2015\/03\/20\/yoga-krieger-kolumbien\/#breadcrumb\",\"itemListElement\":[{\"@type\":\"ListItem\",\"position\":1,\"name\":\"Startseite\",\"item\":\"https:\/\/blog.zeit.de\/teilchen\/\"},{\"@type\":\"ListItem\",\"position\":2,\"name\":\"Die Kraft der yogischen Krieger\"}]},{\"@type\":\"WebSite\",\"@id\":\"https:\/\/blog.zeit.de\/teilchen\/#website\",\"url\":\"https:\/\/blog.zeit.de\/teilchen\/\",\"name\":\"Teilchen\",\"description\":\"Im Netz verstecken sich kleine Sch\u00e4tze - ZEIT ONLINE findet sie.\",\"potentialAction\":[{\"@type\":\"SearchAction\",\"target\":{\"@type\":\"EntryPoint\",\"urlTemplate\":\"https:\/\/blog.zeit.de\/teilchen\/?s={search_term_string}\"},\"query-input\":\"required name=search_term_string\"}],\"inLanguage\":\"de\"},{\"@type\":\"Person\",\"@id\":\"https:\/\/blog.zeit.de\/teilchen\/#\/schema\/person\/9800073d6d9fe684355572d5262cdf1b\",\"name\":\"Alexandra Endres\",\"image\":{\"@type\":\"ImageObject\",\"inLanguage\":\"de\",\"@id\":\"https:\/\/blog.zeit.de\/teilchen\/#\/schema\/person\/image\/\",\"url\":\"https:\/\/secure.gravatar.com\/avatar\/fa5a088fefcc734cb2b38eb26d4faf181de377e057eae66f32ca4bc5e59d7fec?s=96&d=mm&r=g\",\"contentUrl\":\"https:\/\/secure.gravatar.com\/avatar\/fa5a088fefcc734cb2b38eb26d4faf181de377e057eae66f32ca4bc5e59d7fec?s=96&d=mm&r=g\",\"caption\":\"Alexandra Endres\"},\"description\":\"ist Journalistin, Volkswirtin und seit 2006 Redakteurin bei ZEIT ONLINE. Sie schreibt \u00fcber wirtschaftliche Entwicklung, Arbeit, Ern\u00e4hrungssicherheit, Klima, Energie und Nachhaltigkeit. Hat in Mexiko erforscht, woher Unternehmen der Autoindustrie ihr Know-how beziehen, und in K\u00f6ln und Argentinien Volkswirtschaft und Politik studiert. Reist leidenschaftlich gern, zuletzt durch Kolumbien.\",\"url\":\"https:\/\/blog.zeit.de\/teilchen\/author\/aendres\/\"}]}<\/script>\n<!-- \/ Yoast SEO plugin. -->","yoast_head_json":{"title":"Die Kraft der Yoga-Krieger","description":"In Kolumbien rollen die Opfer der Gewalt von Guerilleros und Paramilit\u00e4r direkt neben den T\u00e4tern ihre Yoga-Matten aus \u2013 um gemeinsam Wunden zu heilen.","robots":{"index":"index","follow":"follow","max-snippet":"max-snippet:-1","max-image-preview":"max-image-preview:large","max-video-preview":"max-video-preview:-1"},"canonical":"https:\/\/blog.zeit.de\/teilchen\/2015\/03\/20\/yoga-krieger-kolumbien\/","og_locale":"de_DE","og_type":"article","og_title":"Die Kraft der Yoga-Krieger","og_description":"In Kolumbien rollen die Opfer der Gewalt von Guerilleros und Paramilit\u00e4r direkt neben den T\u00e4tern ihre Yoga-Matten aus \u2013 um gemeinsam Wunden zu heilen.","og_url":"https:\/\/blog.zeit.de\/teilchen\/2015\/03\/20\/yoga-krieger-kolumbien\/","og_site_name":"Teilchen","article_published_time":"2015-03-20T14:00:01+00:00","article_modified_time":"2015-03-20T16:00:56+00:00","og_image":[{"url":"https:\/\/blog.zeit.de\/teilchen\/files\/2015\/03\/Bildschirmfoto-2015-03-17-um-18.44.19-580x372.png"}],"author":"Alexandra Endres","twitter_card":"summary_large_image","twitter_creator":"@zeitonline","twitter_site":"@zeitonline","twitter_misc":{"Geschrieben von":"Alexandra Endres","Gesch\u00e4tzte Lesezeit":"1\u00a0Minute"},"schema":{"@context":"https:\/\/schema.org","@graph":[{"@type":"WebPage","@id":"https:\/\/blog.zeit.de\/teilchen\/2015\/03\/20\/yoga-krieger-kolumbien\/","url":"https:\/\/blog.zeit.de\/teilchen\/2015\/03\/20\/yoga-krieger-kolumbien\/","name":"Die Kraft der Yoga-Krieger","isPartOf":{"@id":"https:\/\/blog.zeit.de\/teilchen\/#website"},"datePublished":"2015-03-20T14:00:01+00:00","dateModified":"2015-03-20T16:00:56+00:00","author":{"@id":"https:\/\/blog.zeit.de\/teilchen\/#\/schema\/person\/9800073d6d9fe684355572d5262cdf1b"},"description":"In Kolumbien rollen die Opfer der Gewalt von Guerilleros und Paramilit\u00e4r direkt neben den T\u00e4tern ihre Yoga-Matten aus \u2013 um gemeinsam Wunden zu heilen.","breadcrumb":{"@id":"https:\/\/blog.zeit.de\/teilchen\/2015\/03\/20\/yoga-krieger-kolumbien\/#breadcrumb"},"inLanguage":"de","potentialAction":[{"@type":"ReadAction","target":["https:\/\/blog.zeit.de\/teilchen\/2015\/03\/20\/yoga-krieger-kolumbien\/"]}]},{"@type":"BreadcrumbList","@id":"https:\/\/blog.zeit.de\/teilchen\/2015\/03\/20\/yoga-krieger-kolumbien\/#breadcrumb","itemListElement":[{"@type":"ListItem","position":1,"name":"Startseite","item":"https:\/\/blog.zeit.de\/teilchen\/"},{"@type":"ListItem","position":2,"name":"Die Kraft der yogischen Krieger"}]},{"@type":"WebSite","@id":"https:\/\/blog.zeit.de\/teilchen\/#website","url":"https:\/\/blog.zeit.de\/teilchen\/","name":"Teilchen","description":"Im Netz verstecken sich kleine Sch\u00e4tze - ZEIT ONLINE findet sie.","potentialAction":[{"@type":"SearchAction","target":{"@type":"EntryPoint","urlTemplate":"https:\/\/blog.zeit.de\/teilchen\/?s={search_term_string}"},"query-input":"required name=search_term_string"}],"inLanguage":"de"},{"@type":"Person","@id":"https:\/\/blog.zeit.de\/teilchen\/#\/schema\/person\/9800073d6d9fe684355572d5262cdf1b","name":"Alexandra Endres","image":{"@type":"ImageObject","inLanguage":"de","@id":"https:\/\/blog.zeit.de\/teilchen\/#\/schema\/person\/image\/","url":"https:\/\/secure.gravatar.com\/avatar\/fa5a088fefcc734cb2b38eb26d4faf181de377e057eae66f32ca4bc5e59d7fec?s=96&d=mm&r=g","contentUrl":"https:\/\/secure.gravatar.com\/avatar\/fa5a088fefcc734cb2b38eb26d4faf181de377e057eae66f32ca4bc5e59d7fec?s=96&d=mm&r=g","caption":"Alexandra Endres"},"description":"ist Journalistin, Volkswirtin und seit 2006 Redakteurin bei ZEIT ONLINE. Sie schreibt \u00fcber wirtschaftliche Entwicklung, Arbeit, Ern\u00e4hrungssicherheit, Klima, Energie und Nachhaltigkeit. Hat in Mexiko erforscht, woher Unternehmen der Autoindustrie ihr Know-how beziehen, und in K\u00f6ln und Argentinien Volkswirtschaft und Politik studiert. Reist leidenschaftlich gern, zuletzt durch Kolumbien.","url":"https:\/\/blog.zeit.de\/teilchen\/author\/aendres\/"}]}},"jetpack_featured_media_url":"","jetpack_sharing_enabled":true,"_links":{"self":[{"href":"https:\/\/blog.zeit.de\/teilchen\/wp-json\/wp\/v2\/posts\/2319","targetHints":{"allow":["GET"]}}],"collection":[{"href":"https:\/\/blog.zeit.de\/teilchen\/wp-json\/wp\/v2\/posts"}],"about":[{"href":"https:\/\/blog.zeit.de\/teilchen\/wp-json\/wp\/v2\/types\/post"}],"author":[{"embeddable":true,"href":"https:\/\/blog.zeit.de\/teilchen\/wp-json\/wp\/v2\/users\/362"}],"replies":[{"embeddable":true,"href":"https:\/\/blog.zeit.de\/teilchen\/wp-json\/wp\/v2\/comments?post=2319"}],"version-history":[{"count":13,"href":"https:\/\/blog.zeit.de\/teilchen\/wp-json\/wp\/v2\/posts\/2319\/revisions"}],"predecessor-version":[{"id":2431,"href":"https:\/\/blog.zeit.de\/teilchen\/wp-json\/wp\/v2\/posts\/2319\/revisions\/2431"}],"wp:attachment":[{"href":"https:\/\/blog.zeit.de\/teilchen\/wp-json\/wp\/v2\/media?parent=2319"}],"wp:term":[{"taxonomy":"category","embeddable":true,"href":"https:\/\/blog.zeit.de\/teilchen\/wp-json\/wp\/v2\/categories?post=2319"},{"taxonomy":"post_tag","embeddable":true,"href":"https:\/\/blog.zeit.de\/teilchen\/wp-json\/wp\/v2\/tags?post=2319"}],"curies":[{"name":"wp","href":"https:\/\/api.w.org\/{rel}","templated":true}]}}