{"id":2420,"date":"2015-03-23T12:37:26","date_gmt":"2015-03-23T11:37:26","guid":{"rendered":"http:\/\/blog.zeit.de\/teilchen\/?p=2420"},"modified":"2015-03-23T13:35:57","modified_gmt":"2015-03-23T12:35:57","slug":"jugend-hormone-tokyo","status":"publish","type":"post","link":"https:\/\/blog.zeit.de\/teilchen\/2015\/03\/23\/jugend-hormone-tokyo\/","title":{"rendered":"Hormone, die Tokyo in Schutt und Asche legen"},"content":{"rendered":"<p>[vimeo 120239460 w=580 h=326]<\/p>\n<p>&nbsp;<\/p>\n<p>Wissen Sie noch, wie es sich anf\u00fchlt, erwachsen zu werden? Der Kurzfilm &#8222;Growth Factor&#8220; ruft es Ihnen in knapp sieben Minuten ins Ged\u00e4chtnis.<\/p>\n<p>Wer <a href=\"https:\/\/www.google.com\/url?q=https%3A%2F%2Fvimeo.com%2Fuser12253813&amp;sa=D&amp;sntz=1&amp;usg=AFQjCNGaQVHQGsAI-lsJHXecA4TYwtrZzQ\">Ryosuke Oshiros Filmografie<\/a> durchsieht, dem begegnet unweigerlich das Thema Adoleszenz. Der junge Regisseur aus dem japanischen Naha beleuchtet das Leben und Innenleben junger Menschen immer wieder aus anderen Blickwinkeln. In seinen studentischen Fr\u00fchwerken \u201ePlayground&#8220; und &#8222;Love at First Sight&#8220; besch\u00e4ftigt er sich mit den unschuldigen Seiten der Jugend. &#8222;Growth Factor&#8220; zeichnet die dunklen Momente. Oshiro macht das Gef\u00fchlschaos sichtbar, das im Inneren eines jungen Mannes tobt. Die wilde Mischung aus Liebe, Ambition, Druck und Fantasy entl\u00e4dt sich in form- und farbfrohen Animationssequenzen. Der Protagonist Boy zerst\u00f6rt in seiner Vorstellungskraft, was ihn kaputtzumachen droht. Nur wenn er allein mit seinen Zeichnungen ist, kann er dem ewigen <a href=\"http:\/\/www.google.com\/url?q=http%3A%2F%2Fwww.zeit.de%2Fzeit-wissen%2F2014%2F04%2Fpersoenlichkeit-charakter-individualismus&amp;sa=D&amp;sntz=1&amp;usg=AFQjCNEtTGLF_zI8JQNekrpKDHeRCeioUg\">Wechselspiel aus Selbstfindung und Selbstdarstellung<\/a> entfliehen.<br \/>\n<!--more--><\/p>\n<p>Ryosuke Oshiro sagt, er wolle bei seinen Zuschauern einen Endorphinaussto\u00df ausl\u00f6sen. F\u00fcr eine G\u00e4nsehaut reicht &#8222;Growth Factor&#8220; in jedem Fall.<\/p>\n<p><em>Weitere <a title=\"Teilchen-Blog\" href=\"https:\/\/blog.zeit.de\/teilchen\/\" target=\"_blank\">Teilchen finden Sie hier<\/a>.<\/em><\/p>\n","protected":false},"excerpt":{"rendered":"<p>[vimeo 120239460 w=580 h=326] &nbsp; Wissen Sie noch, wie es sich anf\u00fchlt, erwachsen zu werden? Der Kurzfilm &#8222;Growth Factor&#8220; ruft es Ihnen in knapp [\u2026]<\/p>\n","protected":false},"author":558,"featured_media":0,"comment_status":"open","ping_status":"closed","sticky":false,"template":"","format":"standard","meta":{"_jetpack_memberships_contains_paid_content":false,"footnotes":""},"categories":[28],"tags":[],"class_list":["post-2420","post","type-post","status-publish","format-standard","hentry","category-video"],"yoast_head":"<!-- This site is optimized with the Yoast SEO plugin v21.0 - https:\/\/yoast.com\/wordpress\/plugins\/seo\/ -->\n<title>Jugendliches Gef\u00fchlschaos<\/title>\n<meta name=\"description\" content=\"Im Kurzfilm &quot;Growth Factor&quot; ruft der japanische Regisseur Oshiro dem Zuschauer das Gef\u00fchlschaos der Jugend mit farbenfrohen Animationen wieder in Erinnerung\" \/>\n<meta name=\"robots\" content=\"index, follow, max-snippet:-1, max-image-preview:large, max-video-preview:-1\" \/>\n<link rel=\"canonical\" href=\"https:\/\/blog.zeit.de\/teilchen\/2015\/03\/23\/jugend-hormone-tokyo\/\" \/>\n<meta property=\"og:locale\" content=\"de_DE\" \/>\n<meta property=\"og:type\" content=\"article\" \/>\n<meta property=\"og:title\" content=\"Jugendliches Gef\u00fchlschaos\" \/>\n<meta property=\"og:description\" content=\"Im Kurzfilm &quot;Growth Factor&quot; ruft der japanische Regisseur Oshiro dem Zuschauer das Gef\u00fchlschaos der Jugend mit farbenfrohen Animationen wieder in Erinnerung\" \/>\n<meta property=\"og:url\" content=\"https:\/\/blog.zeit.de\/teilchen\/2015\/03\/23\/jugend-hormone-tokyo\/\" \/>\n<meta property=\"og:site_name\" content=\"Teilchen\" \/>\n<meta property=\"article:published_time\" content=\"2015-03-23T11:37:26+00:00\" \/>\n<meta property=\"article:modified_time\" content=\"2015-03-23T12:35:57+00:00\" \/>\n<meta property=\"og:image\" content=\"https:\/\/blog.zeit.de\/teilchen\/files\/2015\/03\/teilchen-facebook-fallback.jpg\" \/>\n\t<meta property=\"og:image:width\" content=\"1200\" \/>\n\t<meta property=\"og:image:height\" content=\"900\" \/>\n\t<meta property=\"og:image:type\" content=\"image\/jpeg\" \/>\n<meta name=\"author\" content=\"Carim Soliman\" \/>\n<meta name=\"twitter:card\" content=\"summary_large_image\" \/>\n<meta name=\"twitter:creator\" content=\"@zeitonline\" \/>\n<meta name=\"twitter:site\" content=\"@zeitonline\" \/>\n<meta name=\"twitter:label1\" content=\"Geschrieben von\" \/>\n\t<meta name=\"twitter:data1\" content=\"Carim Soliman\" \/>\n\t<meta name=\"twitter:label2\" content=\"Gesch\u00e4tzte Lesezeit\" \/>\n\t<meta name=\"twitter:data2\" content=\"1\u00a0Minute\" \/>\n<script type=\"application\/ld+json\" class=\"yoast-schema-graph\">{\"@context\":\"https:\/\/schema.org\",\"@graph\":[{\"@type\":\"WebPage\",\"@id\":\"https:\/\/blog.zeit.de\/teilchen\/2015\/03\/23\/jugend-hormone-tokyo\/\",\"url\":\"https:\/\/blog.zeit.de\/teilchen\/2015\/03\/23\/jugend-hormone-tokyo\/\",\"name\":\"Jugendliches Gef\u00fchlschaos\",\"isPartOf\":{\"@id\":\"https:\/\/blog.zeit.de\/teilchen\/#website\"},\"datePublished\":\"2015-03-23T11:37:26+00:00\",\"dateModified\":\"2015-03-23T12:35:57+00:00\",\"author\":{\"@id\":\"https:\/\/blog.zeit.de\/teilchen\/#\/schema\/person\/1b29fdf43f8ed1922626fad081532fea\"},\"description\":\"Im Kurzfilm \\\"Growth Factor\\\" ruft der japanische Regisseur Oshiro dem Zuschauer das Gef\u00fchlschaos der Jugend mit farbenfrohen Animationen wieder in Erinnerung\",\"breadcrumb\":{\"@id\":\"https:\/\/blog.zeit.de\/teilchen\/2015\/03\/23\/jugend-hormone-tokyo\/#breadcrumb\"},\"inLanguage\":\"de\",\"potentialAction\":[{\"@type\":\"ReadAction\",\"target\":[\"https:\/\/blog.zeit.de\/teilchen\/2015\/03\/23\/jugend-hormone-tokyo\/\"]}]},{\"@type\":\"BreadcrumbList\",\"@id\":\"https:\/\/blog.zeit.de\/teilchen\/2015\/03\/23\/jugend-hormone-tokyo\/#breadcrumb\",\"itemListElement\":[{\"@type\":\"ListItem\",\"position\":1,\"name\":\"Startseite\",\"item\":\"https:\/\/blog.zeit.de\/teilchen\/\"},{\"@type\":\"ListItem\",\"position\":2,\"name\":\"Hormone, die Tokyo in Schutt und Asche legen\"}]},{\"@type\":\"WebSite\",\"@id\":\"https:\/\/blog.zeit.de\/teilchen\/#website\",\"url\":\"https:\/\/blog.zeit.de\/teilchen\/\",\"name\":\"Teilchen\",\"description\":\"Im Netz verstecken sich kleine Sch\u00e4tze - ZEIT ONLINE findet sie.\",\"potentialAction\":[{\"@type\":\"SearchAction\",\"target\":{\"@type\":\"EntryPoint\",\"urlTemplate\":\"https:\/\/blog.zeit.de\/teilchen\/?s={search_term_string}\"},\"query-input\":\"required name=search_term_string\"}],\"inLanguage\":\"de\"},{\"@type\":\"Person\",\"@id\":\"https:\/\/blog.zeit.de\/teilchen\/#\/schema\/person\/1b29fdf43f8ed1922626fad081532fea\",\"name\":\"Carim Soliman\",\"image\":{\"@type\":\"ImageObject\",\"inLanguage\":\"de\",\"@id\":\"https:\/\/blog.zeit.de\/teilchen\/#\/schema\/person\/image\/\",\"url\":\"https:\/\/secure.gravatar.com\/avatar\/928a491c6dc6ad6a6b7c6e9c5a3c52f6c2b64a769ba414071d0504ad0a1c306e?s=96&d=mm&r=g\",\"contentUrl\":\"https:\/\/secure.gravatar.com\/avatar\/928a491c6dc6ad6a6b7c6e9c5a3c52f6c2b64a769ba414071d0504ad0a1c306e?s=96&d=mm&r=g\",\"caption\":\"Carim Soliman\"},\"description\":\"ist Autor bei ZEIT ONLINE.\",\"url\":\"https:\/\/blog.zeit.de\/teilchen\/author\/csoliman\/\"}]}<\/script>\n<!-- \/ Yoast SEO plugin. -->","yoast_head_json":{"title":"Jugendliches Gef\u00fchlschaos","description":"Im Kurzfilm \"Growth Factor\" ruft der japanische Regisseur Oshiro dem Zuschauer das Gef\u00fchlschaos der Jugend mit farbenfrohen Animationen wieder in Erinnerung","robots":{"index":"index","follow":"follow","max-snippet":"max-snippet:-1","max-image-preview":"max-image-preview:large","max-video-preview":"max-video-preview:-1"},"canonical":"https:\/\/blog.zeit.de\/teilchen\/2015\/03\/23\/jugend-hormone-tokyo\/","og_locale":"de_DE","og_type":"article","og_title":"Jugendliches Gef\u00fchlschaos","og_description":"Im Kurzfilm \"Growth Factor\" ruft der japanische Regisseur Oshiro dem Zuschauer das Gef\u00fchlschaos der Jugend mit farbenfrohen Animationen wieder in Erinnerung","og_url":"https:\/\/blog.zeit.de\/teilchen\/2015\/03\/23\/jugend-hormone-tokyo\/","og_site_name":"Teilchen","article_published_time":"2015-03-23T11:37:26+00:00","article_modified_time":"2015-03-23T12:35:57+00:00","og_image":[{"width":1200,"height":900,"url":"https:\/\/blog.zeit.de\/teilchen\/files\/2015\/03\/teilchen-facebook-fallback.jpg","type":"image\/jpeg"}],"author":"Carim Soliman","twitter_card":"summary_large_image","twitter_creator":"@zeitonline","twitter_site":"@zeitonline","twitter_misc":{"Geschrieben von":"Carim Soliman","Gesch\u00e4tzte Lesezeit":"1\u00a0Minute"},"schema":{"@context":"https:\/\/schema.org","@graph":[{"@type":"WebPage","@id":"https:\/\/blog.zeit.de\/teilchen\/2015\/03\/23\/jugend-hormone-tokyo\/","url":"https:\/\/blog.zeit.de\/teilchen\/2015\/03\/23\/jugend-hormone-tokyo\/","name":"Jugendliches Gef\u00fchlschaos","isPartOf":{"@id":"https:\/\/blog.zeit.de\/teilchen\/#website"},"datePublished":"2015-03-23T11:37:26+00:00","dateModified":"2015-03-23T12:35:57+00:00","author":{"@id":"https:\/\/blog.zeit.de\/teilchen\/#\/schema\/person\/1b29fdf43f8ed1922626fad081532fea"},"description":"Im Kurzfilm \"Growth Factor\" ruft der japanische Regisseur Oshiro dem Zuschauer das Gef\u00fchlschaos der Jugend mit farbenfrohen Animationen wieder in Erinnerung","breadcrumb":{"@id":"https:\/\/blog.zeit.de\/teilchen\/2015\/03\/23\/jugend-hormone-tokyo\/#breadcrumb"},"inLanguage":"de","potentialAction":[{"@type":"ReadAction","target":["https:\/\/blog.zeit.de\/teilchen\/2015\/03\/23\/jugend-hormone-tokyo\/"]}]},{"@type":"BreadcrumbList","@id":"https:\/\/blog.zeit.de\/teilchen\/2015\/03\/23\/jugend-hormone-tokyo\/#breadcrumb","itemListElement":[{"@type":"ListItem","position":1,"name":"Startseite","item":"https:\/\/blog.zeit.de\/teilchen\/"},{"@type":"ListItem","position":2,"name":"Hormone, die Tokyo in Schutt und Asche legen"}]},{"@type":"WebSite","@id":"https:\/\/blog.zeit.de\/teilchen\/#website","url":"https:\/\/blog.zeit.de\/teilchen\/","name":"Teilchen","description":"Im Netz verstecken sich kleine Sch\u00e4tze - ZEIT ONLINE findet sie.","potentialAction":[{"@type":"SearchAction","target":{"@type":"EntryPoint","urlTemplate":"https:\/\/blog.zeit.de\/teilchen\/?s={search_term_string}"},"query-input":"required name=search_term_string"}],"inLanguage":"de"},{"@type":"Person","@id":"https:\/\/blog.zeit.de\/teilchen\/#\/schema\/person\/1b29fdf43f8ed1922626fad081532fea","name":"Carim Soliman","image":{"@type":"ImageObject","inLanguage":"de","@id":"https:\/\/blog.zeit.de\/teilchen\/#\/schema\/person\/image\/","url":"https:\/\/secure.gravatar.com\/avatar\/928a491c6dc6ad6a6b7c6e9c5a3c52f6c2b64a769ba414071d0504ad0a1c306e?s=96&d=mm&r=g","contentUrl":"https:\/\/secure.gravatar.com\/avatar\/928a491c6dc6ad6a6b7c6e9c5a3c52f6c2b64a769ba414071d0504ad0a1c306e?s=96&d=mm&r=g","caption":"Carim Soliman"},"description":"ist Autor bei ZEIT ONLINE.","url":"https:\/\/blog.zeit.de\/teilchen\/author\/csoliman\/"}]}},"jetpack_featured_media_url":"","jetpack_sharing_enabled":true,"_links":{"self":[{"href":"https:\/\/blog.zeit.de\/teilchen\/wp-json\/wp\/v2\/posts\/2420","targetHints":{"allow":["GET"]}}],"collection":[{"href":"https:\/\/blog.zeit.de\/teilchen\/wp-json\/wp\/v2\/posts"}],"about":[{"href":"https:\/\/blog.zeit.de\/teilchen\/wp-json\/wp\/v2\/types\/post"}],"author":[{"embeddable":true,"href":"https:\/\/blog.zeit.de\/teilchen\/wp-json\/wp\/v2\/users\/558"}],"replies":[{"embeddable":true,"href":"https:\/\/blog.zeit.de\/teilchen\/wp-json\/wp\/v2\/comments?post=2420"}],"version-history":[{"count":7,"href":"https:\/\/blog.zeit.de\/teilchen\/wp-json\/wp\/v2\/posts\/2420\/revisions"}],"predecessor-version":[{"id":2476,"href":"https:\/\/blog.zeit.de\/teilchen\/wp-json\/wp\/v2\/posts\/2420\/revisions\/2476"}],"wp:attachment":[{"href":"https:\/\/blog.zeit.de\/teilchen\/wp-json\/wp\/v2\/media?parent=2420"}],"wp:term":[{"taxonomy":"category","embeddable":true,"href":"https:\/\/blog.zeit.de\/teilchen\/wp-json\/wp\/v2\/categories?post=2420"},{"taxonomy":"post_tag","embeddable":true,"href":"https:\/\/blog.zeit.de\/teilchen\/wp-json\/wp\/v2\/tags?post=2420"}],"curies":[{"name":"wp","href":"https:\/\/api.w.org\/{rel}","templated":true}]}}