{"id":2535,"date":"2015-03-26T12:07:44","date_gmt":"2015-03-26T11:07:44","guid":{"rendered":"http:\/\/blog.zeit.de\/teilchen\/?p=2535"},"modified":"2015-10-22T16:28:28","modified_gmt":"2015-10-22T14:28:28","slug":"captain-future-trifft-star-wars","status":"publish","type":"post","link":"https:\/\/blog.zeit.de\/teilchen\/2015\/03\/26\/captain-future-trifft-star-wars\/","title":{"rendered":"Star Wars trifft Captain Future"},"content":{"rendered":"<p>[youtube http:\/\/www.youtube.com\/watch?v=PN_CP4SuoTU&amp;w=580&amp;h=326]<\/p>\n<p>&nbsp;<\/p>\n<p>&#8222;Was w\u00e4re, wenn es einen Animationskurzfilm \u00fcber das Imperium aus &#8218;Star Wars&#8216; g\u00e4be, detailverliebt und im Stile klassischer Animes aus den achtziger Jahren?&#8220;, fragte sich Paul &#8222;OtaKing77077&#8220; Johnson.<br \/>\n<!--more--><\/p>\n<p>Seit er eben diesen Film nach vier Jahren Wochenendarbeit am Dienstag auf <a href=\"https:\/\/www.youtube.com\/user\/OtaKing77077\/featured\">seinem YouTube-Kanal<\/a> hochgeladen hat, kennt er die Antwort: Die ohnehin schon ganz wuschigen Fans der Weltraumsaga w\u00fcrden endg\u00fcltig durchdrehen.<\/p>\n<p>Bis Dezember m\u00fcssen sie sich noch gedulden, bevor <a href=\"http:\/\/www.google.com\/url?q=http%3A%2F%2Fwww.zeit.de%2Fkultur%2Ffilm%2F2014-04%2Fstar-wars-episode-7-ford&amp;sa=D&amp;sntz=1&amp;usg=AFQjCNGPu691DDj2-K4Ys0l8WLd5HtO40g\">Han Solo, Luke Skywalker und Co. in Originalbesetzung<\/a> erstmals seit 32 Jahren wieder \u00fcber die Kinoleinwand flimmern. Da wirken Fanprojekte wie Balsam f\u00fcr die Nerd-Seele. Die Filme waren aber nicht Johnsons gr\u00f6\u00dfte Inspirationsquelle f\u00fcr &#8222;TIE Fighter&#8220;. Vielmehr habe er sich bei dem gleichnamigen Videospiel von 1994 und japanischen Zeichentrickserien wie &#8222;Captain Future&#8220; bedient.<\/p>\n<p><i>Weitere <\/i><a href=\"https:\/\/blog.zeit.de\/teilchen\/\"><i>Teilchen finden Sie hier<\/i><\/a>.<\/p>\n","protected":false},"excerpt":{"rendered":"<p>[youtube http:\/\/www.youtube.com\/watch?v=PN_CP4SuoTU&amp;w=580&amp;h=326] &nbsp; &#8222;Was w\u00e4re, wenn es einen Animationskurzfilm \u00fcber das Imperium aus &#8218;Star Wars&#8216; g\u00e4be, detailverliebt und im Stile klassischer Animes aus den [\u2026]<\/p>\n","protected":false},"author":558,"featured_media":0,"comment_status":"open","ping_status":"closed","sticky":false,"template":"","format":"standard","meta":{"_jetpack_memberships_contains_paid_content":false,"footnotes":""},"categories":[28],"tags":[],"class_list":["post-2535","post","type-post","status-publish","format-standard","hentry","category-video"],"yoast_head":"<!-- This site is optimized with the Yoast SEO plugin v21.0 - https:\/\/yoast.com\/wordpress\/plugins\/seo\/ -->\n<title>Star Wars trifft Captain Future &#8902; Teilchen<\/title>\n<meta name=\"description\" content=\"Etwas f\u00fcr die Nerd-Seele: Ein Animationskurzfilm \u00fcber &quot;Star Wars&quot; im Stile klassischer Animes aus den achtziger Jahren.\" \/>\n<meta name=\"robots\" content=\"index, follow, max-snippet:-1, max-image-preview:large, max-video-preview:-1\" \/>\n<link rel=\"canonical\" href=\"https:\/\/blog.zeit.de\/teilchen\/2015\/03\/26\/captain-future-trifft-star-wars\/\" \/>\n<meta property=\"og:locale\" content=\"de_DE\" \/>\n<meta property=\"og:type\" content=\"article\" \/>\n<meta property=\"og:title\" content=\"Star Wars trifft Captain Future &#8902; Teilchen\" \/>\n<meta property=\"og:description\" content=\"Etwas f\u00fcr die Nerd-Seele: Ein Animationskurzfilm \u00fcber &quot;Star Wars&quot; im Stile klassischer Animes aus den achtziger Jahren.\" \/>\n<meta property=\"og:url\" content=\"https:\/\/blog.zeit.de\/teilchen\/2015\/03\/26\/captain-future-trifft-star-wars\/\" \/>\n<meta property=\"og:site_name\" content=\"Teilchen\" \/>\n<meta property=\"article:published_time\" content=\"2015-03-26T11:07:44+00:00\" \/>\n<meta property=\"article:modified_time\" content=\"2015-10-22T14:28:28+00:00\" \/>\n<meta property=\"og:image\" content=\"https:\/\/blog.zeit.de\/teilchen\/files\/2015\/03\/teilchen-facebook-fallback.jpg\" \/>\n\t<meta property=\"og:image:width\" content=\"1200\" \/>\n\t<meta property=\"og:image:height\" content=\"900\" \/>\n\t<meta property=\"og:image:type\" content=\"image\/jpeg\" \/>\n<meta name=\"author\" content=\"Carim Soliman\" \/>\n<meta name=\"twitter:card\" content=\"summary_large_image\" \/>\n<meta name=\"twitter:creator\" content=\"@zeitonline\" \/>\n<meta name=\"twitter:site\" content=\"@zeitonline\" \/>\n<meta name=\"twitter:label1\" content=\"Geschrieben von\" \/>\n\t<meta name=\"twitter:data1\" content=\"Carim Soliman\" \/>\n\t<meta name=\"twitter:label2\" content=\"Gesch\u00e4tzte Lesezeit\" \/>\n\t<meta name=\"twitter:data2\" content=\"1\u00a0Minute\" \/>\n<script type=\"application\/ld+json\" class=\"yoast-schema-graph\">{\"@context\":\"https:\/\/schema.org\",\"@graph\":[{\"@type\":\"WebPage\",\"@id\":\"https:\/\/blog.zeit.de\/teilchen\/2015\/03\/26\/captain-future-trifft-star-wars\/\",\"url\":\"https:\/\/blog.zeit.de\/teilchen\/2015\/03\/26\/captain-future-trifft-star-wars\/\",\"name\":\"Star Wars trifft Captain Future &#8902; Teilchen\",\"isPartOf\":{\"@id\":\"https:\/\/blog.zeit.de\/teilchen\/#website\"},\"datePublished\":\"2015-03-26T11:07:44+00:00\",\"dateModified\":\"2015-10-22T14:28:28+00:00\",\"author\":{\"@id\":\"https:\/\/blog.zeit.de\/teilchen\/#\/schema\/person\/1b29fdf43f8ed1922626fad081532fea\"},\"description\":\"Etwas f\u00fcr die Nerd-Seele: Ein Animationskurzfilm \u00fcber \\\"Star Wars\\\" im Stile klassischer Animes aus den achtziger Jahren.\",\"breadcrumb\":{\"@id\":\"https:\/\/blog.zeit.de\/teilchen\/2015\/03\/26\/captain-future-trifft-star-wars\/#breadcrumb\"},\"inLanguage\":\"de\",\"potentialAction\":[{\"@type\":\"ReadAction\",\"target\":[\"https:\/\/blog.zeit.de\/teilchen\/2015\/03\/26\/captain-future-trifft-star-wars\/\"]}]},{\"@type\":\"BreadcrumbList\",\"@id\":\"https:\/\/blog.zeit.de\/teilchen\/2015\/03\/26\/captain-future-trifft-star-wars\/#breadcrumb\",\"itemListElement\":[{\"@type\":\"ListItem\",\"position\":1,\"name\":\"Startseite\",\"item\":\"https:\/\/blog.zeit.de\/teilchen\/\"},{\"@type\":\"ListItem\",\"position\":2,\"name\":\"Star Wars trifft Captain Future\"}]},{\"@type\":\"WebSite\",\"@id\":\"https:\/\/blog.zeit.de\/teilchen\/#website\",\"url\":\"https:\/\/blog.zeit.de\/teilchen\/\",\"name\":\"Teilchen\",\"description\":\"Im Netz verstecken sich kleine Sch\u00e4tze - ZEIT ONLINE findet sie.\",\"potentialAction\":[{\"@type\":\"SearchAction\",\"target\":{\"@type\":\"EntryPoint\",\"urlTemplate\":\"https:\/\/blog.zeit.de\/teilchen\/?s={search_term_string}\"},\"query-input\":\"required name=search_term_string\"}],\"inLanguage\":\"de\"},{\"@type\":\"Person\",\"@id\":\"https:\/\/blog.zeit.de\/teilchen\/#\/schema\/person\/1b29fdf43f8ed1922626fad081532fea\",\"name\":\"Carim Soliman\",\"image\":{\"@type\":\"ImageObject\",\"inLanguage\":\"de\",\"@id\":\"https:\/\/blog.zeit.de\/teilchen\/#\/schema\/person\/image\/\",\"url\":\"https:\/\/secure.gravatar.com\/avatar\/928a491c6dc6ad6a6b7c6e9c5a3c52f6c2b64a769ba414071d0504ad0a1c306e?s=96&d=mm&r=g\",\"contentUrl\":\"https:\/\/secure.gravatar.com\/avatar\/928a491c6dc6ad6a6b7c6e9c5a3c52f6c2b64a769ba414071d0504ad0a1c306e?s=96&d=mm&r=g\",\"caption\":\"Carim Soliman\"},\"description\":\"ist Autor bei ZEIT ONLINE.\",\"url\":\"https:\/\/blog.zeit.de\/teilchen\/author\/csoliman\/\"}]}<\/script>\n<!-- \/ Yoast SEO plugin. -->","yoast_head_json":{"title":"Star Wars trifft Captain Future &#8902; Teilchen","description":"Etwas f\u00fcr die Nerd-Seele: Ein Animationskurzfilm \u00fcber \"Star Wars\" im Stile klassischer Animes aus den achtziger Jahren.","robots":{"index":"index","follow":"follow","max-snippet":"max-snippet:-1","max-image-preview":"max-image-preview:large","max-video-preview":"max-video-preview:-1"},"canonical":"https:\/\/blog.zeit.de\/teilchen\/2015\/03\/26\/captain-future-trifft-star-wars\/","og_locale":"de_DE","og_type":"article","og_title":"Star Wars trifft Captain Future &#8902; Teilchen","og_description":"Etwas f\u00fcr die Nerd-Seele: Ein Animationskurzfilm \u00fcber \"Star Wars\" im Stile klassischer Animes aus den achtziger Jahren.","og_url":"https:\/\/blog.zeit.de\/teilchen\/2015\/03\/26\/captain-future-trifft-star-wars\/","og_site_name":"Teilchen","article_published_time":"2015-03-26T11:07:44+00:00","article_modified_time":"2015-10-22T14:28:28+00:00","og_image":[{"width":1200,"height":900,"url":"https:\/\/blog.zeit.de\/teilchen\/files\/2015\/03\/teilchen-facebook-fallback.jpg","type":"image\/jpeg"}],"author":"Carim Soliman","twitter_card":"summary_large_image","twitter_creator":"@zeitonline","twitter_site":"@zeitonline","twitter_misc":{"Geschrieben von":"Carim Soliman","Gesch\u00e4tzte Lesezeit":"1\u00a0Minute"},"schema":{"@context":"https:\/\/schema.org","@graph":[{"@type":"WebPage","@id":"https:\/\/blog.zeit.de\/teilchen\/2015\/03\/26\/captain-future-trifft-star-wars\/","url":"https:\/\/blog.zeit.de\/teilchen\/2015\/03\/26\/captain-future-trifft-star-wars\/","name":"Star Wars trifft Captain Future &#8902; Teilchen","isPartOf":{"@id":"https:\/\/blog.zeit.de\/teilchen\/#website"},"datePublished":"2015-03-26T11:07:44+00:00","dateModified":"2015-10-22T14:28:28+00:00","author":{"@id":"https:\/\/blog.zeit.de\/teilchen\/#\/schema\/person\/1b29fdf43f8ed1922626fad081532fea"},"description":"Etwas f\u00fcr die Nerd-Seele: Ein Animationskurzfilm \u00fcber \"Star Wars\" im Stile klassischer Animes aus den achtziger Jahren.","breadcrumb":{"@id":"https:\/\/blog.zeit.de\/teilchen\/2015\/03\/26\/captain-future-trifft-star-wars\/#breadcrumb"},"inLanguage":"de","potentialAction":[{"@type":"ReadAction","target":["https:\/\/blog.zeit.de\/teilchen\/2015\/03\/26\/captain-future-trifft-star-wars\/"]}]},{"@type":"BreadcrumbList","@id":"https:\/\/blog.zeit.de\/teilchen\/2015\/03\/26\/captain-future-trifft-star-wars\/#breadcrumb","itemListElement":[{"@type":"ListItem","position":1,"name":"Startseite","item":"https:\/\/blog.zeit.de\/teilchen\/"},{"@type":"ListItem","position":2,"name":"Star Wars trifft Captain Future"}]},{"@type":"WebSite","@id":"https:\/\/blog.zeit.de\/teilchen\/#website","url":"https:\/\/blog.zeit.de\/teilchen\/","name":"Teilchen","description":"Im Netz verstecken sich kleine Sch\u00e4tze - ZEIT ONLINE findet sie.","potentialAction":[{"@type":"SearchAction","target":{"@type":"EntryPoint","urlTemplate":"https:\/\/blog.zeit.de\/teilchen\/?s={search_term_string}"},"query-input":"required name=search_term_string"}],"inLanguage":"de"},{"@type":"Person","@id":"https:\/\/blog.zeit.de\/teilchen\/#\/schema\/person\/1b29fdf43f8ed1922626fad081532fea","name":"Carim Soliman","image":{"@type":"ImageObject","inLanguage":"de","@id":"https:\/\/blog.zeit.de\/teilchen\/#\/schema\/person\/image\/","url":"https:\/\/secure.gravatar.com\/avatar\/928a491c6dc6ad6a6b7c6e9c5a3c52f6c2b64a769ba414071d0504ad0a1c306e?s=96&d=mm&r=g","contentUrl":"https:\/\/secure.gravatar.com\/avatar\/928a491c6dc6ad6a6b7c6e9c5a3c52f6c2b64a769ba414071d0504ad0a1c306e?s=96&d=mm&r=g","caption":"Carim Soliman"},"description":"ist Autor bei ZEIT ONLINE.","url":"https:\/\/blog.zeit.de\/teilchen\/author\/csoliman\/"}]}},"jetpack_featured_media_url":"","jetpack_sharing_enabled":true,"_links":{"self":[{"href":"https:\/\/blog.zeit.de\/teilchen\/wp-json\/wp\/v2\/posts\/2535","targetHints":{"allow":["GET"]}}],"collection":[{"href":"https:\/\/blog.zeit.de\/teilchen\/wp-json\/wp\/v2\/posts"}],"about":[{"href":"https:\/\/blog.zeit.de\/teilchen\/wp-json\/wp\/v2\/types\/post"}],"author":[{"embeddable":true,"href":"https:\/\/blog.zeit.de\/teilchen\/wp-json\/wp\/v2\/users\/558"}],"replies":[{"embeddable":true,"href":"https:\/\/blog.zeit.de\/teilchen\/wp-json\/wp\/v2\/comments?post=2535"}],"version-history":[{"count":7,"href":"https:\/\/blog.zeit.de\/teilchen\/wp-json\/wp\/v2\/posts\/2535\/revisions"}],"predecessor-version":[{"id":2563,"href":"https:\/\/blog.zeit.de\/teilchen\/wp-json\/wp\/v2\/posts\/2535\/revisions\/2563"}],"wp:attachment":[{"href":"https:\/\/blog.zeit.de\/teilchen\/wp-json\/wp\/v2\/media?parent=2535"}],"wp:term":[{"taxonomy":"category","embeddable":true,"href":"https:\/\/blog.zeit.de\/teilchen\/wp-json\/wp\/v2\/categories?post=2535"},{"taxonomy":"post_tag","embeddable":true,"href":"https:\/\/blog.zeit.de\/teilchen\/wp-json\/wp\/v2\/tags?post=2535"}],"curies":[{"name":"wp","href":"https:\/\/api.w.org\/{rel}","templated":true}]}}