{"id":2611,"date":"2015-04-08T15:00:09","date_gmt":"2015-04-08T13:00:09","guid":{"rendered":"http:\/\/blog.zeit.de\/teilchen\/?p=2611"},"modified":"2015-04-07T13:51:23","modified_gmt":"2015-04-07T11:51:23","slug":"new-york-wird-erst-ab-mitternacht-grenzenlos","status":"publish","type":"post","link":"https:\/\/blog.zeit.de\/teilchen\/2015\/04\/08\/new-york-wird-erst-ab-mitternacht-grenzenlos\/","title":{"rendered":"New York wird erst ab Mitternacht grenzenlos"},"content":{"rendered":"<p><a href=\"http:\/\/nymag.com\/daily\/intelligencer\/2015\/03\/new-york-after-midnight.html\"><img loading=\"lazy\" decoding=\"async\" class=\"alignnone size-medium wp-image-2612\" src=\"https:\/\/blog.zeit.de\/teilchen\/files\/2015\/03\/Bildschirmfoto-2015-03-30-um-13.52.37-580x336.png\" alt=\"New York\" width=\"580\" height=\"336\" srcset=\"https:\/\/blog.zeit.de\/teilchen\/files\/2015\/03\/Bildschirmfoto-2015-03-30-um-13.52.37-580x336.png 580w, https:\/\/blog.zeit.de\/teilchen\/files\/2015\/03\/Bildschirmfoto-2015-03-30-um-13.52.37.png 1003w\" sizes=\"auto, (max-width: 580px) 100vw, 580px\" \/><\/a><\/p>\n<p>Es ist Mitternacht \u2013\u00a0der Wendepunkt der Nacht. U-Bahn-Takte d\u00fcnnen sich aus. Menschen kehren in ihre Wohnungen zur\u00fcck. In den n\u00e4chsten Stunden wird es immer stiller. Der Wechsel von einem Tag zum n\u00e4chsten markiert in vielen Metropolen den Anfang vom Ende eines Abends. Nicht so in New York.<br \/>\n<!--more--><\/p>\n<p>Dort ist Mitternacht eher der Anbeginn der Nacht, die nicht im Bett zu vergeuden ist. In den traumschweren Stunden verwischen die Grenzen, die bei Tageslicht trennscharf gezogen sind: Investmentbanker lockern ihre Krawatten, betrunkene B\u00fcro-Angestellte legen sich neben Obdachlose, Menschen mit Schlafst\u00f6rungen aller Art sind auf der Suche nach Liebe, Drogen, Nahrung, Sex, Geld. Das <a href=\"http:\/\/nymag.com\/daily\/intelligencer\/2015\/03\/new-york-after-midnight.html\" target=\"_blank\"><em>New York Magazine<\/em> hat der &#8222;Stadt, die niemals schl\u00e4ft&#8220; die passende Ausgabe<\/a> gewidmet.<\/p>\n<p>Die Zeitschrift spannt daf\u00fcr einen umfassenden historischen Bogen und bringt uns den Big Apple bruchst\u00fcckhaft mit n\u00e4chtlichen Anekdoten von der Mitte des 19. Jahrhunderts bis heute n\u00e4her. Loft Partys, Sex-Bars, Times Square, George Michael etc. \u2013 es wird Ihnen an nichts mangeln.<\/p>\n<p>Und falls Sie jetzt auf den Geschmack gekommen sind \u2013\u00a0<a href=\"https:\/\/blog.zeit.de\/teilchen\/\" target=\"_blank\">unser Teilchen-Blog<\/a> hat New York und seine Geschichten nie au\u00dfen vor gelassen, wir geben es gern zu. Da w\u00e4ren zum Beispiel die <a href=\"https:\/\/blog.zeit.de\/teilchen\/2015\/02\/20\/laptop-symphonie-strassenmusik\/\" target=\"_blank\">Stra\u00dfenmusiker, die neun verschiedene New Yorker U-Bahn-Stationen bespielen<\/a>; die <a href=\"https:\/\/blog.zeit.de\/teilchen\/2015\/02\/16\/roboter-herzschlag-gesteuert\/\" target=\"_blank\">Installation im New Yorker New Museum<\/a>, die die Herzfrequenz der Besucher in ein Kunstwerk verwandelte; die <a href=\"https:\/\/blog.zeit.de\/teilchen\/2015\/03\/03\/kaffee-new-york\/\" target=\"_blank\">Suche nach der perfekten Tasse Kaffee<\/a> \u2026 Und wenn Sie <a href=\"https:\/\/blog.zeit.de\/teilchen\/2015\/03\/30\/eine-minute-new-york-city\/\" target=\"_blank\">nur eine Minute haben, dann schauen Sie sich das hier an<\/a>.<\/p>\n","protected":false},"excerpt":{"rendered":"<p>Es ist Mitternacht \u2013\u00a0der Wendepunkt der Nacht. U-Bahn-Takte d\u00fcnnen sich aus. Menschen kehren in ihre Wohnungen zur\u00fcck. In den n\u00e4chsten Stunden wird es immer [\u2026]<\/p>\n","protected":false},"author":528,"featured_media":0,"comment_status":"open","ping_status":"closed","sticky":false,"template":"","format":"standard","meta":{"_jetpack_memberships_contains_paid_content":false,"footnotes":""},"categories":[29747],"tags":[],"class_list":["post-2611","post","type-post","status-publish","format-standard","hentry","category-geschichten"],"yoast_head":"<!-- This site is optimized with the Yoast SEO plugin v21.0 - https:\/\/yoast.com\/wordpress\/plugins\/seo\/ -->\n<title>New York wird erst ab Mitternacht grenzenlos &#8902; Teilchen<\/title>\n<meta name=\"description\" content=\"In New York geht das Leben um Mitternacht erst los. Das New York Magazine hat der &quot;Stadt, die niemals schl\u00e4ft&quot; jetzt eine passende Ausgabe gewidmet.\" \/>\n<meta name=\"robots\" content=\"index, follow, max-snippet:-1, max-image-preview:large, max-video-preview:-1\" \/>\n<link rel=\"canonical\" href=\"https:\/\/blog.zeit.de\/teilchen\/2015\/04\/08\/new-york-wird-erst-ab-mitternacht-grenzenlos\/\" \/>\n<meta property=\"og:locale\" content=\"de_DE\" \/>\n<meta property=\"og:type\" content=\"article\" \/>\n<meta property=\"og:title\" content=\"New York wird erst ab Mitternacht grenzenlos &#8902; Teilchen\" \/>\n<meta property=\"og:description\" content=\"In New York geht das Leben um Mitternacht erst los. Das New York Magazine hat der &quot;Stadt, die niemals schl\u00e4ft&quot; jetzt eine passende Ausgabe gewidmet.\" \/>\n<meta property=\"og:url\" content=\"https:\/\/blog.zeit.de\/teilchen\/2015\/04\/08\/new-york-wird-erst-ab-mitternacht-grenzenlos\/\" \/>\n<meta property=\"og:site_name\" content=\"Teilchen\" \/>\n<meta property=\"article:published_time\" content=\"2015-04-08T13:00:09+00:00\" \/>\n<meta property=\"article:modified_time\" content=\"2015-04-07T11:51:23+00:00\" \/>\n<meta property=\"og:image\" content=\"https:\/\/blog.zeit.de\/teilchen\/files\/2015\/03\/Bildschirmfoto-2015-03-30-um-13.52.37-580x336.png\" \/>\n<meta name=\"author\" content=\"Bj\u00f6rn Maatz\" \/>\n<meta name=\"twitter:card\" content=\"summary_large_image\" \/>\n<meta name=\"twitter:creator\" content=\"@BjoernMaatz\" \/>\n<meta name=\"twitter:site\" content=\"@zeitonline\" \/>\n<meta name=\"twitter:label1\" content=\"Geschrieben von\" \/>\n\t<meta name=\"twitter:data1\" content=\"Bj\u00f6rn Maatz\" \/>\n\t<meta name=\"twitter:label2\" content=\"Gesch\u00e4tzte Lesezeit\" \/>\n\t<meta name=\"twitter:data2\" content=\"1\u00a0Minute\" \/>\n<script type=\"application\/ld+json\" class=\"yoast-schema-graph\">{\"@context\":\"https:\/\/schema.org\",\"@graph\":[{\"@type\":\"WebPage\",\"@id\":\"https:\/\/blog.zeit.de\/teilchen\/2015\/04\/08\/new-york-wird-erst-ab-mitternacht-grenzenlos\/\",\"url\":\"https:\/\/blog.zeit.de\/teilchen\/2015\/04\/08\/new-york-wird-erst-ab-mitternacht-grenzenlos\/\",\"name\":\"New York wird erst ab Mitternacht grenzenlos &#8902; Teilchen\",\"isPartOf\":{\"@id\":\"https:\/\/blog.zeit.de\/teilchen\/#website\"},\"datePublished\":\"2015-04-08T13:00:09+00:00\",\"dateModified\":\"2015-04-07T11:51:23+00:00\",\"author\":{\"@id\":\"https:\/\/blog.zeit.de\/teilchen\/#\/schema\/person\/20ae47479c9c6443ed61f03c9eac892f\"},\"description\":\"In New York geht das Leben um Mitternacht erst los. Das New York Magazine hat der \\\"Stadt, die niemals schl\u00e4ft\\\" jetzt eine passende Ausgabe gewidmet.\",\"breadcrumb\":{\"@id\":\"https:\/\/blog.zeit.de\/teilchen\/2015\/04\/08\/new-york-wird-erst-ab-mitternacht-grenzenlos\/#breadcrumb\"},\"inLanguage\":\"de\",\"potentialAction\":[{\"@type\":\"ReadAction\",\"target\":[\"https:\/\/blog.zeit.de\/teilchen\/2015\/04\/08\/new-york-wird-erst-ab-mitternacht-grenzenlos\/\"]}]},{\"@type\":\"BreadcrumbList\",\"@id\":\"https:\/\/blog.zeit.de\/teilchen\/2015\/04\/08\/new-york-wird-erst-ab-mitternacht-grenzenlos\/#breadcrumb\",\"itemListElement\":[{\"@type\":\"ListItem\",\"position\":1,\"name\":\"Startseite\",\"item\":\"https:\/\/blog.zeit.de\/teilchen\/\"},{\"@type\":\"ListItem\",\"position\":2,\"name\":\"New York wird erst ab Mitternacht grenzenlos\"}]},{\"@type\":\"WebSite\",\"@id\":\"https:\/\/blog.zeit.de\/teilchen\/#website\",\"url\":\"https:\/\/blog.zeit.de\/teilchen\/\",\"name\":\"Teilchen\",\"description\":\"Im Netz verstecken sich kleine Sch\u00e4tze - ZEIT ONLINE findet sie.\",\"potentialAction\":[{\"@type\":\"SearchAction\",\"target\":{\"@type\":\"EntryPoint\",\"urlTemplate\":\"https:\/\/blog.zeit.de\/teilchen\/?s={search_term_string}\"},\"query-input\":\"required name=search_term_string\"}],\"inLanguage\":\"de\"},{\"@type\":\"Person\",\"@id\":\"https:\/\/blog.zeit.de\/teilchen\/#\/schema\/person\/20ae47479c9c6443ed61f03c9eac892f\",\"name\":\"Bj\u00f6rn Maatz\",\"image\":{\"@type\":\"ImageObject\",\"inLanguage\":\"de\",\"@id\":\"https:\/\/blog.zeit.de\/teilchen\/#\/schema\/person\/image\/\",\"url\":\"https:\/\/secure.gravatar.com\/avatar\/4ed13ddffa21af7dcec9d6d36d2b36f05bfc49e1676e43abd84a80376d644278?s=96&d=mm&r=g\",\"contentUrl\":\"https:\/\/secure.gravatar.com\/avatar\/4ed13ddffa21af7dcec9d6d36d2b36f05bfc49e1676e43abd84a80376d644278?s=96&d=mm&r=g\",\"caption\":\"Bj\u00f6rn Maatz\"},\"description\":\"Leitet die Online-Redaktion der Kreativagentur Philipp und Keuntje. Zuvor Engagement-Redakteur bei ZEIT ONLINE und bei FINANCIAL TIMES DEUTSCHLAND, u.a. als Print-Redakteur im Unternehmensressort sowie als erster und letzter Social-Media-Redakteur. Studium der Wirtschaftsjournalistik in Bremen und Melbourne mit Hospitanzen beim NDR, der dpa und dem Hamburger Abendblatt.\",\"sameAs\":[\"https:\/\/twitter.com\/BjoernMaatz\"],\"url\":\"https:\/\/blog.zeit.de\/teilchen\/author\/bjoernmaatz\/\"}]}<\/script>\n<!-- \/ Yoast SEO plugin. -->","yoast_head_json":{"title":"New York wird erst ab Mitternacht grenzenlos &#8902; Teilchen","description":"In New York geht das Leben um Mitternacht erst los. Das New York Magazine hat der \"Stadt, die niemals schl\u00e4ft\" jetzt eine passende Ausgabe gewidmet.","robots":{"index":"index","follow":"follow","max-snippet":"max-snippet:-1","max-image-preview":"max-image-preview:large","max-video-preview":"max-video-preview:-1"},"canonical":"https:\/\/blog.zeit.de\/teilchen\/2015\/04\/08\/new-york-wird-erst-ab-mitternacht-grenzenlos\/","og_locale":"de_DE","og_type":"article","og_title":"New York wird erst ab Mitternacht grenzenlos &#8902; Teilchen","og_description":"In New York geht das Leben um Mitternacht erst los. Das New York Magazine hat der \"Stadt, die niemals schl\u00e4ft\" jetzt eine passende Ausgabe gewidmet.","og_url":"https:\/\/blog.zeit.de\/teilchen\/2015\/04\/08\/new-york-wird-erst-ab-mitternacht-grenzenlos\/","og_site_name":"Teilchen","article_published_time":"2015-04-08T13:00:09+00:00","article_modified_time":"2015-04-07T11:51:23+00:00","og_image":[{"url":"https:\/\/blog.zeit.de\/teilchen\/files\/2015\/03\/Bildschirmfoto-2015-03-30-um-13.52.37-580x336.png"}],"author":"Bj\u00f6rn Maatz","twitter_card":"summary_large_image","twitter_creator":"@BjoernMaatz","twitter_site":"@zeitonline","twitter_misc":{"Geschrieben von":"Bj\u00f6rn Maatz","Gesch\u00e4tzte Lesezeit":"1\u00a0Minute"},"schema":{"@context":"https:\/\/schema.org","@graph":[{"@type":"WebPage","@id":"https:\/\/blog.zeit.de\/teilchen\/2015\/04\/08\/new-york-wird-erst-ab-mitternacht-grenzenlos\/","url":"https:\/\/blog.zeit.de\/teilchen\/2015\/04\/08\/new-york-wird-erst-ab-mitternacht-grenzenlos\/","name":"New York wird erst ab Mitternacht grenzenlos &#8902; Teilchen","isPartOf":{"@id":"https:\/\/blog.zeit.de\/teilchen\/#website"},"datePublished":"2015-04-08T13:00:09+00:00","dateModified":"2015-04-07T11:51:23+00:00","author":{"@id":"https:\/\/blog.zeit.de\/teilchen\/#\/schema\/person\/20ae47479c9c6443ed61f03c9eac892f"},"description":"In New York geht das Leben um Mitternacht erst los. Das New York Magazine hat der \"Stadt, die niemals schl\u00e4ft\" jetzt eine passende Ausgabe gewidmet.","breadcrumb":{"@id":"https:\/\/blog.zeit.de\/teilchen\/2015\/04\/08\/new-york-wird-erst-ab-mitternacht-grenzenlos\/#breadcrumb"},"inLanguage":"de","potentialAction":[{"@type":"ReadAction","target":["https:\/\/blog.zeit.de\/teilchen\/2015\/04\/08\/new-york-wird-erst-ab-mitternacht-grenzenlos\/"]}]},{"@type":"BreadcrumbList","@id":"https:\/\/blog.zeit.de\/teilchen\/2015\/04\/08\/new-york-wird-erst-ab-mitternacht-grenzenlos\/#breadcrumb","itemListElement":[{"@type":"ListItem","position":1,"name":"Startseite","item":"https:\/\/blog.zeit.de\/teilchen\/"},{"@type":"ListItem","position":2,"name":"New York wird erst ab Mitternacht grenzenlos"}]},{"@type":"WebSite","@id":"https:\/\/blog.zeit.de\/teilchen\/#website","url":"https:\/\/blog.zeit.de\/teilchen\/","name":"Teilchen","description":"Im Netz verstecken sich kleine Sch\u00e4tze - ZEIT ONLINE findet sie.","potentialAction":[{"@type":"SearchAction","target":{"@type":"EntryPoint","urlTemplate":"https:\/\/blog.zeit.de\/teilchen\/?s={search_term_string}"},"query-input":"required name=search_term_string"}],"inLanguage":"de"},{"@type":"Person","@id":"https:\/\/blog.zeit.de\/teilchen\/#\/schema\/person\/20ae47479c9c6443ed61f03c9eac892f","name":"Bj\u00f6rn Maatz","image":{"@type":"ImageObject","inLanguage":"de","@id":"https:\/\/blog.zeit.de\/teilchen\/#\/schema\/person\/image\/","url":"https:\/\/secure.gravatar.com\/avatar\/4ed13ddffa21af7dcec9d6d36d2b36f05bfc49e1676e43abd84a80376d644278?s=96&d=mm&r=g","contentUrl":"https:\/\/secure.gravatar.com\/avatar\/4ed13ddffa21af7dcec9d6d36d2b36f05bfc49e1676e43abd84a80376d644278?s=96&d=mm&r=g","caption":"Bj\u00f6rn Maatz"},"description":"Leitet die Online-Redaktion der Kreativagentur Philipp und Keuntje. Zuvor Engagement-Redakteur bei ZEIT ONLINE und bei FINANCIAL TIMES DEUTSCHLAND, u.a. als Print-Redakteur im Unternehmensressort sowie als erster und letzter Social-Media-Redakteur. Studium der Wirtschaftsjournalistik in Bremen und Melbourne mit Hospitanzen beim NDR, der dpa und dem Hamburger Abendblatt.","sameAs":["https:\/\/twitter.com\/BjoernMaatz"],"url":"https:\/\/blog.zeit.de\/teilchen\/author\/bjoernmaatz\/"}]}},"jetpack_featured_media_url":"","jetpack_sharing_enabled":true,"_links":{"self":[{"href":"https:\/\/blog.zeit.de\/teilchen\/wp-json\/wp\/v2\/posts\/2611","targetHints":{"allow":["GET"]}}],"collection":[{"href":"https:\/\/blog.zeit.de\/teilchen\/wp-json\/wp\/v2\/posts"}],"about":[{"href":"https:\/\/blog.zeit.de\/teilchen\/wp-json\/wp\/v2\/types\/post"}],"author":[{"embeddable":true,"href":"https:\/\/blog.zeit.de\/teilchen\/wp-json\/wp\/v2\/users\/528"}],"replies":[{"embeddable":true,"href":"https:\/\/blog.zeit.de\/teilchen\/wp-json\/wp\/v2\/comments?post=2611"}],"version-history":[{"count":8,"href":"https:\/\/blog.zeit.de\/teilchen\/wp-json\/wp\/v2\/posts\/2611\/revisions"}],"predecessor-version":[{"id":2684,"href":"https:\/\/blog.zeit.de\/teilchen\/wp-json\/wp\/v2\/posts\/2611\/revisions\/2684"}],"wp:attachment":[{"href":"https:\/\/blog.zeit.de\/teilchen\/wp-json\/wp\/v2\/media?parent=2611"}],"wp:term":[{"taxonomy":"category","embeddable":true,"href":"https:\/\/blog.zeit.de\/teilchen\/wp-json\/wp\/v2\/categories?post=2611"},{"taxonomy":"post_tag","embeddable":true,"href":"https:\/\/blog.zeit.de\/teilchen\/wp-json\/wp\/v2\/tags?post=2611"}],"curies":[{"name":"wp","href":"https:\/\/api.w.org\/{rel}","templated":true}]}}