{"id":3028,"date":"2015-04-20T15:00:36","date_gmt":"2015-04-20T13:00:36","guid":{"rendered":"http:\/\/blog.zeit.de\/teilchen\/?p=3028"},"modified":"2015-04-17T13:24:01","modified_gmt":"2015-04-17T11:24:01","slug":"mount-everest-so-kommen-sie-ganz-nach-oben","status":"publish","type":"post","link":"https:\/\/blog.zeit.de\/teilchen\/2015\/04\/20\/mount-everest-so-kommen-sie-ganz-nach-oben\/","title":{"rendered":"H\u00f6her werden Sie es niemals schaffen"},"content":{"rendered":"<p><figure id=\"attachment_3029\" aria-describedby=\"caption-attachment-3029\" style=\"width: 580px\" class=\"wp-caption alignnone\"><a href=\"http:\/\/www.washingtonpost.com\/graphics\/world\/scaling-everest\/\"><img loading=\"lazy\" decoding=\"async\" class=\"size-medium wp-image-3029\" src=\"https:\/\/blog.zeit.de\/teilchen\/files\/2015\/04\/Bildschirmfoto-2015-04-17-um-11.28.05-580x247.png\" alt=\"Screenshot: Washington Post\" width=\"580\" height=\"247\" srcset=\"https:\/\/blog.zeit.de\/teilchen\/files\/2015\/04\/Bildschirmfoto-2015-04-17-um-11.28.05-580x247.png 580w, https:\/\/blog.zeit.de\/teilchen\/files\/2015\/04\/Bildschirmfoto-2015-04-17-um-11.28.05-1024x437.png 1024w, https:\/\/blog.zeit.de\/teilchen\/files\/2015\/04\/Bildschirmfoto-2015-04-17-um-11.28.05.png 1192w\" sizes=\"auto, (max-width: 580px) 100vw, 580px\" \/><\/a><figcaption id=\"caption-attachment-3029\" class=\"wp-caption-text\">Screenshot: Washington Post<\/figcaption><\/figure><\/p>\n<p>Es ist kalt hier oben, sehr kalt \u2013 minus 40 Grad, um genau zu sein. Doch Sie sind gut vorbereitet: Ihr Schlafsack sichert Ihr \u00dcberleben. Auf die wind- und wasserdichten Daunen-Handschuhe wollten Sie hier oben niemals verzichten, ebenso wenig auf Ihre M\u00fctze und die Gesichtsmaske, die Sie einigerma\u00dfen vor Wind und K\u00e4lte sch\u00fctzt. Willkommen auf dem Mount Everest, dem mit 8.848 Metern h\u00f6chsten Berg der Welt.<\/p>\n<p><!--more-->Wie erreicht man einen fast neun Kilometer hohen Gipfel? Das veranschaulicht <a href=\"http:\/\/www.washingtonpost.com\/graphics\/world\/scaling-everest\/\" target=\"_blank\">diese Infografik der <em>Washington Post<\/em><\/a>. Die <a href=\"http:\/\/www.washingtonpost.com\/blogs\/worldviews\/wp\/2015\/04\/15\/six-ways-climbing-everest-has-changed-since-last-year\/?hpid=z2\" target=\"_blank\">Rahmenbedingungen f\u00fcr den Aufstieg haben sich in diesem Jahr deutlich ge\u00e4ndert<\/a>, aus verschiedenen Gr\u00fcnden. W\u00e4hrend sich die <a href=\"http:\/\/www.summitclimb.de\/sc-shared\/touren\/everest\/expedition-nepal\/ausruestung-everest-nepal.pdf\" target=\"_blank\">gut ausger\u00fcsteten Teilnehmer der ersten Fr\u00fchlingsexpeditionen<\/a> Extremsituationen aussetzen, beschr\u00e4nkt sich Ihre sportliche Herausforderung zum Gl\u00fcck darauf, zu scrollen, zu scrollen, zu scrollen&#8230;<\/p>\n<p>Wer sich auf diese interaktive Reise vom Meeresspiegel bis zum Gipfel begibt, der erf\u00e4hrt erstaunliche Fakten rund um den 1953 erstmals erfolgreich bestiegenen Berg. Etwa, dass er in China und Tibet den traditionellen Namen Chomolungma tr\u00e4gt. Oder ab welchem Level Menschen mit der H\u00f6henkrankheit zu k\u00e4mpfen haben. Oder was es mit dem gef\u00e4hrlichsten Flughafen der Welt auf sich hat.<\/p>\n<p>Haben Sie sich vorgek\u00e4mpft? Dann <a href=\"http:\/\/www.washingtonpost.com\/blogs\/worldviews\/wp\/2012\/12\/18\/photo-mount-everest-in-two-billion-pixels\/\" target=\"_blank\">sollte es bei guter Sicht jetzt so in etwa bei Ihnen aussehen<\/a>. Und weit und breit kaum ein Mensch. <a href=\"http:\/\/www.zeit.de\/reisen\/2014-08\/nepal-mount-everest-reinhold-messner\" target=\"_blank\">Massentourismus gibt es in Nepal jedenfalls nicht, das hat uns Reinhold Messner in diesem Interview<\/a> versichert. Sie h\u00e4tten es dennoch gern eine Nummer kleiner? Kein Problem: <a href=\"http:\/\/www.zeit.de\/sport\/2015-02\/klettern-kletterhallen\" target=\"_blank\">Klettern kickt auch in der Halle<\/a>.<\/p>\n<p><em>Weitere <a href=\"https:\/\/blog.zeit.de\/teilchen\/\" target=\"_blank\">Teilchen finden Sie hier<\/a>.<\/em><\/p>\n","protected":false},"excerpt":{"rendered":"<p>Es ist kalt hier oben, sehr kalt \u2013 minus 40 Grad, um genau zu sein. Doch Sie sind gut vorbereitet: Ihr Schlafsack sichert Ihr [\u2026]<\/p>\n","protected":false},"author":528,"featured_media":0,"comment_status":"open","ping_status":"closed","sticky":false,"template":"","format":"standard","meta":{"_jetpack_memberships_contains_paid_content":false,"footnotes":""},"categories":[9469],"tags":[],"class_list":["post-3028","post","type-post","status-publish","format-standard","hentry","category-infografiken"],"yoast_head":"<!-- This site is optimized with the Yoast SEO plugin v21.0 - https:\/\/yoast.com\/wordpress\/plugins\/seo\/ -->\n<title>Mount Everest: H\u00f6her werden Sie es niemals schaffen<\/title>\n<meta name=\"description\" content=\"Willkommen auf dem Mount Everest, dem h\u00f6chsten Berg der Welt. Aber wie erreicht man einen fast neun Kilometer hohen Gipfel? Eine Infografik zeigt&#039;s.\" \/>\n<meta name=\"robots\" content=\"index, follow, max-snippet:-1, max-image-preview:large, max-video-preview:-1\" \/>\n<link rel=\"canonical\" href=\"https:\/\/blog.zeit.de\/teilchen\/2015\/04\/20\/mount-everest-so-kommen-sie-ganz-nach-oben\/\" \/>\n<meta property=\"og:locale\" content=\"de_DE\" \/>\n<meta property=\"og:type\" content=\"article\" \/>\n<meta property=\"og:title\" content=\"Mount Everest: H\u00f6her werden Sie es niemals schaffen\" \/>\n<meta property=\"og:description\" content=\"Willkommen auf dem Mount Everest, dem h\u00f6chsten Berg der Welt. Aber wie erreicht man einen fast neun Kilometer hohen Gipfel? Eine Infografik zeigt&#039;s.\" \/>\n<meta property=\"og:url\" content=\"https:\/\/blog.zeit.de\/teilchen\/2015\/04\/20\/mount-everest-so-kommen-sie-ganz-nach-oben\/\" \/>\n<meta property=\"og:site_name\" content=\"Teilchen\" \/>\n<meta property=\"article:published_time\" content=\"2015-04-20T13:00:36+00:00\" \/>\n<meta property=\"article:modified_time\" content=\"2015-04-17T11:24:01+00:00\" \/>\n<meta property=\"og:image\" content=\"https:\/\/blog.zeit.de\/teilchen\/files\/2015\/04\/Bildschirmfoto-2015-04-17-um-11.28.05-580x247.png\" \/>\n<meta name=\"author\" content=\"Bj\u00f6rn Maatz\" \/>\n<meta name=\"twitter:card\" content=\"summary_large_image\" \/>\n<meta name=\"twitter:creator\" content=\"@BjoernMaatz\" \/>\n<meta name=\"twitter:site\" content=\"@zeitonline\" \/>\n<meta name=\"twitter:label1\" content=\"Geschrieben von\" \/>\n\t<meta name=\"twitter:data1\" content=\"Bj\u00f6rn Maatz\" \/>\n\t<meta name=\"twitter:label2\" content=\"Gesch\u00e4tzte Lesezeit\" \/>\n\t<meta name=\"twitter:data2\" content=\"1\u00a0Minute\" \/>\n<script type=\"application\/ld+json\" class=\"yoast-schema-graph\">{\"@context\":\"https:\/\/schema.org\",\"@graph\":[{\"@type\":\"WebPage\",\"@id\":\"https:\/\/blog.zeit.de\/teilchen\/2015\/04\/20\/mount-everest-so-kommen-sie-ganz-nach-oben\/\",\"url\":\"https:\/\/blog.zeit.de\/teilchen\/2015\/04\/20\/mount-everest-so-kommen-sie-ganz-nach-oben\/\",\"name\":\"Mount Everest: H\u00f6her werden Sie es niemals schaffen\",\"isPartOf\":{\"@id\":\"https:\/\/blog.zeit.de\/teilchen\/#website\"},\"datePublished\":\"2015-04-20T13:00:36+00:00\",\"dateModified\":\"2015-04-17T11:24:01+00:00\",\"author\":{\"@id\":\"https:\/\/blog.zeit.de\/teilchen\/#\/schema\/person\/20ae47479c9c6443ed61f03c9eac892f\"},\"description\":\"Willkommen auf dem Mount Everest, dem h\u00f6chsten Berg der Welt. Aber wie erreicht man einen fast neun Kilometer hohen Gipfel? Eine Infografik zeigt's.\",\"breadcrumb\":{\"@id\":\"https:\/\/blog.zeit.de\/teilchen\/2015\/04\/20\/mount-everest-so-kommen-sie-ganz-nach-oben\/#breadcrumb\"},\"inLanguage\":\"de\",\"potentialAction\":[{\"@type\":\"ReadAction\",\"target\":[\"https:\/\/blog.zeit.de\/teilchen\/2015\/04\/20\/mount-everest-so-kommen-sie-ganz-nach-oben\/\"]}]},{\"@type\":\"BreadcrumbList\",\"@id\":\"https:\/\/blog.zeit.de\/teilchen\/2015\/04\/20\/mount-everest-so-kommen-sie-ganz-nach-oben\/#breadcrumb\",\"itemListElement\":[{\"@type\":\"ListItem\",\"position\":1,\"name\":\"Startseite\",\"item\":\"https:\/\/blog.zeit.de\/teilchen\/\"},{\"@type\":\"ListItem\",\"position\":2,\"name\":\"H\u00f6her werden Sie es niemals schaffen\"}]},{\"@type\":\"WebSite\",\"@id\":\"https:\/\/blog.zeit.de\/teilchen\/#website\",\"url\":\"https:\/\/blog.zeit.de\/teilchen\/\",\"name\":\"Teilchen\",\"description\":\"Im Netz verstecken sich kleine Sch\u00e4tze - ZEIT ONLINE findet sie.\",\"potentialAction\":[{\"@type\":\"SearchAction\",\"target\":{\"@type\":\"EntryPoint\",\"urlTemplate\":\"https:\/\/blog.zeit.de\/teilchen\/?s={search_term_string}\"},\"query-input\":\"required name=search_term_string\"}],\"inLanguage\":\"de\"},{\"@type\":\"Person\",\"@id\":\"https:\/\/blog.zeit.de\/teilchen\/#\/schema\/person\/20ae47479c9c6443ed61f03c9eac892f\",\"name\":\"Bj\u00f6rn Maatz\",\"image\":{\"@type\":\"ImageObject\",\"inLanguage\":\"de\",\"@id\":\"https:\/\/blog.zeit.de\/teilchen\/#\/schema\/person\/image\/\",\"url\":\"https:\/\/secure.gravatar.com\/avatar\/4ed13ddffa21af7dcec9d6d36d2b36f05bfc49e1676e43abd84a80376d644278?s=96&d=mm&r=g\",\"contentUrl\":\"https:\/\/secure.gravatar.com\/avatar\/4ed13ddffa21af7dcec9d6d36d2b36f05bfc49e1676e43abd84a80376d644278?s=96&d=mm&r=g\",\"caption\":\"Bj\u00f6rn Maatz\"},\"description\":\"Leitet die Online-Redaktion der Kreativagentur Philipp und Keuntje. Zuvor Engagement-Redakteur bei ZEIT ONLINE und bei FINANCIAL TIMES DEUTSCHLAND, u.a. als Print-Redakteur im Unternehmensressort sowie als erster und letzter Social-Media-Redakteur. Studium der Wirtschaftsjournalistik in Bremen und Melbourne mit Hospitanzen beim NDR, der dpa und dem Hamburger Abendblatt.\",\"sameAs\":[\"https:\/\/twitter.com\/BjoernMaatz\"],\"url\":\"https:\/\/blog.zeit.de\/teilchen\/author\/bjoernmaatz\/\"}]}<\/script>\n<!-- \/ Yoast SEO plugin. -->","yoast_head_json":{"title":"Mount Everest: H\u00f6her werden Sie es niemals schaffen","description":"Willkommen auf dem Mount Everest, dem h\u00f6chsten Berg der Welt. Aber wie erreicht man einen fast neun Kilometer hohen Gipfel? Eine Infografik zeigt's.","robots":{"index":"index","follow":"follow","max-snippet":"max-snippet:-1","max-image-preview":"max-image-preview:large","max-video-preview":"max-video-preview:-1"},"canonical":"https:\/\/blog.zeit.de\/teilchen\/2015\/04\/20\/mount-everest-so-kommen-sie-ganz-nach-oben\/","og_locale":"de_DE","og_type":"article","og_title":"Mount Everest: H\u00f6her werden Sie es niemals schaffen","og_description":"Willkommen auf dem Mount Everest, dem h\u00f6chsten Berg der Welt. Aber wie erreicht man einen fast neun Kilometer hohen Gipfel? Eine Infografik zeigt's.","og_url":"https:\/\/blog.zeit.de\/teilchen\/2015\/04\/20\/mount-everest-so-kommen-sie-ganz-nach-oben\/","og_site_name":"Teilchen","article_published_time":"2015-04-20T13:00:36+00:00","article_modified_time":"2015-04-17T11:24:01+00:00","og_image":[{"url":"https:\/\/blog.zeit.de\/teilchen\/files\/2015\/04\/Bildschirmfoto-2015-04-17-um-11.28.05-580x247.png"}],"author":"Bj\u00f6rn Maatz","twitter_card":"summary_large_image","twitter_creator":"@BjoernMaatz","twitter_site":"@zeitonline","twitter_misc":{"Geschrieben von":"Bj\u00f6rn Maatz","Gesch\u00e4tzte Lesezeit":"1\u00a0Minute"},"schema":{"@context":"https:\/\/schema.org","@graph":[{"@type":"WebPage","@id":"https:\/\/blog.zeit.de\/teilchen\/2015\/04\/20\/mount-everest-so-kommen-sie-ganz-nach-oben\/","url":"https:\/\/blog.zeit.de\/teilchen\/2015\/04\/20\/mount-everest-so-kommen-sie-ganz-nach-oben\/","name":"Mount Everest: H\u00f6her werden Sie es niemals schaffen","isPartOf":{"@id":"https:\/\/blog.zeit.de\/teilchen\/#website"},"datePublished":"2015-04-20T13:00:36+00:00","dateModified":"2015-04-17T11:24:01+00:00","author":{"@id":"https:\/\/blog.zeit.de\/teilchen\/#\/schema\/person\/20ae47479c9c6443ed61f03c9eac892f"},"description":"Willkommen auf dem Mount Everest, dem h\u00f6chsten Berg der Welt. Aber wie erreicht man einen fast neun Kilometer hohen Gipfel? Eine Infografik zeigt's.","breadcrumb":{"@id":"https:\/\/blog.zeit.de\/teilchen\/2015\/04\/20\/mount-everest-so-kommen-sie-ganz-nach-oben\/#breadcrumb"},"inLanguage":"de","potentialAction":[{"@type":"ReadAction","target":["https:\/\/blog.zeit.de\/teilchen\/2015\/04\/20\/mount-everest-so-kommen-sie-ganz-nach-oben\/"]}]},{"@type":"BreadcrumbList","@id":"https:\/\/blog.zeit.de\/teilchen\/2015\/04\/20\/mount-everest-so-kommen-sie-ganz-nach-oben\/#breadcrumb","itemListElement":[{"@type":"ListItem","position":1,"name":"Startseite","item":"https:\/\/blog.zeit.de\/teilchen\/"},{"@type":"ListItem","position":2,"name":"H\u00f6her werden Sie es niemals schaffen"}]},{"@type":"WebSite","@id":"https:\/\/blog.zeit.de\/teilchen\/#website","url":"https:\/\/blog.zeit.de\/teilchen\/","name":"Teilchen","description":"Im Netz verstecken sich kleine Sch\u00e4tze - ZEIT ONLINE findet sie.","potentialAction":[{"@type":"SearchAction","target":{"@type":"EntryPoint","urlTemplate":"https:\/\/blog.zeit.de\/teilchen\/?s={search_term_string}"},"query-input":"required name=search_term_string"}],"inLanguage":"de"},{"@type":"Person","@id":"https:\/\/blog.zeit.de\/teilchen\/#\/schema\/person\/20ae47479c9c6443ed61f03c9eac892f","name":"Bj\u00f6rn Maatz","image":{"@type":"ImageObject","inLanguage":"de","@id":"https:\/\/blog.zeit.de\/teilchen\/#\/schema\/person\/image\/","url":"https:\/\/secure.gravatar.com\/avatar\/4ed13ddffa21af7dcec9d6d36d2b36f05bfc49e1676e43abd84a80376d644278?s=96&d=mm&r=g","contentUrl":"https:\/\/secure.gravatar.com\/avatar\/4ed13ddffa21af7dcec9d6d36d2b36f05bfc49e1676e43abd84a80376d644278?s=96&d=mm&r=g","caption":"Bj\u00f6rn Maatz"},"description":"Leitet die Online-Redaktion der Kreativagentur Philipp und Keuntje. Zuvor Engagement-Redakteur bei ZEIT ONLINE und bei FINANCIAL TIMES DEUTSCHLAND, u.a. als Print-Redakteur im Unternehmensressort sowie als erster und letzter Social-Media-Redakteur. Studium der Wirtschaftsjournalistik in Bremen und Melbourne mit Hospitanzen beim NDR, der dpa und dem Hamburger Abendblatt.","sameAs":["https:\/\/twitter.com\/BjoernMaatz"],"url":"https:\/\/blog.zeit.de\/teilchen\/author\/bjoernmaatz\/"}]}},"jetpack_featured_media_url":"","jetpack_sharing_enabled":true,"_links":{"self":[{"href":"https:\/\/blog.zeit.de\/teilchen\/wp-json\/wp\/v2\/posts\/3028","targetHints":{"allow":["GET"]}}],"collection":[{"href":"https:\/\/blog.zeit.de\/teilchen\/wp-json\/wp\/v2\/posts"}],"about":[{"href":"https:\/\/blog.zeit.de\/teilchen\/wp-json\/wp\/v2\/types\/post"}],"author":[{"embeddable":true,"href":"https:\/\/blog.zeit.de\/teilchen\/wp-json\/wp\/v2\/users\/528"}],"replies":[{"embeddable":true,"href":"https:\/\/blog.zeit.de\/teilchen\/wp-json\/wp\/v2\/comments?post=3028"}],"version-history":[{"count":7,"href":"https:\/\/blog.zeit.de\/teilchen\/wp-json\/wp\/v2\/posts\/3028\/revisions"}],"predecessor-version":[{"id":3042,"href":"https:\/\/blog.zeit.de\/teilchen\/wp-json\/wp\/v2\/posts\/3028\/revisions\/3042"}],"wp:attachment":[{"href":"https:\/\/blog.zeit.de\/teilchen\/wp-json\/wp\/v2\/media?parent=3028"}],"wp:term":[{"taxonomy":"category","embeddable":true,"href":"https:\/\/blog.zeit.de\/teilchen\/wp-json\/wp\/v2\/categories?post=3028"},{"taxonomy":"post_tag","embeddable":true,"href":"https:\/\/blog.zeit.de\/teilchen\/wp-json\/wp\/v2\/tags?post=3028"}],"curies":[{"name":"wp","href":"https:\/\/api.w.org\/{rel}","templated":true}]}}