{"id":3073,"date":"2015-04-21T14:04:14","date_gmt":"2015-04-21T12:04:14","guid":{"rendered":"http:\/\/blog.zeit.de\/teilchen\/?p=3073"},"modified":"2015-04-22T13:54:21","modified_gmt":"2015-04-22T11:54:21","slug":"drachen-gladiator-rio-de-janeiro","status":"publish","type":"post","link":"https:\/\/blog.zeit.de\/teilchen\/2015\/04\/21\/drachen-gladiator-rio-de-janeiro\/","title":{"rendered":"Gladiatoren k\u00e4mpfen \u00fcber Rio"},"content":{"rendered":"<p>[vimeo 118019156 w=580 h=326] <\/p>\n<p><\/p>\n<p>&#8222;Flieg gegen einen anderen, du Schwuchtel!&#8220; Auf den D\u00e4chern von Rocinha ist kein Platz f\u00fcr Political Correctness. \u00dcber dem gr\u00f6\u00dften von Rio de Janeiros Armenvierteln, den sogenannten Favelas, tobt ein Luftkampf.<\/p>\n<p><!--more--><\/p>\n<p>Gef\u00fchrt wird er nicht etwa vom Milit\u00e4r oder der Polizei, die <a href=\"http:\/\/www.google.com\/url?q=http%3A%2F%2Fwww.zeit.de%2Fonline%2F2007%2F02%2FBrasilien-Gewalt&amp;sa=D&amp;sntz=1&amp;usg=AFQjCNEN99bRi2vfczyhbNCd6cHivE80wQ\">dort wegen ihrer H\u00e4rte gef\u00fcrchtet ist<\/a>. Bewohner des Viertels lassen Drachen steigen, mit denen sie gegeneinander antreten. Gewonnen hat nicht, wer die spektakul\u00e4rsten Man\u00f6ver fliegt, sondern wer die Schnur des Gegners durchtrennt. Daf\u00fcr \u00fcberziehen sie ihre eigene Drachenschnur mit einem speziellen Wachs, in den sie zersto\u00dfenes Glas r\u00fchren. &#8222;Soltar Pipas&#8220; hei\u00dft diese Art des Drachensteigens in Rocinha.<\/p>\n<p>Guilherme Tensol und Leandro HBL haben einige der Himmelskrieger von Rio mit der Kamera begleitet. Sie zeigen, was es f\u00fcr die \u00c4rmsten der brasilianischen Metropole bedeutet, ein St\u00fcck Papier an eine Schnur zu binden und es vom Wind tragen zu lassen. Sie zeigen, warum junge M\u00e4nner daf\u00fcr bereit sind, zu bluten.<\/p>\n<p>Weitere <a href=\"http:\/\/www.google.com\/url?q=http%3A%2F%2Fblog.zeit.de%2Fteilchen%2F&amp;sa=D&amp;sntz=1&amp;usg=AFQjCNEG75_0OoectVnLikZzpuiUahjf0w\"><em>Teilchen finden Sie hier<\/em><\/a>.<\/p>\n","protected":false},"excerpt":{"rendered":"<p>[vimeo 118019156 w=580 h=326] &#8222;Flieg gegen einen anderen, du Schwuchtel!&#8220; Auf den D\u00e4chern von Rocinha ist kein Platz f\u00fcr Political Correctness. \u00dcber dem gr\u00f6\u00dften [\u2026]<\/p>\n","protected":false},"author":558,"featured_media":0,"comment_status":"open","ping_status":"closed","sticky":false,"template":"","format":"standard","meta":{"_jetpack_memberships_contains_paid_content":false,"footnotes":""},"categories":[28],"tags":[],"class_list":["post-3073","post","type-post","status-publish","format-standard","hentry","category-video"],"yoast_head":"<!-- This site is optimized with the Yoast SEO plugin v21.0 - https:\/\/yoast.com\/wordpress\/plugins\/seo\/ -->\n<title>Drachen \u00fcber Rios Favelas<\/title>\n<meta name=\"description\" content=\"Drachen sind nicht nur f\u00fcr Kinder. \u00dcber den D\u00e4chern von Rio liefern junge M\u00e4nner sich einen Wettkampf im Drachensteigen. Manchmal endet er blutig.\" \/>\n<meta name=\"robots\" content=\"index, follow, max-snippet:-1, max-image-preview:large, max-video-preview:-1\" \/>\n<link rel=\"canonical\" href=\"https:\/\/blog.zeit.de\/teilchen\/2015\/04\/21\/drachen-gladiator-rio-de-janeiro\/\" \/>\n<meta property=\"og:locale\" content=\"de_DE\" \/>\n<meta property=\"og:type\" content=\"article\" \/>\n<meta property=\"og:title\" content=\"Drachen \u00fcber Rios Favelas\" \/>\n<meta property=\"og:description\" content=\"Drachen sind nicht nur f\u00fcr Kinder. \u00dcber den D\u00e4chern von Rio liefern junge M\u00e4nner sich einen Wettkampf im Drachensteigen. Manchmal endet er blutig.\" \/>\n<meta property=\"og:url\" content=\"https:\/\/blog.zeit.de\/teilchen\/2015\/04\/21\/drachen-gladiator-rio-de-janeiro\/\" \/>\n<meta property=\"og:site_name\" content=\"Teilchen\" \/>\n<meta property=\"article:published_time\" content=\"2015-04-21T12:04:14+00:00\" \/>\n<meta property=\"article:modified_time\" content=\"2015-04-22T11:54:21+00:00\" \/>\n<meta property=\"og:image\" content=\"https:\/\/blog.zeit.de\/teilchen\/files\/2015\/03\/teilchen-facebook-fallback.jpg\" \/>\n\t<meta property=\"og:image:width\" content=\"1200\" \/>\n\t<meta property=\"og:image:height\" content=\"900\" \/>\n\t<meta property=\"og:image:type\" content=\"image\/jpeg\" \/>\n<meta name=\"author\" content=\"Carim Soliman\" \/>\n<meta name=\"twitter:card\" content=\"summary_large_image\" \/>\n<meta name=\"twitter:creator\" content=\"@zeitonline\" \/>\n<meta name=\"twitter:site\" content=\"@zeitonline\" \/>\n<meta name=\"twitter:label1\" content=\"Geschrieben von\" \/>\n\t<meta name=\"twitter:data1\" content=\"Carim Soliman\" \/>\n\t<meta name=\"twitter:label2\" content=\"Gesch\u00e4tzte Lesezeit\" \/>\n\t<meta name=\"twitter:data2\" content=\"1\u00a0Minute\" \/>\n<script type=\"application\/ld+json\" class=\"yoast-schema-graph\">{\"@context\":\"https:\/\/schema.org\",\"@graph\":[{\"@type\":\"WebPage\",\"@id\":\"https:\/\/blog.zeit.de\/teilchen\/2015\/04\/21\/drachen-gladiator-rio-de-janeiro\/\",\"url\":\"https:\/\/blog.zeit.de\/teilchen\/2015\/04\/21\/drachen-gladiator-rio-de-janeiro\/\",\"name\":\"Drachen \u00fcber Rios Favelas\",\"isPartOf\":{\"@id\":\"https:\/\/blog.zeit.de\/teilchen\/#website\"},\"datePublished\":\"2015-04-21T12:04:14+00:00\",\"dateModified\":\"2015-04-22T11:54:21+00:00\",\"author\":{\"@id\":\"https:\/\/blog.zeit.de\/teilchen\/#\/schema\/person\/1b29fdf43f8ed1922626fad081532fea\"},\"description\":\"Drachen sind nicht nur f\u00fcr Kinder. \u00dcber den D\u00e4chern von Rio liefern junge M\u00e4nner sich einen Wettkampf im Drachensteigen. Manchmal endet er blutig.\",\"breadcrumb\":{\"@id\":\"https:\/\/blog.zeit.de\/teilchen\/2015\/04\/21\/drachen-gladiator-rio-de-janeiro\/#breadcrumb\"},\"inLanguage\":\"de\",\"potentialAction\":[{\"@type\":\"ReadAction\",\"target\":[\"https:\/\/blog.zeit.de\/teilchen\/2015\/04\/21\/drachen-gladiator-rio-de-janeiro\/\"]}]},{\"@type\":\"BreadcrumbList\",\"@id\":\"https:\/\/blog.zeit.de\/teilchen\/2015\/04\/21\/drachen-gladiator-rio-de-janeiro\/#breadcrumb\",\"itemListElement\":[{\"@type\":\"ListItem\",\"position\":1,\"name\":\"Startseite\",\"item\":\"https:\/\/blog.zeit.de\/teilchen\/\"},{\"@type\":\"ListItem\",\"position\":2,\"name\":\"Gladiatoren k\u00e4mpfen \u00fcber Rio\"}]},{\"@type\":\"WebSite\",\"@id\":\"https:\/\/blog.zeit.de\/teilchen\/#website\",\"url\":\"https:\/\/blog.zeit.de\/teilchen\/\",\"name\":\"Teilchen\",\"description\":\"Im Netz verstecken sich kleine Sch\u00e4tze - ZEIT ONLINE findet sie.\",\"potentialAction\":[{\"@type\":\"SearchAction\",\"target\":{\"@type\":\"EntryPoint\",\"urlTemplate\":\"https:\/\/blog.zeit.de\/teilchen\/?s={search_term_string}\"},\"query-input\":\"required name=search_term_string\"}],\"inLanguage\":\"de\"},{\"@type\":\"Person\",\"@id\":\"https:\/\/blog.zeit.de\/teilchen\/#\/schema\/person\/1b29fdf43f8ed1922626fad081532fea\",\"name\":\"Carim Soliman\",\"image\":{\"@type\":\"ImageObject\",\"inLanguage\":\"de\",\"@id\":\"https:\/\/blog.zeit.de\/teilchen\/#\/schema\/person\/image\/\",\"url\":\"https:\/\/secure.gravatar.com\/avatar\/928a491c6dc6ad6a6b7c6e9c5a3c52f6c2b64a769ba414071d0504ad0a1c306e?s=96&d=mm&r=g\",\"contentUrl\":\"https:\/\/secure.gravatar.com\/avatar\/928a491c6dc6ad6a6b7c6e9c5a3c52f6c2b64a769ba414071d0504ad0a1c306e?s=96&d=mm&r=g\",\"caption\":\"Carim Soliman\"},\"description\":\"ist Autor bei ZEIT ONLINE.\",\"url\":\"https:\/\/blog.zeit.de\/teilchen\/author\/csoliman\/\"}]}<\/script>\n<!-- \/ Yoast SEO plugin. -->","yoast_head_json":{"title":"Drachen \u00fcber Rios Favelas","description":"Drachen sind nicht nur f\u00fcr Kinder. \u00dcber den D\u00e4chern von Rio liefern junge M\u00e4nner sich einen Wettkampf im Drachensteigen. Manchmal endet er blutig.","robots":{"index":"index","follow":"follow","max-snippet":"max-snippet:-1","max-image-preview":"max-image-preview:large","max-video-preview":"max-video-preview:-1"},"canonical":"https:\/\/blog.zeit.de\/teilchen\/2015\/04\/21\/drachen-gladiator-rio-de-janeiro\/","og_locale":"de_DE","og_type":"article","og_title":"Drachen \u00fcber Rios Favelas","og_description":"Drachen sind nicht nur f\u00fcr Kinder. \u00dcber den D\u00e4chern von Rio liefern junge M\u00e4nner sich einen Wettkampf im Drachensteigen. Manchmal endet er blutig.","og_url":"https:\/\/blog.zeit.de\/teilchen\/2015\/04\/21\/drachen-gladiator-rio-de-janeiro\/","og_site_name":"Teilchen","article_published_time":"2015-04-21T12:04:14+00:00","article_modified_time":"2015-04-22T11:54:21+00:00","og_image":[{"width":1200,"height":900,"url":"https:\/\/blog.zeit.de\/teilchen\/files\/2015\/03\/teilchen-facebook-fallback.jpg","type":"image\/jpeg"}],"author":"Carim Soliman","twitter_card":"summary_large_image","twitter_creator":"@zeitonline","twitter_site":"@zeitonline","twitter_misc":{"Geschrieben von":"Carim Soliman","Gesch\u00e4tzte Lesezeit":"1\u00a0Minute"},"schema":{"@context":"https:\/\/schema.org","@graph":[{"@type":"WebPage","@id":"https:\/\/blog.zeit.de\/teilchen\/2015\/04\/21\/drachen-gladiator-rio-de-janeiro\/","url":"https:\/\/blog.zeit.de\/teilchen\/2015\/04\/21\/drachen-gladiator-rio-de-janeiro\/","name":"Drachen \u00fcber Rios Favelas","isPartOf":{"@id":"https:\/\/blog.zeit.de\/teilchen\/#website"},"datePublished":"2015-04-21T12:04:14+00:00","dateModified":"2015-04-22T11:54:21+00:00","author":{"@id":"https:\/\/blog.zeit.de\/teilchen\/#\/schema\/person\/1b29fdf43f8ed1922626fad081532fea"},"description":"Drachen sind nicht nur f\u00fcr Kinder. \u00dcber den D\u00e4chern von Rio liefern junge M\u00e4nner sich einen Wettkampf im Drachensteigen. Manchmal endet er blutig.","breadcrumb":{"@id":"https:\/\/blog.zeit.de\/teilchen\/2015\/04\/21\/drachen-gladiator-rio-de-janeiro\/#breadcrumb"},"inLanguage":"de","potentialAction":[{"@type":"ReadAction","target":["https:\/\/blog.zeit.de\/teilchen\/2015\/04\/21\/drachen-gladiator-rio-de-janeiro\/"]}]},{"@type":"BreadcrumbList","@id":"https:\/\/blog.zeit.de\/teilchen\/2015\/04\/21\/drachen-gladiator-rio-de-janeiro\/#breadcrumb","itemListElement":[{"@type":"ListItem","position":1,"name":"Startseite","item":"https:\/\/blog.zeit.de\/teilchen\/"},{"@type":"ListItem","position":2,"name":"Gladiatoren k\u00e4mpfen \u00fcber Rio"}]},{"@type":"WebSite","@id":"https:\/\/blog.zeit.de\/teilchen\/#website","url":"https:\/\/blog.zeit.de\/teilchen\/","name":"Teilchen","description":"Im Netz verstecken sich kleine Sch\u00e4tze - ZEIT ONLINE findet sie.","potentialAction":[{"@type":"SearchAction","target":{"@type":"EntryPoint","urlTemplate":"https:\/\/blog.zeit.de\/teilchen\/?s={search_term_string}"},"query-input":"required name=search_term_string"}],"inLanguage":"de"},{"@type":"Person","@id":"https:\/\/blog.zeit.de\/teilchen\/#\/schema\/person\/1b29fdf43f8ed1922626fad081532fea","name":"Carim Soliman","image":{"@type":"ImageObject","inLanguage":"de","@id":"https:\/\/blog.zeit.de\/teilchen\/#\/schema\/person\/image\/","url":"https:\/\/secure.gravatar.com\/avatar\/928a491c6dc6ad6a6b7c6e9c5a3c52f6c2b64a769ba414071d0504ad0a1c306e?s=96&d=mm&r=g","contentUrl":"https:\/\/secure.gravatar.com\/avatar\/928a491c6dc6ad6a6b7c6e9c5a3c52f6c2b64a769ba414071d0504ad0a1c306e?s=96&d=mm&r=g","caption":"Carim Soliman"},"description":"ist Autor bei ZEIT ONLINE.","url":"https:\/\/blog.zeit.de\/teilchen\/author\/csoliman\/"}]}},"jetpack_featured_media_url":"","jetpack_sharing_enabled":true,"_links":{"self":[{"href":"https:\/\/blog.zeit.de\/teilchen\/wp-json\/wp\/v2\/posts\/3073","targetHints":{"allow":["GET"]}}],"collection":[{"href":"https:\/\/blog.zeit.de\/teilchen\/wp-json\/wp\/v2\/posts"}],"about":[{"href":"https:\/\/blog.zeit.de\/teilchen\/wp-json\/wp\/v2\/types\/post"}],"author":[{"embeddable":true,"href":"https:\/\/blog.zeit.de\/teilchen\/wp-json\/wp\/v2\/users\/558"}],"replies":[{"embeddable":true,"href":"https:\/\/blog.zeit.de\/teilchen\/wp-json\/wp\/v2\/comments?post=3073"}],"version-history":[{"count":5,"href":"https:\/\/blog.zeit.de\/teilchen\/wp-json\/wp\/v2\/posts\/3073\/revisions"}],"predecessor-version":[{"id":3149,"href":"https:\/\/blog.zeit.de\/teilchen\/wp-json\/wp\/v2\/posts\/3073\/revisions\/3149"}],"wp:attachment":[{"href":"https:\/\/blog.zeit.de\/teilchen\/wp-json\/wp\/v2\/media?parent=3073"}],"wp:term":[{"taxonomy":"category","embeddable":true,"href":"https:\/\/blog.zeit.de\/teilchen\/wp-json\/wp\/v2\/categories?post=3073"},{"taxonomy":"post_tag","embeddable":true,"href":"https:\/\/blog.zeit.de\/teilchen\/wp-json\/wp\/v2\/tags?post=3073"}],"curies":[{"name":"wp","href":"https:\/\/api.w.org\/{rel}","templated":true}]}}