{"id":3113,"date":"2015-04-23T10:32:22","date_gmt":"2015-04-23T08:32:22","guid":{"rendered":"http:\/\/blog.zeit.de\/teilchen\/?p=3113"},"modified":"2015-04-23T10:32:22","modified_gmt":"2015-04-23T08:32:22","slug":"flucht-ich-lebe-jetzt-hier","status":"publish","type":"post","link":"https:\/\/blog.zeit.de\/teilchen\/2015\/04\/23\/flucht-ich-lebe-jetzt-hier\/","title":{"rendered":"Ich lebe jetzt hier"},"content":{"rendered":"<p>[vimeo 122098420 w=580 h=326]<\/p>\n<p><\/p>\n<p>Taha ist ein ganz normaler Junge. Er h\u00f6rt Musik, er schaukelt, er spielt Fu\u00dfball. Aber wenn seine Altersgenossen von Vater oder Mutter abgeholt werden, ist er anders. Denn seine Eltern leben auf der anderen Seite des Mittelmeers.<br \/>\n<!--more--><\/p>\n<p>Sie waren es, die Taha aus seiner Heimat \u00c4gypten nach Europa schickten, an Bord eines Tiertransporters. Sobald der italienische Gew\u00e4sser erreicht hatte, sperrte der Kapit\u00e4n Taha und die anderen Fl\u00fcchtlinge in den Rumpf, schaltete den Autopiloten ein und verlie\u00df das Schiff. <a href=\"http:\/\/www.google.com\/url?q=http%3A%2F%2Fwww.zeit.de%2Fgesellschaft%2Fzeitgeschehen%2F2015-01%2Ffluechtlingsschiffe-italien-frontex-mare-nostrum-schleuser&amp;sa=D&amp;sntz=1&amp;usg=AFQjCNFP-C6Y5uCuYcEDS2_CsO1BGuBbMA\">Unter Schleusern ist das g\u00e4ngige Praxis<\/a>. Seitdem ist er auf sich allein gestellt.<\/p>\n<p>Die Dokumentation <em>I Live Here Now<\/em> von Marianne Bernstein und Danielle Lessovitz erz\u00e4hlt die Geschichte seiner Flucht, vor allem aber von seinem Leben in Sizilien.<\/p>\n<p>Weitere <a href=\"https:\/\/blog.zeit.de\/teilchen\"><em>Teilchen finden Sie hier<\/em><\/a>.<\/p>\n","protected":false},"excerpt":{"rendered":"<p>[vimeo 122098420 w=580 h=326] Taha ist ein ganz normaler Junge. Er h\u00f6rt Musik, er schaukelt, er spielt Fu\u00dfball. Aber wenn seine Altersgenossen von Vater [\u2026]<\/p>\n","protected":false},"author":558,"featured_media":0,"comment_status":"open","ping_status":"closed","sticky":false,"template":"","format":"standard","meta":{"_jetpack_memberships_contains_paid_content":false,"footnotes":""},"categories":[28],"tags":[],"class_list":["post-3113","post","type-post","status-publish","format-standard","hentry","category-video"],"yoast_head":"<!-- This site is optimized with the Yoast SEO plugin v21.0 - https:\/\/yoast.com\/wordpress\/plugins\/seo\/ -->\n<title>Flucht: Ich lebe jetzt hier<\/title>\n<meta name=\"description\" content=\"Taha ist ein ganz normaler Junge. Nur: Seine Eltern leben auf der anderen Seite des Mittelmeers. Diese Dokumentation erz\u00e4hlt die Geschichte seiner Flucht.\" \/>\n<meta name=\"robots\" content=\"index, follow, max-snippet:-1, max-image-preview:large, max-video-preview:-1\" \/>\n<link rel=\"canonical\" href=\"https:\/\/blog.zeit.de\/teilchen\/2015\/04\/23\/flucht-ich-lebe-jetzt-hier\/\" \/>\n<meta property=\"og:locale\" content=\"de_DE\" \/>\n<meta property=\"og:type\" content=\"article\" \/>\n<meta property=\"og:title\" content=\"Flucht: Ich lebe jetzt hier\" \/>\n<meta property=\"og:description\" content=\"Taha ist ein ganz normaler Junge. Nur: Seine Eltern leben auf der anderen Seite des Mittelmeers. Diese Dokumentation erz\u00e4hlt die Geschichte seiner Flucht.\" \/>\n<meta property=\"og:url\" content=\"https:\/\/blog.zeit.de\/teilchen\/2015\/04\/23\/flucht-ich-lebe-jetzt-hier\/\" \/>\n<meta property=\"og:site_name\" content=\"Teilchen\" \/>\n<meta property=\"article:published_time\" content=\"2015-04-23T08:32:22+00:00\" \/>\n<meta property=\"og:image\" content=\"https:\/\/blog.zeit.de\/teilchen\/files\/2015\/03\/teilchen-facebook-fallback.jpg\" \/>\n\t<meta property=\"og:image:width\" content=\"1200\" \/>\n\t<meta property=\"og:image:height\" content=\"900\" \/>\n\t<meta property=\"og:image:type\" content=\"image\/jpeg\" \/>\n<meta name=\"author\" content=\"Carim Soliman\" \/>\n<meta name=\"twitter:card\" content=\"summary_large_image\" \/>\n<meta name=\"twitter:creator\" content=\"@zeitonline\" \/>\n<meta name=\"twitter:site\" content=\"@zeitonline\" \/>\n<meta name=\"twitter:label1\" content=\"Geschrieben von\" \/>\n\t<meta name=\"twitter:data1\" content=\"Carim Soliman\" \/>\n\t<meta name=\"twitter:label2\" content=\"Gesch\u00e4tzte Lesezeit\" \/>\n\t<meta name=\"twitter:data2\" content=\"1\u00a0Minute\" \/>\n<script type=\"application\/ld+json\" class=\"yoast-schema-graph\">{\"@context\":\"https:\/\/schema.org\",\"@graph\":[{\"@type\":\"WebPage\",\"@id\":\"https:\/\/blog.zeit.de\/teilchen\/2015\/04\/23\/flucht-ich-lebe-jetzt-hier\/\",\"url\":\"https:\/\/blog.zeit.de\/teilchen\/2015\/04\/23\/flucht-ich-lebe-jetzt-hier\/\",\"name\":\"Flucht: Ich lebe jetzt hier\",\"isPartOf\":{\"@id\":\"https:\/\/blog.zeit.de\/teilchen\/#website\"},\"datePublished\":\"2015-04-23T08:32:22+00:00\",\"dateModified\":\"2015-04-23T08:32:22+00:00\",\"author\":{\"@id\":\"https:\/\/blog.zeit.de\/teilchen\/#\/schema\/person\/1b29fdf43f8ed1922626fad081532fea\"},\"description\":\"Taha ist ein ganz normaler Junge. Nur: Seine Eltern leben auf der anderen Seite des Mittelmeers. Diese Dokumentation erz\u00e4hlt die Geschichte seiner Flucht.\",\"breadcrumb\":{\"@id\":\"https:\/\/blog.zeit.de\/teilchen\/2015\/04\/23\/flucht-ich-lebe-jetzt-hier\/#breadcrumb\"},\"inLanguage\":\"de\",\"potentialAction\":[{\"@type\":\"ReadAction\",\"target\":[\"https:\/\/blog.zeit.de\/teilchen\/2015\/04\/23\/flucht-ich-lebe-jetzt-hier\/\"]}]},{\"@type\":\"BreadcrumbList\",\"@id\":\"https:\/\/blog.zeit.de\/teilchen\/2015\/04\/23\/flucht-ich-lebe-jetzt-hier\/#breadcrumb\",\"itemListElement\":[{\"@type\":\"ListItem\",\"position\":1,\"name\":\"Startseite\",\"item\":\"https:\/\/blog.zeit.de\/teilchen\/\"},{\"@type\":\"ListItem\",\"position\":2,\"name\":\"Ich lebe jetzt hier\"}]},{\"@type\":\"WebSite\",\"@id\":\"https:\/\/blog.zeit.de\/teilchen\/#website\",\"url\":\"https:\/\/blog.zeit.de\/teilchen\/\",\"name\":\"Teilchen\",\"description\":\"Im Netz verstecken sich kleine Sch\u00e4tze - ZEIT ONLINE findet sie.\",\"potentialAction\":[{\"@type\":\"SearchAction\",\"target\":{\"@type\":\"EntryPoint\",\"urlTemplate\":\"https:\/\/blog.zeit.de\/teilchen\/?s={search_term_string}\"},\"query-input\":\"required name=search_term_string\"}],\"inLanguage\":\"de\"},{\"@type\":\"Person\",\"@id\":\"https:\/\/blog.zeit.de\/teilchen\/#\/schema\/person\/1b29fdf43f8ed1922626fad081532fea\",\"name\":\"Carim Soliman\",\"image\":{\"@type\":\"ImageObject\",\"inLanguage\":\"de\",\"@id\":\"https:\/\/blog.zeit.de\/teilchen\/#\/schema\/person\/image\/\",\"url\":\"https:\/\/secure.gravatar.com\/avatar\/928a491c6dc6ad6a6b7c6e9c5a3c52f6c2b64a769ba414071d0504ad0a1c306e?s=96&d=mm&r=g\",\"contentUrl\":\"https:\/\/secure.gravatar.com\/avatar\/928a491c6dc6ad6a6b7c6e9c5a3c52f6c2b64a769ba414071d0504ad0a1c306e?s=96&d=mm&r=g\",\"caption\":\"Carim Soliman\"},\"description\":\"ist Autor bei ZEIT ONLINE.\",\"url\":\"https:\/\/blog.zeit.de\/teilchen\/author\/csoliman\/\"}]}<\/script>\n<!-- \/ Yoast SEO plugin. -->","yoast_head_json":{"title":"Flucht: Ich lebe jetzt hier","description":"Taha ist ein ganz normaler Junge. Nur: Seine Eltern leben auf der anderen Seite des Mittelmeers. Diese Dokumentation erz\u00e4hlt die Geschichte seiner Flucht.","robots":{"index":"index","follow":"follow","max-snippet":"max-snippet:-1","max-image-preview":"max-image-preview:large","max-video-preview":"max-video-preview:-1"},"canonical":"https:\/\/blog.zeit.de\/teilchen\/2015\/04\/23\/flucht-ich-lebe-jetzt-hier\/","og_locale":"de_DE","og_type":"article","og_title":"Flucht: Ich lebe jetzt hier","og_description":"Taha ist ein ganz normaler Junge. Nur: Seine Eltern leben auf der anderen Seite des Mittelmeers. Diese Dokumentation erz\u00e4hlt die Geschichte seiner Flucht.","og_url":"https:\/\/blog.zeit.de\/teilchen\/2015\/04\/23\/flucht-ich-lebe-jetzt-hier\/","og_site_name":"Teilchen","article_published_time":"2015-04-23T08:32:22+00:00","og_image":[{"width":1200,"height":900,"url":"https:\/\/blog.zeit.de\/teilchen\/files\/2015\/03\/teilchen-facebook-fallback.jpg","type":"image\/jpeg"}],"author":"Carim Soliman","twitter_card":"summary_large_image","twitter_creator":"@zeitonline","twitter_site":"@zeitonline","twitter_misc":{"Geschrieben von":"Carim Soliman","Gesch\u00e4tzte Lesezeit":"1\u00a0Minute"},"schema":{"@context":"https:\/\/schema.org","@graph":[{"@type":"WebPage","@id":"https:\/\/blog.zeit.de\/teilchen\/2015\/04\/23\/flucht-ich-lebe-jetzt-hier\/","url":"https:\/\/blog.zeit.de\/teilchen\/2015\/04\/23\/flucht-ich-lebe-jetzt-hier\/","name":"Flucht: Ich lebe jetzt hier","isPartOf":{"@id":"https:\/\/blog.zeit.de\/teilchen\/#website"},"datePublished":"2015-04-23T08:32:22+00:00","dateModified":"2015-04-23T08:32:22+00:00","author":{"@id":"https:\/\/blog.zeit.de\/teilchen\/#\/schema\/person\/1b29fdf43f8ed1922626fad081532fea"},"description":"Taha ist ein ganz normaler Junge. Nur: Seine Eltern leben auf der anderen Seite des Mittelmeers. Diese Dokumentation erz\u00e4hlt die Geschichte seiner Flucht.","breadcrumb":{"@id":"https:\/\/blog.zeit.de\/teilchen\/2015\/04\/23\/flucht-ich-lebe-jetzt-hier\/#breadcrumb"},"inLanguage":"de","potentialAction":[{"@type":"ReadAction","target":["https:\/\/blog.zeit.de\/teilchen\/2015\/04\/23\/flucht-ich-lebe-jetzt-hier\/"]}]},{"@type":"BreadcrumbList","@id":"https:\/\/blog.zeit.de\/teilchen\/2015\/04\/23\/flucht-ich-lebe-jetzt-hier\/#breadcrumb","itemListElement":[{"@type":"ListItem","position":1,"name":"Startseite","item":"https:\/\/blog.zeit.de\/teilchen\/"},{"@type":"ListItem","position":2,"name":"Ich lebe jetzt hier"}]},{"@type":"WebSite","@id":"https:\/\/blog.zeit.de\/teilchen\/#website","url":"https:\/\/blog.zeit.de\/teilchen\/","name":"Teilchen","description":"Im Netz verstecken sich kleine Sch\u00e4tze - ZEIT ONLINE findet sie.","potentialAction":[{"@type":"SearchAction","target":{"@type":"EntryPoint","urlTemplate":"https:\/\/blog.zeit.de\/teilchen\/?s={search_term_string}"},"query-input":"required name=search_term_string"}],"inLanguage":"de"},{"@type":"Person","@id":"https:\/\/blog.zeit.de\/teilchen\/#\/schema\/person\/1b29fdf43f8ed1922626fad081532fea","name":"Carim Soliman","image":{"@type":"ImageObject","inLanguage":"de","@id":"https:\/\/blog.zeit.de\/teilchen\/#\/schema\/person\/image\/","url":"https:\/\/secure.gravatar.com\/avatar\/928a491c6dc6ad6a6b7c6e9c5a3c52f6c2b64a769ba414071d0504ad0a1c306e?s=96&d=mm&r=g","contentUrl":"https:\/\/secure.gravatar.com\/avatar\/928a491c6dc6ad6a6b7c6e9c5a3c52f6c2b64a769ba414071d0504ad0a1c306e?s=96&d=mm&r=g","caption":"Carim Soliman"},"description":"ist Autor bei ZEIT ONLINE.","url":"https:\/\/blog.zeit.de\/teilchen\/author\/csoliman\/"}]}},"jetpack_featured_media_url":"","jetpack_sharing_enabled":true,"_links":{"self":[{"href":"https:\/\/blog.zeit.de\/teilchen\/wp-json\/wp\/v2\/posts\/3113","targetHints":{"allow":["GET"]}}],"collection":[{"href":"https:\/\/blog.zeit.de\/teilchen\/wp-json\/wp\/v2\/posts"}],"about":[{"href":"https:\/\/blog.zeit.de\/teilchen\/wp-json\/wp\/v2\/types\/post"}],"author":[{"embeddable":true,"href":"https:\/\/blog.zeit.de\/teilchen\/wp-json\/wp\/v2\/users\/558"}],"replies":[{"embeddable":true,"href":"https:\/\/blog.zeit.de\/teilchen\/wp-json\/wp\/v2\/comments?post=3113"}],"version-history":[{"count":4,"href":"https:\/\/blog.zeit.de\/teilchen\/wp-json\/wp\/v2\/posts\/3113\/revisions"}],"predecessor-version":[{"id":3168,"href":"https:\/\/blog.zeit.de\/teilchen\/wp-json\/wp\/v2\/posts\/3113\/revisions\/3168"}],"wp:attachment":[{"href":"https:\/\/blog.zeit.de\/teilchen\/wp-json\/wp\/v2\/media?parent=3113"}],"wp:term":[{"taxonomy":"category","embeddable":true,"href":"https:\/\/blog.zeit.de\/teilchen\/wp-json\/wp\/v2\/categories?post=3113"},{"taxonomy":"post_tag","embeddable":true,"href":"https:\/\/blog.zeit.de\/teilchen\/wp-json\/wp\/v2\/tags?post=3113"}],"curies":[{"name":"wp","href":"https:\/\/api.w.org\/{rel}","templated":true}]}}