{"id":3122,"date":"2015-04-22T13:15:50","date_gmt":"2015-04-22T11:15:50","guid":{"rendered":"http:\/\/blog.zeit.de\/teilchen\/?p=3122"},"modified":"2015-04-22T13:15:50","modified_gmt":"2015-04-22T11:15:50","slug":"twin-towers-rueckschau-vor-dem-ausblick","status":"publish","type":"post","link":"https:\/\/blog.zeit.de\/teilchen\/2015\/04\/22\/twin-towers-rueckschau-vor-dem-ausblick\/","title":{"rendered":"R\u00fcckschau vor dem Ausblick"},"content":{"rendered":"<p><iframe loading=\"lazy\" frameborder=\"0\" height=\"451\" marginheight=\"0\" marginwidth=\"0\" scrolling=\"no\" src=\"http:\/\/graphics8.nytimes.com\/bcvideo\/1.0\/iframe\/embed.html?videoId=100000003637210&amp;playerType=embed\" width=\"580\"><\/iframe><br \/>\nDie Twin Towers stehen wieder, f\u00fcr etwa vier Sekunden. Sie sind Teil der Animation, die Besucher ab Ende Mai im New Yorker One World Trade Center erleben k\u00f6nnen.<br \/>\n<!--more--><\/p>\n<p>F\u00fcnf Aufz\u00fcge, sogenannte Sky Pods, bringen Schaulustige in den 102. Stock. Ihr Innenraum ist mit je neun Bildschirmen verkleidet, die einen Rundumblick auf die Stadt simulieren. Das Spektakul\u00e4re daran: Die Animation bietet zugleich eine Zeitreise. Im Erdgeschoss zeigen die Monitore New York um das Jahr 1600, kurz bevor sich erste Siedler in dem Flussgebiet niederlie\u00dfen.<\/p>\n<p>Je h\u00f6her der Fahrstuhl steigt, desto mehr Jahre vergehen: Aus dem sumpfigen St\u00fcck Land wird die pulsierende Stadt von heute. So steigen die Passagiere des Sky Pod parallel zur Skyline in die H\u00f6he. Dass dabei auch das erste World Trade Center zu sehen ist, sei keine Selbstverst\u00e4ndlichkeit, berichtete David W. Checketts, Gesch\u00e4ftsf\u00fchrer und Vorsitzender der verantwortlichen Firma, dazu <a href=\"http:\/\/www.nytimes.com\/2015\/04\/20\/nyregion\/on-time-lapse-rocket-ride-to-trade-centers-top-ghostly-glimpse-of-doomed-tower.html?_r=1\">gegen\u00fcber der New York Times<\/a>.<\/p>\n<p>Kaum ein anderes Ereignis hat im kollektiven Ged\u00e4chtnis der USA so tiefe Wunden hinterlassen wie die Terroranschl\u00e4ge am 11. September 2001, die das alte World Trade Center zerst\u00f6rten. Der Neubau des One World Trade Center ist nicht nur B\u00fcrogeb\u00e4ude, sondern <a href=\"http:\/\/www.google.com\/url?q=http%3A%2F%2Fwww.zeit.de%2Fwirtschaft%2F2014-10%2Fone-world-trade-center-new-york&amp;sa=D&amp;sntz=1&amp;usg=AFQjCNHze7hG2II-Q8aIt2VW28nWxl0RCw\">Mahnmal und ein Symbol f\u00fcr die Widerstandsf\u00e4higkeit des amerikanischen Traums<\/a>. Dementsprechend emotional wurde und wird jeder Aspekt des Geb\u00e4udes in der \u00d6ffentlichkeit diskutiert.<\/p>\n<p>Weitere <a href=\"https:\/\/blog.zeit.de\/Teilchen\"><em>Teilchen finden Sie hier<\/em><\/a>.<\/p>\n","protected":false},"excerpt":{"rendered":"<p>Die Twin Towers stehen wieder, f\u00fcr etwa vier Sekunden. Sie sind Teil der Animation, die Besucher ab Ende Mai im New Yorker One World [\u2026]<\/p>\n","protected":false},"author":558,"featured_media":0,"comment_status":"open","ping_status":"closed","sticky":false,"template":"","format":"standard","meta":{"_jetpack_memberships_contains_paid_content":false,"footnotes":""},"categories":[28],"tags":[],"class_list":["post-3122","post","type-post","status-publish","format-standard","hentry","category-video"],"yoast_head":"<!-- This site is optimized with the Yoast SEO plugin v21.0 - https:\/\/yoast.com\/wordpress\/plugins\/seo\/ -->\n<title>Twin Towers: R\u00fcckschau vor dem Ausblick<\/title>\n<meta name=\"description\" content=\"Die Twin Towers stehen wieder, f\u00fcr etwa vier Sekunden. Sie sind Teil der Animation, die Besucher ab Ende Mai im One World Trade Center erleben k\u00f6nnen.\" \/>\n<meta name=\"robots\" content=\"index, follow, max-snippet:-1, max-image-preview:large, max-video-preview:-1\" \/>\n<link rel=\"canonical\" href=\"https:\/\/blog.zeit.de\/teilchen\/2015\/04\/22\/twin-towers-rueckschau-vor-dem-ausblick\/\" \/>\n<meta property=\"og:locale\" content=\"de_DE\" \/>\n<meta property=\"og:type\" content=\"article\" \/>\n<meta property=\"og:title\" content=\"Twin Towers: R\u00fcckschau vor dem Ausblick\" \/>\n<meta property=\"og:description\" content=\"Die Twin Towers stehen wieder, f\u00fcr etwa vier Sekunden. Sie sind Teil der Animation, die Besucher ab Ende Mai im One World Trade Center erleben k\u00f6nnen.\" \/>\n<meta property=\"og:url\" content=\"https:\/\/blog.zeit.de\/teilchen\/2015\/04\/22\/twin-towers-rueckschau-vor-dem-ausblick\/\" \/>\n<meta property=\"og:site_name\" content=\"Teilchen\" \/>\n<meta property=\"article:published_time\" content=\"2015-04-22T11:15:50+00:00\" \/>\n<meta property=\"og:image\" content=\"https:\/\/blog.zeit.de\/teilchen\/files\/2015\/03\/teilchen-facebook-fallback.jpg\" \/>\n\t<meta property=\"og:image:width\" content=\"1200\" \/>\n\t<meta property=\"og:image:height\" content=\"900\" \/>\n\t<meta property=\"og:image:type\" content=\"image\/jpeg\" \/>\n<meta name=\"author\" content=\"Carim Soliman\" \/>\n<meta name=\"twitter:card\" content=\"summary_large_image\" \/>\n<meta name=\"twitter:creator\" content=\"@zeitonline\" \/>\n<meta name=\"twitter:site\" content=\"@zeitonline\" \/>\n<meta name=\"twitter:label1\" content=\"Geschrieben von\" \/>\n\t<meta name=\"twitter:data1\" content=\"Carim Soliman\" \/>\n\t<meta name=\"twitter:label2\" content=\"Gesch\u00e4tzte Lesezeit\" \/>\n\t<meta name=\"twitter:data2\" content=\"1\u00a0Minute\" \/>\n<script type=\"application\/ld+json\" class=\"yoast-schema-graph\">{\"@context\":\"https:\/\/schema.org\",\"@graph\":[{\"@type\":\"WebPage\",\"@id\":\"https:\/\/blog.zeit.de\/teilchen\/2015\/04\/22\/twin-towers-rueckschau-vor-dem-ausblick\/\",\"url\":\"https:\/\/blog.zeit.de\/teilchen\/2015\/04\/22\/twin-towers-rueckschau-vor-dem-ausblick\/\",\"name\":\"Twin Towers: R\u00fcckschau vor dem Ausblick\",\"isPartOf\":{\"@id\":\"https:\/\/blog.zeit.de\/teilchen\/#website\"},\"datePublished\":\"2015-04-22T11:15:50+00:00\",\"dateModified\":\"2015-04-22T11:15:50+00:00\",\"author\":{\"@id\":\"https:\/\/blog.zeit.de\/teilchen\/#\/schema\/person\/1b29fdf43f8ed1922626fad081532fea\"},\"description\":\"Die Twin Towers stehen wieder, f\u00fcr etwa vier Sekunden. Sie sind Teil der Animation, die Besucher ab Ende Mai im One World Trade Center erleben k\u00f6nnen.\",\"breadcrumb\":{\"@id\":\"https:\/\/blog.zeit.de\/teilchen\/2015\/04\/22\/twin-towers-rueckschau-vor-dem-ausblick\/#breadcrumb\"},\"inLanguage\":\"de\",\"potentialAction\":[{\"@type\":\"ReadAction\",\"target\":[\"https:\/\/blog.zeit.de\/teilchen\/2015\/04\/22\/twin-towers-rueckschau-vor-dem-ausblick\/\"]}]},{\"@type\":\"BreadcrumbList\",\"@id\":\"https:\/\/blog.zeit.de\/teilchen\/2015\/04\/22\/twin-towers-rueckschau-vor-dem-ausblick\/#breadcrumb\",\"itemListElement\":[{\"@type\":\"ListItem\",\"position\":1,\"name\":\"Startseite\",\"item\":\"https:\/\/blog.zeit.de\/teilchen\/\"},{\"@type\":\"ListItem\",\"position\":2,\"name\":\"R\u00fcckschau vor dem Ausblick\"}]},{\"@type\":\"WebSite\",\"@id\":\"https:\/\/blog.zeit.de\/teilchen\/#website\",\"url\":\"https:\/\/blog.zeit.de\/teilchen\/\",\"name\":\"Teilchen\",\"description\":\"Im Netz verstecken sich kleine Sch\u00e4tze - ZEIT ONLINE findet sie.\",\"potentialAction\":[{\"@type\":\"SearchAction\",\"target\":{\"@type\":\"EntryPoint\",\"urlTemplate\":\"https:\/\/blog.zeit.de\/teilchen\/?s={search_term_string}\"},\"query-input\":\"required name=search_term_string\"}],\"inLanguage\":\"de\"},{\"@type\":\"Person\",\"@id\":\"https:\/\/blog.zeit.de\/teilchen\/#\/schema\/person\/1b29fdf43f8ed1922626fad081532fea\",\"name\":\"Carim Soliman\",\"image\":{\"@type\":\"ImageObject\",\"inLanguage\":\"de\",\"@id\":\"https:\/\/blog.zeit.de\/teilchen\/#\/schema\/person\/image\/\",\"url\":\"https:\/\/secure.gravatar.com\/avatar\/928a491c6dc6ad6a6b7c6e9c5a3c52f6c2b64a769ba414071d0504ad0a1c306e?s=96&d=mm&r=g\",\"contentUrl\":\"https:\/\/secure.gravatar.com\/avatar\/928a491c6dc6ad6a6b7c6e9c5a3c52f6c2b64a769ba414071d0504ad0a1c306e?s=96&d=mm&r=g\",\"caption\":\"Carim Soliman\"},\"description\":\"ist Autor bei ZEIT ONLINE.\",\"url\":\"https:\/\/blog.zeit.de\/teilchen\/author\/csoliman\/\"}]}<\/script>\n<!-- \/ Yoast SEO plugin. -->","yoast_head_json":{"title":"Twin Towers: R\u00fcckschau vor dem Ausblick","description":"Die Twin Towers stehen wieder, f\u00fcr etwa vier Sekunden. Sie sind Teil der Animation, die Besucher ab Ende Mai im One World Trade Center erleben k\u00f6nnen.","robots":{"index":"index","follow":"follow","max-snippet":"max-snippet:-1","max-image-preview":"max-image-preview:large","max-video-preview":"max-video-preview:-1"},"canonical":"https:\/\/blog.zeit.de\/teilchen\/2015\/04\/22\/twin-towers-rueckschau-vor-dem-ausblick\/","og_locale":"de_DE","og_type":"article","og_title":"Twin Towers: R\u00fcckschau vor dem Ausblick","og_description":"Die Twin Towers stehen wieder, f\u00fcr etwa vier Sekunden. Sie sind Teil der Animation, die Besucher ab Ende Mai im One World Trade Center erleben k\u00f6nnen.","og_url":"https:\/\/blog.zeit.de\/teilchen\/2015\/04\/22\/twin-towers-rueckschau-vor-dem-ausblick\/","og_site_name":"Teilchen","article_published_time":"2015-04-22T11:15:50+00:00","og_image":[{"width":1200,"height":900,"url":"https:\/\/blog.zeit.de\/teilchen\/files\/2015\/03\/teilchen-facebook-fallback.jpg","type":"image\/jpeg"}],"author":"Carim Soliman","twitter_card":"summary_large_image","twitter_creator":"@zeitonline","twitter_site":"@zeitonline","twitter_misc":{"Geschrieben von":"Carim Soliman","Gesch\u00e4tzte Lesezeit":"1\u00a0Minute"},"schema":{"@context":"https:\/\/schema.org","@graph":[{"@type":"WebPage","@id":"https:\/\/blog.zeit.de\/teilchen\/2015\/04\/22\/twin-towers-rueckschau-vor-dem-ausblick\/","url":"https:\/\/blog.zeit.de\/teilchen\/2015\/04\/22\/twin-towers-rueckschau-vor-dem-ausblick\/","name":"Twin Towers: R\u00fcckschau vor dem Ausblick","isPartOf":{"@id":"https:\/\/blog.zeit.de\/teilchen\/#website"},"datePublished":"2015-04-22T11:15:50+00:00","dateModified":"2015-04-22T11:15:50+00:00","author":{"@id":"https:\/\/blog.zeit.de\/teilchen\/#\/schema\/person\/1b29fdf43f8ed1922626fad081532fea"},"description":"Die Twin Towers stehen wieder, f\u00fcr etwa vier Sekunden. Sie sind Teil der Animation, die Besucher ab Ende Mai im One World Trade Center erleben k\u00f6nnen.","breadcrumb":{"@id":"https:\/\/blog.zeit.de\/teilchen\/2015\/04\/22\/twin-towers-rueckschau-vor-dem-ausblick\/#breadcrumb"},"inLanguage":"de","potentialAction":[{"@type":"ReadAction","target":["https:\/\/blog.zeit.de\/teilchen\/2015\/04\/22\/twin-towers-rueckschau-vor-dem-ausblick\/"]}]},{"@type":"BreadcrumbList","@id":"https:\/\/blog.zeit.de\/teilchen\/2015\/04\/22\/twin-towers-rueckschau-vor-dem-ausblick\/#breadcrumb","itemListElement":[{"@type":"ListItem","position":1,"name":"Startseite","item":"https:\/\/blog.zeit.de\/teilchen\/"},{"@type":"ListItem","position":2,"name":"R\u00fcckschau vor dem Ausblick"}]},{"@type":"WebSite","@id":"https:\/\/blog.zeit.de\/teilchen\/#website","url":"https:\/\/blog.zeit.de\/teilchen\/","name":"Teilchen","description":"Im Netz verstecken sich kleine Sch\u00e4tze - ZEIT ONLINE findet sie.","potentialAction":[{"@type":"SearchAction","target":{"@type":"EntryPoint","urlTemplate":"https:\/\/blog.zeit.de\/teilchen\/?s={search_term_string}"},"query-input":"required name=search_term_string"}],"inLanguage":"de"},{"@type":"Person","@id":"https:\/\/blog.zeit.de\/teilchen\/#\/schema\/person\/1b29fdf43f8ed1922626fad081532fea","name":"Carim Soliman","image":{"@type":"ImageObject","inLanguage":"de","@id":"https:\/\/blog.zeit.de\/teilchen\/#\/schema\/person\/image\/","url":"https:\/\/secure.gravatar.com\/avatar\/928a491c6dc6ad6a6b7c6e9c5a3c52f6c2b64a769ba414071d0504ad0a1c306e?s=96&d=mm&r=g","contentUrl":"https:\/\/secure.gravatar.com\/avatar\/928a491c6dc6ad6a6b7c6e9c5a3c52f6c2b64a769ba414071d0504ad0a1c306e?s=96&d=mm&r=g","caption":"Carim Soliman"},"description":"ist Autor bei ZEIT ONLINE.","url":"https:\/\/blog.zeit.de\/teilchen\/author\/csoliman\/"}]}},"jetpack_featured_media_url":"","jetpack_sharing_enabled":true,"_links":{"self":[{"href":"https:\/\/blog.zeit.de\/teilchen\/wp-json\/wp\/v2\/posts\/3122","targetHints":{"allow":["GET"]}}],"collection":[{"href":"https:\/\/blog.zeit.de\/teilchen\/wp-json\/wp\/v2\/posts"}],"about":[{"href":"https:\/\/blog.zeit.de\/teilchen\/wp-json\/wp\/v2\/types\/post"}],"author":[{"embeddable":true,"href":"https:\/\/blog.zeit.de\/teilchen\/wp-json\/wp\/v2\/users\/558"}],"replies":[{"embeddable":true,"href":"https:\/\/blog.zeit.de\/teilchen\/wp-json\/wp\/v2\/comments?post=3122"}],"version-history":[{"count":6,"href":"https:\/\/blog.zeit.de\/teilchen\/wp-json\/wp\/v2\/posts\/3122\/revisions"}],"predecessor-version":[{"id":3142,"href":"https:\/\/blog.zeit.de\/teilchen\/wp-json\/wp\/v2\/posts\/3122\/revisions\/3142"}],"wp:attachment":[{"href":"https:\/\/blog.zeit.de\/teilchen\/wp-json\/wp\/v2\/media?parent=3122"}],"wp:term":[{"taxonomy":"category","embeddable":true,"href":"https:\/\/blog.zeit.de\/teilchen\/wp-json\/wp\/v2\/categories?post=3122"},{"taxonomy":"post_tag","embeddable":true,"href":"https:\/\/blog.zeit.de\/teilchen\/wp-json\/wp\/v2\/tags?post=3122"}],"curies":[{"name":"wp","href":"https:\/\/api.w.org\/{rel}","templated":true}]}}