{"id":3204,"date":"2015-04-24T13:46:59","date_gmt":"2015-04-24T11:46:59","guid":{"rendered":"http:\/\/blog.zeit.de\/teilchen\/?p=3204"},"modified":"2015-04-24T15:41:10","modified_gmt":"2015-04-24T13:41:10","slug":"kleines-land-grosses-glueck","status":"publish","type":"post","link":"https:\/\/blog.zeit.de\/teilchen\/2015\/04\/24\/kleines-land-grosses-glueck\/","title":{"rendered":"Kleines Land \u2013 gro\u00dfes Gl\u00fcck"},"content":{"rendered":"<p><a href=\"http:\/\/worldhappiness.report\/wp-content\/uploads\/sites\/2\/2015\/04\/WHR15.pdf\"><img loading=\"lazy\" decoding=\"async\" class=\"alignnone wp-image-3205 size-full\" src=\"https:\/\/blog.zeit.de\/teilchen\/files\/2015\/04\/Bildschirmfoto-2015-04-24-um-13.20.04.png\" alt=\"Kleines Land \u2013 gro\u00dfes Gl\u00fcck\" width=\"575\" height=\"467\" \/><\/a><\/p>\n<p>Das Land, in dem wir leben, ist vergleichsweise sicher, die Arbeitslosigkeit gering, die Infrastruktur okay, das Wetter zumindest besser als in Gro\u00dfbritannien. Aber ist Deutschland nicht nur ein wirtschaftlich starkes und wohlhabendes, sondern auch ein gl\u00fcckliches Land? <!--more-->Nicht sonderlich: Von 158 L\u00e4ndern belegt Deutschland Rang 26, f\u00fcnf Pl\u00e4tze hinter Gro\u00dfbritannien, aber immerhin drei vor Frankreich. Das haben die <a href=\"http:\/\/worldhappiness.report\/wp-content\/uploads\/sites\/2\/2015\/04\/WHR15.pdf\" target=\"_blank\">Vereinten Nationen zum dritten Mal in ihrem World Happiness Report<\/a> gemessen.<\/p>\n<p>Die Forscher des Earth Institute der New Yorker Columbia-Universit\u00e4t verglichen im Auftrag der Vereinten Nationen L\u00e4nder auf Faktoren wie Einkommen, Lebenserwartung, soziales Netz und gef\u00fchlte Freiheit. Das allgemeine Ziel des Gl\u00fccksrankings: Regierungen zu einer besseren Politik zu bewegen. St\u00e4rkster Ausdruck der Unzufriedenheit mit der Regierung sind soziale Unruhen. Und diese wirken sich erheblich auf das Ranking aus. Die Forscher verglichen zwei Zeitperioden, 2005 bis 2007 sowie 2012 bis 2014. Ergebnis: Griechenland hat demnach mit Abstand am meisten Gl\u00fcck eingeb\u00fc\u00dft, dahinter folgt \u00c4gypten.<\/p>\n<p>Aber in welchem kleinen Land leben denn nun besonders gl\u00fcckliche Menschen? In der Schweiz. Doch bevor Sie noch an diesem Wochenende dr\u00fcber nachdenken, r\u00fcber zu machen, seien Sie gewarnt: Der <a href=\"http:\/\/www.zeit.de\/politik\/ausland\/2014-02\/Schweiz-Einwanderung-Deutsch-Kommentar\" target=\"_blank\">Deutsche ist bei den Eidgenossen nicht immer wohlgelitten<\/a>. Einstweilen greifen Sie gern auf <a href=\"http:\/\/www.zeit.de\/gesellschaft\/zeitgeschehen\/2014-02\/schweiz-deutschland-einwanderung-leser\" target=\"_blank\">Erfahrungsberichte von deutschen Einwanderern zur\u00fcck, die in der Schweiz leben<\/a>.<\/p>\n<p>Gleich hinter der Schweiz folgen Island, der bisherige Spitzenreiter D\u00e4nemark, Norwegen und Kanada. Daraus lernen wir: Das Wetter kann kein vordringlicher Grund f\u00fcr eine gl\u00fcckliche Gesellschaft sein. Die Top Ten komplettieren Finnland, die Niederlande, Schweden und zwei L\u00e4nder, die so weit weg von allem und damit auch allen Alltagssorgen sind, dass es einem dort ziemlich gut gehen muss: Neuseeland und Australien.<\/p>\n<p><em>Weitere <a href=\"https:\/\/blog.zeit.de\/teilchen\/\" target=\"_blank\">Teilchen finden Sie hier<\/a>.<\/em><\/p>\n","protected":false},"excerpt":{"rendered":"<p>Das Land, in dem wir leben, ist vergleichsweise sicher, die Arbeitslosigkeit gering, die Infrastruktur okay, das Wetter zumindest besser als in Gro\u00dfbritannien. Aber ist [\u2026]<\/p>\n","protected":false},"author":528,"featured_media":0,"comment_status":"open","ping_status":"closed","sticky":false,"template":"","format":"standard","meta":{"_jetpack_memberships_contains_paid_content":false,"footnotes":""},"categories":[29747],"tags":[],"class_list":["post-3204","post","type-post","status-publish","format-standard","hentry","category-geschichten"],"yoast_head":"<!-- This site is optimized with the Yoast SEO plugin v21.0 - https:\/\/yoast.com\/wordpress\/plugins\/seo\/ -->\n<title>Kleines Land \u2013 gro\u00dfes Gl\u00fcck<\/title>\n<meta name=\"description\" content=\"In welchem Land leben die gl\u00fccklichsten Menschen? Antworten gibt das UN-Gl\u00fccks-Ranking.\" \/>\n<meta name=\"robots\" content=\"index, follow, max-snippet:-1, max-image-preview:large, max-video-preview:-1\" \/>\n<link rel=\"canonical\" href=\"https:\/\/blog.zeit.de\/teilchen\/2015\/04\/24\/kleines-land-grosses-glueck\/\" \/>\n<meta property=\"og:locale\" content=\"de_DE\" \/>\n<meta property=\"og:type\" content=\"article\" \/>\n<meta property=\"og:title\" content=\"Kleines Land \u2013 gro\u00dfes Gl\u00fcck\" \/>\n<meta property=\"og:description\" content=\"In welchem Land leben die gl\u00fccklichsten Menschen? Antworten gibt das UN-Gl\u00fccks-Ranking.\" \/>\n<meta property=\"og:url\" content=\"https:\/\/blog.zeit.de\/teilchen\/2015\/04\/24\/kleines-land-grosses-glueck\/\" \/>\n<meta property=\"og:site_name\" content=\"Teilchen\" \/>\n<meta property=\"article:published_time\" content=\"2015-04-24T11:46:59+00:00\" \/>\n<meta property=\"article:modified_time\" content=\"2015-04-24T13:41:10+00:00\" \/>\n<meta property=\"og:image\" content=\"https:\/\/blog.zeit.de\/teilchen\/files\/2015\/04\/Bildschirmfoto-2015-04-24-um-13.20.04.png\" \/>\n<meta name=\"author\" content=\"Bj\u00f6rn Maatz\" \/>\n<meta name=\"twitter:card\" content=\"summary_large_image\" \/>\n<meta name=\"twitter:creator\" content=\"@BjoernMaatz\" \/>\n<meta name=\"twitter:site\" content=\"@zeitonline\" \/>\n<meta name=\"twitter:label1\" content=\"Geschrieben von\" \/>\n\t<meta name=\"twitter:data1\" content=\"Bj\u00f6rn Maatz\" \/>\n\t<meta name=\"twitter:label2\" content=\"Gesch\u00e4tzte Lesezeit\" \/>\n\t<meta name=\"twitter:data2\" content=\"1\u00a0Minute\" \/>\n<script type=\"application\/ld+json\" class=\"yoast-schema-graph\">{\"@context\":\"https:\/\/schema.org\",\"@graph\":[{\"@type\":\"WebPage\",\"@id\":\"https:\/\/blog.zeit.de\/teilchen\/2015\/04\/24\/kleines-land-grosses-glueck\/\",\"url\":\"https:\/\/blog.zeit.de\/teilchen\/2015\/04\/24\/kleines-land-grosses-glueck\/\",\"name\":\"Kleines Land \u2013 gro\u00dfes Gl\u00fcck\",\"isPartOf\":{\"@id\":\"https:\/\/blog.zeit.de\/teilchen\/#website\"},\"datePublished\":\"2015-04-24T11:46:59+00:00\",\"dateModified\":\"2015-04-24T13:41:10+00:00\",\"author\":{\"@id\":\"https:\/\/blog.zeit.de\/teilchen\/#\/schema\/person\/20ae47479c9c6443ed61f03c9eac892f\"},\"description\":\"In welchem Land leben die gl\u00fccklichsten Menschen? Antworten gibt das UN-Gl\u00fccks-Ranking.\",\"breadcrumb\":{\"@id\":\"https:\/\/blog.zeit.de\/teilchen\/2015\/04\/24\/kleines-land-grosses-glueck\/#breadcrumb\"},\"inLanguage\":\"de\",\"potentialAction\":[{\"@type\":\"ReadAction\",\"target\":[\"https:\/\/blog.zeit.de\/teilchen\/2015\/04\/24\/kleines-land-grosses-glueck\/\"]}]},{\"@type\":\"BreadcrumbList\",\"@id\":\"https:\/\/blog.zeit.de\/teilchen\/2015\/04\/24\/kleines-land-grosses-glueck\/#breadcrumb\",\"itemListElement\":[{\"@type\":\"ListItem\",\"position\":1,\"name\":\"Startseite\",\"item\":\"https:\/\/blog.zeit.de\/teilchen\/\"},{\"@type\":\"ListItem\",\"position\":2,\"name\":\"Kleines Land \u2013 gro\u00dfes Gl\u00fcck\"}]},{\"@type\":\"WebSite\",\"@id\":\"https:\/\/blog.zeit.de\/teilchen\/#website\",\"url\":\"https:\/\/blog.zeit.de\/teilchen\/\",\"name\":\"Teilchen\",\"description\":\"Im Netz verstecken sich kleine Sch\u00e4tze - ZEIT ONLINE findet sie.\",\"potentialAction\":[{\"@type\":\"SearchAction\",\"target\":{\"@type\":\"EntryPoint\",\"urlTemplate\":\"https:\/\/blog.zeit.de\/teilchen\/?s={search_term_string}\"},\"query-input\":\"required name=search_term_string\"}],\"inLanguage\":\"de\"},{\"@type\":\"Person\",\"@id\":\"https:\/\/blog.zeit.de\/teilchen\/#\/schema\/person\/20ae47479c9c6443ed61f03c9eac892f\",\"name\":\"Bj\u00f6rn Maatz\",\"image\":{\"@type\":\"ImageObject\",\"inLanguage\":\"de\",\"@id\":\"https:\/\/blog.zeit.de\/teilchen\/#\/schema\/person\/image\/\",\"url\":\"https:\/\/secure.gravatar.com\/avatar\/4ed13ddffa21af7dcec9d6d36d2b36f05bfc49e1676e43abd84a80376d644278?s=96&d=mm&r=g\",\"contentUrl\":\"https:\/\/secure.gravatar.com\/avatar\/4ed13ddffa21af7dcec9d6d36d2b36f05bfc49e1676e43abd84a80376d644278?s=96&d=mm&r=g\",\"caption\":\"Bj\u00f6rn Maatz\"},\"description\":\"Leitet die Online-Redaktion der Kreativagentur Philipp und Keuntje. Zuvor Engagement-Redakteur bei ZEIT ONLINE und bei FINANCIAL TIMES DEUTSCHLAND, u.a. als Print-Redakteur im Unternehmensressort sowie als erster und letzter Social-Media-Redakteur. Studium der Wirtschaftsjournalistik in Bremen und Melbourne mit Hospitanzen beim NDR, der dpa und dem Hamburger Abendblatt.\",\"sameAs\":[\"https:\/\/twitter.com\/BjoernMaatz\"],\"url\":\"https:\/\/blog.zeit.de\/teilchen\/author\/bjoernmaatz\/\"}]}<\/script>\n<!-- \/ Yoast SEO plugin. -->","yoast_head_json":{"title":"Kleines Land \u2013 gro\u00dfes Gl\u00fcck","description":"In welchem Land leben die gl\u00fccklichsten Menschen? Antworten gibt das UN-Gl\u00fccks-Ranking.","robots":{"index":"index","follow":"follow","max-snippet":"max-snippet:-1","max-image-preview":"max-image-preview:large","max-video-preview":"max-video-preview:-1"},"canonical":"https:\/\/blog.zeit.de\/teilchen\/2015\/04\/24\/kleines-land-grosses-glueck\/","og_locale":"de_DE","og_type":"article","og_title":"Kleines Land \u2013 gro\u00dfes Gl\u00fcck","og_description":"In welchem Land leben die gl\u00fccklichsten Menschen? Antworten gibt das UN-Gl\u00fccks-Ranking.","og_url":"https:\/\/blog.zeit.de\/teilchen\/2015\/04\/24\/kleines-land-grosses-glueck\/","og_site_name":"Teilchen","article_published_time":"2015-04-24T11:46:59+00:00","article_modified_time":"2015-04-24T13:41:10+00:00","og_image":[{"url":"https:\/\/blog.zeit.de\/teilchen\/files\/2015\/04\/Bildschirmfoto-2015-04-24-um-13.20.04.png"}],"author":"Bj\u00f6rn Maatz","twitter_card":"summary_large_image","twitter_creator":"@BjoernMaatz","twitter_site":"@zeitonline","twitter_misc":{"Geschrieben von":"Bj\u00f6rn Maatz","Gesch\u00e4tzte Lesezeit":"1\u00a0Minute"},"schema":{"@context":"https:\/\/schema.org","@graph":[{"@type":"WebPage","@id":"https:\/\/blog.zeit.de\/teilchen\/2015\/04\/24\/kleines-land-grosses-glueck\/","url":"https:\/\/blog.zeit.de\/teilchen\/2015\/04\/24\/kleines-land-grosses-glueck\/","name":"Kleines Land \u2013 gro\u00dfes Gl\u00fcck","isPartOf":{"@id":"https:\/\/blog.zeit.de\/teilchen\/#website"},"datePublished":"2015-04-24T11:46:59+00:00","dateModified":"2015-04-24T13:41:10+00:00","author":{"@id":"https:\/\/blog.zeit.de\/teilchen\/#\/schema\/person\/20ae47479c9c6443ed61f03c9eac892f"},"description":"In welchem Land leben die gl\u00fccklichsten Menschen? Antworten gibt das UN-Gl\u00fccks-Ranking.","breadcrumb":{"@id":"https:\/\/blog.zeit.de\/teilchen\/2015\/04\/24\/kleines-land-grosses-glueck\/#breadcrumb"},"inLanguage":"de","potentialAction":[{"@type":"ReadAction","target":["https:\/\/blog.zeit.de\/teilchen\/2015\/04\/24\/kleines-land-grosses-glueck\/"]}]},{"@type":"BreadcrumbList","@id":"https:\/\/blog.zeit.de\/teilchen\/2015\/04\/24\/kleines-land-grosses-glueck\/#breadcrumb","itemListElement":[{"@type":"ListItem","position":1,"name":"Startseite","item":"https:\/\/blog.zeit.de\/teilchen\/"},{"@type":"ListItem","position":2,"name":"Kleines Land \u2013 gro\u00dfes Gl\u00fcck"}]},{"@type":"WebSite","@id":"https:\/\/blog.zeit.de\/teilchen\/#website","url":"https:\/\/blog.zeit.de\/teilchen\/","name":"Teilchen","description":"Im Netz verstecken sich kleine Sch\u00e4tze - ZEIT ONLINE findet sie.","potentialAction":[{"@type":"SearchAction","target":{"@type":"EntryPoint","urlTemplate":"https:\/\/blog.zeit.de\/teilchen\/?s={search_term_string}"},"query-input":"required name=search_term_string"}],"inLanguage":"de"},{"@type":"Person","@id":"https:\/\/blog.zeit.de\/teilchen\/#\/schema\/person\/20ae47479c9c6443ed61f03c9eac892f","name":"Bj\u00f6rn Maatz","image":{"@type":"ImageObject","inLanguage":"de","@id":"https:\/\/blog.zeit.de\/teilchen\/#\/schema\/person\/image\/","url":"https:\/\/secure.gravatar.com\/avatar\/4ed13ddffa21af7dcec9d6d36d2b36f05bfc49e1676e43abd84a80376d644278?s=96&d=mm&r=g","contentUrl":"https:\/\/secure.gravatar.com\/avatar\/4ed13ddffa21af7dcec9d6d36d2b36f05bfc49e1676e43abd84a80376d644278?s=96&d=mm&r=g","caption":"Bj\u00f6rn Maatz"},"description":"Leitet die Online-Redaktion der Kreativagentur Philipp und Keuntje. Zuvor Engagement-Redakteur bei ZEIT ONLINE und bei FINANCIAL TIMES DEUTSCHLAND, u.a. als Print-Redakteur im Unternehmensressort sowie als erster und letzter Social-Media-Redakteur. Studium der Wirtschaftsjournalistik in Bremen und Melbourne mit Hospitanzen beim NDR, der dpa und dem Hamburger Abendblatt.","sameAs":["https:\/\/twitter.com\/BjoernMaatz"],"url":"https:\/\/blog.zeit.de\/teilchen\/author\/bjoernmaatz\/"}]}},"jetpack_featured_media_url":"","jetpack_sharing_enabled":true,"_links":{"self":[{"href":"https:\/\/blog.zeit.de\/teilchen\/wp-json\/wp\/v2\/posts\/3204","targetHints":{"allow":["GET"]}}],"collection":[{"href":"https:\/\/blog.zeit.de\/teilchen\/wp-json\/wp\/v2\/posts"}],"about":[{"href":"https:\/\/blog.zeit.de\/teilchen\/wp-json\/wp\/v2\/types\/post"}],"author":[{"embeddable":true,"href":"https:\/\/blog.zeit.de\/teilchen\/wp-json\/wp\/v2\/users\/528"}],"replies":[{"embeddable":true,"href":"https:\/\/blog.zeit.de\/teilchen\/wp-json\/wp\/v2\/comments?post=3204"}],"version-history":[{"count":10,"href":"https:\/\/blog.zeit.de\/teilchen\/wp-json\/wp\/v2\/posts\/3204\/revisions"}],"predecessor-version":[{"id":10545,"href":"https:\/\/blog.zeit.de\/teilchen\/wp-json\/wp\/v2\/posts\/3204\/revisions\/10545"}],"wp:attachment":[{"href":"https:\/\/blog.zeit.de\/teilchen\/wp-json\/wp\/v2\/media?parent=3204"}],"wp:term":[{"taxonomy":"category","embeddable":true,"href":"https:\/\/blog.zeit.de\/teilchen\/wp-json\/wp\/v2\/categories?post=3204"},{"taxonomy":"post_tag","embeddable":true,"href":"https:\/\/blog.zeit.de\/teilchen\/wp-json\/wp\/v2\/tags?post=3204"}],"curies":[{"name":"wp","href":"https:\/\/api.w.org\/{rel}","templated":true}]}}