{"id":3321,"date":"2015-04-29T16:13:08","date_gmt":"2015-04-29T14:13:08","guid":{"rendered":"http:\/\/blog.zeit.de\/teilchen\/?p=3321"},"modified":"2015-04-29T16:13:08","modified_gmt":"2015-04-29T14:13:08","slug":"vor-dem-erdbeben-nach-dem-erdbeben","status":"publish","type":"post","link":"https:\/\/blog.zeit.de\/teilchen\/2015\/04\/29\/vor-dem-erdbeben-nach-dem-erdbeben\/","title":{"rendered":"Vor dem Beben, nach dem Beben"},"content":{"rendered":"<p><figure id=\"attachment_3325\" aria-describedby=\"caption-attachment-3325\" style=\"width: 580px\" class=\"wp-caption alignnone\"><a href=\"http:\/\/mashable.com\/2015\/04\/27\/nepal-satellite-photos\/\"><img loading=\"lazy\" decoding=\"async\" class=\"wp-image-3325 size-medium\" src=\"https:\/\/blog.zeit.de\/teilchen\/files\/2015\/04\/Bild-Teilchen-580x326.png\" alt=\"DigitalGlobe\" width=\"580\" height=\"326\" \/><\/a><figcaption id=\"caption-attachment-3325\" class=\"wp-caption-text\">Die interaktive Karte erlaubt den direkten Vergleich von Nepal vor und nach der Naturkatastrophe. \u00a9 DigitalGlobe<\/figcaption><\/figure><\/p>\n<p>Innerhalb einer Minute hat sich am vergangenen Samstag das Stadtbild von Kathmandu v\u00f6llig ver\u00e4ndert. Ein Erdbeben der St\u00e4rke 7,8 hat Nepal ersch\u00fcttert. Nach Angaben der nepalesischen Regierung wurden mehr als 5.000 Menschen get\u00f6tet und zahlreiche Geb\u00e4ude zerst\u00f6rt. Das Ausma\u00df der Katastrophe l\u00e4sst sich nur schwer in Zahlen fassen. Hochaufl\u00f6sende Satellitenbilder machen es teilweise sichtbar.<\/p>\n<p><!--more--><\/p>\n<p>DigitalGlobe verkauft Kunden wie\u00a0Beh\u00f6rden, Forschungseinrichtungen oder Berichterstattern\u00a0detaillierte Aufnahmen\u00a0des\u00a0Planeten. <a href=\"http:\/\/www.digitalglobeblog.com\/2015\/04\/26\/digitalglobe-opens-access-to-satellite-data-to-support-disaster-response-efforts-in-nepal\/\">Im Zuge einer PR-Aktion<\/a>\u00a0gew\u00e4hrt\u00a0die Firma\u00a0der breiten\u00a0\u00d6ffentlichkeit den Blick auf die vom Erdbeben betroffene Region in S\u00fcdasien. Die\u00a0eigens f\u00fcr die Kampagne eingerichtete Karte besteht aus Aufnahmen des gleichen Gebiets vor und nach dem Beben. Sie\u00a0sind \u00fcbereinandergelegt und lassen sich jeweils ein- und ausblenden.\u00a0So k\u00f6nnen User sich einen Eindruck von den Auswirkungen der Katastrophe auf\u00a0St\u00e4dte, Viertel und Geb\u00e4ude machen. Au\u00dferdem sind sie dazu aufgefordert,\u00a0besch\u00e4digte Geb\u00e4ude oder Stra\u00dfen auf der Karte\u00a0zu markieren, um zum Wiederaufbau beizutragen.<\/p>\n<p>Die Bilder machen deutlich, vor welcher Aufgabe Bewohner und Helfer insbesondere in\u00a0Kathmandu\u00a0stehen. Von ganzen Wohnvierteln und <a href=\"http:\/\/www.zeit.de\/reisen\/2015-04\/nepal-weltkulturerbe-erdbeben-zerstoerung\">antiken Bauten, die zum Weltkulturerbe geh\u00f6ren<\/a>, ist nur noch Schutt \u00fcbrig. Selbst\u00a0unbebaute\u00a0Pl\u00e4tze\u00a0geben Auskunft \u00fcber die Situation:\u00a0Nach dem 25.04. l\u00e4sst sich kaum eine Gr\u00fcnfl\u00e4che finden, auf der sich kein buntes Mosaik aus Zelten bildet.<\/p>\n<p><em>Weitere <a href=\"https:\/\/blog.zeit.de\/teilchen\/\">Teilchen finden Sie hier<\/a><\/em>.<\/p>\n","protected":false},"excerpt":{"rendered":"<p>Innerhalb einer Minute hat sich am vergangenen Samstag das Stadtbild von Kathmandu v\u00f6llig ver\u00e4ndert. Ein Erdbeben der St\u00e4rke 7,8 hat Nepal ersch\u00fcttert. Nach Angaben [\u2026]<\/p>\n","protected":false},"author":558,"featured_media":0,"comment_status":"open","ping_status":"closed","sticky":false,"template":"","format":"standard","meta":{"_jetpack_memberships_contains_paid_content":false,"footnotes":""},"categories":[13657],"tags":[],"class_list":["post-3321","post","type-post","status-publish","format-standard","hentry","category-interaktiv"],"yoast_head":"<!-- This site is optimized with the Yoast SEO plugin v21.0 - https:\/\/yoast.com\/wordpress\/plugins\/seo\/ -->\n<title>Vor dem Erdbeben, nach dem Erdbeben<\/title>\n<meta name=\"description\" content=\"Durch das Erdbeben hat sich das Stadtbild von Kathmandu v\u00f6llig ver\u00e4ndert. Satellitenbilder zeigen es.\" \/>\n<meta name=\"robots\" content=\"index, follow, max-snippet:-1, max-image-preview:large, max-video-preview:-1\" \/>\n<link rel=\"canonical\" href=\"https:\/\/blog.zeit.de\/teilchen\/2015\/04\/29\/vor-dem-erdbeben-nach-dem-erdbeben\/\" \/>\n<meta property=\"og:locale\" content=\"de_DE\" \/>\n<meta property=\"og:type\" content=\"article\" \/>\n<meta property=\"og:title\" content=\"Vor dem Erdbeben, nach dem Erdbeben\" \/>\n<meta property=\"og:description\" content=\"Durch das Erdbeben hat sich das Stadtbild von Kathmandu v\u00f6llig ver\u00e4ndert. Satellitenbilder zeigen es.\" \/>\n<meta property=\"og:url\" content=\"https:\/\/blog.zeit.de\/teilchen\/2015\/04\/29\/vor-dem-erdbeben-nach-dem-erdbeben\/\" \/>\n<meta property=\"og:site_name\" content=\"Teilchen\" \/>\n<meta property=\"article:published_time\" content=\"2015-04-29T14:13:08+00:00\" \/>\n<meta property=\"og:image\" content=\"https:\/\/blog.zeit.de\/teilchen\/files\/2015\/04\/Bild-Teilchen-580x326.png\" \/>\n<meta name=\"author\" content=\"Carim Soliman\" \/>\n<meta name=\"twitter:card\" content=\"summary_large_image\" \/>\n<meta name=\"twitter:creator\" content=\"@zeitonline\" \/>\n<meta name=\"twitter:site\" content=\"@zeitonline\" \/>\n<meta name=\"twitter:label1\" content=\"Geschrieben von\" \/>\n\t<meta name=\"twitter:data1\" content=\"Carim Soliman\" \/>\n\t<meta name=\"twitter:label2\" content=\"Gesch\u00e4tzte Lesezeit\" \/>\n\t<meta name=\"twitter:data2\" content=\"1\u00a0Minute\" \/>\n<script type=\"application\/ld+json\" class=\"yoast-schema-graph\">{\"@context\":\"https:\/\/schema.org\",\"@graph\":[{\"@type\":\"WebPage\",\"@id\":\"https:\/\/blog.zeit.de\/teilchen\/2015\/04\/29\/vor-dem-erdbeben-nach-dem-erdbeben\/\",\"url\":\"https:\/\/blog.zeit.de\/teilchen\/2015\/04\/29\/vor-dem-erdbeben-nach-dem-erdbeben\/\",\"name\":\"Vor dem Erdbeben, nach dem Erdbeben\",\"isPartOf\":{\"@id\":\"https:\/\/blog.zeit.de\/teilchen\/#website\"},\"datePublished\":\"2015-04-29T14:13:08+00:00\",\"dateModified\":\"2015-04-29T14:13:08+00:00\",\"author\":{\"@id\":\"https:\/\/blog.zeit.de\/teilchen\/#\/schema\/person\/1b29fdf43f8ed1922626fad081532fea\"},\"description\":\"Durch das Erdbeben hat sich das Stadtbild von Kathmandu v\u00f6llig ver\u00e4ndert. Satellitenbilder zeigen es.\",\"breadcrumb\":{\"@id\":\"https:\/\/blog.zeit.de\/teilchen\/2015\/04\/29\/vor-dem-erdbeben-nach-dem-erdbeben\/#breadcrumb\"},\"inLanguage\":\"de\",\"potentialAction\":[{\"@type\":\"ReadAction\",\"target\":[\"https:\/\/blog.zeit.de\/teilchen\/2015\/04\/29\/vor-dem-erdbeben-nach-dem-erdbeben\/\"]}]},{\"@type\":\"BreadcrumbList\",\"@id\":\"https:\/\/blog.zeit.de\/teilchen\/2015\/04\/29\/vor-dem-erdbeben-nach-dem-erdbeben\/#breadcrumb\",\"itemListElement\":[{\"@type\":\"ListItem\",\"position\":1,\"name\":\"Startseite\",\"item\":\"https:\/\/blog.zeit.de\/teilchen\/\"},{\"@type\":\"ListItem\",\"position\":2,\"name\":\"Vor dem Beben, nach dem Beben\"}]},{\"@type\":\"WebSite\",\"@id\":\"https:\/\/blog.zeit.de\/teilchen\/#website\",\"url\":\"https:\/\/blog.zeit.de\/teilchen\/\",\"name\":\"Teilchen\",\"description\":\"Im Netz verstecken sich kleine Sch\u00e4tze - ZEIT ONLINE findet sie.\",\"potentialAction\":[{\"@type\":\"SearchAction\",\"target\":{\"@type\":\"EntryPoint\",\"urlTemplate\":\"https:\/\/blog.zeit.de\/teilchen\/?s={search_term_string}\"},\"query-input\":\"required name=search_term_string\"}],\"inLanguage\":\"de\"},{\"@type\":\"Person\",\"@id\":\"https:\/\/blog.zeit.de\/teilchen\/#\/schema\/person\/1b29fdf43f8ed1922626fad081532fea\",\"name\":\"Carim Soliman\",\"image\":{\"@type\":\"ImageObject\",\"inLanguage\":\"de\",\"@id\":\"https:\/\/blog.zeit.de\/teilchen\/#\/schema\/person\/image\/\",\"url\":\"https:\/\/secure.gravatar.com\/avatar\/928a491c6dc6ad6a6b7c6e9c5a3c52f6c2b64a769ba414071d0504ad0a1c306e?s=96&d=mm&r=g\",\"contentUrl\":\"https:\/\/secure.gravatar.com\/avatar\/928a491c6dc6ad6a6b7c6e9c5a3c52f6c2b64a769ba414071d0504ad0a1c306e?s=96&d=mm&r=g\",\"caption\":\"Carim Soliman\"},\"description\":\"ist Autor bei ZEIT ONLINE.\",\"url\":\"https:\/\/blog.zeit.de\/teilchen\/author\/csoliman\/\"}]}<\/script>\n<!-- \/ Yoast SEO plugin. -->","yoast_head_json":{"title":"Vor dem Erdbeben, nach dem Erdbeben","description":"Durch das Erdbeben hat sich das Stadtbild von Kathmandu v\u00f6llig ver\u00e4ndert. Satellitenbilder zeigen es.","robots":{"index":"index","follow":"follow","max-snippet":"max-snippet:-1","max-image-preview":"max-image-preview:large","max-video-preview":"max-video-preview:-1"},"canonical":"https:\/\/blog.zeit.de\/teilchen\/2015\/04\/29\/vor-dem-erdbeben-nach-dem-erdbeben\/","og_locale":"de_DE","og_type":"article","og_title":"Vor dem Erdbeben, nach dem Erdbeben","og_description":"Durch das Erdbeben hat sich das Stadtbild von Kathmandu v\u00f6llig ver\u00e4ndert. Satellitenbilder zeigen es.","og_url":"https:\/\/blog.zeit.de\/teilchen\/2015\/04\/29\/vor-dem-erdbeben-nach-dem-erdbeben\/","og_site_name":"Teilchen","article_published_time":"2015-04-29T14:13:08+00:00","og_image":[{"url":"https:\/\/blog.zeit.de\/teilchen\/files\/2015\/04\/Bild-Teilchen-580x326.png"}],"author":"Carim Soliman","twitter_card":"summary_large_image","twitter_creator":"@zeitonline","twitter_site":"@zeitonline","twitter_misc":{"Geschrieben von":"Carim Soliman","Gesch\u00e4tzte Lesezeit":"1\u00a0Minute"},"schema":{"@context":"https:\/\/schema.org","@graph":[{"@type":"WebPage","@id":"https:\/\/blog.zeit.de\/teilchen\/2015\/04\/29\/vor-dem-erdbeben-nach-dem-erdbeben\/","url":"https:\/\/blog.zeit.de\/teilchen\/2015\/04\/29\/vor-dem-erdbeben-nach-dem-erdbeben\/","name":"Vor dem Erdbeben, nach dem Erdbeben","isPartOf":{"@id":"https:\/\/blog.zeit.de\/teilchen\/#website"},"datePublished":"2015-04-29T14:13:08+00:00","dateModified":"2015-04-29T14:13:08+00:00","author":{"@id":"https:\/\/blog.zeit.de\/teilchen\/#\/schema\/person\/1b29fdf43f8ed1922626fad081532fea"},"description":"Durch das Erdbeben hat sich das Stadtbild von Kathmandu v\u00f6llig ver\u00e4ndert. Satellitenbilder zeigen es.","breadcrumb":{"@id":"https:\/\/blog.zeit.de\/teilchen\/2015\/04\/29\/vor-dem-erdbeben-nach-dem-erdbeben\/#breadcrumb"},"inLanguage":"de","potentialAction":[{"@type":"ReadAction","target":["https:\/\/blog.zeit.de\/teilchen\/2015\/04\/29\/vor-dem-erdbeben-nach-dem-erdbeben\/"]}]},{"@type":"BreadcrumbList","@id":"https:\/\/blog.zeit.de\/teilchen\/2015\/04\/29\/vor-dem-erdbeben-nach-dem-erdbeben\/#breadcrumb","itemListElement":[{"@type":"ListItem","position":1,"name":"Startseite","item":"https:\/\/blog.zeit.de\/teilchen\/"},{"@type":"ListItem","position":2,"name":"Vor dem Beben, nach dem Beben"}]},{"@type":"WebSite","@id":"https:\/\/blog.zeit.de\/teilchen\/#website","url":"https:\/\/blog.zeit.de\/teilchen\/","name":"Teilchen","description":"Im Netz verstecken sich kleine Sch\u00e4tze - ZEIT ONLINE findet sie.","potentialAction":[{"@type":"SearchAction","target":{"@type":"EntryPoint","urlTemplate":"https:\/\/blog.zeit.de\/teilchen\/?s={search_term_string}"},"query-input":"required name=search_term_string"}],"inLanguage":"de"},{"@type":"Person","@id":"https:\/\/blog.zeit.de\/teilchen\/#\/schema\/person\/1b29fdf43f8ed1922626fad081532fea","name":"Carim Soliman","image":{"@type":"ImageObject","inLanguage":"de","@id":"https:\/\/blog.zeit.de\/teilchen\/#\/schema\/person\/image\/","url":"https:\/\/secure.gravatar.com\/avatar\/928a491c6dc6ad6a6b7c6e9c5a3c52f6c2b64a769ba414071d0504ad0a1c306e?s=96&d=mm&r=g","contentUrl":"https:\/\/secure.gravatar.com\/avatar\/928a491c6dc6ad6a6b7c6e9c5a3c52f6c2b64a769ba414071d0504ad0a1c306e?s=96&d=mm&r=g","caption":"Carim Soliman"},"description":"ist Autor bei ZEIT ONLINE.","url":"https:\/\/blog.zeit.de\/teilchen\/author\/csoliman\/"}]}},"jetpack_featured_media_url":"","jetpack_sharing_enabled":true,"_links":{"self":[{"href":"https:\/\/blog.zeit.de\/teilchen\/wp-json\/wp\/v2\/posts\/3321","targetHints":{"allow":["GET"]}}],"collection":[{"href":"https:\/\/blog.zeit.de\/teilchen\/wp-json\/wp\/v2\/posts"}],"about":[{"href":"https:\/\/blog.zeit.de\/teilchen\/wp-json\/wp\/v2\/types\/post"}],"author":[{"embeddable":true,"href":"https:\/\/blog.zeit.de\/teilchen\/wp-json\/wp\/v2\/users\/558"}],"replies":[{"embeddable":true,"href":"https:\/\/blog.zeit.de\/teilchen\/wp-json\/wp\/v2\/comments?post=3321"}],"version-history":[{"count":11,"href":"https:\/\/blog.zeit.de\/teilchen\/wp-json\/wp\/v2\/posts\/3321\/revisions"}],"predecessor-version":[{"id":3338,"href":"https:\/\/blog.zeit.de\/teilchen\/wp-json\/wp\/v2\/posts\/3321\/revisions\/3338"}],"wp:attachment":[{"href":"https:\/\/blog.zeit.de\/teilchen\/wp-json\/wp\/v2\/media?parent=3321"}],"wp:term":[{"taxonomy":"category","embeddable":true,"href":"https:\/\/blog.zeit.de\/teilchen\/wp-json\/wp\/v2\/categories?post=3321"},{"taxonomy":"post_tag","embeddable":true,"href":"https:\/\/blog.zeit.de\/teilchen\/wp-json\/wp\/v2\/tags?post=3321"}],"curies":[{"name":"wp","href":"https:\/\/api.w.org\/{rel}","templated":true}]}}