{"id":3370,"date":"2015-05-04T15:00:28","date_gmt":"2015-05-04T13:00:28","guid":{"rendered":"http:\/\/blog.zeit.de\/teilchen\/?p=3370"},"modified":"2015-04-30T14:21:05","modified_gmt":"2015-04-30T12:21:05","slug":"sprachen-exoten-vom-aussterben-bedroht","status":"publish","type":"post","link":"https:\/\/blog.zeit.de\/teilchen\/2015\/05\/04\/sprachen-exoten-vom-aussterben-bedroht\/","title":{"rendered":"Exoten-Sprachen vom Aussterben bedroht"},"content":{"rendered":"<p><a href=\"http:\/\/www.endangeredlanguages.com\/\"><img loading=\"lazy\" decoding=\"async\" class=\"alignnone size-full wp-image-3371\" src=\"https:\/\/blog.zeit.de\/teilchen\/files\/2015\/04\/Bildschirmfoto-2015-04-30-um-11.13.14.png\" alt=\"Endangered Languages\" width=\"516\" height=\"472\" \/><\/a><\/p>\n<p>Dobre Zajt\u0161o und Haatelk W\u00e4ilkuumen \u2013\u00a0wir w\u00fcnschen ihnen auf Niedersorbisch einen Guten Morgen und hei\u00dfen Sie auf Saterfriesisch Herzlich Willkommen! Und sollten Sie nicht gerade in Friesland oder der Niederlausitz wohnen, lassen Sie es sich gesagt sein: Ja, diese Sprachen werden in Deutschland gesprochen. Allerdings von so wenigen Menschen, dass sie mittlerweile vom Aussterben bedroht sind.<!--more--><\/p>\n<p>Weltweit trifft das auf rund 3.000 <a href=\"http:\/\/www.ethnologue.com\/\" target=\"_blank\">von gut 7.000 Sprachen<\/a> zu. <a href=\"http:\/\/www.endangeredlanguages.com\/\" target=\"_blank\">Das Projekt <em>Endangered Languages<\/em><\/a> stellt sie auf einer Weltkarte dar und liefert jede Menge visueller H\u00f6rproben von uns fremden Sprachen. Die Website wurde von Google zwar schon vor knapp zwei Jahren gelauncht, jetzt allerdings general\u00fcberholt.<\/p>\n<p>Sollte bis zum Ende des Jahrhunderts tats\u00e4chlich die H\u00e4lfte aller weltweit gesprochenen Sprachen aussterben, w\u00fcrde das nicht nur einen immensen Verlust kultureller Vielfalt bedeuten. <a href=\"http:\/\/www.unesco.org\/new\/en\/culture\/themes\/endangered-languages\/\" target=\"_blank\">Es ginge der Menschheit vor allem viel Wissen verloren<\/a>, das oft in indigenen und nicht schriftlich dokumentierten Sprachen von Generation zu Generation weitergegeben wird.<\/p>\n<p><em>Weitere <a href=\"https:\/\/blog.zeit.de\/teilchen\/\" target=\"_blank\">Teilchen finden Sie hier<\/a>. <\/em><\/p>\n","protected":false},"excerpt":{"rendered":"<p>Dobre Zajt\u0161o und Haatelk W\u00e4ilkuumen \u2013\u00a0wir w\u00fcnschen ihnen auf Niedersorbisch einen Guten Morgen und hei\u00dfen Sie auf Saterfriesisch Herzlich Willkommen! Und sollten Sie nicht [\u2026]<\/p>\n","protected":false},"author":528,"featured_media":0,"comment_status":"open","ping_status":"closed","sticky":false,"template":"","format":"standard","meta":{"_jetpack_memberships_contains_paid_content":false,"footnotes":""},"categories":[13657],"tags":[],"class_list":["post-3370","post","type-post","status-publish","format-standard","hentry","category-interaktiv"],"yoast_head":"<!-- This site is optimized with the Yoast SEO plugin v21.0 - https:\/\/yoast.com\/wordpress\/plugins\/seo\/ -->\n<title>Exoten-Sprachen vom Aussterben bedroht<\/title>\n<meta name=\"description\" content=\"Dobre Zajt\u0161o hei\u00dft Guten Morgen auf Sorbisch. Das ist vom Aussterben bedroht. Viele andere Sprachen auch, zeigt eine Karte.\" \/>\n<meta name=\"robots\" content=\"index, follow, max-snippet:-1, max-image-preview:large, max-video-preview:-1\" \/>\n<link rel=\"canonical\" href=\"https:\/\/blog.zeit.de\/teilchen\/2015\/05\/04\/sprachen-exoten-vom-aussterben-bedroht\/\" \/>\n<meta property=\"og:locale\" content=\"de_DE\" \/>\n<meta property=\"og:type\" content=\"article\" \/>\n<meta property=\"og:title\" content=\"Exoten-Sprachen vom Aussterben bedroht\" \/>\n<meta property=\"og:description\" content=\"Dobre Zajt\u0161o hei\u00dft Guten Morgen auf Sorbisch. Das ist vom Aussterben bedroht. Viele andere Sprachen auch, zeigt eine Karte.\" \/>\n<meta property=\"og:url\" content=\"https:\/\/blog.zeit.de\/teilchen\/2015\/05\/04\/sprachen-exoten-vom-aussterben-bedroht\/\" \/>\n<meta property=\"og:site_name\" content=\"Teilchen\" \/>\n<meta property=\"article:published_time\" content=\"2015-05-04T13:00:28+00:00\" \/>\n<meta property=\"article:modified_time\" content=\"2015-04-30T12:21:05+00:00\" \/>\n<meta property=\"og:image\" content=\"https:\/\/blog.zeit.de\/teilchen\/files\/2015\/04\/Bildschirmfoto-2015-04-30-um-11.13.14.png\" \/>\n<meta name=\"author\" content=\"Bj\u00f6rn Maatz\" \/>\n<meta name=\"twitter:card\" content=\"summary_large_image\" \/>\n<meta name=\"twitter:creator\" content=\"@BjoernMaatz\" \/>\n<meta name=\"twitter:site\" content=\"@zeitonline\" \/>\n<meta name=\"twitter:label1\" content=\"Geschrieben von\" \/>\n\t<meta name=\"twitter:data1\" content=\"Bj\u00f6rn Maatz\" \/>\n\t<meta name=\"twitter:label2\" content=\"Gesch\u00e4tzte Lesezeit\" \/>\n\t<meta name=\"twitter:data2\" content=\"1\u00a0Minute\" \/>\n<script type=\"application\/ld+json\" class=\"yoast-schema-graph\">{\"@context\":\"https:\/\/schema.org\",\"@graph\":[{\"@type\":\"WebPage\",\"@id\":\"https:\/\/blog.zeit.de\/teilchen\/2015\/05\/04\/sprachen-exoten-vom-aussterben-bedroht\/\",\"url\":\"https:\/\/blog.zeit.de\/teilchen\/2015\/05\/04\/sprachen-exoten-vom-aussterben-bedroht\/\",\"name\":\"Exoten-Sprachen vom Aussterben bedroht\",\"isPartOf\":{\"@id\":\"https:\/\/blog.zeit.de\/teilchen\/#website\"},\"datePublished\":\"2015-05-04T13:00:28+00:00\",\"dateModified\":\"2015-04-30T12:21:05+00:00\",\"author\":{\"@id\":\"https:\/\/blog.zeit.de\/teilchen\/#\/schema\/person\/20ae47479c9c6443ed61f03c9eac892f\"},\"description\":\"Dobre Zajt\u0161o hei\u00dft Guten Morgen auf Sorbisch. Das ist vom Aussterben bedroht. Viele andere Sprachen auch, zeigt eine Karte.\",\"breadcrumb\":{\"@id\":\"https:\/\/blog.zeit.de\/teilchen\/2015\/05\/04\/sprachen-exoten-vom-aussterben-bedroht\/#breadcrumb\"},\"inLanguage\":\"de\",\"potentialAction\":[{\"@type\":\"ReadAction\",\"target\":[\"https:\/\/blog.zeit.de\/teilchen\/2015\/05\/04\/sprachen-exoten-vom-aussterben-bedroht\/\"]}]},{\"@type\":\"BreadcrumbList\",\"@id\":\"https:\/\/blog.zeit.de\/teilchen\/2015\/05\/04\/sprachen-exoten-vom-aussterben-bedroht\/#breadcrumb\",\"itemListElement\":[{\"@type\":\"ListItem\",\"position\":1,\"name\":\"Startseite\",\"item\":\"https:\/\/blog.zeit.de\/teilchen\/\"},{\"@type\":\"ListItem\",\"position\":2,\"name\":\"Exoten-Sprachen vom Aussterben bedroht\"}]},{\"@type\":\"WebSite\",\"@id\":\"https:\/\/blog.zeit.de\/teilchen\/#website\",\"url\":\"https:\/\/blog.zeit.de\/teilchen\/\",\"name\":\"Teilchen\",\"description\":\"Im Netz verstecken sich kleine Sch\u00e4tze - ZEIT ONLINE findet sie.\",\"potentialAction\":[{\"@type\":\"SearchAction\",\"target\":{\"@type\":\"EntryPoint\",\"urlTemplate\":\"https:\/\/blog.zeit.de\/teilchen\/?s={search_term_string}\"},\"query-input\":\"required name=search_term_string\"}],\"inLanguage\":\"de\"},{\"@type\":\"Person\",\"@id\":\"https:\/\/blog.zeit.de\/teilchen\/#\/schema\/person\/20ae47479c9c6443ed61f03c9eac892f\",\"name\":\"Bj\u00f6rn Maatz\",\"image\":{\"@type\":\"ImageObject\",\"inLanguage\":\"de\",\"@id\":\"https:\/\/blog.zeit.de\/teilchen\/#\/schema\/person\/image\/\",\"url\":\"https:\/\/secure.gravatar.com\/avatar\/4ed13ddffa21af7dcec9d6d36d2b36f05bfc49e1676e43abd84a80376d644278?s=96&d=mm&r=g\",\"contentUrl\":\"https:\/\/secure.gravatar.com\/avatar\/4ed13ddffa21af7dcec9d6d36d2b36f05bfc49e1676e43abd84a80376d644278?s=96&d=mm&r=g\",\"caption\":\"Bj\u00f6rn Maatz\"},\"description\":\"Leitet die Online-Redaktion der Kreativagentur Philipp und Keuntje. Zuvor Engagement-Redakteur bei ZEIT ONLINE und bei FINANCIAL TIMES DEUTSCHLAND, u.a. als Print-Redakteur im Unternehmensressort sowie als erster und letzter Social-Media-Redakteur. Studium der Wirtschaftsjournalistik in Bremen und Melbourne mit Hospitanzen beim NDR, der dpa und dem Hamburger Abendblatt.\",\"sameAs\":[\"https:\/\/twitter.com\/BjoernMaatz\"],\"url\":\"https:\/\/blog.zeit.de\/teilchen\/author\/bjoernmaatz\/\"}]}<\/script>\n<!-- \/ Yoast SEO plugin. -->","yoast_head_json":{"title":"Exoten-Sprachen vom Aussterben bedroht","description":"Dobre Zajt\u0161o hei\u00dft Guten Morgen auf Sorbisch. Das ist vom Aussterben bedroht. Viele andere Sprachen auch, zeigt eine Karte.","robots":{"index":"index","follow":"follow","max-snippet":"max-snippet:-1","max-image-preview":"max-image-preview:large","max-video-preview":"max-video-preview:-1"},"canonical":"https:\/\/blog.zeit.de\/teilchen\/2015\/05\/04\/sprachen-exoten-vom-aussterben-bedroht\/","og_locale":"de_DE","og_type":"article","og_title":"Exoten-Sprachen vom Aussterben bedroht","og_description":"Dobre Zajt\u0161o hei\u00dft Guten Morgen auf Sorbisch. Das ist vom Aussterben bedroht. Viele andere Sprachen auch, zeigt eine Karte.","og_url":"https:\/\/blog.zeit.de\/teilchen\/2015\/05\/04\/sprachen-exoten-vom-aussterben-bedroht\/","og_site_name":"Teilchen","article_published_time":"2015-05-04T13:00:28+00:00","article_modified_time":"2015-04-30T12:21:05+00:00","og_image":[{"url":"https:\/\/blog.zeit.de\/teilchen\/files\/2015\/04\/Bildschirmfoto-2015-04-30-um-11.13.14.png"}],"author":"Bj\u00f6rn Maatz","twitter_card":"summary_large_image","twitter_creator":"@BjoernMaatz","twitter_site":"@zeitonline","twitter_misc":{"Geschrieben von":"Bj\u00f6rn Maatz","Gesch\u00e4tzte Lesezeit":"1\u00a0Minute"},"schema":{"@context":"https:\/\/schema.org","@graph":[{"@type":"WebPage","@id":"https:\/\/blog.zeit.de\/teilchen\/2015\/05\/04\/sprachen-exoten-vom-aussterben-bedroht\/","url":"https:\/\/blog.zeit.de\/teilchen\/2015\/05\/04\/sprachen-exoten-vom-aussterben-bedroht\/","name":"Exoten-Sprachen vom Aussterben bedroht","isPartOf":{"@id":"https:\/\/blog.zeit.de\/teilchen\/#website"},"datePublished":"2015-05-04T13:00:28+00:00","dateModified":"2015-04-30T12:21:05+00:00","author":{"@id":"https:\/\/blog.zeit.de\/teilchen\/#\/schema\/person\/20ae47479c9c6443ed61f03c9eac892f"},"description":"Dobre Zajt\u0161o hei\u00dft Guten Morgen auf Sorbisch. Das ist vom Aussterben bedroht. Viele andere Sprachen auch, zeigt eine Karte.","breadcrumb":{"@id":"https:\/\/blog.zeit.de\/teilchen\/2015\/05\/04\/sprachen-exoten-vom-aussterben-bedroht\/#breadcrumb"},"inLanguage":"de","potentialAction":[{"@type":"ReadAction","target":["https:\/\/blog.zeit.de\/teilchen\/2015\/05\/04\/sprachen-exoten-vom-aussterben-bedroht\/"]}]},{"@type":"BreadcrumbList","@id":"https:\/\/blog.zeit.de\/teilchen\/2015\/05\/04\/sprachen-exoten-vom-aussterben-bedroht\/#breadcrumb","itemListElement":[{"@type":"ListItem","position":1,"name":"Startseite","item":"https:\/\/blog.zeit.de\/teilchen\/"},{"@type":"ListItem","position":2,"name":"Exoten-Sprachen vom Aussterben bedroht"}]},{"@type":"WebSite","@id":"https:\/\/blog.zeit.de\/teilchen\/#website","url":"https:\/\/blog.zeit.de\/teilchen\/","name":"Teilchen","description":"Im Netz verstecken sich kleine Sch\u00e4tze - ZEIT ONLINE findet sie.","potentialAction":[{"@type":"SearchAction","target":{"@type":"EntryPoint","urlTemplate":"https:\/\/blog.zeit.de\/teilchen\/?s={search_term_string}"},"query-input":"required name=search_term_string"}],"inLanguage":"de"},{"@type":"Person","@id":"https:\/\/blog.zeit.de\/teilchen\/#\/schema\/person\/20ae47479c9c6443ed61f03c9eac892f","name":"Bj\u00f6rn Maatz","image":{"@type":"ImageObject","inLanguage":"de","@id":"https:\/\/blog.zeit.de\/teilchen\/#\/schema\/person\/image\/","url":"https:\/\/secure.gravatar.com\/avatar\/4ed13ddffa21af7dcec9d6d36d2b36f05bfc49e1676e43abd84a80376d644278?s=96&d=mm&r=g","contentUrl":"https:\/\/secure.gravatar.com\/avatar\/4ed13ddffa21af7dcec9d6d36d2b36f05bfc49e1676e43abd84a80376d644278?s=96&d=mm&r=g","caption":"Bj\u00f6rn Maatz"},"description":"Leitet die Online-Redaktion der Kreativagentur Philipp und Keuntje. Zuvor Engagement-Redakteur bei ZEIT ONLINE und bei FINANCIAL TIMES DEUTSCHLAND, u.a. als Print-Redakteur im Unternehmensressort sowie als erster und letzter Social-Media-Redakteur. Studium der Wirtschaftsjournalistik in Bremen und Melbourne mit Hospitanzen beim NDR, der dpa und dem Hamburger Abendblatt.","sameAs":["https:\/\/twitter.com\/BjoernMaatz"],"url":"https:\/\/blog.zeit.de\/teilchen\/author\/bjoernmaatz\/"}]}},"jetpack_featured_media_url":"","jetpack_sharing_enabled":true,"_links":{"self":[{"href":"https:\/\/blog.zeit.de\/teilchen\/wp-json\/wp\/v2\/posts\/3370","targetHints":{"allow":["GET"]}}],"collection":[{"href":"https:\/\/blog.zeit.de\/teilchen\/wp-json\/wp\/v2\/posts"}],"about":[{"href":"https:\/\/blog.zeit.de\/teilchen\/wp-json\/wp\/v2\/types\/post"}],"author":[{"embeddable":true,"href":"https:\/\/blog.zeit.de\/teilchen\/wp-json\/wp\/v2\/users\/528"}],"replies":[{"embeddable":true,"href":"https:\/\/blog.zeit.de\/teilchen\/wp-json\/wp\/v2\/comments?post=3370"}],"version-history":[{"count":6,"href":"https:\/\/blog.zeit.de\/teilchen\/wp-json\/wp\/v2\/posts\/3370\/revisions"}],"predecessor-version":[{"id":3381,"href":"https:\/\/blog.zeit.de\/teilchen\/wp-json\/wp\/v2\/posts\/3370\/revisions\/3381"}],"wp:attachment":[{"href":"https:\/\/blog.zeit.de\/teilchen\/wp-json\/wp\/v2\/media?parent=3370"}],"wp:term":[{"taxonomy":"category","embeddable":true,"href":"https:\/\/blog.zeit.de\/teilchen\/wp-json\/wp\/v2\/categories?post=3370"},{"taxonomy":"post_tag","embeddable":true,"href":"https:\/\/blog.zeit.de\/teilchen\/wp-json\/wp\/v2\/tags?post=3370"}],"curies":[{"name":"wp","href":"https:\/\/api.w.org\/{rel}","templated":true}]}}