{"id":3376,"date":"2015-05-04T10:15:14","date_gmt":"2015-05-04T08:15:14","guid":{"rendered":"http:\/\/blog.zeit.de\/teilchen\/?p=3376"},"modified":"2015-05-04T15:54:58","modified_gmt":"2015-05-04T13:54:58","slug":"echte-vjs-arbeiten-nicht-fuer-mtv","status":"publish","type":"post","link":"https:\/\/blog.zeit.de\/teilchen\/2015\/05\/04\/echte-vjs-arbeiten-nicht-fuer-mtv\/","title":{"rendered":"Echte VJs arbeiten nicht f\u00fcr MTV"},"content":{"rendered":"<p>[vimeo 125896033 w=580 h=326]<\/p>\n<p>&nbsp;<\/p>\n<p>Private Musiksender verleihen ihren Moderatoren gerne den Titel &#8222;VJ&#8220;. Ein spitzfindiger Kommentar \u00fcber die neue Frisur von Miley Cyrus, bevor\u00a0ihr Video anl\u00e4uft, macht noch lange keinen Video Jockey. Daf\u00fcr braucht es Technik aus dem\u00a019. Jahrhundert und ein Herz f\u00fcr die siebziger\u00a0Jahre.<br \/>\n<!--more--><\/p>\n<p>Miss Take hat beides. Die New-Media-K\u00fcnstlerin aus Slowenien, die au\u00dferhalb von Clubs und Ausstellungsr\u00e4umen auf den Namen Vesna Krebs h\u00f6rt, vereint\u00a0Ausdrucksformen der beiden Epochen\u00a0in ihrem\u00a0Phenakistomixer. Klingt nach Daniel\u00a0D\u00fcsentrieb, basiert aber auf\u00a0Joseph Antoine Ferdinand Plateau. Der Physiker entwickelte um 1830\u00a0das\u00a0Phenakistiskop, eine Art Urform des GIFs. Auf einer Scheibe sind Motive abgebildet und kreisf\u00f6rmig angeordnet. Wenn die Scheibe sich dreht, erzeugt das Ger\u00e4t entsprechend Bewegtbilder. MissTakes moderne Variante funktioniert ganz \u00e4hnlich.<\/p>\n<p>Der Phenakistomixer erzeugt Animationen, indem er die Bewegungsphasen von auf <a href=\"http:\/\/www.zeit.de\/online\/2008\/28\/60-jahre-vinyl\">heute wie damals beliebten Vinyl-Platten<\/a> abgebildeter Formen aufzeichnet. Gleichzeitig scannt ein optischer Sensor die Bilder und wandelt sie in Ton um. So entsteht ein Gesamtkunstwerk\u00a0aus kruden, scheinbar frei schwebenden Formen und einer\u00a0technoiden Ger\u00e4uschkulisse, das\u00a0an das experimentelle Sci-Fi-Kino der siebziger\u00a0Jahre erinnert.<\/p>\n<p><em>Weitere <a href=\"https:\/\/blog.zeit.de\/teilchen\">Teilchen finden Sie hier<\/a>.<\/em><\/p>\n","protected":false},"excerpt":{"rendered":"<p>[vimeo 125896033 w=580 h=326] &nbsp; Private Musiksender verleihen ihren Moderatoren gerne den Titel &#8222;VJ&#8220;. Ein spitzfindiger Kommentar \u00fcber die neue Frisur von Miley Cyrus, [\u2026]<\/p>\n","protected":false},"author":558,"featured_media":0,"comment_status":"open","ping_status":"closed","sticky":false,"template":"","format":"standard","meta":{"_jetpack_memberships_contains_paid_content":false,"footnotes":""},"categories":[28],"tags":[],"class_list":["post-3376","post","type-post","status-publish","format-standard","hentry","category-video"],"yoast_head":"<!-- This site is optimized with the Yoast SEO plugin v21.0 - https:\/\/yoast.com\/wordpress\/plugins\/seo\/ -->\n<title>Echte VJs arbeiten nicht f\u00fcr MTV<\/title>\n<meta name=\"description\" content=\"Der wahre VJ braucht f\u00fcr sein Handwerk Technik aus dem 19. Jahrhundert \u2013 und ein Herz f\u00fcr die Siebziger.\" \/>\n<meta name=\"robots\" content=\"index, follow, max-snippet:-1, max-image-preview:large, max-video-preview:-1\" \/>\n<link rel=\"canonical\" href=\"https:\/\/blog.zeit.de\/teilchen\/2015\/05\/04\/echte-vjs-arbeiten-nicht-fuer-mtv\/\" \/>\n<meta property=\"og:locale\" content=\"de_DE\" \/>\n<meta property=\"og:type\" content=\"article\" \/>\n<meta property=\"og:title\" content=\"Echte VJs arbeiten nicht f\u00fcr MTV\" \/>\n<meta property=\"og:description\" content=\"Der wahre VJ braucht f\u00fcr sein Handwerk Technik aus dem 19. Jahrhundert \u2013 und ein Herz f\u00fcr die Siebziger.\" \/>\n<meta property=\"og:url\" content=\"https:\/\/blog.zeit.de\/teilchen\/2015\/05\/04\/echte-vjs-arbeiten-nicht-fuer-mtv\/\" \/>\n<meta property=\"og:site_name\" content=\"Teilchen\" \/>\n<meta property=\"article:published_time\" content=\"2015-05-04T08:15:14+00:00\" \/>\n<meta property=\"article:modified_time\" content=\"2015-05-04T13:54:58+00:00\" \/>\n<meta property=\"og:image\" content=\"https:\/\/blog.zeit.de\/teilchen\/files\/2015\/03\/teilchen-facebook-fallback.jpg\" \/>\n\t<meta property=\"og:image:width\" content=\"1200\" \/>\n\t<meta property=\"og:image:height\" content=\"900\" \/>\n\t<meta property=\"og:image:type\" content=\"image\/jpeg\" \/>\n<meta name=\"author\" content=\"Carim Soliman\" \/>\n<meta name=\"twitter:card\" content=\"summary_large_image\" \/>\n<meta name=\"twitter:creator\" content=\"@zeitonline\" \/>\n<meta name=\"twitter:site\" content=\"@zeitonline\" \/>\n<meta name=\"twitter:label1\" content=\"Geschrieben von\" \/>\n\t<meta name=\"twitter:data1\" content=\"Carim Soliman\" \/>\n\t<meta name=\"twitter:label2\" content=\"Gesch\u00e4tzte Lesezeit\" \/>\n\t<meta name=\"twitter:data2\" content=\"1\u00a0Minute\" \/>\n<script type=\"application\/ld+json\" class=\"yoast-schema-graph\">{\"@context\":\"https:\/\/schema.org\",\"@graph\":[{\"@type\":\"WebPage\",\"@id\":\"https:\/\/blog.zeit.de\/teilchen\/2015\/05\/04\/echte-vjs-arbeiten-nicht-fuer-mtv\/\",\"url\":\"https:\/\/blog.zeit.de\/teilchen\/2015\/05\/04\/echte-vjs-arbeiten-nicht-fuer-mtv\/\",\"name\":\"Echte VJs arbeiten nicht f\u00fcr MTV\",\"isPartOf\":{\"@id\":\"https:\/\/blog.zeit.de\/teilchen\/#website\"},\"datePublished\":\"2015-05-04T08:15:14+00:00\",\"dateModified\":\"2015-05-04T13:54:58+00:00\",\"author\":{\"@id\":\"https:\/\/blog.zeit.de\/teilchen\/#\/schema\/person\/1b29fdf43f8ed1922626fad081532fea\"},\"description\":\"Der wahre VJ braucht f\u00fcr sein Handwerk Technik aus dem 19. Jahrhundert \u2013 und ein Herz f\u00fcr die Siebziger.\",\"breadcrumb\":{\"@id\":\"https:\/\/blog.zeit.de\/teilchen\/2015\/05\/04\/echte-vjs-arbeiten-nicht-fuer-mtv\/#breadcrumb\"},\"inLanguage\":\"de\",\"potentialAction\":[{\"@type\":\"ReadAction\",\"target\":[\"https:\/\/blog.zeit.de\/teilchen\/2015\/05\/04\/echte-vjs-arbeiten-nicht-fuer-mtv\/\"]}]},{\"@type\":\"BreadcrumbList\",\"@id\":\"https:\/\/blog.zeit.de\/teilchen\/2015\/05\/04\/echte-vjs-arbeiten-nicht-fuer-mtv\/#breadcrumb\",\"itemListElement\":[{\"@type\":\"ListItem\",\"position\":1,\"name\":\"Startseite\",\"item\":\"https:\/\/blog.zeit.de\/teilchen\/\"},{\"@type\":\"ListItem\",\"position\":2,\"name\":\"Echte VJs arbeiten nicht f\u00fcr MTV\"}]},{\"@type\":\"WebSite\",\"@id\":\"https:\/\/blog.zeit.de\/teilchen\/#website\",\"url\":\"https:\/\/blog.zeit.de\/teilchen\/\",\"name\":\"Teilchen\",\"description\":\"Im Netz verstecken sich kleine Sch\u00e4tze - ZEIT ONLINE findet sie.\",\"potentialAction\":[{\"@type\":\"SearchAction\",\"target\":{\"@type\":\"EntryPoint\",\"urlTemplate\":\"https:\/\/blog.zeit.de\/teilchen\/?s={search_term_string}\"},\"query-input\":\"required name=search_term_string\"}],\"inLanguage\":\"de\"},{\"@type\":\"Person\",\"@id\":\"https:\/\/blog.zeit.de\/teilchen\/#\/schema\/person\/1b29fdf43f8ed1922626fad081532fea\",\"name\":\"Carim Soliman\",\"image\":{\"@type\":\"ImageObject\",\"inLanguage\":\"de\",\"@id\":\"https:\/\/blog.zeit.de\/teilchen\/#\/schema\/person\/image\/\",\"url\":\"https:\/\/secure.gravatar.com\/avatar\/928a491c6dc6ad6a6b7c6e9c5a3c52f6c2b64a769ba414071d0504ad0a1c306e?s=96&d=mm&r=g\",\"contentUrl\":\"https:\/\/secure.gravatar.com\/avatar\/928a491c6dc6ad6a6b7c6e9c5a3c52f6c2b64a769ba414071d0504ad0a1c306e?s=96&d=mm&r=g\",\"caption\":\"Carim Soliman\"},\"description\":\"ist Autor bei ZEIT ONLINE.\",\"url\":\"https:\/\/blog.zeit.de\/teilchen\/author\/csoliman\/\"}]}<\/script>\n<!-- \/ Yoast SEO plugin. -->","yoast_head_json":{"title":"Echte VJs arbeiten nicht f\u00fcr MTV","description":"Der wahre VJ braucht f\u00fcr sein Handwerk Technik aus dem 19. Jahrhundert \u2013 und ein Herz f\u00fcr die Siebziger.","robots":{"index":"index","follow":"follow","max-snippet":"max-snippet:-1","max-image-preview":"max-image-preview:large","max-video-preview":"max-video-preview:-1"},"canonical":"https:\/\/blog.zeit.de\/teilchen\/2015\/05\/04\/echte-vjs-arbeiten-nicht-fuer-mtv\/","og_locale":"de_DE","og_type":"article","og_title":"Echte VJs arbeiten nicht f\u00fcr MTV","og_description":"Der wahre VJ braucht f\u00fcr sein Handwerk Technik aus dem 19. Jahrhundert \u2013 und ein Herz f\u00fcr die Siebziger.","og_url":"https:\/\/blog.zeit.de\/teilchen\/2015\/05\/04\/echte-vjs-arbeiten-nicht-fuer-mtv\/","og_site_name":"Teilchen","article_published_time":"2015-05-04T08:15:14+00:00","article_modified_time":"2015-05-04T13:54:58+00:00","og_image":[{"width":1200,"height":900,"url":"https:\/\/blog.zeit.de\/teilchen\/files\/2015\/03\/teilchen-facebook-fallback.jpg","type":"image\/jpeg"}],"author":"Carim Soliman","twitter_card":"summary_large_image","twitter_creator":"@zeitonline","twitter_site":"@zeitonline","twitter_misc":{"Geschrieben von":"Carim Soliman","Gesch\u00e4tzte Lesezeit":"1\u00a0Minute"},"schema":{"@context":"https:\/\/schema.org","@graph":[{"@type":"WebPage","@id":"https:\/\/blog.zeit.de\/teilchen\/2015\/05\/04\/echte-vjs-arbeiten-nicht-fuer-mtv\/","url":"https:\/\/blog.zeit.de\/teilchen\/2015\/05\/04\/echte-vjs-arbeiten-nicht-fuer-mtv\/","name":"Echte VJs arbeiten nicht f\u00fcr MTV","isPartOf":{"@id":"https:\/\/blog.zeit.de\/teilchen\/#website"},"datePublished":"2015-05-04T08:15:14+00:00","dateModified":"2015-05-04T13:54:58+00:00","author":{"@id":"https:\/\/blog.zeit.de\/teilchen\/#\/schema\/person\/1b29fdf43f8ed1922626fad081532fea"},"description":"Der wahre VJ braucht f\u00fcr sein Handwerk Technik aus dem 19. Jahrhundert \u2013 und ein Herz f\u00fcr die Siebziger.","breadcrumb":{"@id":"https:\/\/blog.zeit.de\/teilchen\/2015\/05\/04\/echte-vjs-arbeiten-nicht-fuer-mtv\/#breadcrumb"},"inLanguage":"de","potentialAction":[{"@type":"ReadAction","target":["https:\/\/blog.zeit.de\/teilchen\/2015\/05\/04\/echte-vjs-arbeiten-nicht-fuer-mtv\/"]}]},{"@type":"BreadcrumbList","@id":"https:\/\/blog.zeit.de\/teilchen\/2015\/05\/04\/echte-vjs-arbeiten-nicht-fuer-mtv\/#breadcrumb","itemListElement":[{"@type":"ListItem","position":1,"name":"Startseite","item":"https:\/\/blog.zeit.de\/teilchen\/"},{"@type":"ListItem","position":2,"name":"Echte VJs arbeiten nicht f\u00fcr MTV"}]},{"@type":"WebSite","@id":"https:\/\/blog.zeit.de\/teilchen\/#website","url":"https:\/\/blog.zeit.de\/teilchen\/","name":"Teilchen","description":"Im Netz verstecken sich kleine Sch\u00e4tze - ZEIT ONLINE findet sie.","potentialAction":[{"@type":"SearchAction","target":{"@type":"EntryPoint","urlTemplate":"https:\/\/blog.zeit.de\/teilchen\/?s={search_term_string}"},"query-input":"required name=search_term_string"}],"inLanguage":"de"},{"@type":"Person","@id":"https:\/\/blog.zeit.de\/teilchen\/#\/schema\/person\/1b29fdf43f8ed1922626fad081532fea","name":"Carim Soliman","image":{"@type":"ImageObject","inLanguage":"de","@id":"https:\/\/blog.zeit.de\/teilchen\/#\/schema\/person\/image\/","url":"https:\/\/secure.gravatar.com\/avatar\/928a491c6dc6ad6a6b7c6e9c5a3c52f6c2b64a769ba414071d0504ad0a1c306e?s=96&d=mm&r=g","contentUrl":"https:\/\/secure.gravatar.com\/avatar\/928a491c6dc6ad6a6b7c6e9c5a3c52f6c2b64a769ba414071d0504ad0a1c306e?s=96&d=mm&r=g","caption":"Carim Soliman"},"description":"ist Autor bei ZEIT ONLINE.","url":"https:\/\/blog.zeit.de\/teilchen\/author\/csoliman\/"}]}},"jetpack_featured_media_url":"","jetpack_sharing_enabled":true,"_links":{"self":[{"href":"https:\/\/blog.zeit.de\/teilchen\/wp-json\/wp\/v2\/posts\/3376","targetHints":{"allow":["GET"]}}],"collection":[{"href":"https:\/\/blog.zeit.de\/teilchen\/wp-json\/wp\/v2\/posts"}],"about":[{"href":"https:\/\/blog.zeit.de\/teilchen\/wp-json\/wp\/v2\/types\/post"}],"author":[{"embeddable":true,"href":"https:\/\/blog.zeit.de\/teilchen\/wp-json\/wp\/v2\/users\/558"}],"replies":[{"embeddable":true,"href":"https:\/\/blog.zeit.de\/teilchen\/wp-json\/wp\/v2\/comments?post=3376"}],"version-history":[{"count":12,"href":"https:\/\/blog.zeit.de\/teilchen\/wp-json\/wp\/v2\/posts\/3376\/revisions"}],"predecessor-version":[{"id":3431,"href":"https:\/\/blog.zeit.de\/teilchen\/wp-json\/wp\/v2\/posts\/3376\/revisions\/3431"}],"wp:attachment":[{"href":"https:\/\/blog.zeit.de\/teilchen\/wp-json\/wp\/v2\/media?parent=3376"}],"wp:term":[{"taxonomy":"category","embeddable":true,"href":"https:\/\/blog.zeit.de\/teilchen\/wp-json\/wp\/v2\/categories?post=3376"},{"taxonomy":"post_tag","embeddable":true,"href":"https:\/\/blog.zeit.de\/teilchen\/wp-json\/wp\/v2\/tags?post=3376"}],"curies":[{"name":"wp","href":"https:\/\/api.w.org\/{rel}","templated":true}]}}