{"id":344,"date":"2014-11-06T17:50:48","date_gmt":"2014-11-06T16:50:48","guid":{"rendered":"http:\/\/blog.zeit.de\/teilchen\/?p=344"},"modified":"2015-03-16T11:52:02","modified_gmt":"2015-03-16T10:52:02","slug":"im-flug-durch-die-aurora","status":"publish","type":"post","link":"https:\/\/blog.zeit.de\/teilchen\/2014\/11\/06\/im-flug-durch-die-aurora\/","title":{"rendered":"Im Flug durch die Aurora"},"content":{"rendered":"<div class=\"zol_video art_wide vid3878444336001\"><\/div>\n<p>In Polarlichter l\u00e4sst es sich gut hineinprojizieren. Vor Jahrhunderten lasen die Menschen in oftmals gr\u00fcnen Leuchterscheinung Aktivit\u00e4ten von G\u00f6ttern bzw. Geistern oder Vorboten drohenden Unheils. F\u00fcr die Maori auf Neuseeland galt die Aurora australis als Feuer, das die Ahnen auf dem Weg in die Antarktis entz\u00fcndet hatten, um an die warme Heimat zu erinnern.<\/p>\n<p>Die leuchtenden Farben ziehen heutzutage weniger die Abergl\u00e4ubigen als vielmehr die Hobbyfotografen an. <a href=\"http:\/\/www.zeit.de\/video\/2012-11\/1953013471001\/aurora-borealis-foto-momente-die-stille-schoenheit-der-polarlichter#autoplay\">Wann auch sonst sieht der Himmel \u00e4hnlich spektakul\u00e4r aus wie in Mordor?<\/a><\/p>\n<p>Das S\u00fcdlicht der Maori hat nun der deutsche Astronaut <a href=\"http:\/\/www.zeit.de\/wissen\/2014-05\/alexander-gerst-astronaut-raumstation-iss \">Alexander Gerst<\/a> eingefangen. Kurz vor seiner R\u00fcckkehr nach Deutschland am Montag zeigt die ESA nun dieses beeindruckende Zeitraffer-Video einer seltenen Aurora australis aus 400 Kilometern H\u00f6he. Dabei ist Gerst direkt durch die Aurora durchgeflogen, die durch eine Sonneneruption ausgel\u00f6st wurde.<\/p>\n<p><em>Weitere Teilchen finden Sie <a href=\"https:\/\/blog.zeit.de\/teilchen\/\">hier<\/a>.<\/em><\/p>\n","protected":false},"excerpt":{"rendered":"<p>In Polarlichter l\u00e4sst es sich gut hineinprojizieren. Vor Jahrhunderten lasen die Menschen in oftmals gr\u00fcnen Leuchterscheinung Aktivit\u00e4ten von G\u00f6ttern bzw. Geistern oder Vorboten drohenden [\u2026]<\/p>\n","protected":false},"author":513,"featured_media":0,"comment_status":"closed","ping_status":"closed","sticky":false,"template":"","format":"standard","meta":{"_jetpack_memberships_contains_paid_content":false,"footnotes":""},"categories":[28],"tags":[],"class_list":["post-344","post","type-post","status-publish","format-standard","hentry","category-video"],"yoast_head":"<!-- This site is optimized with the Yoast SEO plugin v21.0 - https:\/\/yoast.com\/wordpress\/plugins\/seo\/ -->\n<title>Im Flug durch die Aurora &#8902; Teilchen<\/title>\n<meta name=\"description\" content=\"Die ESA ver\u00f6ffentlichte ein beeindruckendes Zeitraffer-Video einer seltenen Aurora astralis, einem Polarlicht am S\u00fcdpol, aus 400 Kilometern H\u00f6he.\" \/>\n<meta name=\"robots\" content=\"index, follow, max-snippet:-1, max-image-preview:large, max-video-preview:-1\" \/>\n<link rel=\"canonical\" href=\"https:\/\/blog.zeit.de\/teilchen\/2014\/11\/06\/im-flug-durch-die-aurora\/\" \/>\n<meta property=\"og:locale\" content=\"de_DE\" \/>\n<meta property=\"og:type\" content=\"article\" \/>\n<meta property=\"og:title\" content=\"Im Flug durch die Aurora &#8902; Teilchen\" \/>\n<meta property=\"og:description\" content=\"Die ESA ver\u00f6ffentlichte ein beeindruckendes Zeitraffer-Video einer seltenen Aurora astralis, einem Polarlicht am S\u00fcdpol, aus 400 Kilometern H\u00f6he.\" \/>\n<meta property=\"og:url\" content=\"https:\/\/blog.zeit.de\/teilchen\/2014\/11\/06\/im-flug-durch-die-aurora\/\" \/>\n<meta property=\"og:site_name\" content=\"Teilchen\" \/>\n<meta property=\"article:published_time\" content=\"2014-11-06T16:50:48+00:00\" \/>\n<meta property=\"article:modified_time\" content=\"2015-03-16T10:52:02+00:00\" \/>\n<meta property=\"og:image\" content=\"https:\/\/blog.zeit.de\/teilchen\/files\/2015\/03\/teilchen-facebook-fallback.jpg\" \/>\n\t<meta property=\"og:image:width\" content=\"1200\" \/>\n\t<meta property=\"og:image:height\" content=\"900\" \/>\n\t<meta property=\"og:image:type\" content=\"image\/jpeg\" \/>\n<meta name=\"author\" content=\"Adrian Pohr\" \/>\n<meta name=\"twitter:card\" content=\"summary_large_image\" \/>\n<meta name=\"twitter:creator\" content=\"@zeitonline\" \/>\n<meta name=\"twitter:site\" content=\"@zeitonline\" \/>\n<meta name=\"twitter:label1\" content=\"Geschrieben von\" \/>\n\t<meta name=\"twitter:data1\" content=\"Adrian Pohr\" \/>\n\t<meta name=\"twitter:label2\" content=\"Gesch\u00e4tzte Lesezeit\" \/>\n\t<meta name=\"twitter:data2\" content=\"1\u00a0Minute\" \/>\n<script type=\"application\/ld+json\" class=\"yoast-schema-graph\">{\"@context\":\"https:\/\/schema.org\",\"@graph\":[{\"@type\":\"WebPage\",\"@id\":\"https:\/\/blog.zeit.de\/teilchen\/2014\/11\/06\/im-flug-durch-die-aurora\/\",\"url\":\"https:\/\/blog.zeit.de\/teilchen\/2014\/11\/06\/im-flug-durch-die-aurora\/\",\"name\":\"Im Flug durch die Aurora &#8902; Teilchen\",\"isPartOf\":{\"@id\":\"https:\/\/blog.zeit.de\/teilchen\/#website\"},\"datePublished\":\"2014-11-06T16:50:48+00:00\",\"dateModified\":\"2015-03-16T10:52:02+00:00\",\"author\":{\"@id\":\"https:\/\/blog.zeit.de\/teilchen\/#\/schema\/person\/b5943077d6c9c4a3f007fbe9ef4cd6e1\"},\"description\":\"Die ESA ver\u00f6ffentlichte ein beeindruckendes Zeitraffer-Video einer seltenen Aurora astralis, einem Polarlicht am S\u00fcdpol, aus 400 Kilometern H\u00f6he.\",\"breadcrumb\":{\"@id\":\"https:\/\/blog.zeit.de\/teilchen\/2014\/11\/06\/im-flug-durch-die-aurora\/#breadcrumb\"},\"inLanguage\":\"de\",\"potentialAction\":[{\"@type\":\"ReadAction\",\"target\":[\"https:\/\/blog.zeit.de\/teilchen\/2014\/11\/06\/im-flug-durch-die-aurora\/\"]}]},{\"@type\":\"BreadcrumbList\",\"@id\":\"https:\/\/blog.zeit.de\/teilchen\/2014\/11\/06\/im-flug-durch-die-aurora\/#breadcrumb\",\"itemListElement\":[{\"@type\":\"ListItem\",\"position\":1,\"name\":\"Startseite\",\"item\":\"https:\/\/blog.zeit.de\/teilchen\/\"},{\"@type\":\"ListItem\",\"position\":2,\"name\":\"Im Flug durch die Aurora\"}]},{\"@type\":\"WebSite\",\"@id\":\"https:\/\/blog.zeit.de\/teilchen\/#website\",\"url\":\"https:\/\/blog.zeit.de\/teilchen\/\",\"name\":\"Teilchen\",\"description\":\"Im Netz verstecken sich kleine Sch\u00e4tze - ZEIT ONLINE findet sie.\",\"potentialAction\":[{\"@type\":\"SearchAction\",\"target\":{\"@type\":\"EntryPoint\",\"urlTemplate\":\"https:\/\/blog.zeit.de\/teilchen\/?s={search_term_string}\"},\"query-input\":\"required name=search_term_string\"}],\"inLanguage\":\"de\"},{\"@type\":\"Person\",\"@id\":\"https:\/\/blog.zeit.de\/teilchen\/#\/schema\/person\/b5943077d6c9c4a3f007fbe9ef4cd6e1\",\"name\":\"Adrian Pohr\",\"image\":{\"@type\":\"ImageObject\",\"inLanguage\":\"de\",\"@id\":\"https:\/\/blog.zeit.de\/teilchen\/#\/schema\/person\/image\/\",\"url\":\"https:\/\/secure.gravatar.com\/avatar\/4d9d7f9f3682ceacf3bf78b5551516cd0963a0e9e780e59fcd966c8316b76ce1?s=96&d=mm&r=g\",\"contentUrl\":\"https:\/\/secure.gravatar.com\/avatar\/4d9d7f9f3682ceacf3bf78b5551516cd0963a0e9e780e59fcd966c8316b76ce1?s=96&d=mm&r=g\",\"caption\":\"Adrian Pohr\"},\"description\":\"ist Redakteur bei ZEIT ONLINE.\",\"url\":\"https:\/\/blog.zeit.de\/teilchen\/author\/apohr\/\"}]}<\/script>\n<!-- \/ Yoast SEO plugin. -->","yoast_head_json":{"title":"Im Flug durch die Aurora &#8902; Teilchen","description":"Die ESA ver\u00f6ffentlichte ein beeindruckendes Zeitraffer-Video einer seltenen Aurora astralis, einem Polarlicht am S\u00fcdpol, aus 400 Kilometern H\u00f6he.","robots":{"index":"index","follow":"follow","max-snippet":"max-snippet:-1","max-image-preview":"max-image-preview:large","max-video-preview":"max-video-preview:-1"},"canonical":"https:\/\/blog.zeit.de\/teilchen\/2014\/11\/06\/im-flug-durch-die-aurora\/","og_locale":"de_DE","og_type":"article","og_title":"Im Flug durch die Aurora &#8902; Teilchen","og_description":"Die ESA ver\u00f6ffentlichte ein beeindruckendes Zeitraffer-Video einer seltenen Aurora astralis, einem Polarlicht am S\u00fcdpol, aus 400 Kilometern H\u00f6he.","og_url":"https:\/\/blog.zeit.de\/teilchen\/2014\/11\/06\/im-flug-durch-die-aurora\/","og_site_name":"Teilchen","article_published_time":"2014-11-06T16:50:48+00:00","article_modified_time":"2015-03-16T10:52:02+00:00","og_image":[{"width":1200,"height":900,"url":"https:\/\/blog.zeit.de\/teilchen\/files\/2015\/03\/teilchen-facebook-fallback.jpg","type":"image\/jpeg"}],"author":"Adrian Pohr","twitter_card":"summary_large_image","twitter_creator":"@zeitonline","twitter_site":"@zeitonline","twitter_misc":{"Geschrieben von":"Adrian Pohr","Gesch\u00e4tzte Lesezeit":"1\u00a0Minute"},"schema":{"@context":"https:\/\/schema.org","@graph":[{"@type":"WebPage","@id":"https:\/\/blog.zeit.de\/teilchen\/2014\/11\/06\/im-flug-durch-die-aurora\/","url":"https:\/\/blog.zeit.de\/teilchen\/2014\/11\/06\/im-flug-durch-die-aurora\/","name":"Im Flug durch die Aurora &#8902; Teilchen","isPartOf":{"@id":"https:\/\/blog.zeit.de\/teilchen\/#website"},"datePublished":"2014-11-06T16:50:48+00:00","dateModified":"2015-03-16T10:52:02+00:00","author":{"@id":"https:\/\/blog.zeit.de\/teilchen\/#\/schema\/person\/b5943077d6c9c4a3f007fbe9ef4cd6e1"},"description":"Die ESA ver\u00f6ffentlichte ein beeindruckendes Zeitraffer-Video einer seltenen Aurora astralis, einem Polarlicht am S\u00fcdpol, aus 400 Kilometern H\u00f6he.","breadcrumb":{"@id":"https:\/\/blog.zeit.de\/teilchen\/2014\/11\/06\/im-flug-durch-die-aurora\/#breadcrumb"},"inLanguage":"de","potentialAction":[{"@type":"ReadAction","target":["https:\/\/blog.zeit.de\/teilchen\/2014\/11\/06\/im-flug-durch-die-aurora\/"]}]},{"@type":"BreadcrumbList","@id":"https:\/\/blog.zeit.de\/teilchen\/2014\/11\/06\/im-flug-durch-die-aurora\/#breadcrumb","itemListElement":[{"@type":"ListItem","position":1,"name":"Startseite","item":"https:\/\/blog.zeit.de\/teilchen\/"},{"@type":"ListItem","position":2,"name":"Im Flug durch die Aurora"}]},{"@type":"WebSite","@id":"https:\/\/blog.zeit.de\/teilchen\/#website","url":"https:\/\/blog.zeit.de\/teilchen\/","name":"Teilchen","description":"Im Netz verstecken sich kleine Sch\u00e4tze - ZEIT ONLINE findet sie.","potentialAction":[{"@type":"SearchAction","target":{"@type":"EntryPoint","urlTemplate":"https:\/\/blog.zeit.de\/teilchen\/?s={search_term_string}"},"query-input":"required name=search_term_string"}],"inLanguage":"de"},{"@type":"Person","@id":"https:\/\/blog.zeit.de\/teilchen\/#\/schema\/person\/b5943077d6c9c4a3f007fbe9ef4cd6e1","name":"Adrian Pohr","image":{"@type":"ImageObject","inLanguage":"de","@id":"https:\/\/blog.zeit.de\/teilchen\/#\/schema\/person\/image\/","url":"https:\/\/secure.gravatar.com\/avatar\/4d9d7f9f3682ceacf3bf78b5551516cd0963a0e9e780e59fcd966c8316b76ce1?s=96&d=mm&r=g","contentUrl":"https:\/\/secure.gravatar.com\/avatar\/4d9d7f9f3682ceacf3bf78b5551516cd0963a0e9e780e59fcd966c8316b76ce1?s=96&d=mm&r=g","caption":"Adrian Pohr"},"description":"ist Redakteur bei ZEIT ONLINE.","url":"https:\/\/blog.zeit.de\/teilchen\/author\/apohr\/"}]}},"jetpack_featured_media_url":"","jetpack_sharing_enabled":true,"_links":{"self":[{"href":"https:\/\/blog.zeit.de\/teilchen\/wp-json\/wp\/v2\/posts\/344","targetHints":{"allow":["GET"]}}],"collection":[{"href":"https:\/\/blog.zeit.de\/teilchen\/wp-json\/wp\/v2\/posts"}],"about":[{"href":"https:\/\/blog.zeit.de\/teilchen\/wp-json\/wp\/v2\/types\/post"}],"author":[{"embeddable":true,"href":"https:\/\/blog.zeit.de\/teilchen\/wp-json\/wp\/v2\/users\/513"}],"replies":[{"embeddable":true,"href":"https:\/\/blog.zeit.de\/teilchen\/wp-json\/wp\/v2\/comments?post=344"}],"version-history":[{"count":7,"href":"https:\/\/blog.zeit.de\/teilchen\/wp-json\/wp\/v2\/posts\/344\/revisions"}],"predecessor-version":[{"id":1076,"href":"https:\/\/blog.zeit.de\/teilchen\/wp-json\/wp\/v2\/posts\/344\/revisions\/1076"}],"wp:attachment":[{"href":"https:\/\/blog.zeit.de\/teilchen\/wp-json\/wp\/v2\/media?parent=344"}],"wp:term":[{"taxonomy":"category","embeddable":true,"href":"https:\/\/blog.zeit.de\/teilchen\/wp-json\/wp\/v2\/categories?post=344"},{"taxonomy":"post_tag","embeddable":true,"href":"https:\/\/blog.zeit.de\/teilchen\/wp-json\/wp\/v2\/tags?post=344"}],"curies":[{"name":"wp","href":"https:\/\/api.w.org\/{rel}","templated":true}]}}