{"id":3488,"date":"2015-05-07T09:40:47","date_gmt":"2015-05-07T07:40:47","guid":{"rendered":"http:\/\/blog.zeit.de\/teilchen\/?p=3488"},"modified":"2015-05-07T21:42:18","modified_gmt":"2015-05-07T19:42:18","slug":"ns-regime-deutschsein-adolf-hitler-mag-mich-gar-nicht","status":"publish","type":"post","link":"https:\/\/blog.zeit.de\/teilchen\/2015\/05\/07\/ns-regime-deutschsein-adolf-hitler-mag-mich-gar-nicht\/","title":{"rendered":"&#8222;Oma hat recht, Adolf Hitler mag mich gar nicht&#8220;"},"content":{"rendered":"<p>[youtube http:\/\/www.youtube.com\/watch?v=X3oCfXQNfbc&amp;w=580&amp;h=326]<br \/>\nAls die junge Marie Nejar an einem Tag im Jahr 1940 nach Hause kommt, ist sie entt\u00e4uscht. Sie hat, wie jedes M\u00e4dchen ihren Alters, eine Einladung vom Bund Deutscher M\u00e4del, dem weiblichen Zweig der Hitlerjugend, erhalten. Doch dort will sie niemand. Marie Nejar ist Afrodeutsche, hat eine dunkle Hautfarbe. Ihr selbst f\u00e4llt das nur auf, wenn andere sie darauf aufmerksam machen. Nejar f\u00fchlt sich deutsch, ist in Deutschland geboren, spricht deutsch. Sie ist deutsch.<!--more--><\/p>\n<p>Warum sprechen ihr andere das\u00a0Deutschsein ab? Damit besch\u00e4ftigt sich\u00a0<em>schwarzrotgold tv<\/em>. Das Webmagazin interviewt schwarze Deutsche und erz\u00e4hlt ihre Geschichte. Neben Marie Nejar erinnert sich auch Theodor Wonja Michael, wie er das NS-Regime mit- und \u00fcberlebt hat. Die Moderatorin Hadnet Tesfai erkl\u00e4rt <em>schwarzrotgold tv<\/em>, was schwarze Frauen erwartet, wenn sie heute in der deutschen Unterhaltungsindustrie Erfolg haben wollen. Der Unternehmer Patrick Mushatsi-Kareba beschreibt seine Jugend im Frankfurter Stadtteil Goldstein in den siebziger und achtziger Jahren.\u00a0Vorurteile und sogar <a href=\"http:\/\/www.zeit.de\/gesellschaft\/2015-05\/rassismus-un-deutschland-racial-profiling-sarrazin\">Kontrollen der Polizei gegen\u00fcber B\u00fcrgern nichteurop\u00e4ischen Aussehens<\/a>\u00a0sind aber bei Weitem kein Problem der Vergangenheit.<\/p>\n<p>Vier Geschichten, die eines klar machen: Schwarz ist genauso ein Teil von Deutschland, wie Rot und Gold.<\/p>\n<p><em>Weitere <a href=\"https:\/\/blog.zeit.de\/teilchen\">Teilchen finden Sie hier<\/a><\/em>.<\/p>\n","protected":false},"excerpt":{"rendered":"<p>[youtube http:\/\/www.youtube.com\/watch?v=X3oCfXQNfbc&amp;w=580&amp;h=326] Als die junge Marie Nejar an einem Tag im Jahr 1940 nach Hause kommt, ist sie entt\u00e4uscht. Sie hat, wie jedes M\u00e4dchen [\u2026]<\/p>\n","protected":false},"author":558,"featured_media":0,"comment_status":"open","ping_status":"closed","sticky":false,"template":"","format":"standard","meta":{"_jetpack_memberships_contains_paid_content":false,"footnotes":""},"categories":[28],"tags":[],"class_list":["post-3488","post","type-post","status-publish","format-standard","hentry","category-video"],"yoast_head":"<!-- This site is optimized with the Yoast SEO plugin v21.0 - https:\/\/yoast.com\/wordpress\/plugins\/seo\/ -->\n<title>NS-Regime: &quot;Oma hat recht, Adolf Hitler mag mich gar nicht&quot;<\/title>\n<meta name=\"description\" content=\"Nach den Regeln des NS-Regimes galten auch Menschen mit dunkler Hautfarbe nicht als deutsch. In schwarzrotgold tv erz\u00e4hlen sie ihre Geschichte.\" \/>\n<meta name=\"robots\" content=\"index, follow, max-snippet:-1, max-image-preview:large, max-video-preview:-1\" \/>\n<link rel=\"canonical\" href=\"https:\/\/blog.zeit.de\/teilchen\/2015\/05\/07\/ns-regime-deutschsein-adolf-hitler-mag-mich-gar-nicht\/\" \/>\n<meta property=\"og:locale\" content=\"de_DE\" \/>\n<meta property=\"og:type\" content=\"article\" \/>\n<meta property=\"og:title\" content=\"NS-Regime: &quot;Oma hat recht, Adolf Hitler mag mich gar nicht&quot;\" \/>\n<meta property=\"og:description\" content=\"Nach den Regeln des NS-Regimes galten auch Menschen mit dunkler Hautfarbe nicht als deutsch. In schwarzrotgold tv erz\u00e4hlen sie ihre Geschichte.\" \/>\n<meta property=\"og:url\" content=\"https:\/\/blog.zeit.de\/teilchen\/2015\/05\/07\/ns-regime-deutschsein-adolf-hitler-mag-mich-gar-nicht\/\" \/>\n<meta property=\"og:site_name\" content=\"Teilchen\" \/>\n<meta property=\"article:published_time\" content=\"2015-05-07T07:40:47+00:00\" \/>\n<meta property=\"article:modified_time\" content=\"2015-05-07T19:42:18+00:00\" \/>\n<meta property=\"og:image\" content=\"https:\/\/blog.zeit.de\/teilchen\/files\/2015\/03\/teilchen-facebook-fallback.jpg\" \/>\n\t<meta property=\"og:image:width\" content=\"1200\" \/>\n\t<meta property=\"og:image:height\" content=\"900\" \/>\n\t<meta property=\"og:image:type\" content=\"image\/jpeg\" \/>\n<meta name=\"author\" content=\"Carim Soliman\" \/>\n<meta name=\"twitter:card\" content=\"summary_large_image\" \/>\n<meta name=\"twitter:creator\" content=\"@zeitonline\" \/>\n<meta name=\"twitter:site\" content=\"@zeitonline\" \/>\n<meta name=\"twitter:label1\" content=\"Geschrieben von\" \/>\n\t<meta name=\"twitter:data1\" content=\"Carim Soliman\" \/>\n\t<meta name=\"twitter:label2\" content=\"Gesch\u00e4tzte Lesezeit\" \/>\n\t<meta name=\"twitter:data2\" content=\"1\u00a0Minute\" \/>\n<script type=\"application\/ld+json\" class=\"yoast-schema-graph\">{\"@context\":\"https:\/\/schema.org\",\"@graph\":[{\"@type\":\"WebPage\",\"@id\":\"https:\/\/blog.zeit.de\/teilchen\/2015\/05\/07\/ns-regime-deutschsein-adolf-hitler-mag-mich-gar-nicht\/\",\"url\":\"https:\/\/blog.zeit.de\/teilchen\/2015\/05\/07\/ns-regime-deutschsein-adolf-hitler-mag-mich-gar-nicht\/\",\"name\":\"NS-Regime: \\\"Oma hat recht, Adolf Hitler mag mich gar nicht\\\"\",\"isPartOf\":{\"@id\":\"https:\/\/blog.zeit.de\/teilchen\/#website\"},\"datePublished\":\"2015-05-07T07:40:47+00:00\",\"dateModified\":\"2015-05-07T19:42:18+00:00\",\"author\":{\"@id\":\"https:\/\/blog.zeit.de\/teilchen\/#\/schema\/person\/1b29fdf43f8ed1922626fad081532fea\"},\"description\":\"Nach den Regeln des NS-Regimes galten auch Menschen mit dunkler Hautfarbe nicht als deutsch. In schwarzrotgold tv erz\u00e4hlen sie ihre Geschichte.\",\"breadcrumb\":{\"@id\":\"https:\/\/blog.zeit.de\/teilchen\/2015\/05\/07\/ns-regime-deutschsein-adolf-hitler-mag-mich-gar-nicht\/#breadcrumb\"},\"inLanguage\":\"de\",\"potentialAction\":[{\"@type\":\"ReadAction\",\"target\":[\"https:\/\/blog.zeit.de\/teilchen\/2015\/05\/07\/ns-regime-deutschsein-adolf-hitler-mag-mich-gar-nicht\/\"]}]},{\"@type\":\"BreadcrumbList\",\"@id\":\"https:\/\/blog.zeit.de\/teilchen\/2015\/05\/07\/ns-regime-deutschsein-adolf-hitler-mag-mich-gar-nicht\/#breadcrumb\",\"itemListElement\":[{\"@type\":\"ListItem\",\"position\":1,\"name\":\"Startseite\",\"item\":\"https:\/\/blog.zeit.de\/teilchen\/\"},{\"@type\":\"ListItem\",\"position\":2,\"name\":\"&#8222;Oma hat recht, Adolf Hitler mag mich gar nicht&#8220;\"}]},{\"@type\":\"WebSite\",\"@id\":\"https:\/\/blog.zeit.de\/teilchen\/#website\",\"url\":\"https:\/\/blog.zeit.de\/teilchen\/\",\"name\":\"Teilchen\",\"description\":\"Im Netz verstecken sich kleine Sch\u00e4tze - ZEIT ONLINE findet sie.\",\"potentialAction\":[{\"@type\":\"SearchAction\",\"target\":{\"@type\":\"EntryPoint\",\"urlTemplate\":\"https:\/\/blog.zeit.de\/teilchen\/?s={search_term_string}\"},\"query-input\":\"required name=search_term_string\"}],\"inLanguage\":\"de\"},{\"@type\":\"Person\",\"@id\":\"https:\/\/blog.zeit.de\/teilchen\/#\/schema\/person\/1b29fdf43f8ed1922626fad081532fea\",\"name\":\"Carim Soliman\",\"image\":{\"@type\":\"ImageObject\",\"inLanguage\":\"de\",\"@id\":\"https:\/\/blog.zeit.de\/teilchen\/#\/schema\/person\/image\/\",\"url\":\"https:\/\/secure.gravatar.com\/avatar\/928a491c6dc6ad6a6b7c6e9c5a3c52f6c2b64a769ba414071d0504ad0a1c306e?s=96&d=mm&r=g\",\"contentUrl\":\"https:\/\/secure.gravatar.com\/avatar\/928a491c6dc6ad6a6b7c6e9c5a3c52f6c2b64a769ba414071d0504ad0a1c306e?s=96&d=mm&r=g\",\"caption\":\"Carim Soliman\"},\"description\":\"ist Autor bei ZEIT ONLINE.\",\"url\":\"https:\/\/blog.zeit.de\/teilchen\/author\/csoliman\/\"}]}<\/script>\n<!-- \/ Yoast SEO plugin. -->","yoast_head_json":{"title":"NS-Regime: \"Oma hat recht, Adolf Hitler mag mich gar nicht\"","description":"Nach den Regeln des NS-Regimes galten auch Menschen mit dunkler Hautfarbe nicht als deutsch. In schwarzrotgold tv erz\u00e4hlen sie ihre Geschichte.","robots":{"index":"index","follow":"follow","max-snippet":"max-snippet:-1","max-image-preview":"max-image-preview:large","max-video-preview":"max-video-preview:-1"},"canonical":"https:\/\/blog.zeit.de\/teilchen\/2015\/05\/07\/ns-regime-deutschsein-adolf-hitler-mag-mich-gar-nicht\/","og_locale":"de_DE","og_type":"article","og_title":"NS-Regime: \"Oma hat recht, Adolf Hitler mag mich gar nicht\"","og_description":"Nach den Regeln des NS-Regimes galten auch Menschen mit dunkler Hautfarbe nicht als deutsch. In schwarzrotgold tv erz\u00e4hlen sie ihre Geschichte.","og_url":"https:\/\/blog.zeit.de\/teilchen\/2015\/05\/07\/ns-regime-deutschsein-adolf-hitler-mag-mich-gar-nicht\/","og_site_name":"Teilchen","article_published_time":"2015-05-07T07:40:47+00:00","article_modified_time":"2015-05-07T19:42:18+00:00","og_image":[{"width":1200,"height":900,"url":"https:\/\/blog.zeit.de\/teilchen\/files\/2015\/03\/teilchen-facebook-fallback.jpg","type":"image\/jpeg"}],"author":"Carim Soliman","twitter_card":"summary_large_image","twitter_creator":"@zeitonline","twitter_site":"@zeitonline","twitter_misc":{"Geschrieben von":"Carim Soliman","Gesch\u00e4tzte Lesezeit":"1\u00a0Minute"},"schema":{"@context":"https:\/\/schema.org","@graph":[{"@type":"WebPage","@id":"https:\/\/blog.zeit.de\/teilchen\/2015\/05\/07\/ns-regime-deutschsein-adolf-hitler-mag-mich-gar-nicht\/","url":"https:\/\/blog.zeit.de\/teilchen\/2015\/05\/07\/ns-regime-deutschsein-adolf-hitler-mag-mich-gar-nicht\/","name":"NS-Regime: \"Oma hat recht, Adolf Hitler mag mich gar nicht\"","isPartOf":{"@id":"https:\/\/blog.zeit.de\/teilchen\/#website"},"datePublished":"2015-05-07T07:40:47+00:00","dateModified":"2015-05-07T19:42:18+00:00","author":{"@id":"https:\/\/blog.zeit.de\/teilchen\/#\/schema\/person\/1b29fdf43f8ed1922626fad081532fea"},"description":"Nach den Regeln des NS-Regimes galten auch Menschen mit dunkler Hautfarbe nicht als deutsch. In schwarzrotgold tv erz\u00e4hlen sie ihre Geschichte.","breadcrumb":{"@id":"https:\/\/blog.zeit.de\/teilchen\/2015\/05\/07\/ns-regime-deutschsein-adolf-hitler-mag-mich-gar-nicht\/#breadcrumb"},"inLanguage":"de","potentialAction":[{"@type":"ReadAction","target":["https:\/\/blog.zeit.de\/teilchen\/2015\/05\/07\/ns-regime-deutschsein-adolf-hitler-mag-mich-gar-nicht\/"]}]},{"@type":"BreadcrumbList","@id":"https:\/\/blog.zeit.de\/teilchen\/2015\/05\/07\/ns-regime-deutschsein-adolf-hitler-mag-mich-gar-nicht\/#breadcrumb","itemListElement":[{"@type":"ListItem","position":1,"name":"Startseite","item":"https:\/\/blog.zeit.de\/teilchen\/"},{"@type":"ListItem","position":2,"name":"&#8222;Oma hat recht, Adolf Hitler mag mich gar nicht&#8220;"}]},{"@type":"WebSite","@id":"https:\/\/blog.zeit.de\/teilchen\/#website","url":"https:\/\/blog.zeit.de\/teilchen\/","name":"Teilchen","description":"Im Netz verstecken sich kleine Sch\u00e4tze - ZEIT ONLINE findet sie.","potentialAction":[{"@type":"SearchAction","target":{"@type":"EntryPoint","urlTemplate":"https:\/\/blog.zeit.de\/teilchen\/?s={search_term_string}"},"query-input":"required name=search_term_string"}],"inLanguage":"de"},{"@type":"Person","@id":"https:\/\/blog.zeit.de\/teilchen\/#\/schema\/person\/1b29fdf43f8ed1922626fad081532fea","name":"Carim Soliman","image":{"@type":"ImageObject","inLanguage":"de","@id":"https:\/\/blog.zeit.de\/teilchen\/#\/schema\/person\/image\/","url":"https:\/\/secure.gravatar.com\/avatar\/928a491c6dc6ad6a6b7c6e9c5a3c52f6c2b64a769ba414071d0504ad0a1c306e?s=96&d=mm&r=g","contentUrl":"https:\/\/secure.gravatar.com\/avatar\/928a491c6dc6ad6a6b7c6e9c5a3c52f6c2b64a769ba414071d0504ad0a1c306e?s=96&d=mm&r=g","caption":"Carim Soliman"},"description":"ist Autor bei ZEIT ONLINE.","url":"https:\/\/blog.zeit.de\/teilchen\/author\/csoliman\/"}]}},"jetpack_featured_media_url":"","jetpack_sharing_enabled":true,"_links":{"self":[{"href":"https:\/\/blog.zeit.de\/teilchen\/wp-json\/wp\/v2\/posts\/3488","targetHints":{"allow":["GET"]}}],"collection":[{"href":"https:\/\/blog.zeit.de\/teilchen\/wp-json\/wp\/v2\/posts"}],"about":[{"href":"https:\/\/blog.zeit.de\/teilchen\/wp-json\/wp\/v2\/types\/post"}],"author":[{"embeddable":true,"href":"https:\/\/blog.zeit.de\/teilchen\/wp-json\/wp\/v2\/users\/558"}],"replies":[{"embeddable":true,"href":"https:\/\/blog.zeit.de\/teilchen\/wp-json\/wp\/v2\/comments?post=3488"}],"version-history":[{"count":13,"href":"https:\/\/blog.zeit.de\/teilchen\/wp-json\/wp\/v2\/posts\/3488\/revisions"}],"predecessor-version":[{"id":3533,"href":"https:\/\/blog.zeit.de\/teilchen\/wp-json\/wp\/v2\/posts\/3488\/revisions\/3533"}],"wp:attachment":[{"href":"https:\/\/blog.zeit.de\/teilchen\/wp-json\/wp\/v2\/media?parent=3488"}],"wp:term":[{"taxonomy":"category","embeddable":true,"href":"https:\/\/blog.zeit.de\/teilchen\/wp-json\/wp\/v2\/categories?post=3488"},{"taxonomy":"post_tag","embeddable":true,"href":"https:\/\/blog.zeit.de\/teilchen\/wp-json\/wp\/v2\/tags?post=3488"}],"curies":[{"name":"wp","href":"https:\/\/api.w.org\/{rel}","templated":true}]}}