{"id":3775,"date":"2015-05-12T17:37:38","date_gmt":"2015-05-12T15:37:38","guid":{"rendered":"http:\/\/blog.zeit.de\/teilchen\/?p=3775"},"modified":"2015-05-13T13:26:02","modified_gmt":"2015-05-13T11:26:02","slug":"tote-fluechtlinge-an-touristenstraenden","status":"publish","type":"post","link":"https:\/\/blog.zeit.de\/teilchen\/2015\/05\/12\/tote-fluechtlinge-an-touristenstraenden\/","title":{"rendered":"Tote Fl\u00fcchtlinge an Touristenstr\u00e4nden"},"content":{"rendered":"<p><a href=\"https:\/\/blog.zeit.de\/teilchen\/files\/2015\/05\/Bildschirmfoto-2015-05-12-um-16.25.161-e1431440961478.png\"><img loading=\"lazy\" decoding=\"async\" class=\"alignnone size-medium wp-image-3804\" src=\"https:\/\/blog.zeit.de\/teilchen\/files\/2015\/05\/Bildschirmfoto-2015-05-12-um-16.25.161-580x234.png\" alt=\"Bildschirmfoto 2015-05-12 um 16.25.16\" width=\"580\" height=\"234\" \/><\/a><\/p>\n<p>Wissenschaftler der Freien Universit\u00e4t Amsterdam haben eine <a href=\"http:\/\/www.borderdeaths.org\/\" target=\"_blank\">Datenbank \u00fcber im Mittelmeer und vor Nordafrika gestorbene Fl\u00fcchtlinge<\/a> angelegt. Daf\u00fcr haben sie die kommunalen Sterberegister von 563 Orten in Italien, Griechenland, Spanien, Malta und Gibraltar aus den Jahren 1990 bis 2013 gesammelt und ausgewertet. Die Forscher haben also nur die offiziell bekannten Opfer gez\u00e4hlt. Die meisten Toten werden nie gefunden, wie sie betonen.<\/p>\n<p><!--more--><\/p>\n<p>Insgesamt wurden bis 2013 3.188 Leichen registriert. Da allein 2014 nach offiziellen Angaben <a href=\"http:\/\/www.zeit.de\/gesellschaft\/zeitgeschehen\/2015-04\/mittelmeer-fluechtlinge-schiffsunglueck-sicherheit\" target=\"_blank\">3.279 Fl\u00fcchtlinge im Mittelmeer ums Leben kamen<\/a>, liegt die Zahl der Todesopfer deutlich h\u00f6her. Dennoch belegt die Datenbank der niederl\u00e4ndischen Forscher auf bedr\u00fcckend eindrucksvolle Weise, dass seit der Jahrtausendwende immer mehr Menschen auf der Flucht vor Krieg, Verfolgung und Armut im Meer ums Leben kommen.<\/p>\n<p>Dabei haben die Wissenschaftler die Daten in identifizierte und nicht identifizierte Opfer unterteilt. Sie zeigen, dass die Identit\u00e4ten eines gro\u00dfen Teils der Toten bekannt sind, sie also Papiere bei sich hatten oder durch Familienmitglieder wiedererkannt wurden.<\/p>\n<p>Eine Visualisierung der Forscher zeigt zudem, dass nicht nur Italien \u2013 und dort vor allem die Region um Lampedusa \u2013 betroffen ist. Von den Kanarischen Inseln \u00fcber Gibraltar, die spanische K\u00fcste und Griechenland bis hin zur T\u00fcrkei reichen die Stellen, an denen tote Fl\u00fcchtlinge gefunden wurden.<\/p>\n<p>Aus Sicht der Wissenschaftler k\u00f6nnte es einen zeitlichen Zusammenhang zwischen den gestiegenen Opferzahlen und der strengeren Kontrolle der Au\u00dfengrenzen durch die EU geben. Seit dem Jahr 2000 wurden j\u00e4hrlich doppelt so viele Tote registriert wie noch in den 1990er Jahren. &#8222;Das kann ein Nebeneffekt der europ\u00e4ischen Politik sein&#8220;, so der Leiter des Forschungsprojekts, Professor Thomas Spijkerboer.<\/p>\n<p><em>Weitere <a href=\"https:\/\/blog.zeit.de\/teilchen\/\" target=\"_blank\">Teilchen finden Sie hier<\/a>.<\/em><\/p>\n","protected":false},"excerpt":{"rendered":"<p>Wissenschaftler der Freien Universit\u00e4t Amsterdam haben eine Datenbank \u00fcber im Mittelmeer und vor Nordafrika gestorbene Fl\u00fcchtlinge angelegt. Daf\u00fcr haben sie die kommunalen Sterberegister von [\u2026]<\/p>\n","protected":false},"author":394,"featured_media":0,"comment_status":"open","ping_status":"closed","sticky":false,"template":"","format":"standard","meta":{"_jetpack_memberships_contains_paid_content":false,"footnotes":""},"categories":[9469,13657],"tags":[2154,2439,8629,67,31704,27360],"class_list":["post-3775","post","type-post","status-publish","format-standard","hentry","category-infografiken","category-interaktiv","tag-asyl","tag-datenjournalismus","tag-eu","tag-europa","tag-fluechtlinge","tag-mittelmeer"],"yoast_head":"<!-- This site is optimized with the Yoast SEO plugin v21.0 - https:\/\/yoast.com\/wordpress\/plugins\/seo\/ -->\n<title>Tote Fl\u00fcchtlinge an Touristenstr\u00e4nden<\/title>\n<meta name=\"description\" content=\"Wissenschaftler haben eine Datenbank \u00fcber im Mittelmeer und vor Nordafrika gestorbene Fl\u00fcchtlinge angelegt.\" \/>\n<meta name=\"robots\" content=\"index, follow, max-snippet:-1, max-image-preview:large, max-video-preview:-1\" \/>\n<link rel=\"canonical\" href=\"https:\/\/blog.zeit.de\/teilchen\/2015\/05\/12\/tote-fluechtlinge-an-touristenstraenden\/\" \/>\n<meta property=\"og:locale\" content=\"de_DE\" \/>\n<meta property=\"og:type\" content=\"article\" \/>\n<meta property=\"og:title\" content=\"Tote Fl\u00fcchtlinge an Touristenstr\u00e4nden\" \/>\n<meta property=\"og:description\" content=\"Wissenschaftler haben eine Datenbank \u00fcber im Mittelmeer und vor Nordafrika gestorbene Fl\u00fcchtlinge angelegt.\" \/>\n<meta property=\"og:url\" content=\"https:\/\/blog.zeit.de\/teilchen\/2015\/05\/12\/tote-fluechtlinge-an-touristenstraenden\/\" \/>\n<meta property=\"og:site_name\" content=\"Teilchen\" \/>\n<meta property=\"article:published_time\" content=\"2015-05-12T15:37:38+00:00\" \/>\n<meta property=\"article:modified_time\" content=\"2015-05-13T11:26:02+00:00\" \/>\n<meta property=\"og:image\" content=\"https:\/\/blog.zeit.de\/teilchen\/files\/2015\/05\/Bildschirmfoto-2015-05-12-um-16.25.161-580x234.png\" \/>\n<meta name=\"author\" content=\"Till Schwarze\" \/>\n<meta name=\"twitter:card\" content=\"summary_large_image\" \/>\n<meta name=\"twitter:creator\" content=\"@zeitonline\" \/>\n<meta name=\"twitter:site\" content=\"@zeitonline\" \/>\n<meta name=\"twitter:label1\" content=\"Geschrieben von\" \/>\n\t<meta name=\"twitter:data1\" content=\"Till Schwarze\" \/>\n\t<meta name=\"twitter:label2\" content=\"Gesch\u00e4tzte Lesezeit\" \/>\n\t<meta name=\"twitter:data2\" content=\"1\u00a0Minute\" \/>\n<script type=\"application\/ld+json\" class=\"yoast-schema-graph\">{\"@context\":\"https:\/\/schema.org\",\"@graph\":[{\"@type\":\"WebPage\",\"@id\":\"https:\/\/blog.zeit.de\/teilchen\/2015\/05\/12\/tote-fluechtlinge-an-touristenstraenden\/\",\"url\":\"https:\/\/blog.zeit.de\/teilchen\/2015\/05\/12\/tote-fluechtlinge-an-touristenstraenden\/\",\"name\":\"Tote Fl\u00fcchtlinge an Touristenstr\u00e4nden\",\"isPartOf\":{\"@id\":\"https:\/\/blog.zeit.de\/teilchen\/#website\"},\"datePublished\":\"2015-05-12T15:37:38+00:00\",\"dateModified\":\"2015-05-13T11:26:02+00:00\",\"author\":{\"@id\":\"https:\/\/blog.zeit.de\/teilchen\/#\/schema\/person\/6d3a7f34d74d7f35d300cb9d7375632d\"},\"description\":\"Wissenschaftler haben eine Datenbank \u00fcber im Mittelmeer und vor Nordafrika gestorbene Fl\u00fcchtlinge angelegt.\",\"breadcrumb\":{\"@id\":\"https:\/\/blog.zeit.de\/teilchen\/2015\/05\/12\/tote-fluechtlinge-an-touristenstraenden\/#breadcrumb\"},\"inLanguage\":\"de\",\"potentialAction\":[{\"@type\":\"ReadAction\",\"target\":[\"https:\/\/blog.zeit.de\/teilchen\/2015\/05\/12\/tote-fluechtlinge-an-touristenstraenden\/\"]}]},{\"@type\":\"BreadcrumbList\",\"@id\":\"https:\/\/blog.zeit.de\/teilchen\/2015\/05\/12\/tote-fluechtlinge-an-touristenstraenden\/#breadcrumb\",\"itemListElement\":[{\"@type\":\"ListItem\",\"position\":1,\"name\":\"Startseite\",\"item\":\"https:\/\/blog.zeit.de\/teilchen\/\"},{\"@type\":\"ListItem\",\"position\":2,\"name\":\"Tote Fl\u00fcchtlinge an Touristenstr\u00e4nden\"}]},{\"@type\":\"WebSite\",\"@id\":\"https:\/\/blog.zeit.de\/teilchen\/#website\",\"url\":\"https:\/\/blog.zeit.de\/teilchen\/\",\"name\":\"Teilchen\",\"description\":\"Im Netz verstecken sich kleine Sch\u00e4tze - ZEIT ONLINE findet sie.\",\"potentialAction\":[{\"@type\":\"SearchAction\",\"target\":{\"@type\":\"EntryPoint\",\"urlTemplate\":\"https:\/\/blog.zeit.de\/teilchen\/?s={search_term_string}\"},\"query-input\":\"required name=search_term_string\"}],\"inLanguage\":\"de\"},{\"@type\":\"Person\",\"@id\":\"https:\/\/blog.zeit.de\/teilchen\/#\/schema\/person\/6d3a7f34d74d7f35d300cb9d7375632d\",\"name\":\"Till Schwarze\",\"image\":{\"@type\":\"ImageObject\",\"inLanguage\":\"de\",\"@id\":\"https:\/\/blog.zeit.de\/teilchen\/#\/schema\/person\/image\/\",\"url\":\"https:\/\/secure.gravatar.com\/avatar\/5a3586eedf8c992c092b8fd618338c85e0eb1b5e5cf925a737f359637cd771d0?s=96&d=mm&r=g\",\"contentUrl\":\"https:\/\/secure.gravatar.com\/avatar\/5a3586eedf8c992c092b8fd618338c85e0eb1b5e5cf925a737f359637cd771d0?s=96&d=mm&r=g\",\"caption\":\"Till Schwarze\"},\"description\":\"ist Chef vom Dienst bei ZEIT ONLINE.\",\"sameAs\":[\"http:\/\/community.zeit.de\/user\/till-schwarze\"],\"url\":\"https:\/\/blog.zeit.de\/teilchen\/author\/tillschwarze\/\"}]}<\/script>\n<!-- \/ Yoast SEO plugin. -->","yoast_head_json":{"title":"Tote Fl\u00fcchtlinge an Touristenstr\u00e4nden","description":"Wissenschaftler haben eine Datenbank \u00fcber im Mittelmeer und vor Nordafrika gestorbene Fl\u00fcchtlinge angelegt.","robots":{"index":"index","follow":"follow","max-snippet":"max-snippet:-1","max-image-preview":"max-image-preview:large","max-video-preview":"max-video-preview:-1"},"canonical":"https:\/\/blog.zeit.de\/teilchen\/2015\/05\/12\/tote-fluechtlinge-an-touristenstraenden\/","og_locale":"de_DE","og_type":"article","og_title":"Tote Fl\u00fcchtlinge an Touristenstr\u00e4nden","og_description":"Wissenschaftler haben eine Datenbank \u00fcber im Mittelmeer und vor Nordafrika gestorbene Fl\u00fcchtlinge angelegt.","og_url":"https:\/\/blog.zeit.de\/teilchen\/2015\/05\/12\/tote-fluechtlinge-an-touristenstraenden\/","og_site_name":"Teilchen","article_published_time":"2015-05-12T15:37:38+00:00","article_modified_time":"2015-05-13T11:26:02+00:00","og_image":[{"url":"https:\/\/blog.zeit.de\/teilchen\/files\/2015\/05\/Bildschirmfoto-2015-05-12-um-16.25.161-580x234.png"}],"author":"Till Schwarze","twitter_card":"summary_large_image","twitter_creator":"@zeitonline","twitter_site":"@zeitonline","twitter_misc":{"Geschrieben von":"Till Schwarze","Gesch\u00e4tzte Lesezeit":"1\u00a0Minute"},"schema":{"@context":"https:\/\/schema.org","@graph":[{"@type":"WebPage","@id":"https:\/\/blog.zeit.de\/teilchen\/2015\/05\/12\/tote-fluechtlinge-an-touristenstraenden\/","url":"https:\/\/blog.zeit.de\/teilchen\/2015\/05\/12\/tote-fluechtlinge-an-touristenstraenden\/","name":"Tote Fl\u00fcchtlinge an Touristenstr\u00e4nden","isPartOf":{"@id":"https:\/\/blog.zeit.de\/teilchen\/#website"},"datePublished":"2015-05-12T15:37:38+00:00","dateModified":"2015-05-13T11:26:02+00:00","author":{"@id":"https:\/\/blog.zeit.de\/teilchen\/#\/schema\/person\/6d3a7f34d74d7f35d300cb9d7375632d"},"description":"Wissenschaftler haben eine Datenbank \u00fcber im Mittelmeer und vor Nordafrika gestorbene Fl\u00fcchtlinge angelegt.","breadcrumb":{"@id":"https:\/\/blog.zeit.de\/teilchen\/2015\/05\/12\/tote-fluechtlinge-an-touristenstraenden\/#breadcrumb"},"inLanguage":"de","potentialAction":[{"@type":"ReadAction","target":["https:\/\/blog.zeit.de\/teilchen\/2015\/05\/12\/tote-fluechtlinge-an-touristenstraenden\/"]}]},{"@type":"BreadcrumbList","@id":"https:\/\/blog.zeit.de\/teilchen\/2015\/05\/12\/tote-fluechtlinge-an-touristenstraenden\/#breadcrumb","itemListElement":[{"@type":"ListItem","position":1,"name":"Startseite","item":"https:\/\/blog.zeit.de\/teilchen\/"},{"@type":"ListItem","position":2,"name":"Tote Fl\u00fcchtlinge an Touristenstr\u00e4nden"}]},{"@type":"WebSite","@id":"https:\/\/blog.zeit.de\/teilchen\/#website","url":"https:\/\/blog.zeit.de\/teilchen\/","name":"Teilchen","description":"Im Netz verstecken sich kleine Sch\u00e4tze - ZEIT ONLINE findet sie.","potentialAction":[{"@type":"SearchAction","target":{"@type":"EntryPoint","urlTemplate":"https:\/\/blog.zeit.de\/teilchen\/?s={search_term_string}"},"query-input":"required name=search_term_string"}],"inLanguage":"de"},{"@type":"Person","@id":"https:\/\/blog.zeit.de\/teilchen\/#\/schema\/person\/6d3a7f34d74d7f35d300cb9d7375632d","name":"Till Schwarze","image":{"@type":"ImageObject","inLanguage":"de","@id":"https:\/\/blog.zeit.de\/teilchen\/#\/schema\/person\/image\/","url":"https:\/\/secure.gravatar.com\/avatar\/5a3586eedf8c992c092b8fd618338c85e0eb1b5e5cf925a737f359637cd771d0?s=96&d=mm&r=g","contentUrl":"https:\/\/secure.gravatar.com\/avatar\/5a3586eedf8c992c092b8fd618338c85e0eb1b5e5cf925a737f359637cd771d0?s=96&d=mm&r=g","caption":"Till Schwarze"},"description":"ist Chef vom Dienst bei ZEIT ONLINE.","sameAs":["http:\/\/community.zeit.de\/user\/till-schwarze"],"url":"https:\/\/blog.zeit.de\/teilchen\/author\/tillschwarze\/"}]}},"jetpack_featured_media_url":"","jetpack_sharing_enabled":true,"_links":{"self":[{"href":"https:\/\/blog.zeit.de\/teilchen\/wp-json\/wp\/v2\/posts\/3775","targetHints":{"allow":["GET"]}}],"collection":[{"href":"https:\/\/blog.zeit.de\/teilchen\/wp-json\/wp\/v2\/posts"}],"about":[{"href":"https:\/\/blog.zeit.de\/teilchen\/wp-json\/wp\/v2\/types\/post"}],"author":[{"embeddable":true,"href":"https:\/\/blog.zeit.de\/teilchen\/wp-json\/wp\/v2\/users\/394"}],"replies":[{"embeddable":true,"href":"https:\/\/blog.zeit.de\/teilchen\/wp-json\/wp\/v2\/comments?post=3775"}],"version-history":[{"count":7,"href":"https:\/\/blog.zeit.de\/teilchen\/wp-json\/wp\/v2\/posts\/3775\/revisions"}],"predecessor-version":[{"id":3812,"href":"https:\/\/blog.zeit.de\/teilchen\/wp-json\/wp\/v2\/posts\/3775\/revisions\/3812"}],"wp:attachment":[{"href":"https:\/\/blog.zeit.de\/teilchen\/wp-json\/wp\/v2\/media?parent=3775"}],"wp:term":[{"taxonomy":"category","embeddable":true,"href":"https:\/\/blog.zeit.de\/teilchen\/wp-json\/wp\/v2\/categories?post=3775"},{"taxonomy":"post_tag","embeddable":true,"href":"https:\/\/blog.zeit.de\/teilchen\/wp-json\/wp\/v2\/tags?post=3775"}],"curies":[{"name":"wp","href":"https:\/\/api.w.org\/{rel}","templated":true}]}}