{"id":3790,"date":"2015-05-15T10:15:31","date_gmt":"2015-05-15T08:15:31","guid":{"rendered":"http:\/\/blog.zeit.de\/teilchen\/?p=3790"},"modified":"2015-05-13T13:58:48","modified_gmt":"2015-05-13T11:58:48","slug":"angst-kann-ein-freund-sein","status":"publish","type":"post","link":"https:\/\/blog.zeit.de\/teilchen\/2015\/05\/15\/angst-kann-ein-freund-sein\/","title":{"rendered":"Angst kann ein Freund sein"},"content":{"rendered":"<p>[vimeo 126060304 w=580 h=326]<\/p>\n<p>&nbsp;<\/p>\n<p>Spinnen, H\u00f6hen, Enge \u2013 jeder hat \u00c4ngste. Doch eines haben wir alle gemeinsam: die Angst vor der Angst.<!--more--><\/p>\n<p>Furcht gilt als Schw\u00e4che, f\u00fcr viele Menschen in der heutigen Leistungsgesellschaft ein\u00a0Luxus.\u00a0Dabei hat sie als\u00a0einer der menschlichen Urinstinkte sehr viel mehr Wertsch\u00e4tzung verdient. Angst dient uns als Orientierungshilfe, hilft uns Entscheidungen zu treffen, die unser Wohlbefinden sichern. Wer in das\u00a0Hamsterrad aus Angst vor der Angst ger\u00e4t, kann die <a href=\"http:\/\/www.zeit.de\/2007\/17\/Dossier-Angst\">Kontrolle \u00fcber sein Leben verlieren<\/a>.<\/p>\n<p>Sollten Sie also beim n\u00e4chsten Schwimmbadbesuch doch wieder \u00fcber die Treppe vom 5-Meter-Turm hinabsteigen, lassen Sie den Kopf nicht h\u00e4ngen. Sie haben sich einfach den scharfen Instinkt ihrer Vorfahren erhalten.\u00a0Wer \u00fcber Sie lacht, h\u00e4tte vor ein paar Jahrtausenden auch einen S\u00e4belzahntiger am Schwanz gezogen. Sie k\u00f6nnen sich denken, wer dann gelacht h\u00e4tte.<\/p>\n<p><em>Weitere <a href=\"https:\/\/blog.zeit.de\/teilchen\">Teilchen finden Sie hier<\/a>.<\/em><\/p>\n","protected":false},"excerpt":{"rendered":"<p>[vimeo 126060304 w=580 h=326] &nbsp; Spinnen, H\u00f6hen, Enge \u2013 jeder hat \u00c4ngste. Doch eines haben wir alle gemeinsam: die Angst vor der Angst.<\/p>\n","protected":false},"author":558,"featured_media":0,"comment_status":"open","ping_status":"closed","sticky":false,"template":"","format":"standard","meta":{"_jetpack_memberships_contains_paid_content":false,"footnotes":""},"categories":[28],"tags":[],"class_list":["post-3790","post","type-post","status-publish","format-standard","hentry","category-video"],"yoast_head":"<!-- This site is optimized with the Yoast SEO plugin v21.0 - https:\/\/yoast.com\/wordpress\/plugins\/seo\/ -->\n<title>Angst kann ein Freund sein<\/title>\n<meta name=\"description\" content=\"Spinnen, H\u00f6he, Enge \u2013 jeder hat \u00c4ngste. Doch eine haben wir alle: die Angst vor der Angst.\" \/>\n<meta name=\"robots\" content=\"index, follow, max-snippet:-1, max-image-preview:large, max-video-preview:-1\" \/>\n<link rel=\"canonical\" href=\"https:\/\/blog.zeit.de\/teilchen\/2015\/05\/15\/angst-kann-ein-freund-sein\/\" \/>\n<meta property=\"og:locale\" content=\"de_DE\" \/>\n<meta property=\"og:type\" content=\"article\" \/>\n<meta property=\"og:title\" content=\"Angst kann ein Freund sein\" \/>\n<meta property=\"og:description\" content=\"Spinnen, H\u00f6he, Enge \u2013 jeder hat \u00c4ngste. Doch eine haben wir alle: die Angst vor der Angst.\" \/>\n<meta property=\"og:url\" content=\"https:\/\/blog.zeit.de\/teilchen\/2015\/05\/15\/angst-kann-ein-freund-sein\/\" \/>\n<meta property=\"og:site_name\" content=\"Teilchen\" \/>\n<meta property=\"article:published_time\" content=\"2015-05-15T08:15:31+00:00\" \/>\n<meta property=\"article:modified_time\" content=\"2015-05-13T11:58:48+00:00\" \/>\n<meta property=\"og:image\" content=\"https:\/\/blog.zeit.de\/teilchen\/files\/2015\/03\/teilchen-facebook-fallback.jpg\" \/>\n\t<meta property=\"og:image:width\" content=\"1200\" \/>\n\t<meta property=\"og:image:height\" content=\"900\" \/>\n\t<meta property=\"og:image:type\" content=\"image\/jpeg\" \/>\n<meta name=\"author\" content=\"Carim Soliman\" \/>\n<meta name=\"twitter:card\" content=\"summary_large_image\" \/>\n<meta name=\"twitter:creator\" content=\"@zeitonline\" \/>\n<meta name=\"twitter:site\" content=\"@zeitonline\" \/>\n<meta name=\"twitter:label1\" content=\"Geschrieben von\" \/>\n\t<meta name=\"twitter:data1\" content=\"Carim Soliman\" \/>\n\t<meta name=\"twitter:label2\" content=\"Gesch\u00e4tzte Lesezeit\" \/>\n\t<meta name=\"twitter:data2\" content=\"1\u00a0Minute\" \/>\n<script type=\"application\/ld+json\" class=\"yoast-schema-graph\">{\"@context\":\"https:\/\/schema.org\",\"@graph\":[{\"@type\":\"WebPage\",\"@id\":\"https:\/\/blog.zeit.de\/teilchen\/2015\/05\/15\/angst-kann-ein-freund-sein\/\",\"url\":\"https:\/\/blog.zeit.de\/teilchen\/2015\/05\/15\/angst-kann-ein-freund-sein\/\",\"name\":\"Angst kann ein Freund sein\",\"isPartOf\":{\"@id\":\"https:\/\/blog.zeit.de\/teilchen\/#website\"},\"datePublished\":\"2015-05-15T08:15:31+00:00\",\"dateModified\":\"2015-05-13T11:58:48+00:00\",\"author\":{\"@id\":\"https:\/\/blog.zeit.de\/teilchen\/#\/schema\/person\/1b29fdf43f8ed1922626fad081532fea\"},\"description\":\"Spinnen, H\u00f6he, Enge \u2013 jeder hat \u00c4ngste. Doch eine haben wir alle: die Angst vor der Angst.\",\"breadcrumb\":{\"@id\":\"https:\/\/blog.zeit.de\/teilchen\/2015\/05\/15\/angst-kann-ein-freund-sein\/#breadcrumb\"},\"inLanguage\":\"de\",\"potentialAction\":[{\"@type\":\"ReadAction\",\"target\":[\"https:\/\/blog.zeit.de\/teilchen\/2015\/05\/15\/angst-kann-ein-freund-sein\/\"]}]},{\"@type\":\"BreadcrumbList\",\"@id\":\"https:\/\/blog.zeit.de\/teilchen\/2015\/05\/15\/angst-kann-ein-freund-sein\/#breadcrumb\",\"itemListElement\":[{\"@type\":\"ListItem\",\"position\":1,\"name\":\"Startseite\",\"item\":\"https:\/\/blog.zeit.de\/teilchen\/\"},{\"@type\":\"ListItem\",\"position\":2,\"name\":\"Angst kann ein Freund sein\"}]},{\"@type\":\"WebSite\",\"@id\":\"https:\/\/blog.zeit.de\/teilchen\/#website\",\"url\":\"https:\/\/blog.zeit.de\/teilchen\/\",\"name\":\"Teilchen\",\"description\":\"Im Netz verstecken sich kleine Sch\u00e4tze - ZEIT ONLINE findet sie.\",\"potentialAction\":[{\"@type\":\"SearchAction\",\"target\":{\"@type\":\"EntryPoint\",\"urlTemplate\":\"https:\/\/blog.zeit.de\/teilchen\/?s={search_term_string}\"},\"query-input\":\"required name=search_term_string\"}],\"inLanguage\":\"de\"},{\"@type\":\"Person\",\"@id\":\"https:\/\/blog.zeit.de\/teilchen\/#\/schema\/person\/1b29fdf43f8ed1922626fad081532fea\",\"name\":\"Carim Soliman\",\"image\":{\"@type\":\"ImageObject\",\"inLanguage\":\"de\",\"@id\":\"https:\/\/blog.zeit.de\/teilchen\/#\/schema\/person\/image\/\",\"url\":\"https:\/\/secure.gravatar.com\/avatar\/928a491c6dc6ad6a6b7c6e9c5a3c52f6c2b64a769ba414071d0504ad0a1c306e?s=96&d=mm&r=g\",\"contentUrl\":\"https:\/\/secure.gravatar.com\/avatar\/928a491c6dc6ad6a6b7c6e9c5a3c52f6c2b64a769ba414071d0504ad0a1c306e?s=96&d=mm&r=g\",\"caption\":\"Carim Soliman\"},\"description\":\"ist Autor bei ZEIT ONLINE.\",\"url\":\"https:\/\/blog.zeit.de\/teilchen\/author\/csoliman\/\"}]}<\/script>\n<!-- \/ Yoast SEO plugin. -->","yoast_head_json":{"title":"Angst kann ein Freund sein","description":"Spinnen, H\u00f6he, Enge \u2013 jeder hat \u00c4ngste. Doch eine haben wir alle: die Angst vor der Angst.","robots":{"index":"index","follow":"follow","max-snippet":"max-snippet:-1","max-image-preview":"max-image-preview:large","max-video-preview":"max-video-preview:-1"},"canonical":"https:\/\/blog.zeit.de\/teilchen\/2015\/05\/15\/angst-kann-ein-freund-sein\/","og_locale":"de_DE","og_type":"article","og_title":"Angst kann ein Freund sein","og_description":"Spinnen, H\u00f6he, Enge \u2013 jeder hat \u00c4ngste. Doch eine haben wir alle: die Angst vor der Angst.","og_url":"https:\/\/blog.zeit.de\/teilchen\/2015\/05\/15\/angst-kann-ein-freund-sein\/","og_site_name":"Teilchen","article_published_time":"2015-05-15T08:15:31+00:00","article_modified_time":"2015-05-13T11:58:48+00:00","og_image":[{"width":1200,"height":900,"url":"https:\/\/blog.zeit.de\/teilchen\/files\/2015\/03\/teilchen-facebook-fallback.jpg","type":"image\/jpeg"}],"author":"Carim Soliman","twitter_card":"summary_large_image","twitter_creator":"@zeitonline","twitter_site":"@zeitonline","twitter_misc":{"Geschrieben von":"Carim Soliman","Gesch\u00e4tzte Lesezeit":"1\u00a0Minute"},"schema":{"@context":"https:\/\/schema.org","@graph":[{"@type":"WebPage","@id":"https:\/\/blog.zeit.de\/teilchen\/2015\/05\/15\/angst-kann-ein-freund-sein\/","url":"https:\/\/blog.zeit.de\/teilchen\/2015\/05\/15\/angst-kann-ein-freund-sein\/","name":"Angst kann ein Freund sein","isPartOf":{"@id":"https:\/\/blog.zeit.de\/teilchen\/#website"},"datePublished":"2015-05-15T08:15:31+00:00","dateModified":"2015-05-13T11:58:48+00:00","author":{"@id":"https:\/\/blog.zeit.de\/teilchen\/#\/schema\/person\/1b29fdf43f8ed1922626fad081532fea"},"description":"Spinnen, H\u00f6he, Enge \u2013 jeder hat \u00c4ngste. Doch eine haben wir alle: die Angst vor der Angst.","breadcrumb":{"@id":"https:\/\/blog.zeit.de\/teilchen\/2015\/05\/15\/angst-kann-ein-freund-sein\/#breadcrumb"},"inLanguage":"de","potentialAction":[{"@type":"ReadAction","target":["https:\/\/blog.zeit.de\/teilchen\/2015\/05\/15\/angst-kann-ein-freund-sein\/"]}]},{"@type":"BreadcrumbList","@id":"https:\/\/blog.zeit.de\/teilchen\/2015\/05\/15\/angst-kann-ein-freund-sein\/#breadcrumb","itemListElement":[{"@type":"ListItem","position":1,"name":"Startseite","item":"https:\/\/blog.zeit.de\/teilchen\/"},{"@type":"ListItem","position":2,"name":"Angst kann ein Freund sein"}]},{"@type":"WebSite","@id":"https:\/\/blog.zeit.de\/teilchen\/#website","url":"https:\/\/blog.zeit.de\/teilchen\/","name":"Teilchen","description":"Im Netz verstecken sich kleine Sch\u00e4tze - ZEIT ONLINE findet sie.","potentialAction":[{"@type":"SearchAction","target":{"@type":"EntryPoint","urlTemplate":"https:\/\/blog.zeit.de\/teilchen\/?s={search_term_string}"},"query-input":"required name=search_term_string"}],"inLanguage":"de"},{"@type":"Person","@id":"https:\/\/blog.zeit.de\/teilchen\/#\/schema\/person\/1b29fdf43f8ed1922626fad081532fea","name":"Carim Soliman","image":{"@type":"ImageObject","inLanguage":"de","@id":"https:\/\/blog.zeit.de\/teilchen\/#\/schema\/person\/image\/","url":"https:\/\/secure.gravatar.com\/avatar\/928a491c6dc6ad6a6b7c6e9c5a3c52f6c2b64a769ba414071d0504ad0a1c306e?s=96&d=mm&r=g","contentUrl":"https:\/\/secure.gravatar.com\/avatar\/928a491c6dc6ad6a6b7c6e9c5a3c52f6c2b64a769ba414071d0504ad0a1c306e?s=96&d=mm&r=g","caption":"Carim Soliman"},"description":"ist Autor bei ZEIT ONLINE.","url":"https:\/\/blog.zeit.de\/teilchen\/author\/csoliman\/"}]}},"jetpack_featured_media_url":"","jetpack_sharing_enabled":true,"_links":{"self":[{"href":"https:\/\/blog.zeit.de\/teilchen\/wp-json\/wp\/v2\/posts\/3790","targetHints":{"allow":["GET"]}}],"collection":[{"href":"https:\/\/blog.zeit.de\/teilchen\/wp-json\/wp\/v2\/posts"}],"about":[{"href":"https:\/\/blog.zeit.de\/teilchen\/wp-json\/wp\/v2\/types\/post"}],"author":[{"embeddable":true,"href":"https:\/\/blog.zeit.de\/teilchen\/wp-json\/wp\/v2\/users\/558"}],"replies":[{"embeddable":true,"href":"https:\/\/blog.zeit.de\/teilchen\/wp-json\/wp\/v2\/comments?post=3790"}],"version-history":[{"count":8,"href":"https:\/\/blog.zeit.de\/teilchen\/wp-json\/wp\/v2\/posts\/3790\/revisions"}],"predecessor-version":[{"id":3832,"href":"https:\/\/blog.zeit.de\/teilchen\/wp-json\/wp\/v2\/posts\/3790\/revisions\/3832"}],"wp:attachment":[{"href":"https:\/\/blog.zeit.de\/teilchen\/wp-json\/wp\/v2\/media?parent=3790"}],"wp:term":[{"taxonomy":"category","embeddable":true,"href":"https:\/\/blog.zeit.de\/teilchen\/wp-json\/wp\/v2\/categories?post=3790"},{"taxonomy":"post_tag","embeddable":true,"href":"https:\/\/blog.zeit.de\/teilchen\/wp-json\/wp\/v2\/tags?post=3790"}],"curies":[{"name":"wp","href":"https:\/\/api.w.org\/{rel}","templated":true}]}}