{"id":3926,"date":"2015-05-18T11:17:38","date_gmt":"2015-05-18T09:17:38","guid":{"rendered":"http:\/\/blog.zeit.de\/teilchen\/?p=3926"},"modified":"2015-05-28T17:32:25","modified_gmt":"2015-05-28T15:32:25","slug":"selbst-ist-das-orchester","status":"publish","type":"post","link":"https:\/\/blog.zeit.de\/teilchen\/2015\/05\/18\/selbst-ist-das-orchester\/","title":{"rendered":"Selbst ist das Orchester"},"content":{"rendered":"<p>[youtube http:\/\/www.youtube.com\/watch?v=abnG3bzzCD0&amp;w=580&amp;h=326]<br \/>\nBen Morfitt spielt die erste Geige seines Orchesters. Und die zweite Geige. Und Fl\u00f6te. Und den ganzen Rest auch.<\/p>\n<p><!--more--><\/p>\n<p>Auf\u00a0seinem YouTube-Kanal <em>SquidPhysics\u00a0<\/em>begeistert der englische Komponist\u00a0seine gut\u00a0100.000 Abonnenten regelm\u00e4\u00dfig mit Coverversionen bekannter Soundtracks von Filmen und Videospielen.\u00a0Angefangen hat Morfitt als Drummer in Punk- und Rockbands, inzwischen beherrscht er mehr als 50 Instrumente. Das beeindruckt auch ber\u00fchmte Kollegen\u00a0in Hollywood. Brian Tyler (<em><a href=\"http:\/\/www.zeit.de\/2015\/18\/kino-film-avengers-age-of-ultron\">Avengers: Age of Ultron<\/a><\/em>) and Steve Jablonsky (<em><a href=\"http:\/\/www.zeit.de\/kultur\/2014-07\/film-transformers-aera-des-untergangs\">Transformers: \u00c4ra des Untergangs<\/a><\/em>) h\u00e4tten ihn schon erw\u00e4hnt, sagt er. Sein Opus Magnum, <a href=\"http:\/\/www.zeit.de\/2015\/13\/pierre-boulez-komponist-geburtstag\">das Pierre Boulez stolz machen d\u00fcrfte<\/a>, war dennoch eine Herausforderung.<\/p>\n<p>Einen Monat lang h\u00e4tten die Dreharbeiten f\u00fcr\u00a0<em>One Man Orchestra\u00a0<\/em>gedauert, erkl\u00e4rte er der <a href=\"http:\/\/www.hulldailymail.co.uk\/man-YouTube-orchestra-Hull-musician-Ben-Morfitt\/story-26488982-detail\/story.html\">Hull Daily Mail<\/a>. Jeder seiner 70\u00a0Doppelg\u00e4nger w\u00e4re einzeln in seinem Schlafzimmer vor seinem Greenscreen entstanden. Anschlie\u00dfend habe er die einzelnen Aufnahmen\u00a0digital\u00a0in das Gruppenset eingef\u00fcgt, das in einer Lagerhalle in seiner Heimat Kingston upon Hull gedreht wurde.<\/p>\n<p><em>Weitere <a href=\"https:\/\/blog.zeit.de\/teilchen\">Teilchen finden Sie hier<\/a>.<\/em><\/p>\n","protected":false},"excerpt":{"rendered":"<p>[youtube http:\/\/www.youtube.com\/watch?v=abnG3bzzCD0&amp;w=580&amp;h=326] Ben Morfitt spielt die erste Geige seines Orchesters. Und die zweite Geige. Und Fl\u00f6te. Und den ganzen Rest auch.<\/p>\n","protected":false},"author":558,"featured_media":4514,"comment_status":"open","ping_status":"closed","sticky":false,"template":"","format":"standard","meta":{"_jetpack_memberships_contains_paid_content":false,"footnotes":""},"categories":[28],"tags":[],"class_list":["post-3926","post","type-post","status-publish","format-standard","has-post-thumbnail","hentry","category-video"],"yoast_head":"<!-- This site is optimized with the Yoast SEO plugin v21.0 - https:\/\/yoast.com\/wordpress\/plugins\/seo\/ -->\n<title>Selbst ist das Orchester<\/title>\n<meta name=\"description\" content=\"Ben Morfitt ist sein eigenes Orchester: Erste Geige, zweite Geige, Fl\u00f6te \u2013 er spielt sie alle.\" \/>\n<meta name=\"robots\" content=\"index, follow, max-snippet:-1, max-image-preview:large, max-video-preview:-1\" \/>\n<link rel=\"canonical\" href=\"https:\/\/blog.zeit.de\/teilchen\/2015\/05\/18\/selbst-ist-das-orchester\/\" \/>\n<meta property=\"og:locale\" content=\"de_DE\" \/>\n<meta property=\"og:type\" content=\"article\" \/>\n<meta property=\"og:title\" content=\"Selbst ist das Orchester\" \/>\n<meta property=\"og:description\" content=\"Ben Morfitt ist sein eigenes Orchester: Erste Geige, zweite Geige, Fl\u00f6te \u2013 er spielt sie alle.\" \/>\n<meta property=\"og:url\" content=\"https:\/\/blog.zeit.de\/teilchen\/2015\/05\/18\/selbst-ist-das-orchester\/\" \/>\n<meta property=\"og:site_name\" content=\"Teilchen\" \/>\n<meta property=\"article:published_time\" content=\"2015-05-18T09:17:38+00:00\" \/>\n<meta property=\"article:modified_time\" content=\"2015-05-28T15:32:25+00:00\" \/>\n<meta property=\"og:image\" content=\"https:\/\/blog.zeit.de\/teilchen\/files\/2015\/05\/Teaser_Selbst-ist-das-Orchester.png\" \/>\n\t<meta property=\"og:image:width\" content=\"640\" \/>\n\t<meta property=\"og:image:height\" content=\"364\" \/>\n\t<meta property=\"og:image:type\" content=\"image\/png\" \/>\n<meta name=\"author\" content=\"Carim Soliman\" \/>\n<meta name=\"twitter:card\" content=\"summary_large_image\" \/>\n<meta name=\"twitter:creator\" content=\"@zeitonline\" \/>\n<meta name=\"twitter:site\" content=\"@zeitonline\" \/>\n<meta name=\"twitter:label1\" content=\"Geschrieben von\" \/>\n\t<meta name=\"twitter:data1\" content=\"Carim Soliman\" \/>\n\t<meta name=\"twitter:label2\" content=\"Gesch\u00e4tzte Lesezeit\" \/>\n\t<meta name=\"twitter:data2\" content=\"1\u00a0Minute\" \/>\n<script type=\"application\/ld+json\" class=\"yoast-schema-graph\">{\"@context\":\"https:\/\/schema.org\",\"@graph\":[{\"@type\":\"WebPage\",\"@id\":\"https:\/\/blog.zeit.de\/teilchen\/2015\/05\/18\/selbst-ist-das-orchester\/\",\"url\":\"https:\/\/blog.zeit.de\/teilchen\/2015\/05\/18\/selbst-ist-das-orchester\/\",\"name\":\"Selbst ist das Orchester\",\"isPartOf\":{\"@id\":\"https:\/\/blog.zeit.de\/teilchen\/#website\"},\"datePublished\":\"2015-05-18T09:17:38+00:00\",\"dateModified\":\"2015-05-28T15:32:25+00:00\",\"author\":{\"@id\":\"https:\/\/blog.zeit.de\/teilchen\/#\/schema\/person\/1b29fdf43f8ed1922626fad081532fea\"},\"description\":\"Ben Morfitt ist sein eigenes Orchester: Erste Geige, zweite Geige, Fl\u00f6te \u2013 er spielt sie alle.\",\"breadcrumb\":{\"@id\":\"https:\/\/blog.zeit.de\/teilchen\/2015\/05\/18\/selbst-ist-das-orchester\/#breadcrumb\"},\"inLanguage\":\"de\",\"potentialAction\":[{\"@type\":\"ReadAction\",\"target\":[\"https:\/\/blog.zeit.de\/teilchen\/2015\/05\/18\/selbst-ist-das-orchester\/\"]}]},{\"@type\":\"BreadcrumbList\",\"@id\":\"https:\/\/blog.zeit.de\/teilchen\/2015\/05\/18\/selbst-ist-das-orchester\/#breadcrumb\",\"itemListElement\":[{\"@type\":\"ListItem\",\"position\":1,\"name\":\"Startseite\",\"item\":\"https:\/\/blog.zeit.de\/teilchen\/\"},{\"@type\":\"ListItem\",\"position\":2,\"name\":\"Selbst ist das Orchester\"}]},{\"@type\":\"WebSite\",\"@id\":\"https:\/\/blog.zeit.de\/teilchen\/#website\",\"url\":\"https:\/\/blog.zeit.de\/teilchen\/\",\"name\":\"Teilchen\",\"description\":\"Im Netz verstecken sich kleine Sch\u00e4tze - ZEIT ONLINE findet sie.\",\"potentialAction\":[{\"@type\":\"SearchAction\",\"target\":{\"@type\":\"EntryPoint\",\"urlTemplate\":\"https:\/\/blog.zeit.de\/teilchen\/?s={search_term_string}\"},\"query-input\":\"required name=search_term_string\"}],\"inLanguage\":\"de\"},{\"@type\":\"Person\",\"@id\":\"https:\/\/blog.zeit.de\/teilchen\/#\/schema\/person\/1b29fdf43f8ed1922626fad081532fea\",\"name\":\"Carim Soliman\",\"image\":{\"@type\":\"ImageObject\",\"inLanguage\":\"de\",\"@id\":\"https:\/\/blog.zeit.de\/teilchen\/#\/schema\/person\/image\/\",\"url\":\"https:\/\/secure.gravatar.com\/avatar\/928a491c6dc6ad6a6b7c6e9c5a3c52f6c2b64a769ba414071d0504ad0a1c306e?s=96&d=mm&r=g\",\"contentUrl\":\"https:\/\/secure.gravatar.com\/avatar\/928a491c6dc6ad6a6b7c6e9c5a3c52f6c2b64a769ba414071d0504ad0a1c306e?s=96&d=mm&r=g\",\"caption\":\"Carim Soliman\"},\"description\":\"ist Autor bei ZEIT ONLINE.\",\"url\":\"https:\/\/blog.zeit.de\/teilchen\/author\/csoliman\/\"}]}<\/script>\n<!-- \/ Yoast SEO plugin. -->","yoast_head_json":{"title":"Selbst ist das Orchester","description":"Ben Morfitt ist sein eigenes Orchester: Erste Geige, zweite Geige, Fl\u00f6te \u2013 er spielt sie alle.","robots":{"index":"index","follow":"follow","max-snippet":"max-snippet:-1","max-image-preview":"max-image-preview:large","max-video-preview":"max-video-preview:-1"},"canonical":"https:\/\/blog.zeit.de\/teilchen\/2015\/05\/18\/selbst-ist-das-orchester\/","og_locale":"de_DE","og_type":"article","og_title":"Selbst ist das Orchester","og_description":"Ben Morfitt ist sein eigenes Orchester: Erste Geige, zweite Geige, Fl\u00f6te \u2013 er spielt sie alle.","og_url":"https:\/\/blog.zeit.de\/teilchen\/2015\/05\/18\/selbst-ist-das-orchester\/","og_site_name":"Teilchen","article_published_time":"2015-05-18T09:17:38+00:00","article_modified_time":"2015-05-28T15:32:25+00:00","og_image":[{"width":640,"height":364,"url":"https:\/\/blog.zeit.de\/teilchen\/files\/2015\/05\/Teaser_Selbst-ist-das-Orchester.png","type":"image\/png"}],"author":"Carim Soliman","twitter_card":"summary_large_image","twitter_creator":"@zeitonline","twitter_site":"@zeitonline","twitter_misc":{"Geschrieben von":"Carim Soliman","Gesch\u00e4tzte Lesezeit":"1\u00a0Minute"},"schema":{"@context":"https:\/\/schema.org","@graph":[{"@type":"WebPage","@id":"https:\/\/blog.zeit.de\/teilchen\/2015\/05\/18\/selbst-ist-das-orchester\/","url":"https:\/\/blog.zeit.de\/teilchen\/2015\/05\/18\/selbst-ist-das-orchester\/","name":"Selbst ist das Orchester","isPartOf":{"@id":"https:\/\/blog.zeit.de\/teilchen\/#website"},"datePublished":"2015-05-18T09:17:38+00:00","dateModified":"2015-05-28T15:32:25+00:00","author":{"@id":"https:\/\/blog.zeit.de\/teilchen\/#\/schema\/person\/1b29fdf43f8ed1922626fad081532fea"},"description":"Ben Morfitt ist sein eigenes Orchester: Erste Geige, zweite Geige, Fl\u00f6te \u2013 er spielt sie alle.","breadcrumb":{"@id":"https:\/\/blog.zeit.de\/teilchen\/2015\/05\/18\/selbst-ist-das-orchester\/#breadcrumb"},"inLanguage":"de","potentialAction":[{"@type":"ReadAction","target":["https:\/\/blog.zeit.de\/teilchen\/2015\/05\/18\/selbst-ist-das-orchester\/"]}]},{"@type":"BreadcrumbList","@id":"https:\/\/blog.zeit.de\/teilchen\/2015\/05\/18\/selbst-ist-das-orchester\/#breadcrumb","itemListElement":[{"@type":"ListItem","position":1,"name":"Startseite","item":"https:\/\/blog.zeit.de\/teilchen\/"},{"@type":"ListItem","position":2,"name":"Selbst ist das Orchester"}]},{"@type":"WebSite","@id":"https:\/\/blog.zeit.de\/teilchen\/#website","url":"https:\/\/blog.zeit.de\/teilchen\/","name":"Teilchen","description":"Im Netz verstecken sich kleine Sch\u00e4tze - ZEIT ONLINE findet sie.","potentialAction":[{"@type":"SearchAction","target":{"@type":"EntryPoint","urlTemplate":"https:\/\/blog.zeit.de\/teilchen\/?s={search_term_string}"},"query-input":"required name=search_term_string"}],"inLanguage":"de"},{"@type":"Person","@id":"https:\/\/blog.zeit.de\/teilchen\/#\/schema\/person\/1b29fdf43f8ed1922626fad081532fea","name":"Carim Soliman","image":{"@type":"ImageObject","inLanguage":"de","@id":"https:\/\/blog.zeit.de\/teilchen\/#\/schema\/person\/image\/","url":"https:\/\/secure.gravatar.com\/avatar\/928a491c6dc6ad6a6b7c6e9c5a3c52f6c2b64a769ba414071d0504ad0a1c306e?s=96&d=mm&r=g","contentUrl":"https:\/\/secure.gravatar.com\/avatar\/928a491c6dc6ad6a6b7c6e9c5a3c52f6c2b64a769ba414071d0504ad0a1c306e?s=96&d=mm&r=g","caption":"Carim Soliman"},"description":"ist Autor bei ZEIT ONLINE.","url":"https:\/\/blog.zeit.de\/teilchen\/author\/csoliman\/"}]}},"jetpack_featured_media_url":"https:\/\/blog.zeit.de\/teilchen\/files\/2015\/05\/Teaser_Selbst-ist-das-Orchester.png","jetpack_sharing_enabled":true,"_links":{"self":[{"href":"https:\/\/blog.zeit.de\/teilchen\/wp-json\/wp\/v2\/posts\/3926","targetHints":{"allow":["GET"]}}],"collection":[{"href":"https:\/\/blog.zeit.de\/teilchen\/wp-json\/wp\/v2\/posts"}],"about":[{"href":"https:\/\/blog.zeit.de\/teilchen\/wp-json\/wp\/v2\/types\/post"}],"author":[{"embeddable":true,"href":"https:\/\/blog.zeit.de\/teilchen\/wp-json\/wp\/v2\/users\/558"}],"replies":[{"embeddable":true,"href":"https:\/\/blog.zeit.de\/teilchen\/wp-json\/wp\/v2\/comments?post=3926"}],"version-history":[{"count":10,"href":"https:\/\/blog.zeit.de\/teilchen\/wp-json\/wp\/v2\/posts\/3926\/revisions"}],"predecessor-version":[{"id":4025,"href":"https:\/\/blog.zeit.de\/teilchen\/wp-json\/wp\/v2\/posts\/3926\/revisions\/4025"}],"wp:featuredmedia":[{"embeddable":true,"href":"https:\/\/blog.zeit.de\/teilchen\/wp-json\/wp\/v2\/media\/4514"}],"wp:attachment":[{"href":"https:\/\/blog.zeit.de\/teilchen\/wp-json\/wp\/v2\/media?parent=3926"}],"wp:term":[{"taxonomy":"category","embeddable":true,"href":"https:\/\/blog.zeit.de\/teilchen\/wp-json\/wp\/v2\/categories?post=3926"},{"taxonomy":"post_tag","embeddable":true,"href":"https:\/\/blog.zeit.de\/teilchen\/wp-json\/wp\/v2\/tags?post=3926"}],"curies":[{"name":"wp","href":"https:\/\/api.w.org\/{rel}","templated":true}]}}