{"id":4137,"date":"2015-05-19T15:58:54","date_gmt":"2015-05-19T13:58:54","guid":{"rendered":"http:\/\/blog.zeit.de\/teilchen\/?p=4137"},"modified":"2015-05-20T10:10:47","modified_gmt":"2015-05-20T08:10:47","slug":"erdbeben-nepal-karte-interaktiv","status":"publish","type":"post","link":"https:\/\/blog.zeit.de\/teilchen\/2015\/05\/19\/erdbeben-nepal-karte-interaktiv\/","title":{"rendered":"Jedes Beben ein Kreis"},"content":{"rendered":"<p><a href=\"http:\/\/fathom.info\/quakes\/\"><img loading=\"lazy\" decoding=\"async\" class=\"wp-image-4138 size-medium\" src=\"https:\/\/blog.zeit.de\/teilchen\/files\/2015\/05\/Bildschirmfoto-2015-05-19-um-11.37.36-580x312.png\" alt=\"Jedes Erdbeben ein Kreis\" width=\"580\" height=\"312\" srcset=\"https:\/\/blog.zeit.de\/teilchen\/files\/2015\/05\/Bildschirmfoto-2015-05-19-um-11.37.36-580x312.png 580w, https:\/\/blog.zeit.de\/teilchen\/files\/2015\/05\/Bildschirmfoto-2015-05-19-um-11.37.36-1024x551.png 1024w, https:\/\/blog.zeit.de\/teilchen\/files\/2015\/05\/Bildschirmfoto-2015-05-19-um-11.37.36.png 1399w\" sizes=\"auto, (max-width: 580px) 100vw, 580px\" \/><\/a> Screenshot &#8222;A Year of Earthquakes&#8220;<\/p>\n<p>Unter unseren F\u00fc\u00dfen rumort es heftig. Denn der Grund, auf dem wir stehen, ist ein fragiles Gebilde. Die \u00e4u\u00dfere Erdh\u00fclle besteht aus zahlreichen Platten, die stets bereit sind zur Kollision. Treffen Sie aufeinander, ersch\u00fcttert das den Planeten. Manchmal sind die Erdbeben harsch, manchmal kaum sp\u00fcrbar. Allein zwischen dem 7. April und 7. Mai diesen Jahres rumpelte es mindestens 387 Mal \u2013 das zumindest ist die Aussage der <a href=\"http:\/\/fathom.info\/quakes\/\">interaktiven Karte &#8222;A year of Earthquakes&#8220; von <em>Fathom<\/em><\/a>. <!--more-->Die Karte zeigt ziemlich genau, wo die Erde im vergangenen Jahr gebebt hat. Dargestellt sind das Epizentrum und der betroffene Umkreis. Ausgew\u00e4hlt werden kann, ab welcher St\u00e4rke die Ersch\u00fctterungen angezeigt werden (Magnitude 4.5 bis 9.0). Per Klick ist dann zu sehen, wie dicht die Regionen bev\u00f6lkert sind und welches Risiko f\u00fcr die Menschen besteht. Eine Grafik gruppiert anschlie\u00dfend, wie h\u00e4ufig es zu schwachen bis starken Beben gekommen ist.<\/p>\n<p>Rasch wird deutlich: Drastische Beben sind selten. Und so dominiert beispielsweise jenes Erbeben den April, welches am 25. des Monats Nepal ersch\u00fctterte. Flankiert wird der gelbe Kreis von jenen Kreisen der zahlreichen Nachbeben in der Region \u2013 ein erwartbares Bild. Das Tal von Kathmandu gilt unter <a href=\"http:\/\/www.zeit.de\/wissen\/umwelt\/2015-04\/nepal-erdbeben-geologie-monsun\">Erdbebenexperten als einer der gef\u00e4hrlichsten Orte der Welt<\/a>. Unter Nepal sind es die eurasische und die indische Platte, die sich mit rund vier Zentimetern pro Jahr aufeinander zu bewegen. Der Druck wiederum schiebt den Mount Everest in die H\u00f6he und baut dabei im Untergrund unvorstellbare Spannungen auf. Dass die Erde dort stark beben w\u00fcrde, stand fest. <a href=\"http:\/\/www.zeit.de\/wissen\/umwelt\/2015-04\/erdbeben-nepal-kathmandu-ursachen\">An welchem Tag, zu welcher Stunde allerdings, lie\u00df sich nicht vorhersagen<\/a>. Das k\u00f6nnen Experten bis heute nicht leisten.<\/p>\n<p><a href=\"http:\/\/www.zeit.de\/2015\/18\/naturkatastrophen-nepal-siedlung\">Trotz der Unsicherheit siedeln Millionen Menschen in Erdbebengebieten<\/a>. Wie DIE ZEIT schreibt, leben aktuell drei Viertel der Weltbev\u00f6lkerung in Gebieten, die im Laufe der vergangenen 20 Jahre von Naturkatastrophen heimgesucht worden sind.<\/p>\n<p><em><a href=\"https:\/\/blog.zeit.de\/teilchen\/\">Weitere Teilchen finden Sie hier.<\/a><\/em><\/p>\n","protected":false},"excerpt":{"rendered":"<p>Screenshot &#8222;A Year of Earthquakes&#8220; Unter unseren F\u00fc\u00dfen rumort es heftig. Denn der Grund, auf dem wir stehen, ist ein fragiles Gebilde. Die \u00e4u\u00dfere [\u2026]<\/p>\n","protected":false},"author":448,"featured_media":0,"comment_status":"open","ping_status":"closed","sticky":false,"template":"","format":"standard","meta":{"_jetpack_memberships_contains_paid_content":false,"footnotes":""},"categories":[9469,13657],"tags":[],"class_list":["post-4137","post","type-post","status-publish","format-standard","hentry","category-infografiken","category-interaktiv"],"yoast_head":"<!-- This site is optimized with the Yoast SEO plugin v21.0 - https:\/\/yoast.com\/wordpress\/plugins\/seo\/ -->\n<title>Jedes Erdbeben ein Kreis<\/title>\n<meta name=\"description\" content=\"Unsere Erde ist ein fragiles Gebilde. 387 Erdbeben im Monat verzeichnet diese interaktive Karte.\" \/>\n<meta name=\"robots\" content=\"index, follow, max-snippet:-1, max-image-preview:large, max-video-preview:-1\" \/>\n<link rel=\"canonical\" href=\"https:\/\/blog.zeit.de\/teilchen\/2015\/05\/19\/erdbeben-nepal-karte-interaktiv\/\" \/>\n<meta property=\"og:locale\" content=\"de_DE\" \/>\n<meta property=\"og:type\" content=\"article\" \/>\n<meta property=\"og:title\" content=\"Jedes Erdbeben ein Kreis\" \/>\n<meta property=\"og:description\" content=\"Unsere Erde ist ein fragiles Gebilde. 387 Erdbeben im Monat verzeichnet diese interaktive Karte.\" \/>\n<meta property=\"og:url\" content=\"https:\/\/blog.zeit.de\/teilchen\/2015\/05\/19\/erdbeben-nepal-karte-interaktiv\/\" \/>\n<meta property=\"og:site_name\" content=\"Teilchen\" \/>\n<meta property=\"article:published_time\" content=\"2015-05-19T13:58:54+00:00\" \/>\n<meta property=\"article:modified_time\" content=\"2015-05-20T08:10:47+00:00\" \/>\n<meta property=\"og:image\" content=\"https:\/\/blog.zeit.de\/teilchen\/files\/2015\/05\/Bildschirmfoto-2015-05-19-um-11.37.36-580x312.png\" \/>\n<meta name=\"author\" content=\"Alina Schadwinkel\" \/>\n<meta name=\"twitter:card\" content=\"summary_large_image\" \/>\n<meta name=\"twitter:creator\" content=\"@zeitonline\" \/>\n<meta name=\"twitter:site\" content=\"@zeitonline\" \/>\n<meta name=\"twitter:label1\" content=\"Geschrieben von\" \/>\n\t<meta name=\"twitter:data1\" content=\"Alina Schadwinkel\" \/>\n\t<meta name=\"twitter:label2\" content=\"Gesch\u00e4tzte Lesezeit\" \/>\n\t<meta name=\"twitter:data2\" content=\"2\u00a0Minuten\" \/>\n<script type=\"application\/ld+json\" class=\"yoast-schema-graph\">{\"@context\":\"https:\/\/schema.org\",\"@graph\":[{\"@type\":\"WebPage\",\"@id\":\"https:\/\/blog.zeit.de\/teilchen\/2015\/05\/19\/erdbeben-nepal-karte-interaktiv\/\",\"url\":\"https:\/\/blog.zeit.de\/teilchen\/2015\/05\/19\/erdbeben-nepal-karte-interaktiv\/\",\"name\":\"Jedes Erdbeben ein Kreis\",\"isPartOf\":{\"@id\":\"https:\/\/blog.zeit.de\/teilchen\/#website\"},\"datePublished\":\"2015-05-19T13:58:54+00:00\",\"dateModified\":\"2015-05-20T08:10:47+00:00\",\"author\":{\"@id\":\"https:\/\/blog.zeit.de\/teilchen\/#\/schema\/person\/4f8819497f3cb8c40a48cea72d06a55a\"},\"description\":\"Unsere Erde ist ein fragiles Gebilde. 387 Erdbeben im Monat verzeichnet diese interaktive Karte.\",\"breadcrumb\":{\"@id\":\"https:\/\/blog.zeit.de\/teilchen\/2015\/05\/19\/erdbeben-nepal-karte-interaktiv\/#breadcrumb\"},\"inLanguage\":\"de\",\"potentialAction\":[{\"@type\":\"ReadAction\",\"target\":[\"https:\/\/blog.zeit.de\/teilchen\/2015\/05\/19\/erdbeben-nepal-karte-interaktiv\/\"]}]},{\"@type\":\"BreadcrumbList\",\"@id\":\"https:\/\/blog.zeit.de\/teilchen\/2015\/05\/19\/erdbeben-nepal-karte-interaktiv\/#breadcrumb\",\"itemListElement\":[{\"@type\":\"ListItem\",\"position\":1,\"name\":\"Startseite\",\"item\":\"https:\/\/blog.zeit.de\/teilchen\/\"},{\"@type\":\"ListItem\",\"position\":2,\"name\":\"Jedes Beben ein Kreis\"}]},{\"@type\":\"WebSite\",\"@id\":\"https:\/\/blog.zeit.de\/teilchen\/#website\",\"url\":\"https:\/\/blog.zeit.de\/teilchen\/\",\"name\":\"Teilchen\",\"description\":\"Im Netz verstecken sich kleine Sch\u00e4tze - ZEIT ONLINE findet sie.\",\"potentialAction\":[{\"@type\":\"SearchAction\",\"target\":{\"@type\":\"EntryPoint\",\"urlTemplate\":\"https:\/\/blog.zeit.de\/teilchen\/?s={search_term_string}\"},\"query-input\":\"required name=search_term_string\"}],\"inLanguage\":\"de\"},{\"@type\":\"Person\",\"@id\":\"https:\/\/blog.zeit.de\/teilchen\/#\/schema\/person\/4f8819497f3cb8c40a48cea72d06a55a\",\"name\":\"Alina Schadwinkel\",\"image\":{\"@type\":\"ImageObject\",\"inLanguage\":\"de\",\"@id\":\"https:\/\/blog.zeit.de\/teilchen\/#\/schema\/person\/image\/\",\"url\":\"https:\/\/secure.gravatar.com\/avatar\/b3f312ac40fdb8c9c6e85125cbe44a5ef6e3f0f1dad2fe630dcdb7e956a183e4?s=96&d=mm&r=g\",\"contentUrl\":\"https:\/\/secure.gravatar.com\/avatar\/b3f312ac40fdb8c9c6e85125cbe44a5ef6e3f0f1dad2fe630dcdb7e956a183e4?s=96&d=mm&r=g\",\"caption\":\"Alina Schadwinkel\"},\"description\":\"ist Redakteurin bei ZEIT ONLINE.\",\"url\":\"https:\/\/blog.zeit.de\/teilchen\/author\/aschadwinkel\/\"}]}<\/script>\n<!-- \/ Yoast SEO plugin. -->","yoast_head_json":{"title":"Jedes Erdbeben ein Kreis","description":"Unsere Erde ist ein fragiles Gebilde. 387 Erdbeben im Monat verzeichnet diese interaktive Karte.","robots":{"index":"index","follow":"follow","max-snippet":"max-snippet:-1","max-image-preview":"max-image-preview:large","max-video-preview":"max-video-preview:-1"},"canonical":"https:\/\/blog.zeit.de\/teilchen\/2015\/05\/19\/erdbeben-nepal-karte-interaktiv\/","og_locale":"de_DE","og_type":"article","og_title":"Jedes Erdbeben ein Kreis","og_description":"Unsere Erde ist ein fragiles Gebilde. 387 Erdbeben im Monat verzeichnet diese interaktive Karte.","og_url":"https:\/\/blog.zeit.de\/teilchen\/2015\/05\/19\/erdbeben-nepal-karte-interaktiv\/","og_site_name":"Teilchen","article_published_time":"2015-05-19T13:58:54+00:00","article_modified_time":"2015-05-20T08:10:47+00:00","og_image":[{"url":"https:\/\/blog.zeit.de\/teilchen\/files\/2015\/05\/Bildschirmfoto-2015-05-19-um-11.37.36-580x312.png"}],"author":"Alina Schadwinkel","twitter_card":"summary_large_image","twitter_creator":"@zeitonline","twitter_site":"@zeitonline","twitter_misc":{"Geschrieben von":"Alina Schadwinkel","Gesch\u00e4tzte Lesezeit":"2\u00a0Minuten"},"schema":{"@context":"https:\/\/schema.org","@graph":[{"@type":"WebPage","@id":"https:\/\/blog.zeit.de\/teilchen\/2015\/05\/19\/erdbeben-nepal-karte-interaktiv\/","url":"https:\/\/blog.zeit.de\/teilchen\/2015\/05\/19\/erdbeben-nepal-karte-interaktiv\/","name":"Jedes Erdbeben ein Kreis","isPartOf":{"@id":"https:\/\/blog.zeit.de\/teilchen\/#website"},"datePublished":"2015-05-19T13:58:54+00:00","dateModified":"2015-05-20T08:10:47+00:00","author":{"@id":"https:\/\/blog.zeit.de\/teilchen\/#\/schema\/person\/4f8819497f3cb8c40a48cea72d06a55a"},"description":"Unsere Erde ist ein fragiles Gebilde. 387 Erdbeben im Monat verzeichnet diese interaktive Karte.","breadcrumb":{"@id":"https:\/\/blog.zeit.de\/teilchen\/2015\/05\/19\/erdbeben-nepal-karte-interaktiv\/#breadcrumb"},"inLanguage":"de","potentialAction":[{"@type":"ReadAction","target":["https:\/\/blog.zeit.de\/teilchen\/2015\/05\/19\/erdbeben-nepal-karte-interaktiv\/"]}]},{"@type":"BreadcrumbList","@id":"https:\/\/blog.zeit.de\/teilchen\/2015\/05\/19\/erdbeben-nepal-karte-interaktiv\/#breadcrumb","itemListElement":[{"@type":"ListItem","position":1,"name":"Startseite","item":"https:\/\/blog.zeit.de\/teilchen\/"},{"@type":"ListItem","position":2,"name":"Jedes Beben ein Kreis"}]},{"@type":"WebSite","@id":"https:\/\/blog.zeit.de\/teilchen\/#website","url":"https:\/\/blog.zeit.de\/teilchen\/","name":"Teilchen","description":"Im Netz verstecken sich kleine Sch\u00e4tze - ZEIT ONLINE findet sie.","potentialAction":[{"@type":"SearchAction","target":{"@type":"EntryPoint","urlTemplate":"https:\/\/blog.zeit.de\/teilchen\/?s={search_term_string}"},"query-input":"required name=search_term_string"}],"inLanguage":"de"},{"@type":"Person","@id":"https:\/\/blog.zeit.de\/teilchen\/#\/schema\/person\/4f8819497f3cb8c40a48cea72d06a55a","name":"Alina Schadwinkel","image":{"@type":"ImageObject","inLanguage":"de","@id":"https:\/\/blog.zeit.de\/teilchen\/#\/schema\/person\/image\/","url":"https:\/\/secure.gravatar.com\/avatar\/b3f312ac40fdb8c9c6e85125cbe44a5ef6e3f0f1dad2fe630dcdb7e956a183e4?s=96&d=mm&r=g","contentUrl":"https:\/\/secure.gravatar.com\/avatar\/b3f312ac40fdb8c9c6e85125cbe44a5ef6e3f0f1dad2fe630dcdb7e956a183e4?s=96&d=mm&r=g","caption":"Alina Schadwinkel"},"description":"ist Redakteurin bei ZEIT ONLINE.","url":"https:\/\/blog.zeit.de\/teilchen\/author\/aschadwinkel\/"}]}},"jetpack_featured_media_url":"","jetpack_sharing_enabled":true,"_links":{"self":[{"href":"https:\/\/blog.zeit.de\/teilchen\/wp-json\/wp\/v2\/posts\/4137","targetHints":{"allow":["GET"]}}],"collection":[{"href":"https:\/\/blog.zeit.de\/teilchen\/wp-json\/wp\/v2\/posts"}],"about":[{"href":"https:\/\/blog.zeit.de\/teilchen\/wp-json\/wp\/v2\/types\/post"}],"author":[{"embeddable":true,"href":"https:\/\/blog.zeit.de\/teilchen\/wp-json\/wp\/v2\/users\/448"}],"replies":[{"embeddable":true,"href":"https:\/\/blog.zeit.de\/teilchen\/wp-json\/wp\/v2\/comments?post=4137"}],"version-history":[{"count":12,"href":"https:\/\/blog.zeit.de\/teilchen\/wp-json\/wp\/v2\/posts\/4137\/revisions"}],"predecessor-version":[{"id":4184,"href":"https:\/\/blog.zeit.de\/teilchen\/wp-json\/wp\/v2\/posts\/4137\/revisions\/4184"}],"wp:attachment":[{"href":"https:\/\/blog.zeit.de\/teilchen\/wp-json\/wp\/v2\/media?parent=4137"}],"wp:term":[{"taxonomy":"category","embeddable":true,"href":"https:\/\/blog.zeit.de\/teilchen\/wp-json\/wp\/v2\/categories?post=4137"},{"taxonomy":"post_tag","embeddable":true,"href":"https:\/\/blog.zeit.de\/teilchen\/wp-json\/wp\/v2\/tags?post=4137"}],"curies":[{"name":"wp","href":"https:\/\/api.w.org\/{rel}","templated":true}]}}