{"id":4223,"date":"2015-05-26T10:19:28","date_gmt":"2015-05-26T08:19:28","guid":{"rendered":"http:\/\/blog.zeit.de\/teilchen\/?p=4223"},"modified":"2015-05-27T14:44:14","modified_gmt":"2015-05-27T12:44:14","slug":"waffen-von-der-axt-bis-zur-mikrowellenkanone","status":"publish","type":"post","link":"https:\/\/blog.zeit.de\/teilchen\/2015\/05\/26\/waffen-von-der-axt-bis-zur-mikrowellenkanone\/","title":{"rendered":"Von der Axt bis zur Mikrowellenkanone"},"content":{"rendered":"<p><object id=\"flashObj\" width=\"580\" height=\"326\" classid=\"D27CDB6E-AE6D-11cf-96B8-444553540000\"><param name=\"movie\" value=\"http:\/\/c.brightcove.com\/services\/viewer\/federated_f9?isVid=1&amp;isUI=1\" \/><param name=\"bgcolor\" value=\"#FFFFFF\" \/><param name=\"flashVars\" value=\"videoId=4245446002001&amp;linkBaseURL=http%3A%2F%2Fwww.theatlantic.com%2Fvideo%2Fiframe%2F393683%2F&amp;playerID=1065729157001&amp;playerKey=AQ~~,AAAABvb_NGE~,DMkZt2E6wO3dFlbHM7HTX1y1bVRDHLp_&amp;domain=embed&amp;dynamicStreaming=true\" \/><param name=\"base\" value=\"http:\/\/admin.brightcove.com\" \/><param name=\"seamlesstabbing\" value=\"false\" \/><param name=\"allowFullScreen\" value=\"true\" \/><param name=\"swLiveConnect\" value=\"true\" \/><param name=\"allowScriptAccess\" value=\"always\" \/><\/object><\/p>\n<p>Am Anfang stand das Beil. 1.000.000 v. Chr. erfand die Menschheit eine t\u00fcckische Waffe und tat den ersten Schritt zur Erfindung der Atombombe und allem, was danach noch kommen sollte.<!--more--><\/p>\n<p>Seit der ersten Axt\u00a0entwickelt der Mensch st\u00e4ndig neue Methoden, Artgenossen und andere Lebewesen zu t\u00f6ten. Form und Umfang der Waffentechnik gehen dabei nat\u00fcrlich mit der Zeit. Innovationen sind aber nicht nur eine Frage der technischen M\u00f6glichkeiten. Soziale\u00a0und\u00a0wirtschaftliche Begebenheiten spielen eine genauso gro\u00dfe Rolle.<\/p>\n<p>Die zweite H\u00e4lfte des\u00a020. Jahrhunderts stand im Schatten des Atompilzes.\u00a0Der Abwurf der Atombomben auf Japan und das Wettr\u00fcsten des Kalten Krieges machten den atomaren Super-GAU zur ultimativen Angstvorstellung f\u00fcr die Menschheit. Dabei passten die gr\u00f6\u00dften Killer in ein G\u00fcrtelholster. Laut eines Dossiers des\u00a0Bonn International Center for Conversion starben 90 Prozent aller Kriegsopfer im letzten Jahrhundert durch <a href=\"http:\/\/www.zeit.de\/2013\/51\/deutsche-waffenexporte\">Kleinwaffen<\/a> wie Pistolen, Gewehre und Minen. <a href=\"http:\/\/www.zeit.de\/politik\/2014-12\/abkommen-waffenhandel-inkrafttreten\">Ein\u00a0Vertrag der Vereinten Nationen zur Regulierung des Handels mit solchen konventionellen Waffen trat erst Ende 2014 in Kraft<\/a>.<\/p>\n<p><em>Weitere <a href=\"https:\/\/blog.zeit.de\/teilchen\">Teilchen finden Sie hier<\/a><\/em>.<\/p>\n","protected":false},"excerpt":{"rendered":"<p>Am Anfang stand das Beil. 1.000.000 v. Chr. erfand die Menschheit eine t\u00fcckische Waffe und tat den ersten Schritt zur Erfindung der Atombombe und [\u2026]<\/p>\n","protected":false},"author":558,"featured_media":4227,"comment_status":"open","ping_status":"closed","sticky":false,"template":"","format":"standard","meta":{"_jetpack_memberships_contains_paid_content":false,"footnotes":""},"categories":[28],"tags":[],"class_list":["post-4223","post","type-post","status-publish","format-standard","has-post-thumbnail","hentry","category-video"],"yoast_head":"<!-- This site is optimized with the Yoast SEO plugin v21.0 - https:\/\/yoast.com\/wordpress\/plugins\/seo\/ -->\n<title>Waffen: Von der Axt bis zur Mikrowellenkanone<\/title>\n<meta name=\"description\" content=\"Seit der ersten Axt entwickelt der Mensch st\u00e4ndig neue Waffen. Form und Umfang gehen nat\u00fcrlich mit der Zeit.\" \/>\n<meta name=\"robots\" content=\"index, follow, max-snippet:-1, max-image-preview:large, max-video-preview:-1\" \/>\n<link rel=\"canonical\" href=\"https:\/\/blog.zeit.de\/teilchen\/2015\/05\/26\/waffen-von-der-axt-bis-zur-mikrowellenkanone\/\" \/>\n<meta property=\"og:locale\" content=\"de_DE\" \/>\n<meta property=\"og:type\" content=\"article\" \/>\n<meta property=\"og:title\" content=\"Waffen: Von der Axt bis zur Mikrowellenkanone\" \/>\n<meta property=\"og:description\" content=\"Seit der ersten Axt entwickelt der Mensch st\u00e4ndig neue Waffen. Form und Umfang gehen nat\u00fcrlich mit der Zeit.\" \/>\n<meta property=\"og:url\" content=\"https:\/\/blog.zeit.de\/teilchen\/2015\/05\/26\/waffen-von-der-axt-bis-zur-mikrowellenkanone\/\" \/>\n<meta property=\"og:site_name\" content=\"Teilchen\" \/>\n<meta property=\"article:published_time\" content=\"2015-05-26T08:19:28+00:00\" \/>\n<meta property=\"article:modified_time\" content=\"2015-05-27T12:44:14+00:00\" \/>\n<meta property=\"og:image\" content=\"https:\/\/blog.zeit.de\/teilchen\/files\/2015\/05\/Teilchen_Waffengeschichte.png\" \/>\n\t<meta property=\"og:image:width\" content=\"640\" \/>\n\t<meta property=\"og:image:height\" content=\"359\" \/>\n\t<meta property=\"og:image:type\" content=\"image\/png\" \/>\n<meta name=\"author\" content=\"Carim Soliman\" \/>\n<meta name=\"twitter:card\" content=\"summary_large_image\" \/>\n<meta name=\"twitter:creator\" content=\"@zeitonline\" \/>\n<meta name=\"twitter:site\" content=\"@zeitonline\" \/>\n<meta name=\"twitter:label1\" content=\"Geschrieben von\" \/>\n\t<meta name=\"twitter:data1\" content=\"Carim Soliman\" \/>\n\t<meta name=\"twitter:label2\" content=\"Gesch\u00e4tzte Lesezeit\" \/>\n\t<meta name=\"twitter:data2\" content=\"1\u00a0Minute\" \/>\n<script type=\"application\/ld+json\" class=\"yoast-schema-graph\">{\"@context\":\"https:\/\/schema.org\",\"@graph\":[{\"@type\":\"WebPage\",\"@id\":\"https:\/\/blog.zeit.de\/teilchen\/2015\/05\/26\/waffen-von-der-axt-bis-zur-mikrowellenkanone\/\",\"url\":\"https:\/\/blog.zeit.de\/teilchen\/2015\/05\/26\/waffen-von-der-axt-bis-zur-mikrowellenkanone\/\",\"name\":\"Waffen: Von der Axt bis zur Mikrowellenkanone\",\"isPartOf\":{\"@id\":\"https:\/\/blog.zeit.de\/teilchen\/#website\"},\"datePublished\":\"2015-05-26T08:19:28+00:00\",\"dateModified\":\"2015-05-27T12:44:14+00:00\",\"author\":{\"@id\":\"https:\/\/blog.zeit.de\/teilchen\/#\/schema\/person\/1b29fdf43f8ed1922626fad081532fea\"},\"description\":\"Seit der ersten Axt entwickelt der Mensch st\u00e4ndig neue Waffen. Form und Umfang gehen nat\u00fcrlich mit der Zeit.\",\"breadcrumb\":{\"@id\":\"https:\/\/blog.zeit.de\/teilchen\/2015\/05\/26\/waffen-von-der-axt-bis-zur-mikrowellenkanone\/#breadcrumb\"},\"inLanguage\":\"de\",\"potentialAction\":[{\"@type\":\"ReadAction\",\"target\":[\"https:\/\/blog.zeit.de\/teilchen\/2015\/05\/26\/waffen-von-der-axt-bis-zur-mikrowellenkanone\/\"]}]},{\"@type\":\"BreadcrumbList\",\"@id\":\"https:\/\/blog.zeit.de\/teilchen\/2015\/05\/26\/waffen-von-der-axt-bis-zur-mikrowellenkanone\/#breadcrumb\",\"itemListElement\":[{\"@type\":\"ListItem\",\"position\":1,\"name\":\"Startseite\",\"item\":\"https:\/\/blog.zeit.de\/teilchen\/\"},{\"@type\":\"ListItem\",\"position\":2,\"name\":\"Von der Axt bis zur Mikrowellenkanone\"}]},{\"@type\":\"WebSite\",\"@id\":\"https:\/\/blog.zeit.de\/teilchen\/#website\",\"url\":\"https:\/\/blog.zeit.de\/teilchen\/\",\"name\":\"Teilchen\",\"description\":\"Im Netz verstecken sich kleine Sch\u00e4tze - ZEIT ONLINE findet sie.\",\"potentialAction\":[{\"@type\":\"SearchAction\",\"target\":{\"@type\":\"EntryPoint\",\"urlTemplate\":\"https:\/\/blog.zeit.de\/teilchen\/?s={search_term_string}\"},\"query-input\":\"required name=search_term_string\"}],\"inLanguage\":\"de\"},{\"@type\":\"Person\",\"@id\":\"https:\/\/blog.zeit.de\/teilchen\/#\/schema\/person\/1b29fdf43f8ed1922626fad081532fea\",\"name\":\"Carim Soliman\",\"image\":{\"@type\":\"ImageObject\",\"inLanguage\":\"de\",\"@id\":\"https:\/\/blog.zeit.de\/teilchen\/#\/schema\/person\/image\/\",\"url\":\"https:\/\/secure.gravatar.com\/avatar\/928a491c6dc6ad6a6b7c6e9c5a3c52f6c2b64a769ba414071d0504ad0a1c306e?s=96&d=mm&r=g\",\"contentUrl\":\"https:\/\/secure.gravatar.com\/avatar\/928a491c6dc6ad6a6b7c6e9c5a3c52f6c2b64a769ba414071d0504ad0a1c306e?s=96&d=mm&r=g\",\"caption\":\"Carim Soliman\"},\"description\":\"ist Autor bei ZEIT ONLINE.\",\"url\":\"https:\/\/blog.zeit.de\/teilchen\/author\/csoliman\/\"}]}<\/script>\n<!-- \/ Yoast SEO plugin. -->","yoast_head_json":{"title":"Waffen: Von der Axt bis zur Mikrowellenkanone","description":"Seit der ersten Axt entwickelt der Mensch st\u00e4ndig neue Waffen. Form und Umfang gehen nat\u00fcrlich mit der Zeit.","robots":{"index":"index","follow":"follow","max-snippet":"max-snippet:-1","max-image-preview":"max-image-preview:large","max-video-preview":"max-video-preview:-1"},"canonical":"https:\/\/blog.zeit.de\/teilchen\/2015\/05\/26\/waffen-von-der-axt-bis-zur-mikrowellenkanone\/","og_locale":"de_DE","og_type":"article","og_title":"Waffen: Von der Axt bis zur Mikrowellenkanone","og_description":"Seit der ersten Axt entwickelt der Mensch st\u00e4ndig neue Waffen. Form und Umfang gehen nat\u00fcrlich mit der Zeit.","og_url":"https:\/\/blog.zeit.de\/teilchen\/2015\/05\/26\/waffen-von-der-axt-bis-zur-mikrowellenkanone\/","og_site_name":"Teilchen","article_published_time":"2015-05-26T08:19:28+00:00","article_modified_time":"2015-05-27T12:44:14+00:00","og_image":[{"width":640,"height":359,"url":"https:\/\/blog.zeit.de\/teilchen\/files\/2015\/05\/Teilchen_Waffengeschichte.png","type":"image\/png"}],"author":"Carim Soliman","twitter_card":"summary_large_image","twitter_creator":"@zeitonline","twitter_site":"@zeitonline","twitter_misc":{"Geschrieben von":"Carim Soliman","Gesch\u00e4tzte Lesezeit":"1\u00a0Minute"},"schema":{"@context":"https:\/\/schema.org","@graph":[{"@type":"WebPage","@id":"https:\/\/blog.zeit.de\/teilchen\/2015\/05\/26\/waffen-von-der-axt-bis-zur-mikrowellenkanone\/","url":"https:\/\/blog.zeit.de\/teilchen\/2015\/05\/26\/waffen-von-der-axt-bis-zur-mikrowellenkanone\/","name":"Waffen: Von der Axt bis zur Mikrowellenkanone","isPartOf":{"@id":"https:\/\/blog.zeit.de\/teilchen\/#website"},"datePublished":"2015-05-26T08:19:28+00:00","dateModified":"2015-05-27T12:44:14+00:00","author":{"@id":"https:\/\/blog.zeit.de\/teilchen\/#\/schema\/person\/1b29fdf43f8ed1922626fad081532fea"},"description":"Seit der ersten Axt entwickelt der Mensch st\u00e4ndig neue Waffen. Form und Umfang gehen nat\u00fcrlich mit der Zeit.","breadcrumb":{"@id":"https:\/\/blog.zeit.de\/teilchen\/2015\/05\/26\/waffen-von-der-axt-bis-zur-mikrowellenkanone\/#breadcrumb"},"inLanguage":"de","potentialAction":[{"@type":"ReadAction","target":["https:\/\/blog.zeit.de\/teilchen\/2015\/05\/26\/waffen-von-der-axt-bis-zur-mikrowellenkanone\/"]}]},{"@type":"BreadcrumbList","@id":"https:\/\/blog.zeit.de\/teilchen\/2015\/05\/26\/waffen-von-der-axt-bis-zur-mikrowellenkanone\/#breadcrumb","itemListElement":[{"@type":"ListItem","position":1,"name":"Startseite","item":"https:\/\/blog.zeit.de\/teilchen\/"},{"@type":"ListItem","position":2,"name":"Von der Axt bis zur Mikrowellenkanone"}]},{"@type":"WebSite","@id":"https:\/\/blog.zeit.de\/teilchen\/#website","url":"https:\/\/blog.zeit.de\/teilchen\/","name":"Teilchen","description":"Im Netz verstecken sich kleine Sch\u00e4tze - ZEIT ONLINE findet sie.","potentialAction":[{"@type":"SearchAction","target":{"@type":"EntryPoint","urlTemplate":"https:\/\/blog.zeit.de\/teilchen\/?s={search_term_string}"},"query-input":"required name=search_term_string"}],"inLanguage":"de"},{"@type":"Person","@id":"https:\/\/blog.zeit.de\/teilchen\/#\/schema\/person\/1b29fdf43f8ed1922626fad081532fea","name":"Carim Soliman","image":{"@type":"ImageObject","inLanguage":"de","@id":"https:\/\/blog.zeit.de\/teilchen\/#\/schema\/person\/image\/","url":"https:\/\/secure.gravatar.com\/avatar\/928a491c6dc6ad6a6b7c6e9c5a3c52f6c2b64a769ba414071d0504ad0a1c306e?s=96&d=mm&r=g","contentUrl":"https:\/\/secure.gravatar.com\/avatar\/928a491c6dc6ad6a6b7c6e9c5a3c52f6c2b64a769ba414071d0504ad0a1c306e?s=96&d=mm&r=g","caption":"Carim Soliman"},"description":"ist Autor bei ZEIT ONLINE.","url":"https:\/\/blog.zeit.de\/teilchen\/author\/csoliman\/"}]}},"jetpack_featured_media_url":"https:\/\/blog.zeit.de\/teilchen\/files\/2015\/05\/Teilchen_Waffengeschichte.png","jetpack_sharing_enabled":true,"_links":{"self":[{"href":"https:\/\/blog.zeit.de\/teilchen\/wp-json\/wp\/v2\/posts\/4223","targetHints":{"allow":["GET"]}}],"collection":[{"href":"https:\/\/blog.zeit.de\/teilchen\/wp-json\/wp\/v2\/posts"}],"about":[{"href":"https:\/\/blog.zeit.de\/teilchen\/wp-json\/wp\/v2\/types\/post"}],"author":[{"embeddable":true,"href":"https:\/\/blog.zeit.de\/teilchen\/wp-json\/wp\/v2\/users\/558"}],"replies":[{"embeddable":true,"href":"https:\/\/blog.zeit.de\/teilchen\/wp-json\/wp\/v2\/comments?post=4223"}],"version-history":[{"count":11,"href":"https:\/\/blog.zeit.de\/teilchen\/wp-json\/wp\/v2\/posts\/4223\/revisions"}],"predecessor-version":[{"id":5242,"href":"https:\/\/blog.zeit.de\/teilchen\/wp-json\/wp\/v2\/posts\/4223\/revisions\/5242"}],"wp:featuredmedia":[{"embeddable":true,"href":"https:\/\/blog.zeit.de\/teilchen\/wp-json\/wp\/v2\/media\/4227"}],"wp:attachment":[{"href":"https:\/\/blog.zeit.de\/teilchen\/wp-json\/wp\/v2\/media?parent=4223"}],"wp:term":[{"taxonomy":"category","embeddable":true,"href":"https:\/\/blog.zeit.de\/teilchen\/wp-json\/wp\/v2\/categories?post=4223"},{"taxonomy":"post_tag","embeddable":true,"href":"https:\/\/blog.zeit.de\/teilchen\/wp-json\/wp\/v2\/tags?post=4223"}],"curies":[{"name":"wp","href":"https:\/\/api.w.org\/{rel}","templated":true}]}}