{"id":4360,"date":"2015-05-26T16:48:30","date_gmt":"2015-05-26T14:48:30","guid":{"rendered":"http:\/\/blog.zeit.de\/teilchen\/?p=4360"},"modified":"2015-05-27T08:12:00","modified_gmt":"2015-05-27T06:12:00","slug":"bssssss-und-fertig","status":"publish","type":"post","link":"https:\/\/blog.zeit.de\/teilchen\/2015\/05\/26\/bssssss-und-fertig\/","title":{"rendered":"Bssssss\u2026 und fertig!"},"content":{"rendered":"\n<div class=\"embed-wrapper embed-wrapper--blocked js-embed-consent\" data-method=\"iframe\">\n<script class=\"raw__source\" type=\"text\/template\"><iframe loading=\"lazy\" frameborder=\"0\" height=\"326\" src=\"https:\/\/www.youtube.com\/embed\/f6mJ7e5YmnE\" width=\"580\"><\/iframe><\/script>\n<div class=\"embed-wrapper__inner\">\n<div class=\"embed-wrapper__text\">\n<h3>Empfohlener redaktioneller Inhalt<\/h3>\n<p data-replace=\"no\">An dieser Stelle finden Sie externen Inhalt, der den Artikel erg\u00e4nzt. Sie k\u00f6nnen sich externe Inhalte mit einem Klick anzeigen lassen und wieder ausblenden.<noscript>Bitte aktivieren Sie JavaScript damit Sie diesen Inhalt anzeigen k\u00f6nnen.<\/noscript><\/p>\n<\/div>\n<div class=\"embed-consent\">\n<label class=\"embed-consent__toggle\">\n<input class=\"js-embed-consent__toggle\" type=\"checkbox\" autocomplete=\"off\">\n<span><\/span>\nExterner Inhalt\n<\/label>\n<a href=\"https:\/\/www.zeit.de\/hilfe\/datenschutz\" target=\"_blank\" class=\"embed-consent__datalink-when-active\">Datenschutzerkl\u00e4rung<\/a>\n<\/div>\n<div class=\"embed-wrapper__footer\">\n<p data-replace=\"no\">\nIch bin damit einverstanden, dass mir externe Inhalte angezeigt werden. Damit k\u00f6nnen personenbezogene Daten an Drittplattformen \u00fcbermittelt werden. <a href=\"https:\/\/www.zeit.de\/hilfe\/datenschutz\" target=\"_blank\">Mehr dazu in unserer Datenschutzerkl\u00e4rung.<\/a>\n<\/p>\n<\/div>\n<\/div>\n<\/div>\n<p>21 Tage \u2013 mehr Zeit braucht es nicht, damit aus einer wei\u00dfen, sich windenden Larve die Arbeiterin eines Bienenvolks wird. Zum Zuschauen sind drei Wochen allerdings immer noch ziemlich lang. Daher gibt es die Genese der Honigbiene nun im 60-Sekunden-Zeitraffer. Was mit Glibber beginnt, wird schnell zum beeindruckend komplexen Waben-Ballett. Und so ganz nebenbei schleicht auch noch der Todfeind der Biene durchs Video.<!--more--><\/p>\n<p><a href=\"http:\/\/www.zeit.de\/2015\/17\/verhaltensbiologie-bienen-schwarm\" target=\"_blank\">Die Bienenk\u00f6nigin ist die Mutter jeder einzelnen Biene im Volk<\/a>. Bis zu 2.000 Eier am Tag legt sie in den Brutzellen des Bienenstocks ab. Aus den befruchteten Eiern schl\u00fcpfen die weiblichen Tiere, aus den unbefruchteten Eiern die m\u00e4nnlichen Drohnen \u2013 sofern dem Entwicklungsprozess nichts in die Quere kommt.<\/p>\n<p>Denn Bienen haben mit einer ganzen Reihe von Problemen zu k\u00e4mpfen: mit <a href=\"http:\/\/www.zeit.de\/wissen\/umwelt\/2015-04\/bienen-studie-neonicotinoide\" target=\"_blank\">Pestiziden<\/a>, Habitatverlust, aber <a href=\"http:\/\/www.zeit.de\/2011\/44\/Varroa-Milben\" target=\"_blank\">vor allem mit der <em>Varroa destructor<\/em> \u2013 der Varroamilbe<\/a>. Die lebt von der K\u00f6rperfl\u00fcssigkeit der Bienen und vermehrt sich in ihrer Brut. Bekannt ist die Gefahr durch den Parasiten schon seit einigen Jahren, doch so nah und beeindruckend wie in diesem Video waren die Biene und ihr Erzfeind selten zu sehen.<\/p>\n<p>F\u00fcr die Zeitrafferaufnahmen hat der Fotograf <a href=\"http:\/\/www.nationalgeographic.com\/explorers\/bios\/anand-varma\/\" target=\"_blank\">Anand Varma<\/a> einen Bienenstock in seinem Hinterhof im kalifornischen Berkeley aufgebaut. Das Magazin <em>National Geographic<\/em> hatte ihn mit einer Fotoreportage \u00fcber die Insekten beauftragt. Varma lie\u00df sich von einem\u00a0<a href=\"http:\/\/www.helpabee.org\/\" target=\"_blank\">Bienenlabor der Universit\u00e4t von Kalifornien<\/a> beraten und wurde kurzerhand zum Hobbyimker und leidenschaftlichen Bienenunterst\u00fctzer.<\/p>\n<p>Inzwischen <a href=\"http:\/\/www.ted.com\/talks\/anand_varma_a_thrilling_look_at_the_first_21_days_of_a_bee_s_life#t-350118\" target=\"_blank\">pr\u00e4sentierte Varma sein Video auch bei der Ideenkonferenz TED<\/a> und erz\u00e4hlte dort, wie sich die Varroamilbe in Zukunft ohne Chemikalien bek\u00e4mpfen lassen k\u00f6nnte. So w\u00fcrden etwa am <a href=\"http:\/\/www.ars.usda.gov\/main\/site_main.htm?modecode=60-50-05-00\" target=\"_blank\">USDA-Bienenlabor im amerikanischen Baton Rouge<\/a> gezielt milbenresistente Bienen gez\u00fcchtet. Allerdings gebe es dabei noch Probleme, da sich bei den gez\u00fcchteten Bienen auch andere Eigenschaften ver\u00e4nderten und diese beispielsweise aggressiver seien. Wie die Varroamilbe in Zukunft bek\u00e4mpft werden kann, ist also eine Frage, der sich Wissenschaftler noch l\u00e4nger widmen werden.<\/p>\n<p><em>Weitere <a href=\"https:\/\/blog.zeit.de\/teilchen\/\" target=\"_blank\">Teilchen finden Sie hier<\/a>.<\/em><\/p>\n","protected":false},"excerpt":{"rendered":"<p>Empfohlener redaktioneller Inhalt An dieser Stelle finden Sie externen Inhalt, der den Artikel erg\u00e4nzt. Sie k\u00f6nnen sich externe Inhalte mit einem Klick anzeigen lassen [\u2026]<\/p>\n","protected":false},"author":557,"featured_media":4362,"comment_status":"open","ping_status":"closed","sticky":false,"template":"","format":"standard","meta":{"_jetpack_memberships_contains_paid_content":false,"footnotes":""},"categories":[28],"tags":[],"class_list":["post-4360","post","type-post","status-publish","format-standard","has-post-thumbnail","hentry","category-video"],"yoast_head":"<!-- This site is optimized with the Yoast SEO plugin v21.0 - https:\/\/yoast.com\/wordpress\/plugins\/seo\/ -->\n<title>Biene: Bssssss \u2026 und fertig!<\/title>\n<meta name=\"description\" content=\"In 60 Sekunden vom Larven-Glibber zur Arbeiterin: So sch\u00f6n war die Genese der Biene selten zu sehen.\" \/>\n<meta name=\"robots\" content=\"index, follow, max-snippet:-1, max-image-preview:large, max-video-preview:-1\" \/>\n<link rel=\"canonical\" href=\"https:\/\/blog.zeit.de\/teilchen\/2015\/05\/26\/bssssss-und-fertig\/\" \/>\n<meta property=\"og:locale\" content=\"de_DE\" \/>\n<meta property=\"og:type\" content=\"article\" \/>\n<meta property=\"og:title\" content=\"Biene: Bssssss \u2026 und fertig!\" \/>\n<meta property=\"og:description\" content=\"In 60 Sekunden vom Larven-Glibber zur Arbeiterin: So sch\u00f6n war die Genese der Biene selten zu sehen.\" \/>\n<meta property=\"og:url\" content=\"https:\/\/blog.zeit.de\/teilchen\/2015\/05\/26\/bssssss-und-fertig\/\" \/>\n<meta property=\"og:site_name\" content=\"Teilchen\" \/>\n<meta property=\"article:published_time\" content=\"2015-05-26T14:48:30+00:00\" \/>\n<meta property=\"article:modified_time\" content=\"2015-05-27T06:12:00+00:00\" \/>\n<meta property=\"og:image\" content=\"https:\/\/blog.zeit.de\/teilchen\/files\/2015\/05\/14986143744_b0150a03ef_z.jpg\" \/>\n\t<meta property=\"og:image:width\" content=\"640\" \/>\n\t<meta property=\"og:image:height\" content=\"444\" \/>\n\t<meta property=\"og:image:type\" content=\"image\/jpeg\" \/>\n<meta name=\"author\" content=\"Anna Behrend\" \/>\n<meta name=\"twitter:card\" content=\"summary_large_image\" \/>\n<meta name=\"twitter:creator\" content=\"@zeitonline\" \/>\n<meta name=\"twitter:site\" content=\"@zeitonline\" \/>\n<meta name=\"twitter:label1\" content=\"Geschrieben von\" \/>\n\t<meta name=\"twitter:data1\" content=\"Anna Behrend\" \/>\n\t<meta name=\"twitter:label2\" content=\"Gesch\u00e4tzte Lesezeit\" \/>\n\t<meta name=\"twitter:data2\" content=\"2\u00a0Minuten\" \/>\n<script type=\"application\/ld+json\" class=\"yoast-schema-graph\">{\"@context\":\"https:\/\/schema.org\",\"@graph\":[{\"@type\":\"WebPage\",\"@id\":\"https:\/\/blog.zeit.de\/teilchen\/2015\/05\/26\/bssssss-und-fertig\/\",\"url\":\"https:\/\/blog.zeit.de\/teilchen\/2015\/05\/26\/bssssss-und-fertig\/\",\"name\":\"Biene: Bssssss \u2026 und fertig!\",\"isPartOf\":{\"@id\":\"https:\/\/blog.zeit.de\/teilchen\/#website\"},\"datePublished\":\"2015-05-26T14:48:30+00:00\",\"dateModified\":\"2015-05-27T06:12:00+00:00\",\"author\":{\"@id\":\"https:\/\/blog.zeit.de\/teilchen\/#\/schema\/person\/9c36ae3f902b3f28f6b2e82f8661403b\"},\"description\":\"In 60 Sekunden vom Larven-Glibber zur Arbeiterin: So sch\u00f6n war die Genese der Biene selten zu sehen.\",\"breadcrumb\":{\"@id\":\"https:\/\/blog.zeit.de\/teilchen\/2015\/05\/26\/bssssss-und-fertig\/#breadcrumb\"},\"inLanguage\":\"de\",\"potentialAction\":[{\"@type\":\"ReadAction\",\"target\":[\"https:\/\/blog.zeit.de\/teilchen\/2015\/05\/26\/bssssss-und-fertig\/\"]}]},{\"@type\":\"BreadcrumbList\",\"@id\":\"https:\/\/blog.zeit.de\/teilchen\/2015\/05\/26\/bssssss-und-fertig\/#breadcrumb\",\"itemListElement\":[{\"@type\":\"ListItem\",\"position\":1,\"name\":\"Startseite\",\"item\":\"https:\/\/blog.zeit.de\/teilchen\/\"},{\"@type\":\"ListItem\",\"position\":2,\"name\":\"Bssssss\u2026 und fertig!\"}]},{\"@type\":\"WebSite\",\"@id\":\"https:\/\/blog.zeit.de\/teilchen\/#website\",\"url\":\"https:\/\/blog.zeit.de\/teilchen\/\",\"name\":\"Teilchen\",\"description\":\"Im Netz verstecken sich kleine Sch\u00e4tze - ZEIT ONLINE findet sie.\",\"potentialAction\":[{\"@type\":\"SearchAction\",\"target\":{\"@type\":\"EntryPoint\",\"urlTemplate\":\"https:\/\/blog.zeit.de\/teilchen\/?s={search_term_string}\"},\"query-input\":\"required name=search_term_string\"}],\"inLanguage\":\"de\"},{\"@type\":\"Person\",\"@id\":\"https:\/\/blog.zeit.de\/teilchen\/#\/schema\/person\/9c36ae3f902b3f28f6b2e82f8661403b\",\"name\":\"Anna Behrend\",\"image\":{\"@type\":\"ImageObject\",\"inLanguage\":\"de\",\"@id\":\"https:\/\/blog.zeit.de\/teilchen\/#\/schema\/person\/image\/\",\"url\":\"https:\/\/secure.gravatar.com\/avatar\/3973ff0e44435ac869b7edfe0c413a72732ee0a7b149c39819232384e1877290?s=96&d=mm&r=g\",\"contentUrl\":\"https:\/\/secure.gravatar.com\/avatar\/3973ff0e44435ac869b7edfe0c413a72732ee0a7b149c39819232384e1877290?s=96&d=mm&r=g\",\"caption\":\"Anna Behrend\"},\"description\":\"ist Autorin bei ZEIT ONLINE.\",\"url\":\"https:\/\/blog.zeit.de\/teilchen\/author\/annabehrend\/\"}]}<\/script>\n<!-- \/ Yoast SEO plugin. -->","yoast_head_json":{"title":"Biene: Bssssss \u2026 und fertig!","description":"In 60 Sekunden vom Larven-Glibber zur Arbeiterin: So sch\u00f6n war die Genese der Biene selten zu sehen.","robots":{"index":"index","follow":"follow","max-snippet":"max-snippet:-1","max-image-preview":"max-image-preview:large","max-video-preview":"max-video-preview:-1"},"canonical":"https:\/\/blog.zeit.de\/teilchen\/2015\/05\/26\/bssssss-und-fertig\/","og_locale":"de_DE","og_type":"article","og_title":"Biene: Bssssss \u2026 und fertig!","og_description":"In 60 Sekunden vom Larven-Glibber zur Arbeiterin: So sch\u00f6n war die Genese der Biene selten zu sehen.","og_url":"https:\/\/blog.zeit.de\/teilchen\/2015\/05\/26\/bssssss-und-fertig\/","og_site_name":"Teilchen","article_published_time":"2015-05-26T14:48:30+00:00","article_modified_time":"2015-05-27T06:12:00+00:00","og_image":[{"width":640,"height":444,"url":"https:\/\/blog.zeit.de\/teilchen\/files\/2015\/05\/14986143744_b0150a03ef_z.jpg","type":"image\/jpeg"}],"author":"Anna Behrend","twitter_card":"summary_large_image","twitter_creator":"@zeitonline","twitter_site":"@zeitonline","twitter_misc":{"Geschrieben von":"Anna Behrend","Gesch\u00e4tzte Lesezeit":"2\u00a0Minuten"},"schema":{"@context":"https:\/\/schema.org","@graph":[{"@type":"WebPage","@id":"https:\/\/blog.zeit.de\/teilchen\/2015\/05\/26\/bssssss-und-fertig\/","url":"https:\/\/blog.zeit.de\/teilchen\/2015\/05\/26\/bssssss-und-fertig\/","name":"Biene: Bssssss \u2026 und fertig!","isPartOf":{"@id":"https:\/\/blog.zeit.de\/teilchen\/#website"},"datePublished":"2015-05-26T14:48:30+00:00","dateModified":"2015-05-27T06:12:00+00:00","author":{"@id":"https:\/\/blog.zeit.de\/teilchen\/#\/schema\/person\/9c36ae3f902b3f28f6b2e82f8661403b"},"description":"In 60 Sekunden vom Larven-Glibber zur Arbeiterin: So sch\u00f6n war die Genese der Biene selten zu sehen.","breadcrumb":{"@id":"https:\/\/blog.zeit.de\/teilchen\/2015\/05\/26\/bssssss-und-fertig\/#breadcrumb"},"inLanguage":"de","potentialAction":[{"@type":"ReadAction","target":["https:\/\/blog.zeit.de\/teilchen\/2015\/05\/26\/bssssss-und-fertig\/"]}]},{"@type":"BreadcrumbList","@id":"https:\/\/blog.zeit.de\/teilchen\/2015\/05\/26\/bssssss-und-fertig\/#breadcrumb","itemListElement":[{"@type":"ListItem","position":1,"name":"Startseite","item":"https:\/\/blog.zeit.de\/teilchen\/"},{"@type":"ListItem","position":2,"name":"Bssssss\u2026 und fertig!"}]},{"@type":"WebSite","@id":"https:\/\/blog.zeit.de\/teilchen\/#website","url":"https:\/\/blog.zeit.de\/teilchen\/","name":"Teilchen","description":"Im Netz verstecken sich kleine Sch\u00e4tze - ZEIT ONLINE findet sie.","potentialAction":[{"@type":"SearchAction","target":{"@type":"EntryPoint","urlTemplate":"https:\/\/blog.zeit.de\/teilchen\/?s={search_term_string}"},"query-input":"required name=search_term_string"}],"inLanguage":"de"},{"@type":"Person","@id":"https:\/\/blog.zeit.de\/teilchen\/#\/schema\/person\/9c36ae3f902b3f28f6b2e82f8661403b","name":"Anna Behrend","image":{"@type":"ImageObject","inLanguage":"de","@id":"https:\/\/blog.zeit.de\/teilchen\/#\/schema\/person\/image\/","url":"https:\/\/secure.gravatar.com\/avatar\/3973ff0e44435ac869b7edfe0c413a72732ee0a7b149c39819232384e1877290?s=96&d=mm&r=g","contentUrl":"https:\/\/secure.gravatar.com\/avatar\/3973ff0e44435ac869b7edfe0c413a72732ee0a7b149c39819232384e1877290?s=96&d=mm&r=g","caption":"Anna Behrend"},"description":"ist Autorin bei ZEIT ONLINE.","url":"https:\/\/blog.zeit.de\/teilchen\/author\/annabehrend\/"}]}},"jetpack_featured_media_url":"https:\/\/blog.zeit.de\/teilchen\/files\/2015\/05\/14986143744_b0150a03ef_z.jpg","jetpack_sharing_enabled":true,"_links":{"self":[{"href":"https:\/\/blog.zeit.de\/teilchen\/wp-json\/wp\/v2\/posts\/4360","targetHints":{"allow":["GET"]}}],"collection":[{"href":"https:\/\/blog.zeit.de\/teilchen\/wp-json\/wp\/v2\/posts"}],"about":[{"href":"https:\/\/blog.zeit.de\/teilchen\/wp-json\/wp\/v2\/types\/post"}],"author":[{"embeddable":true,"href":"https:\/\/blog.zeit.de\/teilchen\/wp-json\/wp\/v2\/users\/557"}],"replies":[{"embeddable":true,"href":"https:\/\/blog.zeit.de\/teilchen\/wp-json\/wp\/v2\/comments?post=4360"}],"version-history":[{"count":16,"href":"https:\/\/blog.zeit.de\/teilchen\/wp-json\/wp\/v2\/posts\/4360\/revisions"}],"predecessor-version":[{"id":4408,"href":"https:\/\/blog.zeit.de\/teilchen\/wp-json\/wp\/v2\/posts\/4360\/revisions\/4408"}],"wp:featuredmedia":[{"embeddable":true,"href":"https:\/\/blog.zeit.de\/teilchen\/wp-json\/wp\/v2\/media\/4362"}],"wp:attachment":[{"href":"https:\/\/blog.zeit.de\/teilchen\/wp-json\/wp\/v2\/media?parent=4360"}],"wp:term":[{"taxonomy":"category","embeddable":true,"href":"https:\/\/blog.zeit.de\/teilchen\/wp-json\/wp\/v2\/categories?post=4360"},{"taxonomy":"post_tag","embeddable":true,"href":"https:\/\/blog.zeit.de\/teilchen\/wp-json\/wp\/v2\/tags?post=4360"}],"curies":[{"name":"wp","href":"https:\/\/api.w.org\/{rel}","templated":true}]}}