{"id":4382,"date":"2015-06-04T10:15:58","date_gmt":"2015-06-04T08:15:58","guid":{"rendered":"http:\/\/blog.zeit.de\/teilchen\/?p=4382"},"modified":"2015-06-02T14:54:13","modified_gmt":"2015-06-02T12:54:13","slug":"peter-paul-rubens-biblischer-kindermord","status":"publish","type":"post","link":"https:\/\/blog.zeit.de\/teilchen\/2015\/06\/04\/peter-paul-rubens-biblischer-kindermord\/","title":{"rendered":"Biblischer Kindermord in Bewegung"},"content":{"rendered":"\n<div class=\"embed-wrapper embed-wrapper--blocked js-embed-consent\" data-method=\"iframe\">\n<script class=\"raw__source\" type=\"text\/template\"><iframe loading=\"lazy\" frameborder=\"0\" height=\"326\" src=\"https:\/\/player.vimeo.com\/video\/125791075?color=ffffff&amp;byline=0&amp;portrait=0\" width=\"580\"><\/iframe><\/script>\n<div class=\"embed-wrapper__inner\">\n<div class=\"embed-wrapper__text\">\n<h3>Empfohlener redaktioneller Inhalt<\/h3>\n<p data-replace=\"no\">An dieser Stelle finden Sie externen Inhalt, der den Artikel erg\u00e4nzt. Sie k\u00f6nnen sich externe Inhalte mit einem Klick anzeigen lassen und wieder ausblenden.<noscript>Bitte aktivieren Sie JavaScript damit Sie diesen Inhalt anzeigen k\u00f6nnen.<\/noscript><\/p>\n<\/div>\n<div class=\"embed-consent\">\n<label class=\"embed-consent__toggle\">\n<input class=\"js-embed-consent__toggle\" type=\"checkbox\" autocomplete=\"off\">\n<span><\/span>\nExterner Inhalt\n<\/label>\n<a href=\"https:\/\/www.zeit.de\/hilfe\/datenschutz\" target=\"_blank\" class=\"embed-consent__datalink-when-active\">Datenschutzerkl\u00e4rung<\/a>\n<\/div>\n<div class=\"embed-wrapper__footer\">\n<p data-replace=\"no\">\nIch bin damit einverstanden, dass mir externe Inhalte angezeigt werden. Damit k\u00f6nnen personenbezogene Daten an Drittplattformen \u00fcbermittelt werden. <a href=\"https:\/\/www.zeit.de\/hilfe\/datenschutz\" target=\"_blank\">Mehr dazu in unserer Datenschutzerkl\u00e4rung.<\/a>\n<\/p>\n<\/div>\n<\/div>\n<\/div>\n<p>&nbsp;<\/p>\n<p>Als Herodes, K\u00f6nig der Juden, von der Geburt Jesu Christi erfuhr, lie\u00df er alle\u00a0Neugeborenen in Bethlehem t\u00f6ten. So \u00fcberliefert es in der Bibel das Matth\u00e4usevangelium, so bannte\u00a0es Peter Paul Rubens auf seine Leinwand. 2015 kommt Bewegung in\u00a0die\u00a0Geschichte, durch Geduld und einen 3-D-Drucker.<!--more--><\/p>\n<p>Peter Paul Rubens ist umstritten. <a href=\"http:\/\/www.zeit.de\/2014\/41\/rubens-bruessel-ausstellung-bozar\">Zu seinen Lebzeiten und auch noch heute ruft er mal mehr, mal weniger qualifizierte Kritiker auf den Plan<\/a>. Aber vielleicht ist auch das Teil seines Verm\u00e4chtnisses, denn eines kann niemand abstreiten: Er ist einer der bekanntesten K\u00fcnstler der fr\u00fchen Neuzeit. Das hat sich im Zeitalter\u00a0der Computeranimation nicht ge\u00e4ndert.<\/p>\n<p>Sechs Monate lang hat der Animationsk\u00fcnstler Sebastian Burdon damit verbracht, Rubens&#8216;\u00a0<em>Kindermord in Bethlehem<\/em> in ein plastisches dreidimensionales\u00a0Zoetrop\u00a0zu verwandeln.\u00a0Zoetrope, auch Wundertrommeln genannt, erzeugen durch schnelle Drehung kreisf\u00f6rmig aneinandergereihter Motive\u00a0Bewegtbild.<\/p>\n<p><em>Weitere <a href=\"https:\/\/blog.zeit.de\/teilchen\">Teilchen finden Sie hier<\/a><\/em>.<\/p>\n","protected":false},"excerpt":{"rendered":"<p>Empfohlener redaktioneller Inhalt An dieser Stelle finden Sie externen Inhalt, der den Artikel erg\u00e4nzt. Sie k\u00f6nnen sich externe Inhalte mit einem Klick anzeigen lassen [\u2026]<\/p>\n","protected":false},"author":558,"featured_media":4403,"comment_status":"open","ping_status":"closed","sticky":false,"template":"","format":"standard","meta":{"_jetpack_memberships_contains_paid_content":false,"footnotes":""},"categories":[28],"tags":[],"class_list":["post-4382","post","type-post","status-publish","format-standard","has-post-thumbnail","hentry","category-video"],"yoast_head":"<!-- This site is optimized with the Yoast SEO plugin v21.0 - https:\/\/yoast.com\/wordpress\/plugins\/seo\/ -->\n<title>Peter Paul Rubens: Biblischer Kindermord in Bewegung<\/title>\n<meta name=\"description\" content=\"Peter Paul Rubens malte im 17. Jahrhundert den &quot;Kindermord von Bethlehem&quot;. Heute dreht sich das Bild als 3D-Druck.\" \/>\n<meta name=\"robots\" content=\"index, follow, max-snippet:-1, max-image-preview:large, max-video-preview:-1\" \/>\n<link rel=\"canonical\" href=\"https:\/\/blog.zeit.de\/teilchen\/2015\/06\/04\/peter-paul-rubens-biblischer-kindermord\/\" \/>\n<meta property=\"og:locale\" content=\"de_DE\" \/>\n<meta property=\"og:type\" content=\"article\" \/>\n<meta property=\"og:title\" content=\"Peter Paul Rubens: Biblischer Kindermord in Bewegung\" \/>\n<meta property=\"og:description\" content=\"Peter Paul Rubens malte im 17. Jahrhundert den &quot;Kindermord von Bethlehem&quot;. Heute dreht sich das Bild als 3D-Druck.\" \/>\n<meta property=\"og:url\" content=\"https:\/\/blog.zeit.de\/teilchen\/2015\/06\/04\/peter-paul-rubens-biblischer-kindermord\/\" \/>\n<meta property=\"og:site_name\" content=\"Teilchen\" \/>\n<meta property=\"article:published_time\" content=\"2015-06-04T08:15:58+00:00\" \/>\n<meta property=\"article:modified_time\" content=\"2015-06-02T12:54:13+00:00\" \/>\n<meta property=\"og:image\" content=\"https:\/\/blog.zeit.de\/teilchen\/files\/2015\/05\/teilchen-rubens.png\" \/>\n\t<meta property=\"og:image:width\" content=\"640\" \/>\n\t<meta property=\"og:image:height\" content=\"363\" \/>\n\t<meta property=\"og:image:type\" content=\"image\/png\" \/>\n<meta name=\"author\" content=\"Carim Soliman\" \/>\n<meta name=\"twitter:card\" content=\"summary_large_image\" \/>\n<meta name=\"twitter:creator\" content=\"@zeitonline\" \/>\n<meta name=\"twitter:site\" content=\"@zeitonline\" \/>\n<meta name=\"twitter:label1\" content=\"Geschrieben von\" \/>\n\t<meta name=\"twitter:data1\" content=\"Carim Soliman\" \/>\n\t<meta name=\"twitter:label2\" content=\"Gesch\u00e4tzte Lesezeit\" \/>\n\t<meta name=\"twitter:data2\" content=\"1\u00a0Minute\" \/>\n<script type=\"application\/ld+json\" class=\"yoast-schema-graph\">{\"@context\":\"https:\/\/schema.org\",\"@graph\":[{\"@type\":\"WebPage\",\"@id\":\"https:\/\/blog.zeit.de\/teilchen\/2015\/06\/04\/peter-paul-rubens-biblischer-kindermord\/\",\"url\":\"https:\/\/blog.zeit.de\/teilchen\/2015\/06\/04\/peter-paul-rubens-biblischer-kindermord\/\",\"name\":\"Peter Paul Rubens: Biblischer Kindermord in Bewegung\",\"isPartOf\":{\"@id\":\"https:\/\/blog.zeit.de\/teilchen\/#website\"},\"datePublished\":\"2015-06-04T08:15:58+00:00\",\"dateModified\":\"2015-06-02T12:54:13+00:00\",\"author\":{\"@id\":\"https:\/\/blog.zeit.de\/teilchen\/#\/schema\/person\/1b29fdf43f8ed1922626fad081532fea\"},\"description\":\"Peter Paul Rubens malte im 17. Jahrhundert den \\\"Kindermord von Bethlehem\\\". Heute dreht sich das Bild als 3D-Druck.\",\"breadcrumb\":{\"@id\":\"https:\/\/blog.zeit.de\/teilchen\/2015\/06\/04\/peter-paul-rubens-biblischer-kindermord\/#breadcrumb\"},\"inLanguage\":\"de\",\"potentialAction\":[{\"@type\":\"ReadAction\",\"target\":[\"https:\/\/blog.zeit.de\/teilchen\/2015\/06\/04\/peter-paul-rubens-biblischer-kindermord\/\"]}]},{\"@type\":\"BreadcrumbList\",\"@id\":\"https:\/\/blog.zeit.de\/teilchen\/2015\/06\/04\/peter-paul-rubens-biblischer-kindermord\/#breadcrumb\",\"itemListElement\":[{\"@type\":\"ListItem\",\"position\":1,\"name\":\"Startseite\",\"item\":\"https:\/\/blog.zeit.de\/teilchen\/\"},{\"@type\":\"ListItem\",\"position\":2,\"name\":\"Biblischer Kindermord in Bewegung\"}]},{\"@type\":\"WebSite\",\"@id\":\"https:\/\/blog.zeit.de\/teilchen\/#website\",\"url\":\"https:\/\/blog.zeit.de\/teilchen\/\",\"name\":\"Teilchen\",\"description\":\"Im Netz verstecken sich kleine Sch\u00e4tze - ZEIT ONLINE findet sie.\",\"potentialAction\":[{\"@type\":\"SearchAction\",\"target\":{\"@type\":\"EntryPoint\",\"urlTemplate\":\"https:\/\/blog.zeit.de\/teilchen\/?s={search_term_string}\"},\"query-input\":\"required name=search_term_string\"}],\"inLanguage\":\"de\"},{\"@type\":\"Person\",\"@id\":\"https:\/\/blog.zeit.de\/teilchen\/#\/schema\/person\/1b29fdf43f8ed1922626fad081532fea\",\"name\":\"Carim Soliman\",\"image\":{\"@type\":\"ImageObject\",\"inLanguage\":\"de\",\"@id\":\"https:\/\/blog.zeit.de\/teilchen\/#\/schema\/person\/image\/\",\"url\":\"https:\/\/secure.gravatar.com\/avatar\/928a491c6dc6ad6a6b7c6e9c5a3c52f6c2b64a769ba414071d0504ad0a1c306e?s=96&d=mm&r=g\",\"contentUrl\":\"https:\/\/secure.gravatar.com\/avatar\/928a491c6dc6ad6a6b7c6e9c5a3c52f6c2b64a769ba414071d0504ad0a1c306e?s=96&d=mm&r=g\",\"caption\":\"Carim Soliman\"},\"description\":\"ist Autor bei ZEIT ONLINE.\",\"url\":\"https:\/\/blog.zeit.de\/teilchen\/author\/csoliman\/\"}]}<\/script>\n<!-- \/ Yoast SEO plugin. -->","yoast_head_json":{"title":"Peter Paul Rubens: Biblischer Kindermord in Bewegung","description":"Peter Paul Rubens malte im 17. Jahrhundert den \"Kindermord von Bethlehem\". Heute dreht sich das Bild als 3D-Druck.","robots":{"index":"index","follow":"follow","max-snippet":"max-snippet:-1","max-image-preview":"max-image-preview:large","max-video-preview":"max-video-preview:-1"},"canonical":"https:\/\/blog.zeit.de\/teilchen\/2015\/06\/04\/peter-paul-rubens-biblischer-kindermord\/","og_locale":"de_DE","og_type":"article","og_title":"Peter Paul Rubens: Biblischer Kindermord in Bewegung","og_description":"Peter Paul Rubens malte im 17. Jahrhundert den \"Kindermord von Bethlehem\". Heute dreht sich das Bild als 3D-Druck.","og_url":"https:\/\/blog.zeit.de\/teilchen\/2015\/06\/04\/peter-paul-rubens-biblischer-kindermord\/","og_site_name":"Teilchen","article_published_time":"2015-06-04T08:15:58+00:00","article_modified_time":"2015-06-02T12:54:13+00:00","og_image":[{"width":640,"height":363,"url":"https:\/\/blog.zeit.de\/teilchen\/files\/2015\/05\/teilchen-rubens.png","type":"image\/png"}],"author":"Carim Soliman","twitter_card":"summary_large_image","twitter_creator":"@zeitonline","twitter_site":"@zeitonline","twitter_misc":{"Geschrieben von":"Carim Soliman","Gesch\u00e4tzte Lesezeit":"1\u00a0Minute"},"schema":{"@context":"https:\/\/schema.org","@graph":[{"@type":"WebPage","@id":"https:\/\/blog.zeit.de\/teilchen\/2015\/06\/04\/peter-paul-rubens-biblischer-kindermord\/","url":"https:\/\/blog.zeit.de\/teilchen\/2015\/06\/04\/peter-paul-rubens-biblischer-kindermord\/","name":"Peter Paul Rubens: Biblischer Kindermord in Bewegung","isPartOf":{"@id":"https:\/\/blog.zeit.de\/teilchen\/#website"},"datePublished":"2015-06-04T08:15:58+00:00","dateModified":"2015-06-02T12:54:13+00:00","author":{"@id":"https:\/\/blog.zeit.de\/teilchen\/#\/schema\/person\/1b29fdf43f8ed1922626fad081532fea"},"description":"Peter Paul Rubens malte im 17. Jahrhundert den \"Kindermord von Bethlehem\". Heute dreht sich das Bild als 3D-Druck.","breadcrumb":{"@id":"https:\/\/blog.zeit.de\/teilchen\/2015\/06\/04\/peter-paul-rubens-biblischer-kindermord\/#breadcrumb"},"inLanguage":"de","potentialAction":[{"@type":"ReadAction","target":["https:\/\/blog.zeit.de\/teilchen\/2015\/06\/04\/peter-paul-rubens-biblischer-kindermord\/"]}]},{"@type":"BreadcrumbList","@id":"https:\/\/blog.zeit.de\/teilchen\/2015\/06\/04\/peter-paul-rubens-biblischer-kindermord\/#breadcrumb","itemListElement":[{"@type":"ListItem","position":1,"name":"Startseite","item":"https:\/\/blog.zeit.de\/teilchen\/"},{"@type":"ListItem","position":2,"name":"Biblischer Kindermord in Bewegung"}]},{"@type":"WebSite","@id":"https:\/\/blog.zeit.de\/teilchen\/#website","url":"https:\/\/blog.zeit.de\/teilchen\/","name":"Teilchen","description":"Im Netz verstecken sich kleine Sch\u00e4tze - ZEIT ONLINE findet sie.","potentialAction":[{"@type":"SearchAction","target":{"@type":"EntryPoint","urlTemplate":"https:\/\/blog.zeit.de\/teilchen\/?s={search_term_string}"},"query-input":"required name=search_term_string"}],"inLanguage":"de"},{"@type":"Person","@id":"https:\/\/blog.zeit.de\/teilchen\/#\/schema\/person\/1b29fdf43f8ed1922626fad081532fea","name":"Carim Soliman","image":{"@type":"ImageObject","inLanguage":"de","@id":"https:\/\/blog.zeit.de\/teilchen\/#\/schema\/person\/image\/","url":"https:\/\/secure.gravatar.com\/avatar\/928a491c6dc6ad6a6b7c6e9c5a3c52f6c2b64a769ba414071d0504ad0a1c306e?s=96&d=mm&r=g","contentUrl":"https:\/\/secure.gravatar.com\/avatar\/928a491c6dc6ad6a6b7c6e9c5a3c52f6c2b64a769ba414071d0504ad0a1c306e?s=96&d=mm&r=g","caption":"Carim Soliman"},"description":"ist Autor bei ZEIT ONLINE.","url":"https:\/\/blog.zeit.de\/teilchen\/author\/csoliman\/"}]}},"jetpack_featured_media_url":"https:\/\/blog.zeit.de\/teilchen\/files\/2015\/05\/teilchen-rubens.png","jetpack_sharing_enabled":true,"_links":{"self":[{"href":"https:\/\/blog.zeit.de\/teilchen\/wp-json\/wp\/v2\/posts\/4382","targetHints":{"allow":["GET"]}}],"collection":[{"href":"https:\/\/blog.zeit.de\/teilchen\/wp-json\/wp\/v2\/posts"}],"about":[{"href":"https:\/\/blog.zeit.de\/teilchen\/wp-json\/wp\/v2\/types\/post"}],"author":[{"embeddable":true,"href":"https:\/\/blog.zeit.de\/teilchen\/wp-json\/wp\/v2\/users\/558"}],"replies":[{"embeddable":true,"href":"https:\/\/blog.zeit.de\/teilchen\/wp-json\/wp\/v2\/comments?post=4382"}],"version-history":[{"count":11,"href":"https:\/\/blog.zeit.de\/teilchen\/wp-json\/wp\/v2\/posts\/4382\/revisions"}],"predecessor-version":[{"id":4510,"href":"https:\/\/blog.zeit.de\/teilchen\/wp-json\/wp\/v2\/posts\/4382\/revisions\/4510"}],"wp:featuredmedia":[{"embeddable":true,"href":"https:\/\/blog.zeit.de\/teilchen\/wp-json\/wp\/v2\/media\/4403"}],"wp:attachment":[{"href":"https:\/\/blog.zeit.de\/teilchen\/wp-json\/wp\/v2\/media?parent=4382"}],"wp:term":[{"taxonomy":"category","embeddable":true,"href":"https:\/\/blog.zeit.de\/teilchen\/wp-json\/wp\/v2\/categories?post=4382"},{"taxonomy":"post_tag","embeddable":true,"href":"https:\/\/blog.zeit.de\/teilchen\/wp-json\/wp\/v2\/tags?post=4382"}],"curies":[{"name":"wp","href":"https:\/\/api.w.org\/{rel}","templated":true}]}}