{"id":461,"date":"2014-11-21T08:55:01","date_gmt":"2014-11-21T07:55:01","guid":{"rendered":"http:\/\/blog.zeit.de\/teilchen\/?p=461"},"modified":"2015-03-16T11:55:31","modified_gmt":"2015-03-16T10:55:31","slug":"nano-technologie-kunst","status":"publish","type":"post","link":"https:\/\/blog.zeit.de\/teilchen\/2014\/11\/21\/nano-technologie-kunst\/","title":{"rendered":"Eine G\u00f6ttin im Nano-Format"},"content":{"rendered":"<p><figure id=\"attachment_462\" aria-describedby=\"caption-attachment-462\" style=\"width: 580px\" class=\"wp-caption aligncenter\"><a href=\"http:\/\/www.jontyhurwitz.com\/nano\"><img loading=\"lazy\" decoding=\"async\" class=\"size-medium wp-image-462\" src=\"https:\/\/blog.zeit.de\/teilchen\/files\/2014\/11\/Trust-needle-full-heavenly-01-580x373.jpg\" alt=\"Die kleinste Skulptur der Welt passt in ein Nadel\u00f6hr. \u00a9 Jonty Hurwitz\" width=\"580\" height=\"373\" srcset=\"https:\/\/blog.zeit.de\/teilchen\/files\/2014\/11\/Trust-needle-full-heavenly-01-580x373.jpg 580w, https:\/\/blog.zeit.de\/teilchen\/files\/2014\/11\/Trust-needle-full-heavenly-01-1024x660.jpg 1024w, https:\/\/blog.zeit.de\/teilchen\/files\/2014\/11\/Trust-needle-full-heavenly-01.jpg 1500w\" sizes=\"auto, (max-width: 580px) 100vw, 580px\" \/><\/a><figcaption id=\"caption-attachment-462\" class=\"wp-caption-text\">Die kleinste Skulptur der Welt passt in ein Nadel\u00f6hr. \u00a9 Jonty Hurwitz<\/figcaption><\/figure><\/p>\n<p>Was Sie hier sehen, ist gro\u00dfe Kunst \u2013 im Nano-Format. Mit &#8222;Trust&#8220; hat der <a href=\"http:\/\/www.jontyhurwitz.com\/nano\">K\u00fcnstler Jonty Hurwitz<\/a> die kleinste Skulptur gebaut, die ein Mensch bisher geschaffen hat. Die Miniatur-Frau erinnert mit ihrer kraftvollen Pose an die Statue einer r\u00f6mischen G\u00f6ttin. Doch sie misst gerade mal 80 x 100 x 20 Mikrometer und passt damit bequem in ein Nadel\u00f6hr \u2013 wie hier \u2013 oder auf ein einzelnes Haarfollikel. Ohne ein Mikroskop w\u00e4re sie nicht zu sehen.<\/p>\n<p><a href=\"http:\/\/www.zeit.de\/schlagworte\/themen\/nanotechnologie\/index\">Die Nanowelt<\/a> fasziniert nicht nur den K\u00fcnstler. Die kleinen Teilchen haben auch eine gro\u00dfe <a href=\"http:\/\/www.zeit.de\/2013\/45\/nanotechnologie-umsatz-nutzen-schaden\">Wirkung auf Wissenschaftler, Produktentwickler und \u00d6konomen<\/a>. Der Nanokosmos verspricht einen Millionenmarkt. Winziges steckt schon jetzt in zahlreichen Produkten \u2013 von Farbe \u00fcber <a href=\"http:\/\/www.zeit.de\/2013\/45\/nanotechnologie-textilien\">Kleidung<\/a> bis hin zu <a href=\"http:\/\/www.zeit.de\/2013\/45\/nanotechnologie-kosmetik-kennzeichnung\">Kosmetikartikeln<\/a>. Inwieweit Nanopartikel <a href=\"http:\/\/www.zeit.de\/wissen\/umwelt\/2012-11\/Nanopartikel-schaden-Wasserfloehen\">Mensch und Umwelt schaden<\/a>, ist bislang nicht ausreichend erforscht. Zumindest haben Studien Hinweise darauf gezeigt, dass solche Teilchen in die Blutbahn gelangen und Zellen angreifen k\u00f6nnten.<\/p>\n<p><em>Weitere Teilchen aus unserem Blog finden Sie <a href=\"https:\/\/blog.zeit.de\/teilchen\/\">hier.<\/a><\/em><\/p>\n","protected":false},"excerpt":{"rendered":"<p>Was Sie hier sehen, ist gro\u00dfe Kunst \u2013 im Nano-Format. Mit &#8222;Trust&#8220; hat der K\u00fcnstler Jonty Hurwitz die kleinste Skulptur gebaut, die ein Mensch [\u2026]<\/p>\n","protected":false},"author":448,"featured_media":0,"comment_status":"closed","ping_status":"closed","sticky":false,"template":"","format":"standard","meta":{"_jetpack_memberships_contains_paid_content":false,"footnotes":""},"categories":[14172],"tags":[],"class_list":["post-461","post","type-post","status-publish","format-standard","hentry","category-bilder"],"yoast_head":"<!-- This site is optimized with the Yoast SEO plugin v21.0 - https:\/\/yoast.com\/wordpress\/plugins\/seo\/ -->\n<title>Eine G\u00f6ttin im Nano-Format &#8902; Teilchen<\/title>\n<meta name=\"description\" content=\"Die Nanowelt fasziniert K\u00fcnstler, Wissenschaftler, Produktentwickler und \u00d6konomen. Sie verspricht einen Millionenmarkt.\" \/>\n<meta name=\"robots\" content=\"index, follow, max-snippet:-1, max-image-preview:large, max-video-preview:-1\" \/>\n<link rel=\"canonical\" href=\"https:\/\/blog.zeit.de\/teilchen\/2014\/11\/21\/nano-technologie-kunst\/\" \/>\n<meta property=\"og:locale\" content=\"de_DE\" \/>\n<meta property=\"og:type\" content=\"article\" \/>\n<meta property=\"og:title\" content=\"Eine G\u00f6ttin im Nano-Format &#8902; Teilchen\" \/>\n<meta property=\"og:description\" content=\"Die Nanowelt fasziniert K\u00fcnstler, Wissenschaftler, Produktentwickler und \u00d6konomen. Sie verspricht einen Millionenmarkt.\" \/>\n<meta property=\"og:url\" content=\"https:\/\/blog.zeit.de\/teilchen\/2014\/11\/21\/nano-technologie-kunst\/\" \/>\n<meta property=\"og:site_name\" content=\"Teilchen\" \/>\n<meta property=\"article:published_time\" content=\"2014-11-21T07:55:01+00:00\" \/>\n<meta property=\"article:modified_time\" content=\"2015-03-16T10:55:31+00:00\" \/>\n<meta property=\"og:image\" content=\"https:\/\/blog.zeit.de\/teilchen\/files\/2014\/11\/Trust-needle-full-heavenly-01-580x373.jpg\" \/>\n<meta name=\"author\" content=\"Alina Schadwinkel\" \/>\n<meta name=\"twitter:card\" content=\"summary_large_image\" \/>\n<meta name=\"twitter:creator\" content=\"@zeitonline\" \/>\n<meta name=\"twitter:site\" content=\"@zeitonline\" \/>\n<meta name=\"twitter:label1\" content=\"Geschrieben von\" \/>\n\t<meta name=\"twitter:data1\" content=\"Alina Schadwinkel\" \/>\n\t<meta name=\"twitter:label2\" content=\"Gesch\u00e4tzte Lesezeit\" \/>\n\t<meta name=\"twitter:data2\" content=\"1\u00a0Minute\" \/>\n<script type=\"application\/ld+json\" class=\"yoast-schema-graph\">{\"@context\":\"https:\/\/schema.org\",\"@graph\":[{\"@type\":\"WebPage\",\"@id\":\"https:\/\/blog.zeit.de\/teilchen\/2014\/11\/21\/nano-technologie-kunst\/\",\"url\":\"https:\/\/blog.zeit.de\/teilchen\/2014\/11\/21\/nano-technologie-kunst\/\",\"name\":\"Eine G\u00f6ttin im Nano-Format &#8902; Teilchen\",\"isPartOf\":{\"@id\":\"https:\/\/blog.zeit.de\/teilchen\/#website\"},\"datePublished\":\"2014-11-21T07:55:01+00:00\",\"dateModified\":\"2015-03-16T10:55:31+00:00\",\"author\":{\"@id\":\"https:\/\/blog.zeit.de\/teilchen\/#\/schema\/person\/4f8819497f3cb8c40a48cea72d06a55a\"},\"description\":\"Die Nanowelt fasziniert K\u00fcnstler, Wissenschaftler, Produktentwickler und \u00d6konomen. Sie verspricht einen Millionenmarkt.\",\"breadcrumb\":{\"@id\":\"https:\/\/blog.zeit.de\/teilchen\/2014\/11\/21\/nano-technologie-kunst\/#breadcrumb\"},\"inLanguage\":\"de\",\"potentialAction\":[{\"@type\":\"ReadAction\",\"target\":[\"https:\/\/blog.zeit.de\/teilchen\/2014\/11\/21\/nano-technologie-kunst\/\"]}]},{\"@type\":\"BreadcrumbList\",\"@id\":\"https:\/\/blog.zeit.de\/teilchen\/2014\/11\/21\/nano-technologie-kunst\/#breadcrumb\",\"itemListElement\":[{\"@type\":\"ListItem\",\"position\":1,\"name\":\"Startseite\",\"item\":\"https:\/\/blog.zeit.de\/teilchen\/\"},{\"@type\":\"ListItem\",\"position\":2,\"name\":\"Eine G\u00f6ttin im Nano-Format\"}]},{\"@type\":\"WebSite\",\"@id\":\"https:\/\/blog.zeit.de\/teilchen\/#website\",\"url\":\"https:\/\/blog.zeit.de\/teilchen\/\",\"name\":\"Teilchen\",\"description\":\"Im Netz verstecken sich kleine Sch\u00e4tze - ZEIT ONLINE findet sie.\",\"potentialAction\":[{\"@type\":\"SearchAction\",\"target\":{\"@type\":\"EntryPoint\",\"urlTemplate\":\"https:\/\/blog.zeit.de\/teilchen\/?s={search_term_string}\"},\"query-input\":\"required name=search_term_string\"}],\"inLanguage\":\"de\"},{\"@type\":\"Person\",\"@id\":\"https:\/\/blog.zeit.de\/teilchen\/#\/schema\/person\/4f8819497f3cb8c40a48cea72d06a55a\",\"name\":\"Alina Schadwinkel\",\"image\":{\"@type\":\"ImageObject\",\"inLanguage\":\"de\",\"@id\":\"https:\/\/blog.zeit.de\/teilchen\/#\/schema\/person\/image\/\",\"url\":\"https:\/\/secure.gravatar.com\/avatar\/b3f312ac40fdb8c9c6e85125cbe44a5ef6e3f0f1dad2fe630dcdb7e956a183e4?s=96&d=mm&r=g\",\"contentUrl\":\"https:\/\/secure.gravatar.com\/avatar\/b3f312ac40fdb8c9c6e85125cbe44a5ef6e3f0f1dad2fe630dcdb7e956a183e4?s=96&d=mm&r=g\",\"caption\":\"Alina Schadwinkel\"},\"description\":\"ist Redakteurin bei ZEIT ONLINE.\",\"url\":\"https:\/\/blog.zeit.de\/teilchen\/author\/aschadwinkel\/\"}]}<\/script>\n<!-- \/ Yoast SEO plugin. -->","yoast_head_json":{"title":"Eine G\u00f6ttin im Nano-Format &#8902; Teilchen","description":"Die Nanowelt fasziniert K\u00fcnstler, Wissenschaftler, Produktentwickler und \u00d6konomen. Sie verspricht einen Millionenmarkt.","robots":{"index":"index","follow":"follow","max-snippet":"max-snippet:-1","max-image-preview":"max-image-preview:large","max-video-preview":"max-video-preview:-1"},"canonical":"https:\/\/blog.zeit.de\/teilchen\/2014\/11\/21\/nano-technologie-kunst\/","og_locale":"de_DE","og_type":"article","og_title":"Eine G\u00f6ttin im Nano-Format &#8902; Teilchen","og_description":"Die Nanowelt fasziniert K\u00fcnstler, Wissenschaftler, Produktentwickler und \u00d6konomen. Sie verspricht einen Millionenmarkt.","og_url":"https:\/\/blog.zeit.de\/teilchen\/2014\/11\/21\/nano-technologie-kunst\/","og_site_name":"Teilchen","article_published_time":"2014-11-21T07:55:01+00:00","article_modified_time":"2015-03-16T10:55:31+00:00","og_image":[{"url":"https:\/\/blog.zeit.de\/teilchen\/files\/2014\/11\/Trust-needle-full-heavenly-01-580x373.jpg"}],"author":"Alina Schadwinkel","twitter_card":"summary_large_image","twitter_creator":"@zeitonline","twitter_site":"@zeitonline","twitter_misc":{"Geschrieben von":"Alina Schadwinkel","Gesch\u00e4tzte Lesezeit":"1\u00a0Minute"},"schema":{"@context":"https:\/\/schema.org","@graph":[{"@type":"WebPage","@id":"https:\/\/blog.zeit.de\/teilchen\/2014\/11\/21\/nano-technologie-kunst\/","url":"https:\/\/blog.zeit.de\/teilchen\/2014\/11\/21\/nano-technologie-kunst\/","name":"Eine G\u00f6ttin im Nano-Format &#8902; Teilchen","isPartOf":{"@id":"https:\/\/blog.zeit.de\/teilchen\/#website"},"datePublished":"2014-11-21T07:55:01+00:00","dateModified":"2015-03-16T10:55:31+00:00","author":{"@id":"https:\/\/blog.zeit.de\/teilchen\/#\/schema\/person\/4f8819497f3cb8c40a48cea72d06a55a"},"description":"Die Nanowelt fasziniert K\u00fcnstler, Wissenschaftler, Produktentwickler und \u00d6konomen. Sie verspricht einen Millionenmarkt.","breadcrumb":{"@id":"https:\/\/blog.zeit.de\/teilchen\/2014\/11\/21\/nano-technologie-kunst\/#breadcrumb"},"inLanguage":"de","potentialAction":[{"@type":"ReadAction","target":["https:\/\/blog.zeit.de\/teilchen\/2014\/11\/21\/nano-technologie-kunst\/"]}]},{"@type":"BreadcrumbList","@id":"https:\/\/blog.zeit.de\/teilchen\/2014\/11\/21\/nano-technologie-kunst\/#breadcrumb","itemListElement":[{"@type":"ListItem","position":1,"name":"Startseite","item":"https:\/\/blog.zeit.de\/teilchen\/"},{"@type":"ListItem","position":2,"name":"Eine G\u00f6ttin im Nano-Format"}]},{"@type":"WebSite","@id":"https:\/\/blog.zeit.de\/teilchen\/#website","url":"https:\/\/blog.zeit.de\/teilchen\/","name":"Teilchen","description":"Im Netz verstecken sich kleine Sch\u00e4tze - ZEIT ONLINE findet sie.","potentialAction":[{"@type":"SearchAction","target":{"@type":"EntryPoint","urlTemplate":"https:\/\/blog.zeit.de\/teilchen\/?s={search_term_string}"},"query-input":"required name=search_term_string"}],"inLanguage":"de"},{"@type":"Person","@id":"https:\/\/blog.zeit.de\/teilchen\/#\/schema\/person\/4f8819497f3cb8c40a48cea72d06a55a","name":"Alina Schadwinkel","image":{"@type":"ImageObject","inLanguage":"de","@id":"https:\/\/blog.zeit.de\/teilchen\/#\/schema\/person\/image\/","url":"https:\/\/secure.gravatar.com\/avatar\/b3f312ac40fdb8c9c6e85125cbe44a5ef6e3f0f1dad2fe630dcdb7e956a183e4?s=96&d=mm&r=g","contentUrl":"https:\/\/secure.gravatar.com\/avatar\/b3f312ac40fdb8c9c6e85125cbe44a5ef6e3f0f1dad2fe630dcdb7e956a183e4?s=96&d=mm&r=g","caption":"Alina Schadwinkel"},"description":"ist Redakteurin bei ZEIT ONLINE.","url":"https:\/\/blog.zeit.de\/teilchen\/author\/aschadwinkel\/"}]}},"jetpack_featured_media_url":"","jetpack_sharing_enabled":true,"_links":{"self":[{"href":"https:\/\/blog.zeit.de\/teilchen\/wp-json\/wp\/v2\/posts\/461","targetHints":{"allow":["GET"]}}],"collection":[{"href":"https:\/\/blog.zeit.de\/teilchen\/wp-json\/wp\/v2\/posts"}],"about":[{"href":"https:\/\/blog.zeit.de\/teilchen\/wp-json\/wp\/v2\/types\/post"}],"author":[{"embeddable":true,"href":"https:\/\/blog.zeit.de\/teilchen\/wp-json\/wp\/v2\/users\/448"}],"replies":[{"embeddable":true,"href":"https:\/\/blog.zeit.de\/teilchen\/wp-json\/wp\/v2\/comments?post=461"}],"version-history":[{"count":9,"href":"https:\/\/blog.zeit.de\/teilchen\/wp-json\/wp\/v2\/posts\/461\/revisions"}],"predecessor-version":[{"id":2231,"href":"https:\/\/blog.zeit.de\/teilchen\/wp-json\/wp\/v2\/posts\/461\/revisions\/2231"}],"wp:attachment":[{"href":"https:\/\/blog.zeit.de\/teilchen\/wp-json\/wp\/v2\/media?parent=461"}],"wp:term":[{"taxonomy":"category","embeddable":true,"href":"https:\/\/blog.zeit.de\/teilchen\/wp-json\/wp\/v2\/categories?post=461"},{"taxonomy":"post_tag","embeddable":true,"href":"https:\/\/blog.zeit.de\/teilchen\/wp-json\/wp\/v2\/tags?post=461"}],"curies":[{"name":"wp","href":"https:\/\/api.w.org\/{rel}","templated":true}]}}