{"id":4653,"date":"2015-06-03T18:03:47","date_gmt":"2015-06-03T16:03:47","guid":{"rendered":"http:\/\/blog.zeit.de\/teilchen\/?p=4653"},"modified":"2015-06-03T18:03:47","modified_gmt":"2015-06-03T16:03:47","slug":"erdogan-ruecken-twitter-charts","status":"publish","type":"post","link":"https:\/\/blog.zeit.de\/teilchen\/2015\/06\/03\/erdogan-ruecken-twitter-charts\/","title":{"rendered":"F\u00fcr Erdo\u011fan nur die Schokoladenseite"},"content":{"rendered":"<blockquote class=\"twitter-tweet\" lang=\"de\">\n<p dir=\"ltr\" lang=\"en\">TURKISH women turn their back in protest at abusive so called president Erdo\u011fan <a href=\"https:\/\/twitter.com\/hashtag\/S%C4%B1rt%C4%B1m%C4%B1z%C4%B1D%C3%B6n%C3%BCyoruz?src=hash\">#S\u0131rt\u0131m\u0131z\u0131D\u00f6n\u00fcyoruz<\/a> <a href=\"https:\/\/twitter.com\/hashtag\/Akh%C4%B1rs%C4%B1zlar?src=hash\">#Akh\u0131rs\u0131zlar<\/a> <a href=\"http:\/\/t.co\/E9GIbkyFlf\">pic.twitter.com\/E9GIbkyFlf<\/a><\/p>\n<p>\u2014 MILKY (@grinch1969) <a href=\"https:\/\/twitter.com\/grinch1969\/status\/606029193751760896\">3. Juni 2015<\/a><\/p><\/blockquote>\n<p><script src=\"\/\/platform.twitter.com\/widgets.js\" async=\"\" charset=\"utf-8\"><\/script><\/p>\n<p>Dass es der t\u00fcrkische Pr\u00e4sident Recep Tayyip Erdo\u011fan einfach nicht ertragen kann, wenn sich die Leute von ihm abwenden \u2013\u00a0das ist nun auch im w\u00f6rtlichen Sinne bewiesen.<\/p>\n<p><!--more--><\/p>\n<p>Am Montag fuhr sein Konvoi durch I\u011fd\u0131r im s\u00fcd\u00f6stlichsten Zipfel der T\u00fcrkei, es ist Wahlkampfzeit im Land, am 7. Juni entscheiden die T\u00fcrken \u00fcber ein neues Parlament. Als der Bus ein B\u00fcro der gegnerischen Partei HDP passierte, drehte eine Gruppe Frauen, die davor stand, <a href=\"http:\/\/www.hurriyetdailynews.com\/erdogan-slams-female-protesters-for-turning-their-back-on-him.aspx?pageID=238&amp;nID=83330&amp;NewsCatID=338\" target=\"_blank\">dem Pr\u00e4sidenten demonstrativ den R\u00fccken zu<\/a>.<\/p>\n<p>Eine kleine Geste der Ablehnung, die f\u00fcr Erdo\u011fan zu viel war. Er schimpfte noch am gleichen Tag: &#8222;Es tut mir Leid, mein Anstand erlaubt mir nicht, es anders auszudr\u00fccken: Sie haben mir den R\u00fccken zugekehrt und das Victory-Zeichen gemacht!&#8220; Erdo\u011fan kriegte sich gar nicht mehr ein, am n\u00e4chsten Tag sagte er zu dem Vorfall: &#8222;Wenn Sie nur ein Minimum an Freundlichkeit, Ehre und Kompetenz h\u00e4tten, w\u00e4re das Parlament der Ort f\u00fcr Politik.&#8220;<\/p>\n<p>Dann wiederum reichte es vielen T\u00fcrkinnen. Sie fotografierten sich von hinten und fluteten unter dem Hashtag <a href=\"https:\/\/twitter.com\/search?q=%23S%C4%B1rt%C4%B1m%C4%B1z%C4%B1D%C3%B6n%C3%BCyoruz&amp;src=typd&amp;vertical=default\" target=\"_blank\">#S\u0131rt\u0131m\u0131z\u0131D\u00f6n\u00fcyoruz<\/a> (&#8222;Wir drehen unsere R\u00fccken&#8220;) das Netz innerhalb weniger Stunden mit weiteren R\u00fcckseiten-Fotos. Der Hashtag f\u00fchrte die Twitter-Charts in der T\u00fcrkei an und schaffte es weltweit bis auf Platz 3. Allein am 2. Juni z\u00e4hlte der Statistik-Dienst Topsy 122.138 Tweets dazu.<\/p>\n<blockquote class=\"twitter-tweet\" lang=\"de\"><p>\nProtesting all the corruption and wicked leaders <a href=\"https:\/\/twitter.com\/hashtag\/S%C4%B1rt%C4%B1m%C4%B1z%C4%B1D%C3%B6n%C3%BCyoruz?src=hash\">#S\u0131rt\u0131m\u0131z\u0131D\u00f6n\u00fcyoruz<\/a> <a href=\"http:\/\/t.co\/JSXMH1NOpD\">pic.twitter.com\/JSXMH1NOpD<\/a><\/p>\n<p>\u2014 biko (@bguvelioglu) <a href=\"https:\/\/twitter.com\/bguvelioglu\/status\/606073394531074048\">3. Juni 2015<\/a>\n<\/p><\/blockquote>\n<p><script src=\"\/\/platform.twitter.com\/widgets.js\" async=\"\" charset=\"utf-8\"><\/script><\/p>\n<p>In der T\u00fcrkei sind die sozialen Medien sp\u00e4testens seit den Gezi-Protesten 2013 der Ort, an dem sich der Protest gegen den zunehmend autorit\u00e4ren Erdo\u011fan und seine Mitstreiter am schnellsten und kreativsten formiert. Es gab Twitter-Kampagnen mit lachenden Frauen, <a href=\"http:\/\/www.zeit.de\/politik\/ausland\/2014-07\/tuerkei-frauen-lachen-verbot-erdogan\" target=\"_blank\">als ein Stellvertreter Erdo\u011fans den Frauen das Lachen verbieten wollte<\/a>. Online machten sie sich auch lustig \u00fcber jene regierungstreuen Fernsehsender, die <a href=\"http:\/\/www.zeit.de\/politik\/ausland\/2013-06\/medien-tuerkei-proteste-fernsehen\" target=\"_blank\">statt der Gezi-Proteste lieber eine Pinguin-Doku \u00fcbertragen hatten<\/a>. Und \u00fcber den Energieminister, der eine Katze f\u00fcr einen stundenlangen Stromausfall w\u00e4hrend einer Wahlausz\u00e4hlung verantwortlich machte. F\u00fcr Erdo\u011fan ist Twitter Teufelszeug, er verklagt seine Kritiker dort regelm\u00e4\u00dfig, <a href=\"http:\/\/www.zeit.de\/politik\/ausland\/2014-03\/erdogan-twitter-sperrung\">hat die ganze Plattform schon mehrmals sperren lassen.<\/a><\/p>\n<p>Dass so viele T\u00fcrken ihrem Pr\u00e4sidenten den R\u00fccken zuwenden, ist dabei ein sehr treffendes Bild f\u00fcr die Polarisierung, die das Land nach 13 Jahren Erdo\u011fan-Regierung bestimmt.<\/p>\n<p><em>Weitere <a href=\"https:\/\/blog.zeit.de\/teilchen\">Teilchen finden Sie hier<\/a><\/em>.<\/p>\n","protected":false},"excerpt":{"rendered":"<p>TURKISH women turn their back in protest at abusive so called president Erdo\u011fan #S\u0131rt\u0131m\u0131z\u0131D\u00f6n\u00fcyoruz #Akh\u0131rs\u0131zlar pic.twitter.com\/E9GIbkyFlf \u2014 MILKY (@grinch1969) 3. Juni 2015 Dass es [\u2026]<\/p>\n","protected":false},"author":408,"featured_media":0,"comment_status":"open","ping_status":"closed","sticky":false,"template":"","format":"standard","meta":{"_jetpack_memberships_contains_paid_content":false,"footnotes":""},"categories":[29747],"tags":[],"class_list":["post-4653","post","type-post","status-publish","format-standard","hentry","category-geschichten"],"yoast_head":"<!-- This site is optimized with the Yoast SEO plugin v21.0 - https:\/\/yoast.com\/wordpress\/plugins\/seo\/ -->\n<title>F\u00fcr Erdo\u011fan nur die Schokoladenseite<\/title>\n<meta name=\"description\" content=\"Was hinter dem Hashtag #S\u0131rt\u0131m\u0131z\u0131D\u00f6n\u00fcyoruz steckt und warum es Pr\u00e4sident Erdo\u011fan ganz wild werden l\u00e4sst.\" \/>\n<meta name=\"robots\" content=\"index, follow, max-snippet:-1, max-image-preview:large, max-video-preview:-1\" \/>\n<link rel=\"canonical\" href=\"https:\/\/blog.zeit.de\/teilchen\/2015\/06\/03\/erdogan-ruecken-twitter-charts\/\" \/>\n<meta property=\"og:locale\" content=\"de_DE\" \/>\n<meta property=\"og:type\" content=\"article\" \/>\n<meta property=\"og:title\" content=\"F\u00fcr Erdo\u011fan nur die Schokoladenseite\" \/>\n<meta property=\"og:description\" content=\"Was hinter dem Hashtag #S\u0131rt\u0131m\u0131z\u0131D\u00f6n\u00fcyoruz steckt und warum es Pr\u00e4sident Erdo\u011fan ganz wild werden l\u00e4sst.\" \/>\n<meta property=\"og:url\" content=\"https:\/\/blog.zeit.de\/teilchen\/2015\/06\/03\/erdogan-ruecken-twitter-charts\/\" \/>\n<meta property=\"og:site_name\" content=\"Teilchen\" \/>\n<meta property=\"article:published_time\" content=\"2015-06-03T16:03:47+00:00\" \/>\n<meta property=\"og:image\" content=\"https:\/\/blog.zeit.de\/teilchen\/files\/2015\/03\/teilchen-facebook-fallback.jpg\" \/>\n\t<meta property=\"og:image:width\" content=\"1200\" \/>\n\t<meta property=\"og:image:height\" content=\"900\" \/>\n\t<meta property=\"og:image:type\" content=\"image\/jpeg\" \/>\n<meta name=\"author\" content=\"Lenz Jacobsen\" \/>\n<meta name=\"twitter:card\" content=\"summary_large_image\" \/>\n<meta name=\"twitter:creator\" content=\"@zeitonline\" \/>\n<meta name=\"twitter:site\" content=\"@zeitonline\" \/>\n<meta name=\"twitter:label1\" content=\"Geschrieben von\" \/>\n\t<meta name=\"twitter:data1\" content=\"Lenz Jacobsen\" \/>\n\t<meta name=\"twitter:label2\" content=\"Gesch\u00e4tzte Lesezeit\" \/>\n\t<meta name=\"twitter:data2\" content=\"2\u00a0Minuten\" \/>\n<script type=\"application\/ld+json\" class=\"yoast-schema-graph\">{\"@context\":\"https:\/\/schema.org\",\"@graph\":[{\"@type\":\"WebPage\",\"@id\":\"https:\/\/blog.zeit.de\/teilchen\/2015\/06\/03\/erdogan-ruecken-twitter-charts\/\",\"url\":\"https:\/\/blog.zeit.de\/teilchen\/2015\/06\/03\/erdogan-ruecken-twitter-charts\/\",\"name\":\"F\u00fcr Erdo\u011fan nur die Schokoladenseite\",\"isPartOf\":{\"@id\":\"https:\/\/blog.zeit.de\/teilchen\/#website\"},\"datePublished\":\"2015-06-03T16:03:47+00:00\",\"dateModified\":\"2015-06-03T16:03:47+00:00\",\"author\":{\"@id\":\"https:\/\/blog.zeit.de\/teilchen\/#\/schema\/person\/91175c7cc7b523ac4fd34865a8cdf9ea\"},\"description\":\"Was hinter dem Hashtag #S\u0131rt\u0131m\u0131z\u0131D\u00f6n\u00fcyoruz steckt und warum es Pr\u00e4sident Erdo\u011fan ganz wild werden l\u00e4sst.\",\"breadcrumb\":{\"@id\":\"https:\/\/blog.zeit.de\/teilchen\/2015\/06\/03\/erdogan-ruecken-twitter-charts\/#breadcrumb\"},\"inLanguage\":\"de\",\"potentialAction\":[{\"@type\":\"ReadAction\",\"target\":[\"https:\/\/blog.zeit.de\/teilchen\/2015\/06\/03\/erdogan-ruecken-twitter-charts\/\"]}]},{\"@type\":\"BreadcrumbList\",\"@id\":\"https:\/\/blog.zeit.de\/teilchen\/2015\/06\/03\/erdogan-ruecken-twitter-charts\/#breadcrumb\",\"itemListElement\":[{\"@type\":\"ListItem\",\"position\":1,\"name\":\"Startseite\",\"item\":\"https:\/\/blog.zeit.de\/teilchen\/\"},{\"@type\":\"ListItem\",\"position\":2,\"name\":\"F\u00fcr Erdo\u011fan nur die Schokoladenseite\"}]},{\"@type\":\"WebSite\",\"@id\":\"https:\/\/blog.zeit.de\/teilchen\/#website\",\"url\":\"https:\/\/blog.zeit.de\/teilchen\/\",\"name\":\"Teilchen\",\"description\":\"Im Netz verstecken sich kleine Sch\u00e4tze - ZEIT ONLINE findet sie.\",\"potentialAction\":[{\"@type\":\"SearchAction\",\"target\":{\"@type\":\"EntryPoint\",\"urlTemplate\":\"https:\/\/blog.zeit.de\/teilchen\/?s={search_term_string}\"},\"query-input\":\"required name=search_term_string\"}],\"inLanguage\":\"de\"},{\"@type\":\"Person\",\"@id\":\"https:\/\/blog.zeit.de\/teilchen\/#\/schema\/person\/91175c7cc7b523ac4fd34865a8cdf9ea\",\"name\":\"Lenz Jacobsen\",\"image\":{\"@type\":\"ImageObject\",\"inLanguage\":\"de\",\"@id\":\"https:\/\/blog.zeit.de\/teilchen\/#\/schema\/person\/image\/\",\"url\":\"https:\/\/secure.gravatar.com\/avatar\/2b425d5676fc008d465288488a86a4bb2992874d0b03c6ed49f55773e4d72b6f?s=96&d=mm&r=g\",\"contentUrl\":\"https:\/\/secure.gravatar.com\/avatar\/2b425d5676fc008d465288488a86a4bb2992874d0b03c6ed49f55773e4d72b6f?s=96&d=mm&r=g\",\"caption\":\"Lenz Jacobsen\"},\"description\":\"ist Redakteur bei ZEIT ONLINE.\",\"url\":\"https:\/\/blog.zeit.de\/teilchen\/author\/ljacobsen\/\"}]}<\/script>\n<!-- \/ Yoast SEO plugin. -->","yoast_head_json":{"title":"F\u00fcr Erdo\u011fan nur die Schokoladenseite","description":"Was hinter dem Hashtag #S\u0131rt\u0131m\u0131z\u0131D\u00f6n\u00fcyoruz steckt und warum es Pr\u00e4sident Erdo\u011fan ganz wild werden l\u00e4sst.","robots":{"index":"index","follow":"follow","max-snippet":"max-snippet:-1","max-image-preview":"max-image-preview:large","max-video-preview":"max-video-preview:-1"},"canonical":"https:\/\/blog.zeit.de\/teilchen\/2015\/06\/03\/erdogan-ruecken-twitter-charts\/","og_locale":"de_DE","og_type":"article","og_title":"F\u00fcr Erdo\u011fan nur die Schokoladenseite","og_description":"Was hinter dem Hashtag #S\u0131rt\u0131m\u0131z\u0131D\u00f6n\u00fcyoruz steckt und warum es Pr\u00e4sident Erdo\u011fan ganz wild werden l\u00e4sst.","og_url":"https:\/\/blog.zeit.de\/teilchen\/2015\/06\/03\/erdogan-ruecken-twitter-charts\/","og_site_name":"Teilchen","article_published_time":"2015-06-03T16:03:47+00:00","og_image":[{"width":1200,"height":900,"url":"https:\/\/blog.zeit.de\/teilchen\/files\/2015\/03\/teilchen-facebook-fallback.jpg","type":"image\/jpeg"}],"author":"Lenz Jacobsen","twitter_card":"summary_large_image","twitter_creator":"@zeitonline","twitter_site":"@zeitonline","twitter_misc":{"Geschrieben von":"Lenz Jacobsen","Gesch\u00e4tzte Lesezeit":"2\u00a0Minuten"},"schema":{"@context":"https:\/\/schema.org","@graph":[{"@type":"WebPage","@id":"https:\/\/blog.zeit.de\/teilchen\/2015\/06\/03\/erdogan-ruecken-twitter-charts\/","url":"https:\/\/blog.zeit.de\/teilchen\/2015\/06\/03\/erdogan-ruecken-twitter-charts\/","name":"F\u00fcr Erdo\u011fan nur die Schokoladenseite","isPartOf":{"@id":"https:\/\/blog.zeit.de\/teilchen\/#website"},"datePublished":"2015-06-03T16:03:47+00:00","dateModified":"2015-06-03T16:03:47+00:00","author":{"@id":"https:\/\/blog.zeit.de\/teilchen\/#\/schema\/person\/91175c7cc7b523ac4fd34865a8cdf9ea"},"description":"Was hinter dem Hashtag #S\u0131rt\u0131m\u0131z\u0131D\u00f6n\u00fcyoruz steckt und warum es Pr\u00e4sident Erdo\u011fan ganz wild werden l\u00e4sst.","breadcrumb":{"@id":"https:\/\/blog.zeit.de\/teilchen\/2015\/06\/03\/erdogan-ruecken-twitter-charts\/#breadcrumb"},"inLanguage":"de","potentialAction":[{"@type":"ReadAction","target":["https:\/\/blog.zeit.de\/teilchen\/2015\/06\/03\/erdogan-ruecken-twitter-charts\/"]}]},{"@type":"BreadcrumbList","@id":"https:\/\/blog.zeit.de\/teilchen\/2015\/06\/03\/erdogan-ruecken-twitter-charts\/#breadcrumb","itemListElement":[{"@type":"ListItem","position":1,"name":"Startseite","item":"https:\/\/blog.zeit.de\/teilchen\/"},{"@type":"ListItem","position":2,"name":"F\u00fcr Erdo\u011fan nur die Schokoladenseite"}]},{"@type":"WebSite","@id":"https:\/\/blog.zeit.de\/teilchen\/#website","url":"https:\/\/blog.zeit.de\/teilchen\/","name":"Teilchen","description":"Im Netz verstecken sich kleine Sch\u00e4tze - ZEIT ONLINE findet sie.","potentialAction":[{"@type":"SearchAction","target":{"@type":"EntryPoint","urlTemplate":"https:\/\/blog.zeit.de\/teilchen\/?s={search_term_string}"},"query-input":"required name=search_term_string"}],"inLanguage":"de"},{"@type":"Person","@id":"https:\/\/blog.zeit.de\/teilchen\/#\/schema\/person\/91175c7cc7b523ac4fd34865a8cdf9ea","name":"Lenz Jacobsen","image":{"@type":"ImageObject","inLanguage":"de","@id":"https:\/\/blog.zeit.de\/teilchen\/#\/schema\/person\/image\/","url":"https:\/\/secure.gravatar.com\/avatar\/2b425d5676fc008d465288488a86a4bb2992874d0b03c6ed49f55773e4d72b6f?s=96&d=mm&r=g","contentUrl":"https:\/\/secure.gravatar.com\/avatar\/2b425d5676fc008d465288488a86a4bb2992874d0b03c6ed49f55773e4d72b6f?s=96&d=mm&r=g","caption":"Lenz Jacobsen"},"description":"ist Redakteur bei ZEIT ONLINE.","url":"https:\/\/blog.zeit.de\/teilchen\/author\/ljacobsen\/"}]}},"jetpack_featured_media_url":"","jetpack_sharing_enabled":true,"_links":{"self":[{"href":"https:\/\/blog.zeit.de\/teilchen\/wp-json\/wp\/v2\/posts\/4653","targetHints":{"allow":["GET"]}}],"collection":[{"href":"https:\/\/blog.zeit.de\/teilchen\/wp-json\/wp\/v2\/posts"}],"about":[{"href":"https:\/\/blog.zeit.de\/teilchen\/wp-json\/wp\/v2\/types\/post"}],"author":[{"embeddable":true,"href":"https:\/\/blog.zeit.de\/teilchen\/wp-json\/wp\/v2\/users\/408"}],"replies":[{"embeddable":true,"href":"https:\/\/blog.zeit.de\/teilchen\/wp-json\/wp\/v2\/comments?post=4653"}],"version-history":[{"count":6,"href":"https:\/\/blog.zeit.de\/teilchen\/wp-json\/wp\/v2\/posts\/4653\/revisions"}],"predecessor-version":[{"id":4685,"href":"https:\/\/blog.zeit.de\/teilchen\/wp-json\/wp\/v2\/posts\/4653\/revisions\/4685"}],"wp:attachment":[{"href":"https:\/\/blog.zeit.de\/teilchen\/wp-json\/wp\/v2\/media?parent=4653"}],"wp:term":[{"taxonomy":"category","embeddable":true,"href":"https:\/\/blog.zeit.de\/teilchen\/wp-json\/wp\/v2\/categories?post=4653"},{"taxonomy":"post_tag","embeddable":true,"href":"https:\/\/blog.zeit.de\/teilchen\/wp-json\/wp\/v2\/tags?post=4653"}],"curies":[{"name":"wp","href":"https:\/\/api.w.org\/{rel}","templated":true}]}}