{"id":4695,"date":"2015-06-04T12:20:31","date_gmt":"2015-06-04T10:20:31","guid":{"rendered":"http:\/\/blog.zeit.de\/teilchen\/?p=4695"},"modified":"2015-06-04T14:40:31","modified_gmt":"2015-06-04T12:40:31","slug":"tuerkei-wahl-der-tuerkische-wahlomat","status":"publish","type":"post","link":"https:\/\/blog.zeit.de\/teilchen\/2015\/06\/04\/tuerkei-wahl-der-tuerkische-wahlomat\/","title":{"rendered":"Der t\u00fcrkische Wahl-O-Mat"},"content":{"rendered":"<p class=\"wp-caption-text\"><img loading=\"lazy\" decoding=\"async\" class=\"aligncenter size-medium wp-image-4700\" src=\"https:\/\/blog.zeit.de\/teilchen\/files\/2015\/06\/Bildschirmfoto-2015-06-04-um-11.00.29-580x357.png\" alt=\"Bildschirmfoto 2015-06-04 um 11.00.29\" width=\"580\" height=\"357\" srcset=\"https:\/\/blog.zeit.de\/teilchen\/files\/2015\/06\/Bildschirmfoto-2015-06-04-um-11.00.29-580x357.png 580w, https:\/\/blog.zeit.de\/teilchen\/files\/2015\/06\/Bildschirmfoto-2015-06-04-um-11.00.29.png 887w\" sizes=\"auto, (max-width: 580px) 100vw, 580px\" \/><br \/>\nWen w\u00e4hlen? Diese Frage beantwortet f\u00fcr deutsche Wahlen der Wahl-O-Mat. Ein \u00e4hnliches Tool gibt es jetzt auch f\u00fcr die Parlamentswahl in der T\u00fcrkei. Sogar auf Deutsch. Quelle: <a href=\"http:\/\/de.oydanismani.org\/\" target=\"_blank\">oydanismani.org<\/a> \/ Screenshot: ZEIT ONLINE<\/p>\n<p>Aufenthaltserlaubnis f\u00fcr die 1,5 Millionen syrischen Fl\u00fcchtlinge? Mehr Geld f\u00fcr das Milit\u00e4r? Mehr Macht f\u00fcr den Pr\u00e4sidenten? Und was ist mit den Rechten f\u00fcr Homosexuelle? Es sind gro\u00dfe Fragen, die den t\u00fcrkischen Wahlkampf bestimmen, am 7. Juni entscheidet das Land \u00fcber ein neues Parlament \u2013 und auch Sie k\u00f6nnen nun testen, f\u00fcr wen Sie bei dieser f\u00fcr das Land so wichtigen Wahl stimmen w\u00fcrden.<!--more--><\/p>\n<p><a href=\"http:\/\/de.oydanismani.org\/\" target=\"_blank\">Unter http:\/\/de.oydanismani.org\/<\/a> gibt es einen deutschsprachigen Wahl-O-Maten \u2013 entwickelt unter Mitwirkung der Bundeszentrale f\u00fcr politische Bildung, die auch zu den Bundestags- und Landtagswahlen in Deutschland die beliebte Entscheidungshilfe programmiert. Der t\u00fcrkische Wahl-O-Mat funktioniert genauso wie der deutsche, man kann also einzelnen politischen Aussagen zustimmen, sie ablehnen oder sich neutral verhalten. Und am Ende werden die Positionen mit denen der zur Wahl stehenden Parteien abgeglichen.<\/p>\n<p>Kleine Hilfestellung: Die bei der Wahl wichtigsten Parteien sind die regierende Adalet ve Kalk\u0131nma Partisi (AKP) des amtierenden Pr\u00e4sidenten Recep Tayyip Erdo\u011fan, die gr\u00f6\u00dfte Oppositionspartei Cumhuriyet Halk Partisi (CHP), die nationalistische Milliyet\u00e7i Hareket Partisi (MHP) und die prokurdische, linke Halklar\u0131n Demokratik Partisi (HDP).<\/p>\n<p>Wer dann noch wissen will, welche Konsequenzen seine Stimme f\u00fcr das Wahlergebnis und die Zukunft der T\u00fcrkei hat, dem hilft unsere <a href=\"http:\/\/www.zeit.de\/politik\/ausland\/2015-05\/tuerkei-wahl-erdogan-faq\" target=\"_blank\">\u00dcbersicht zur Bedeutung der Wahl<\/a>. Und beim Thinktank Carnegie Europe gibt es <a href=\"http:\/\/carnegieeurope.eu\/2015\/05\/29\/turkey-s-game-changing-election\/i97d#4\">eine gute \u00dcbersicht \u00fcber die vier Szenarien des Wahlausgangs.<\/a><\/p>\n<p><em>Weitere <a href=\"https:\/\/blog.zeit.de\/teilchen\/\" target=\"_blank\">Teilchen finden Sie hier<\/a>.<\/em><\/p>\n","protected":false},"excerpt":{"rendered":"<p>Wen w\u00e4hlen? Diese Frage beantwortet f\u00fcr deutsche Wahlen der Wahl-O-Mat. Ein \u00e4hnliches Tool gibt es jetzt auch f\u00fcr die Parlamentswahl in der T\u00fcrkei. Sogar [\u2026]<\/p>\n","protected":false},"author":408,"featured_media":0,"comment_status":"open","ping_status":"closed","sticky":false,"template":"","format":"standard","meta":{"_jetpack_memberships_contains_paid_content":false,"footnotes":""},"categories":[29747],"tags":[],"class_list":["post-4695","post","type-post","status-publish","format-standard","hentry","category-geschichten"],"yoast_head":"<!-- This site is optimized with the Yoast SEO plugin v21.0 - https:\/\/yoast.com\/wordpress\/plugins\/seo\/ -->\n<title>T\u00fcrkei-Wahl: Der t\u00fcrkische Wahlomat<\/title>\n<meta name=\"description\" content=\"Wen soll ich w\u00e4hlen? Der Wahl-o-Mat hilft. Jetzt gibt es ihn auch f\u00fcr die Wahl in der T\u00fcrkei \u2013 sogar auf deutsch.\" \/>\n<meta name=\"robots\" content=\"index, follow, max-snippet:-1, max-image-preview:large, max-video-preview:-1\" \/>\n<link rel=\"canonical\" href=\"https:\/\/blog.zeit.de\/teilchen\/2015\/06\/04\/tuerkei-wahl-der-tuerkische-wahlomat\/\" \/>\n<meta property=\"og:locale\" content=\"de_DE\" \/>\n<meta property=\"og:type\" content=\"article\" \/>\n<meta property=\"og:title\" content=\"T\u00fcrkei-Wahl: Der t\u00fcrkische Wahlomat\" \/>\n<meta property=\"og:description\" content=\"Wen soll ich w\u00e4hlen? Der Wahl-o-Mat hilft. Jetzt gibt es ihn auch f\u00fcr die Wahl in der T\u00fcrkei \u2013 sogar auf deutsch.\" \/>\n<meta property=\"og:url\" content=\"https:\/\/blog.zeit.de\/teilchen\/2015\/06\/04\/tuerkei-wahl-der-tuerkische-wahlomat\/\" \/>\n<meta property=\"og:site_name\" content=\"Teilchen\" \/>\n<meta property=\"article:published_time\" content=\"2015-06-04T10:20:31+00:00\" \/>\n<meta property=\"article:modified_time\" content=\"2015-06-04T12:40:31+00:00\" \/>\n<meta property=\"og:image\" content=\"https:\/\/blog.zeit.de\/teilchen\/files\/2015\/06\/Bildschirmfoto-2015-06-04-um-11.00.29-580x357.png\" \/>\n<meta name=\"author\" content=\"Lenz Jacobsen\" \/>\n<meta name=\"twitter:card\" content=\"summary_large_image\" \/>\n<meta name=\"twitter:creator\" content=\"@zeitonline\" \/>\n<meta name=\"twitter:site\" content=\"@zeitonline\" \/>\n<meta name=\"twitter:label1\" content=\"Geschrieben von\" \/>\n\t<meta name=\"twitter:data1\" content=\"Lenz Jacobsen\" \/>\n\t<meta name=\"twitter:label2\" content=\"Gesch\u00e4tzte Lesezeit\" \/>\n\t<meta name=\"twitter:data2\" content=\"1\u00a0Minute\" \/>\n<script type=\"application\/ld+json\" class=\"yoast-schema-graph\">{\"@context\":\"https:\/\/schema.org\",\"@graph\":[{\"@type\":\"WebPage\",\"@id\":\"https:\/\/blog.zeit.de\/teilchen\/2015\/06\/04\/tuerkei-wahl-der-tuerkische-wahlomat\/\",\"url\":\"https:\/\/blog.zeit.de\/teilchen\/2015\/06\/04\/tuerkei-wahl-der-tuerkische-wahlomat\/\",\"name\":\"T\u00fcrkei-Wahl: Der t\u00fcrkische Wahlomat\",\"isPartOf\":{\"@id\":\"https:\/\/blog.zeit.de\/teilchen\/#website\"},\"datePublished\":\"2015-06-04T10:20:31+00:00\",\"dateModified\":\"2015-06-04T12:40:31+00:00\",\"author\":{\"@id\":\"https:\/\/blog.zeit.de\/teilchen\/#\/schema\/person\/91175c7cc7b523ac4fd34865a8cdf9ea\"},\"description\":\"Wen soll ich w\u00e4hlen? Der Wahl-o-Mat hilft. Jetzt gibt es ihn auch f\u00fcr die Wahl in der T\u00fcrkei \u2013 sogar auf deutsch.\",\"breadcrumb\":{\"@id\":\"https:\/\/blog.zeit.de\/teilchen\/2015\/06\/04\/tuerkei-wahl-der-tuerkische-wahlomat\/#breadcrumb\"},\"inLanguage\":\"de\",\"potentialAction\":[{\"@type\":\"ReadAction\",\"target\":[\"https:\/\/blog.zeit.de\/teilchen\/2015\/06\/04\/tuerkei-wahl-der-tuerkische-wahlomat\/\"]}]},{\"@type\":\"BreadcrumbList\",\"@id\":\"https:\/\/blog.zeit.de\/teilchen\/2015\/06\/04\/tuerkei-wahl-der-tuerkische-wahlomat\/#breadcrumb\",\"itemListElement\":[{\"@type\":\"ListItem\",\"position\":1,\"name\":\"Startseite\",\"item\":\"https:\/\/blog.zeit.de\/teilchen\/\"},{\"@type\":\"ListItem\",\"position\":2,\"name\":\"Der t\u00fcrkische Wahl-O-Mat\"}]},{\"@type\":\"WebSite\",\"@id\":\"https:\/\/blog.zeit.de\/teilchen\/#website\",\"url\":\"https:\/\/blog.zeit.de\/teilchen\/\",\"name\":\"Teilchen\",\"description\":\"Im Netz verstecken sich kleine Sch\u00e4tze - ZEIT ONLINE findet sie.\",\"potentialAction\":[{\"@type\":\"SearchAction\",\"target\":{\"@type\":\"EntryPoint\",\"urlTemplate\":\"https:\/\/blog.zeit.de\/teilchen\/?s={search_term_string}\"},\"query-input\":\"required name=search_term_string\"}],\"inLanguage\":\"de\"},{\"@type\":\"Person\",\"@id\":\"https:\/\/blog.zeit.de\/teilchen\/#\/schema\/person\/91175c7cc7b523ac4fd34865a8cdf9ea\",\"name\":\"Lenz Jacobsen\",\"image\":{\"@type\":\"ImageObject\",\"inLanguage\":\"de\",\"@id\":\"https:\/\/blog.zeit.de\/teilchen\/#\/schema\/person\/image\/\",\"url\":\"https:\/\/secure.gravatar.com\/avatar\/2b425d5676fc008d465288488a86a4bb2992874d0b03c6ed49f55773e4d72b6f?s=96&d=mm&r=g\",\"contentUrl\":\"https:\/\/secure.gravatar.com\/avatar\/2b425d5676fc008d465288488a86a4bb2992874d0b03c6ed49f55773e4d72b6f?s=96&d=mm&r=g\",\"caption\":\"Lenz Jacobsen\"},\"description\":\"ist Redakteur bei ZEIT ONLINE.\",\"url\":\"https:\/\/blog.zeit.de\/teilchen\/author\/ljacobsen\/\"}]}<\/script>\n<!-- \/ Yoast SEO plugin. -->","yoast_head_json":{"title":"T\u00fcrkei-Wahl: Der t\u00fcrkische Wahlomat","description":"Wen soll ich w\u00e4hlen? Der Wahl-o-Mat hilft. Jetzt gibt es ihn auch f\u00fcr die Wahl in der T\u00fcrkei \u2013 sogar auf deutsch.","robots":{"index":"index","follow":"follow","max-snippet":"max-snippet:-1","max-image-preview":"max-image-preview:large","max-video-preview":"max-video-preview:-1"},"canonical":"https:\/\/blog.zeit.de\/teilchen\/2015\/06\/04\/tuerkei-wahl-der-tuerkische-wahlomat\/","og_locale":"de_DE","og_type":"article","og_title":"T\u00fcrkei-Wahl: Der t\u00fcrkische Wahlomat","og_description":"Wen soll ich w\u00e4hlen? Der Wahl-o-Mat hilft. Jetzt gibt es ihn auch f\u00fcr die Wahl in der T\u00fcrkei \u2013 sogar auf deutsch.","og_url":"https:\/\/blog.zeit.de\/teilchen\/2015\/06\/04\/tuerkei-wahl-der-tuerkische-wahlomat\/","og_site_name":"Teilchen","article_published_time":"2015-06-04T10:20:31+00:00","article_modified_time":"2015-06-04T12:40:31+00:00","og_image":[{"url":"https:\/\/blog.zeit.de\/teilchen\/files\/2015\/06\/Bildschirmfoto-2015-06-04-um-11.00.29-580x357.png"}],"author":"Lenz Jacobsen","twitter_card":"summary_large_image","twitter_creator":"@zeitonline","twitter_site":"@zeitonline","twitter_misc":{"Geschrieben von":"Lenz Jacobsen","Gesch\u00e4tzte Lesezeit":"1\u00a0Minute"},"schema":{"@context":"https:\/\/schema.org","@graph":[{"@type":"WebPage","@id":"https:\/\/blog.zeit.de\/teilchen\/2015\/06\/04\/tuerkei-wahl-der-tuerkische-wahlomat\/","url":"https:\/\/blog.zeit.de\/teilchen\/2015\/06\/04\/tuerkei-wahl-der-tuerkische-wahlomat\/","name":"T\u00fcrkei-Wahl: Der t\u00fcrkische Wahlomat","isPartOf":{"@id":"https:\/\/blog.zeit.de\/teilchen\/#website"},"datePublished":"2015-06-04T10:20:31+00:00","dateModified":"2015-06-04T12:40:31+00:00","author":{"@id":"https:\/\/blog.zeit.de\/teilchen\/#\/schema\/person\/91175c7cc7b523ac4fd34865a8cdf9ea"},"description":"Wen soll ich w\u00e4hlen? Der Wahl-o-Mat hilft. Jetzt gibt es ihn auch f\u00fcr die Wahl in der T\u00fcrkei \u2013 sogar auf deutsch.","breadcrumb":{"@id":"https:\/\/blog.zeit.de\/teilchen\/2015\/06\/04\/tuerkei-wahl-der-tuerkische-wahlomat\/#breadcrumb"},"inLanguage":"de","potentialAction":[{"@type":"ReadAction","target":["https:\/\/blog.zeit.de\/teilchen\/2015\/06\/04\/tuerkei-wahl-der-tuerkische-wahlomat\/"]}]},{"@type":"BreadcrumbList","@id":"https:\/\/blog.zeit.de\/teilchen\/2015\/06\/04\/tuerkei-wahl-der-tuerkische-wahlomat\/#breadcrumb","itemListElement":[{"@type":"ListItem","position":1,"name":"Startseite","item":"https:\/\/blog.zeit.de\/teilchen\/"},{"@type":"ListItem","position":2,"name":"Der t\u00fcrkische Wahl-O-Mat"}]},{"@type":"WebSite","@id":"https:\/\/blog.zeit.de\/teilchen\/#website","url":"https:\/\/blog.zeit.de\/teilchen\/","name":"Teilchen","description":"Im Netz verstecken sich kleine Sch\u00e4tze - ZEIT ONLINE findet sie.","potentialAction":[{"@type":"SearchAction","target":{"@type":"EntryPoint","urlTemplate":"https:\/\/blog.zeit.de\/teilchen\/?s={search_term_string}"},"query-input":"required name=search_term_string"}],"inLanguage":"de"},{"@type":"Person","@id":"https:\/\/blog.zeit.de\/teilchen\/#\/schema\/person\/91175c7cc7b523ac4fd34865a8cdf9ea","name":"Lenz Jacobsen","image":{"@type":"ImageObject","inLanguage":"de","@id":"https:\/\/blog.zeit.de\/teilchen\/#\/schema\/person\/image\/","url":"https:\/\/secure.gravatar.com\/avatar\/2b425d5676fc008d465288488a86a4bb2992874d0b03c6ed49f55773e4d72b6f?s=96&d=mm&r=g","contentUrl":"https:\/\/secure.gravatar.com\/avatar\/2b425d5676fc008d465288488a86a4bb2992874d0b03c6ed49f55773e4d72b6f?s=96&d=mm&r=g","caption":"Lenz Jacobsen"},"description":"ist Redakteur bei ZEIT ONLINE.","url":"https:\/\/blog.zeit.de\/teilchen\/author\/ljacobsen\/"}]}},"jetpack_featured_media_url":"","jetpack_sharing_enabled":true,"_links":{"self":[{"href":"https:\/\/blog.zeit.de\/teilchen\/wp-json\/wp\/v2\/posts\/4695","targetHints":{"allow":["GET"]}}],"collection":[{"href":"https:\/\/blog.zeit.de\/teilchen\/wp-json\/wp\/v2\/posts"}],"about":[{"href":"https:\/\/blog.zeit.de\/teilchen\/wp-json\/wp\/v2\/types\/post"}],"author":[{"embeddable":true,"href":"https:\/\/blog.zeit.de\/teilchen\/wp-json\/wp\/v2\/users\/408"}],"replies":[{"embeddable":true,"href":"https:\/\/blog.zeit.de\/teilchen\/wp-json\/wp\/v2\/comments?post=4695"}],"version-history":[{"count":6,"href":"https:\/\/blog.zeit.de\/teilchen\/wp-json\/wp\/v2\/posts\/4695\/revisions"}],"predecessor-version":[{"id":4752,"href":"https:\/\/blog.zeit.de\/teilchen\/wp-json\/wp\/v2\/posts\/4695\/revisions\/4752"}],"wp:attachment":[{"href":"https:\/\/blog.zeit.de\/teilchen\/wp-json\/wp\/v2\/media?parent=4695"}],"wp:term":[{"taxonomy":"category","embeddable":true,"href":"https:\/\/blog.zeit.de\/teilchen\/wp-json\/wp\/v2\/categories?post=4695"},{"taxonomy":"post_tag","embeddable":true,"href":"https:\/\/blog.zeit.de\/teilchen\/wp-json\/wp\/v2\/tags?post=4695"}],"curies":[{"name":"wp","href":"https:\/\/api.w.org\/{rel}","templated":true}]}}