{"id":4697,"date":"2015-06-05T10:15:51","date_gmt":"2015-06-05T08:15:51","guid":{"rendered":"http:\/\/blog.zeit.de\/teilchen\/?p=4697"},"modified":"2015-06-05T15:34:54","modified_gmt":"2015-06-05T13:34:54","slug":"spieglein-spieglein-im-dschungel","status":"publish","type":"post","link":"https:\/\/blog.zeit.de\/teilchen\/2015\/06\/05\/spieglein-spieglein-im-dschungel\/","title":{"rendered":"Spieglein, Spieglein im Dschungel\u2026"},"content":{"rendered":"<p>[youtube http:\/\/www.youtube.com\/watch?v=GaMylwohL14&amp;w=580&amp;h=326]<\/p>\n<p>&nbsp;<\/p>\n<p>Schweigend br\u00fcllt es uns alle Makel entgegen, die wir an uns erkennen wollen. Das morgendliche Spiegelbild ist f\u00fcr viele ein Feindbild. Bei Tieren ist das ganz \u00e4hnlich, nur w\u00f6rtlicher.\u00a0Der franz\u00f6sische Fotograf Xavier Hubert Brierre hat die Reaktion wilder Tiere auf ihr eigenes Spiegelbild festgehalten.<!--more--><\/p>\n<p>Daf\u00fcr stellte er einen Spiegel in den Dschungel im westafrikanischen Gabun. Das kam bei den Bewohnern, je nach Spezies, ganz unterschiedlich an. Einige Tiere, zum Beispiel Gorillas und Leoparden, reagierten aggressiv auf ihr eigenes Spiegelbild, wie auf einen Rivalen. Schimpansen hingegen zeigten sich gr\u00f6\u00dftenteils neugierig. Einige von ihnen schienen sich tats\u00e4chlich selbst zu erkennen. Ergebnisse, die sich gr\u00f6\u00dftenteils mit dem Spiegeltest decken, der sicher Pate f\u00fcr Brierres Experiment stand. Der Psychologe Gordon Gallup entwickelte den Test in den siebziger Jahren, um das Bewusstsein von Menschenaffen in Gefangenschaft zu untersuchen. Daf\u00fcr malte er ihnen Farbkleckse ins Gesicht und zeigte ihnen anschlie\u00dfend ihr Spiegelbild. Besch\u00e4ftigten sich die Affen\u00a0mit der Farbe oder versuchten gar, sie zu entfernen, war das f\u00fcr Gallup ein Indiz daf\u00fcr, dass den Tieren bewusst ist,\u00a0dass sie sich selbst sehen.<\/p>\n<p>Gut, dass WLAN im Dschungel von Gabun eher sporadisch verbreitet ist. <a href=\"http:\/\/www.zeit.de\/zeit-wissen\/2014\/03\/tiere-bewusstsein-peinlichkeit\">Zumindest den gefilmten Schimpansen w\u00e4re Brierres YouTube-Video sicher ziemlich peinlich<\/a>. Andererseits schafft nicht jeder Primat acht\u00a0Millionen Views in drei Tagen. Das ist normalerweise eher\u00a0Katzen vorbehalten.<\/p>\n<p><em>Weitere <a href=\"https:\/\/blog.zeit.de\/teilchen\">Teilchen finden Sie hier<\/a>.<\/em><\/p>\n","protected":false},"excerpt":{"rendered":"<p>[youtube http:\/\/www.youtube.com\/watch?v=GaMylwohL14&amp;w=580&amp;h=326] &nbsp; Schweigend br\u00fcllt es uns alle Makel entgegen, die wir an uns erkennen wollen. Das morgendliche Spiegelbild ist f\u00fcr viele ein Feindbild. [\u2026]<\/p>\n","protected":false},"author":558,"featured_media":4706,"comment_status":"open","ping_status":"closed","sticky":false,"template":"","format":"standard","meta":{"_jetpack_memberships_contains_paid_content":false,"footnotes":""},"categories":[28],"tags":[],"class_list":["post-4697","post","type-post","status-publish","format-standard","has-post-thumbnail","hentry","category-video"],"yoast_head":"<!-- This site is optimized with the Yoast SEO plugin v21.0 - https:\/\/yoast.com\/wordpress\/plugins\/seo\/ -->\n<title>Spiegelbild im Dschungel<\/title>\n<meta name=\"description\" content=\"Wie wild reagieren wilde Tiere wohl auf ihr Spiegelbild?\" \/>\n<meta name=\"robots\" content=\"index, follow, max-snippet:-1, max-image-preview:large, max-video-preview:-1\" \/>\n<link rel=\"canonical\" href=\"https:\/\/blog.zeit.de\/teilchen\/2015\/06\/05\/spieglein-spieglein-im-dschungel\/\" \/>\n<meta property=\"og:locale\" content=\"de_DE\" \/>\n<meta property=\"og:type\" content=\"article\" \/>\n<meta property=\"og:title\" content=\"Spiegelbild im Dschungel\" \/>\n<meta property=\"og:description\" content=\"Wie wild reagieren wilde Tiere wohl auf ihr Spiegelbild?\" \/>\n<meta property=\"og:url\" content=\"https:\/\/blog.zeit.de\/teilchen\/2015\/06\/05\/spieglein-spieglein-im-dschungel\/\" \/>\n<meta property=\"og:site_name\" content=\"Teilchen\" \/>\n<meta property=\"article:published_time\" content=\"2015-06-05T08:15:51+00:00\" \/>\n<meta property=\"article:modified_time\" content=\"2015-06-05T13:34:54+00:00\" \/>\n<meta property=\"og:image\" content=\"https:\/\/blog.zeit.de\/teilchen\/files\/2015\/06\/teilchen-spiegelaffen.png\" \/>\n\t<meta property=\"og:image:width\" content=\"640\" \/>\n\t<meta property=\"og:image:height\" content=\"371\" \/>\n\t<meta property=\"og:image:type\" content=\"image\/png\" \/>\n<meta name=\"author\" content=\"Carim Soliman\" \/>\n<meta name=\"twitter:card\" content=\"summary_large_image\" \/>\n<meta name=\"twitter:creator\" content=\"@zeitonline\" \/>\n<meta name=\"twitter:site\" content=\"@zeitonline\" \/>\n<meta name=\"twitter:label1\" content=\"Geschrieben von\" \/>\n\t<meta name=\"twitter:data1\" content=\"Carim Soliman\" \/>\n\t<meta name=\"twitter:label2\" content=\"Gesch\u00e4tzte Lesezeit\" \/>\n\t<meta name=\"twitter:data2\" content=\"1\u00a0Minute\" \/>\n<script type=\"application\/ld+json\" class=\"yoast-schema-graph\">{\"@context\":\"https:\/\/schema.org\",\"@graph\":[{\"@type\":\"WebPage\",\"@id\":\"https:\/\/blog.zeit.de\/teilchen\/2015\/06\/05\/spieglein-spieglein-im-dschungel\/\",\"url\":\"https:\/\/blog.zeit.de\/teilchen\/2015\/06\/05\/spieglein-spieglein-im-dschungel\/\",\"name\":\"Spiegelbild im Dschungel\",\"isPartOf\":{\"@id\":\"https:\/\/blog.zeit.de\/teilchen\/#website\"},\"datePublished\":\"2015-06-05T08:15:51+00:00\",\"dateModified\":\"2015-06-05T13:34:54+00:00\",\"author\":{\"@id\":\"https:\/\/blog.zeit.de\/teilchen\/#\/schema\/person\/1b29fdf43f8ed1922626fad081532fea\"},\"description\":\"Wie wild reagieren wilde Tiere wohl auf ihr Spiegelbild?\",\"breadcrumb\":{\"@id\":\"https:\/\/blog.zeit.de\/teilchen\/2015\/06\/05\/spieglein-spieglein-im-dschungel\/#breadcrumb\"},\"inLanguage\":\"de\",\"potentialAction\":[{\"@type\":\"ReadAction\",\"target\":[\"https:\/\/blog.zeit.de\/teilchen\/2015\/06\/05\/spieglein-spieglein-im-dschungel\/\"]}]},{\"@type\":\"BreadcrumbList\",\"@id\":\"https:\/\/blog.zeit.de\/teilchen\/2015\/06\/05\/spieglein-spieglein-im-dschungel\/#breadcrumb\",\"itemListElement\":[{\"@type\":\"ListItem\",\"position\":1,\"name\":\"Startseite\",\"item\":\"https:\/\/blog.zeit.de\/teilchen\/\"},{\"@type\":\"ListItem\",\"position\":2,\"name\":\"Spieglein, Spieglein im Dschungel\u2026\"}]},{\"@type\":\"WebSite\",\"@id\":\"https:\/\/blog.zeit.de\/teilchen\/#website\",\"url\":\"https:\/\/blog.zeit.de\/teilchen\/\",\"name\":\"Teilchen\",\"description\":\"Im Netz verstecken sich kleine Sch\u00e4tze - ZEIT ONLINE findet sie.\",\"potentialAction\":[{\"@type\":\"SearchAction\",\"target\":{\"@type\":\"EntryPoint\",\"urlTemplate\":\"https:\/\/blog.zeit.de\/teilchen\/?s={search_term_string}\"},\"query-input\":\"required name=search_term_string\"}],\"inLanguage\":\"de\"},{\"@type\":\"Person\",\"@id\":\"https:\/\/blog.zeit.de\/teilchen\/#\/schema\/person\/1b29fdf43f8ed1922626fad081532fea\",\"name\":\"Carim Soliman\",\"image\":{\"@type\":\"ImageObject\",\"inLanguage\":\"de\",\"@id\":\"https:\/\/blog.zeit.de\/teilchen\/#\/schema\/person\/image\/\",\"url\":\"https:\/\/secure.gravatar.com\/avatar\/928a491c6dc6ad6a6b7c6e9c5a3c52f6c2b64a769ba414071d0504ad0a1c306e?s=96&d=mm&r=g\",\"contentUrl\":\"https:\/\/secure.gravatar.com\/avatar\/928a491c6dc6ad6a6b7c6e9c5a3c52f6c2b64a769ba414071d0504ad0a1c306e?s=96&d=mm&r=g\",\"caption\":\"Carim Soliman\"},\"description\":\"ist Autor bei ZEIT ONLINE.\",\"url\":\"https:\/\/blog.zeit.de\/teilchen\/author\/csoliman\/\"}]}<\/script>\n<!-- \/ Yoast SEO plugin. -->","yoast_head_json":{"title":"Spiegelbild im Dschungel","description":"Wie wild reagieren wilde Tiere wohl auf ihr Spiegelbild?","robots":{"index":"index","follow":"follow","max-snippet":"max-snippet:-1","max-image-preview":"max-image-preview:large","max-video-preview":"max-video-preview:-1"},"canonical":"https:\/\/blog.zeit.de\/teilchen\/2015\/06\/05\/spieglein-spieglein-im-dschungel\/","og_locale":"de_DE","og_type":"article","og_title":"Spiegelbild im Dschungel","og_description":"Wie wild reagieren wilde Tiere wohl auf ihr Spiegelbild?","og_url":"https:\/\/blog.zeit.de\/teilchen\/2015\/06\/05\/spieglein-spieglein-im-dschungel\/","og_site_name":"Teilchen","article_published_time":"2015-06-05T08:15:51+00:00","article_modified_time":"2015-06-05T13:34:54+00:00","og_image":[{"width":640,"height":371,"url":"https:\/\/blog.zeit.de\/teilchen\/files\/2015\/06\/teilchen-spiegelaffen.png","type":"image\/png"}],"author":"Carim Soliman","twitter_card":"summary_large_image","twitter_creator":"@zeitonline","twitter_site":"@zeitonline","twitter_misc":{"Geschrieben von":"Carim Soliman","Gesch\u00e4tzte Lesezeit":"1\u00a0Minute"},"schema":{"@context":"https:\/\/schema.org","@graph":[{"@type":"WebPage","@id":"https:\/\/blog.zeit.de\/teilchen\/2015\/06\/05\/spieglein-spieglein-im-dschungel\/","url":"https:\/\/blog.zeit.de\/teilchen\/2015\/06\/05\/spieglein-spieglein-im-dschungel\/","name":"Spiegelbild im Dschungel","isPartOf":{"@id":"https:\/\/blog.zeit.de\/teilchen\/#website"},"datePublished":"2015-06-05T08:15:51+00:00","dateModified":"2015-06-05T13:34:54+00:00","author":{"@id":"https:\/\/blog.zeit.de\/teilchen\/#\/schema\/person\/1b29fdf43f8ed1922626fad081532fea"},"description":"Wie wild reagieren wilde Tiere wohl auf ihr Spiegelbild?","breadcrumb":{"@id":"https:\/\/blog.zeit.de\/teilchen\/2015\/06\/05\/spieglein-spieglein-im-dschungel\/#breadcrumb"},"inLanguage":"de","potentialAction":[{"@type":"ReadAction","target":["https:\/\/blog.zeit.de\/teilchen\/2015\/06\/05\/spieglein-spieglein-im-dschungel\/"]}]},{"@type":"BreadcrumbList","@id":"https:\/\/blog.zeit.de\/teilchen\/2015\/06\/05\/spieglein-spieglein-im-dschungel\/#breadcrumb","itemListElement":[{"@type":"ListItem","position":1,"name":"Startseite","item":"https:\/\/blog.zeit.de\/teilchen\/"},{"@type":"ListItem","position":2,"name":"Spieglein, Spieglein im Dschungel\u2026"}]},{"@type":"WebSite","@id":"https:\/\/blog.zeit.de\/teilchen\/#website","url":"https:\/\/blog.zeit.de\/teilchen\/","name":"Teilchen","description":"Im Netz verstecken sich kleine Sch\u00e4tze - ZEIT ONLINE findet sie.","potentialAction":[{"@type":"SearchAction","target":{"@type":"EntryPoint","urlTemplate":"https:\/\/blog.zeit.de\/teilchen\/?s={search_term_string}"},"query-input":"required name=search_term_string"}],"inLanguage":"de"},{"@type":"Person","@id":"https:\/\/blog.zeit.de\/teilchen\/#\/schema\/person\/1b29fdf43f8ed1922626fad081532fea","name":"Carim Soliman","image":{"@type":"ImageObject","inLanguage":"de","@id":"https:\/\/blog.zeit.de\/teilchen\/#\/schema\/person\/image\/","url":"https:\/\/secure.gravatar.com\/avatar\/928a491c6dc6ad6a6b7c6e9c5a3c52f6c2b64a769ba414071d0504ad0a1c306e?s=96&d=mm&r=g","contentUrl":"https:\/\/secure.gravatar.com\/avatar\/928a491c6dc6ad6a6b7c6e9c5a3c52f6c2b64a769ba414071d0504ad0a1c306e?s=96&d=mm&r=g","caption":"Carim Soliman"},"description":"ist Autor bei ZEIT ONLINE.","url":"https:\/\/blog.zeit.de\/teilchen\/author\/csoliman\/"}]}},"jetpack_featured_media_url":"https:\/\/blog.zeit.de\/teilchen\/files\/2015\/06\/teilchen-spiegelaffen.png","jetpack_sharing_enabled":true,"_links":{"self":[{"href":"https:\/\/blog.zeit.de\/teilchen\/wp-json\/wp\/v2\/posts\/4697","targetHints":{"allow":["GET"]}}],"collection":[{"href":"https:\/\/blog.zeit.de\/teilchen\/wp-json\/wp\/v2\/posts"}],"about":[{"href":"https:\/\/blog.zeit.de\/teilchen\/wp-json\/wp\/v2\/types\/post"}],"author":[{"embeddable":true,"href":"https:\/\/blog.zeit.de\/teilchen\/wp-json\/wp\/v2\/users\/558"}],"replies":[{"embeddable":true,"href":"https:\/\/blog.zeit.de\/teilchen\/wp-json\/wp\/v2\/comments?post=4697"}],"version-history":[{"count":10,"href":"https:\/\/blog.zeit.de\/teilchen\/wp-json\/wp\/v2\/posts\/4697\/revisions"}],"predecessor-version":[{"id":4771,"href":"https:\/\/blog.zeit.de\/teilchen\/wp-json\/wp\/v2\/posts\/4697\/revisions\/4771"}],"wp:featuredmedia":[{"embeddable":true,"href":"https:\/\/blog.zeit.de\/teilchen\/wp-json\/wp\/v2\/media\/4706"}],"wp:attachment":[{"href":"https:\/\/blog.zeit.de\/teilchen\/wp-json\/wp\/v2\/media?parent=4697"}],"wp:term":[{"taxonomy":"category","embeddable":true,"href":"https:\/\/blog.zeit.de\/teilchen\/wp-json\/wp\/v2\/categories?post=4697"},{"taxonomy":"post_tag","embeddable":true,"href":"https:\/\/blog.zeit.de\/teilchen\/wp-json\/wp\/v2\/tags?post=4697"}],"curies":[{"name":"wp","href":"https:\/\/api.w.org\/{rel}","templated":true}]}}