{"id":4888,"date":"2015-06-08T16:52:13","date_gmt":"2015-06-08T14:52:13","guid":{"rendered":"http:\/\/blog.zeit.de\/teilchen\/?p=4888"},"modified":"2015-06-08T17:55:27","modified_gmt":"2015-06-08T15:55:27","slug":"architektur-haesslich-schoen-tempelhofer-flughafen","status":"publish","type":"post","link":"https:\/\/blog.zeit.de\/teilchen\/2015\/06\/08\/architektur-haesslich-schoen-tempelhofer-flughafen\/","title":{"rendered":"\u00dcber die Sch\u00f6nheit h\u00e4sslicher Architektur"},"content":{"rendered":"<p class=\"wp-caption-text\"><a href=\"http:\/\/www.nytimes.com\/interactive\/2015\/06\/05\/t-magazine\/architects-libeskind-zaha-hadid-selldorf-norman-foster.html?_r=1\"><img loading=\"lazy\" decoding=\"async\" class=\"alignnone wp-image-4889 size-medium\" src=\"https:\/\/blog.zeit.de\/teilchen\/files\/2015\/06\/Bildschirmfoto-2015-06-08-um-13.09.15-580x465.png\" alt=\"\u00dcber die Sch\u00f6nheit h\u00e4sslicher Architektur\" width=\"580\" height=\"465\" srcset=\"https:\/\/blog.zeit.de\/teilchen\/files\/2015\/06\/Bildschirmfoto-2015-06-08-um-13.09.15-580x465.png 580w, https:\/\/blog.zeit.de\/teilchen\/files\/2015\/06\/Bildschirmfoto-2015-06-08-um-13.09.15-1024x821.png 1024w, https:\/\/blog.zeit.de\/teilchen\/files\/2015\/06\/Bildschirmfoto-2015-06-08-um-13.09.15.png 1054w\" sizes=\"auto, (max-width: 580px) 100vw, 580px\" \/><\/a>Architekten-Weltstars verteidigen umstrittene Geb\u00e4ude wie den Tempelhofer Flughafen. Screenshot von <em><a href=\"http:\/\/www.nytimes.com\/interactive\/2015\/06\/05\/t-magazine\/architects-libeskind-zaha-hadid-selldorf-norman-foster.html?_r=2\" target=\"_blank\">New York Times.com<\/a><\/em><\/p>\n<p>Kennen Sie die Tour Montparnasse? Das B\u00fcrogeb\u00e4ude durchbricht konsequent den musealen Charakter von Paris. Den BT Tower in London? Ein w\u00fcster Stilmix. Und den Flughafen Tempelhof in Berlin? Es f\u00e4llt schwer, zu dem Geb\u00e4udekomplex keine klare Meinung zu haben. Doch nun erheben Architekten von Weltrang das Wort: In der <a href=\"http:\/\/www.nytimes.com\/interactive\/2015\/06\/05\/t-magazine\/architects-libeskind-zaha-hadid-selldorf-norman-foster.html?_r=1\" target=\"_blank\"><em>New York Times<\/em> verteidigen sie einige der meistgehassten Geb\u00e4ude<\/a> der Welt.<!--more--><\/p>\n<p>Sir Norman Foster etwa lobt ausdr\u00fccklich die Architektur Tempelhofs, ein so <a href=\"http:\/\/www.zeit.de\/2009\/38\/Naziklotz\" target=\"_blank\">h\u00e4ssliches wie entbehrliches Nazibauwerk.<\/a> W\u00e4hrend die Berliner zwar stolz auf die ungeheure <a href=\"http:\/\/www.zeit.de\/2014\/22\/tempelhofer-feld-natur-architektur\" target=\"_blank\">H\u00e4sslichkeit des Tempelhofer Felds<\/a> sind, gehen die Meinungen \u00fcber die benachbarten Geb\u00e4ude oft weit auseinander. Foster ist sich hingegen sicher: &#8222;Tempelhof ist eines der wirklich gro\u00dfartigen Geb\u00e4ude des modernen Zeitalters.&#8220;<\/p>\n<p>Der Flughafen sei voller Widerspr\u00fcche und Paradoxe, schw\u00e4rmt der Architekt, der unter anderem die Reichstagskuppel in Berlin, den Swiss-Re-Tower <a href=\"http:\/\/www.zeit.de\/2014\/31\/investition-gherkin-norman-foster\" target=\"_blank\">The Gherkin in London<\/a> und den neuen Apple-Campus entworfen hat.<\/p>\n<p><a href=\"http:\/\/www.zeit.de\/kultur\/2012-11\/libeskind-juedisches.museum-anbau\" target=\"_blank\">Daniel Libeskind, unter anderem Architekt des J\u00fcdischen Museums in Berlin<\/a>, verteidigt nicht so sehr den B\u00fcrokomplex Tour Montparnasse als vielmehr die Idee, die dahintersteckt. Und auch <a href=\"http:\/\/www.zeit.de\/zeit-magazin\/2014\/43\/architektur-3-d-drucker-zaha-mohammad-hadid-moebel\" target=\"_blank\">Zaha Hadid<\/a> hat sich ein streitbares Haus ausgesucht.<\/p>\n<p><em>Weitere <a href=\"https:\/\/blog.zeit.de\/teilchen\/\" target=\"_blank\">Teilchen finden Sie hier<\/a>. <\/em><\/p>\n<p><em>\u00a0<\/em><\/p>\n<p><em>\u00a0<\/em><\/p>\n<p>&nbsp;<\/p>\n","protected":false},"excerpt":{"rendered":"<p>Architekten-Weltstars verteidigen umstrittene Geb\u00e4ude wie den Tempelhofer Flughafen. Screenshot von New York Times.com Kennen Sie die Tour Montparnasse? Das B\u00fcrogeb\u00e4ude durchbricht konsequent den musealen [\u2026]<\/p>\n","protected":false},"author":528,"featured_media":0,"comment_status":"open","ping_status":"closed","sticky":false,"template":"","format":"standard","meta":{"_jetpack_memberships_contains_paid_content":false,"footnotes":""},"categories":[14172,29747],"tags":[],"class_list":["post-4888","post","type-post","status-publish","format-standard","hentry","category-bilder","category-geschichten"],"yoast_head":"<!-- This site is optimized with the Yoast SEO plugin v21.0 - https:\/\/yoast.com\/wordpress\/plugins\/seo\/ -->\n<title>\u00dcber die Sch\u00f6nheit h\u00e4sslicher Architektur<\/title>\n<meta name=\"description\" content=\"Der Tempelhofer Flughafen ein h\u00e4ssliches Nazibauwerk? Wenn ber\u00fchmte Architekten umstrittene Geb\u00e4ude verteidigen\" \/>\n<meta name=\"robots\" content=\"index, follow, max-snippet:-1, max-image-preview:large, max-video-preview:-1\" \/>\n<link rel=\"canonical\" href=\"https:\/\/blog.zeit.de\/teilchen\/2015\/06\/08\/architektur-haesslich-schoen-tempelhofer-flughafen\/\" \/>\n<meta property=\"og:locale\" content=\"de_DE\" \/>\n<meta property=\"og:type\" content=\"article\" \/>\n<meta property=\"og:title\" content=\"\u00dcber die Sch\u00f6nheit h\u00e4sslicher Architektur\" \/>\n<meta property=\"og:description\" content=\"Der Tempelhofer Flughafen ein h\u00e4ssliches Nazibauwerk? Wenn ber\u00fchmte Architekten umstrittene Geb\u00e4ude verteidigen\" \/>\n<meta property=\"og:url\" content=\"https:\/\/blog.zeit.de\/teilchen\/2015\/06\/08\/architektur-haesslich-schoen-tempelhofer-flughafen\/\" \/>\n<meta property=\"og:site_name\" content=\"Teilchen\" \/>\n<meta property=\"article:published_time\" content=\"2015-06-08T14:52:13+00:00\" \/>\n<meta property=\"article:modified_time\" content=\"2015-06-08T15:55:27+00:00\" \/>\n<meta property=\"og:image\" content=\"https:\/\/blog.zeit.de\/teilchen\/files\/2015\/06\/Bildschirmfoto-2015-06-08-um-13.09.15-580x465.png\" \/>\n<meta name=\"author\" content=\"Bj\u00f6rn Maatz\" \/>\n<meta name=\"twitter:card\" content=\"summary_large_image\" \/>\n<meta name=\"twitter:creator\" content=\"@BjoernMaatz\" \/>\n<meta name=\"twitter:site\" content=\"@zeitonline\" \/>\n<meta name=\"twitter:label1\" content=\"Geschrieben von\" \/>\n\t<meta name=\"twitter:data1\" content=\"Bj\u00f6rn Maatz\" \/>\n\t<meta name=\"twitter:label2\" content=\"Gesch\u00e4tzte Lesezeit\" \/>\n\t<meta name=\"twitter:data2\" content=\"1\u00a0Minute\" \/>\n<script type=\"application\/ld+json\" class=\"yoast-schema-graph\">{\"@context\":\"https:\/\/schema.org\",\"@graph\":[{\"@type\":\"WebPage\",\"@id\":\"https:\/\/blog.zeit.de\/teilchen\/2015\/06\/08\/architektur-haesslich-schoen-tempelhofer-flughafen\/\",\"url\":\"https:\/\/blog.zeit.de\/teilchen\/2015\/06\/08\/architektur-haesslich-schoen-tempelhofer-flughafen\/\",\"name\":\"\u00dcber die Sch\u00f6nheit h\u00e4sslicher Architektur\",\"isPartOf\":{\"@id\":\"https:\/\/blog.zeit.de\/teilchen\/#website\"},\"datePublished\":\"2015-06-08T14:52:13+00:00\",\"dateModified\":\"2015-06-08T15:55:27+00:00\",\"author\":{\"@id\":\"https:\/\/blog.zeit.de\/teilchen\/#\/schema\/person\/20ae47479c9c6443ed61f03c9eac892f\"},\"description\":\"Der Tempelhofer Flughafen ein h\u00e4ssliches Nazibauwerk? Wenn ber\u00fchmte Architekten umstrittene Geb\u00e4ude verteidigen\",\"breadcrumb\":{\"@id\":\"https:\/\/blog.zeit.de\/teilchen\/2015\/06\/08\/architektur-haesslich-schoen-tempelhofer-flughafen\/#breadcrumb\"},\"inLanguage\":\"de\",\"potentialAction\":[{\"@type\":\"ReadAction\",\"target\":[\"https:\/\/blog.zeit.de\/teilchen\/2015\/06\/08\/architektur-haesslich-schoen-tempelhofer-flughafen\/\"]}]},{\"@type\":\"BreadcrumbList\",\"@id\":\"https:\/\/blog.zeit.de\/teilchen\/2015\/06\/08\/architektur-haesslich-schoen-tempelhofer-flughafen\/#breadcrumb\",\"itemListElement\":[{\"@type\":\"ListItem\",\"position\":1,\"name\":\"Startseite\",\"item\":\"https:\/\/blog.zeit.de\/teilchen\/\"},{\"@type\":\"ListItem\",\"position\":2,\"name\":\"\u00dcber die Sch\u00f6nheit h\u00e4sslicher Architektur\"}]},{\"@type\":\"WebSite\",\"@id\":\"https:\/\/blog.zeit.de\/teilchen\/#website\",\"url\":\"https:\/\/blog.zeit.de\/teilchen\/\",\"name\":\"Teilchen\",\"description\":\"Im Netz verstecken sich kleine Sch\u00e4tze - ZEIT ONLINE findet sie.\",\"potentialAction\":[{\"@type\":\"SearchAction\",\"target\":{\"@type\":\"EntryPoint\",\"urlTemplate\":\"https:\/\/blog.zeit.de\/teilchen\/?s={search_term_string}\"},\"query-input\":\"required name=search_term_string\"}],\"inLanguage\":\"de\"},{\"@type\":\"Person\",\"@id\":\"https:\/\/blog.zeit.de\/teilchen\/#\/schema\/person\/20ae47479c9c6443ed61f03c9eac892f\",\"name\":\"Bj\u00f6rn Maatz\",\"image\":{\"@type\":\"ImageObject\",\"inLanguage\":\"de\",\"@id\":\"https:\/\/blog.zeit.de\/teilchen\/#\/schema\/person\/image\/\",\"url\":\"https:\/\/secure.gravatar.com\/avatar\/4ed13ddffa21af7dcec9d6d36d2b36f05bfc49e1676e43abd84a80376d644278?s=96&d=mm&r=g\",\"contentUrl\":\"https:\/\/secure.gravatar.com\/avatar\/4ed13ddffa21af7dcec9d6d36d2b36f05bfc49e1676e43abd84a80376d644278?s=96&d=mm&r=g\",\"caption\":\"Bj\u00f6rn Maatz\"},\"description\":\"Leitet die Online-Redaktion der Kreativagentur Philipp und Keuntje. Zuvor Engagement-Redakteur bei ZEIT ONLINE und bei FINANCIAL TIMES DEUTSCHLAND, u.a. als Print-Redakteur im Unternehmensressort sowie als erster und letzter Social-Media-Redakteur. Studium der Wirtschaftsjournalistik in Bremen und Melbourne mit Hospitanzen beim NDR, der dpa und dem Hamburger Abendblatt.\",\"sameAs\":[\"https:\/\/twitter.com\/BjoernMaatz\"],\"url\":\"https:\/\/blog.zeit.de\/teilchen\/author\/bjoernmaatz\/\"}]}<\/script>\n<!-- \/ Yoast SEO plugin. -->","yoast_head_json":{"title":"\u00dcber die Sch\u00f6nheit h\u00e4sslicher Architektur","description":"Der Tempelhofer Flughafen ein h\u00e4ssliches Nazibauwerk? Wenn ber\u00fchmte Architekten umstrittene Geb\u00e4ude verteidigen","robots":{"index":"index","follow":"follow","max-snippet":"max-snippet:-1","max-image-preview":"max-image-preview:large","max-video-preview":"max-video-preview:-1"},"canonical":"https:\/\/blog.zeit.de\/teilchen\/2015\/06\/08\/architektur-haesslich-schoen-tempelhofer-flughafen\/","og_locale":"de_DE","og_type":"article","og_title":"\u00dcber die Sch\u00f6nheit h\u00e4sslicher Architektur","og_description":"Der Tempelhofer Flughafen ein h\u00e4ssliches Nazibauwerk? Wenn ber\u00fchmte Architekten umstrittene Geb\u00e4ude verteidigen","og_url":"https:\/\/blog.zeit.de\/teilchen\/2015\/06\/08\/architektur-haesslich-schoen-tempelhofer-flughafen\/","og_site_name":"Teilchen","article_published_time":"2015-06-08T14:52:13+00:00","article_modified_time":"2015-06-08T15:55:27+00:00","og_image":[{"url":"https:\/\/blog.zeit.de\/teilchen\/files\/2015\/06\/Bildschirmfoto-2015-06-08-um-13.09.15-580x465.png"}],"author":"Bj\u00f6rn Maatz","twitter_card":"summary_large_image","twitter_creator":"@BjoernMaatz","twitter_site":"@zeitonline","twitter_misc":{"Geschrieben von":"Bj\u00f6rn Maatz","Gesch\u00e4tzte Lesezeit":"1\u00a0Minute"},"schema":{"@context":"https:\/\/schema.org","@graph":[{"@type":"WebPage","@id":"https:\/\/blog.zeit.de\/teilchen\/2015\/06\/08\/architektur-haesslich-schoen-tempelhofer-flughafen\/","url":"https:\/\/blog.zeit.de\/teilchen\/2015\/06\/08\/architektur-haesslich-schoen-tempelhofer-flughafen\/","name":"\u00dcber die Sch\u00f6nheit h\u00e4sslicher Architektur","isPartOf":{"@id":"https:\/\/blog.zeit.de\/teilchen\/#website"},"datePublished":"2015-06-08T14:52:13+00:00","dateModified":"2015-06-08T15:55:27+00:00","author":{"@id":"https:\/\/blog.zeit.de\/teilchen\/#\/schema\/person\/20ae47479c9c6443ed61f03c9eac892f"},"description":"Der Tempelhofer Flughafen ein h\u00e4ssliches Nazibauwerk? Wenn ber\u00fchmte Architekten umstrittene Geb\u00e4ude verteidigen","breadcrumb":{"@id":"https:\/\/blog.zeit.de\/teilchen\/2015\/06\/08\/architektur-haesslich-schoen-tempelhofer-flughafen\/#breadcrumb"},"inLanguage":"de","potentialAction":[{"@type":"ReadAction","target":["https:\/\/blog.zeit.de\/teilchen\/2015\/06\/08\/architektur-haesslich-schoen-tempelhofer-flughafen\/"]}]},{"@type":"BreadcrumbList","@id":"https:\/\/blog.zeit.de\/teilchen\/2015\/06\/08\/architektur-haesslich-schoen-tempelhofer-flughafen\/#breadcrumb","itemListElement":[{"@type":"ListItem","position":1,"name":"Startseite","item":"https:\/\/blog.zeit.de\/teilchen\/"},{"@type":"ListItem","position":2,"name":"\u00dcber die Sch\u00f6nheit h\u00e4sslicher Architektur"}]},{"@type":"WebSite","@id":"https:\/\/blog.zeit.de\/teilchen\/#website","url":"https:\/\/blog.zeit.de\/teilchen\/","name":"Teilchen","description":"Im Netz verstecken sich kleine Sch\u00e4tze - ZEIT ONLINE findet sie.","potentialAction":[{"@type":"SearchAction","target":{"@type":"EntryPoint","urlTemplate":"https:\/\/blog.zeit.de\/teilchen\/?s={search_term_string}"},"query-input":"required name=search_term_string"}],"inLanguage":"de"},{"@type":"Person","@id":"https:\/\/blog.zeit.de\/teilchen\/#\/schema\/person\/20ae47479c9c6443ed61f03c9eac892f","name":"Bj\u00f6rn Maatz","image":{"@type":"ImageObject","inLanguage":"de","@id":"https:\/\/blog.zeit.de\/teilchen\/#\/schema\/person\/image\/","url":"https:\/\/secure.gravatar.com\/avatar\/4ed13ddffa21af7dcec9d6d36d2b36f05bfc49e1676e43abd84a80376d644278?s=96&d=mm&r=g","contentUrl":"https:\/\/secure.gravatar.com\/avatar\/4ed13ddffa21af7dcec9d6d36d2b36f05bfc49e1676e43abd84a80376d644278?s=96&d=mm&r=g","caption":"Bj\u00f6rn Maatz"},"description":"Leitet die Online-Redaktion der Kreativagentur Philipp und Keuntje. Zuvor Engagement-Redakteur bei ZEIT ONLINE und bei FINANCIAL TIMES DEUTSCHLAND, u.a. als Print-Redakteur im Unternehmensressort sowie als erster und letzter Social-Media-Redakteur. Studium der Wirtschaftsjournalistik in Bremen und Melbourne mit Hospitanzen beim NDR, der dpa und dem Hamburger Abendblatt.","sameAs":["https:\/\/twitter.com\/BjoernMaatz"],"url":"https:\/\/blog.zeit.de\/teilchen\/author\/bjoernmaatz\/"}]}},"jetpack_featured_media_url":"","jetpack_sharing_enabled":true,"_links":{"self":[{"href":"https:\/\/blog.zeit.de\/teilchen\/wp-json\/wp\/v2\/posts\/4888","targetHints":{"allow":["GET"]}}],"collection":[{"href":"https:\/\/blog.zeit.de\/teilchen\/wp-json\/wp\/v2\/posts"}],"about":[{"href":"https:\/\/blog.zeit.de\/teilchen\/wp-json\/wp\/v2\/types\/post"}],"author":[{"embeddable":true,"href":"https:\/\/blog.zeit.de\/teilchen\/wp-json\/wp\/v2\/users\/528"}],"replies":[{"embeddable":true,"href":"https:\/\/blog.zeit.de\/teilchen\/wp-json\/wp\/v2\/comments?post=4888"}],"version-history":[{"count":10,"href":"https:\/\/blog.zeit.de\/teilchen\/wp-json\/wp\/v2\/posts\/4888\/revisions"}],"predecessor-version":[{"id":4908,"href":"https:\/\/blog.zeit.de\/teilchen\/wp-json\/wp\/v2\/posts\/4888\/revisions\/4908"}],"wp:attachment":[{"href":"https:\/\/blog.zeit.de\/teilchen\/wp-json\/wp\/v2\/media?parent=4888"}],"wp:term":[{"taxonomy":"category","embeddable":true,"href":"https:\/\/blog.zeit.de\/teilchen\/wp-json\/wp\/v2\/categories?post=4888"},{"taxonomy":"post_tag","embeddable":true,"href":"https:\/\/blog.zeit.de\/teilchen\/wp-json\/wp\/v2\/tags?post=4888"}],"curies":[{"name":"wp","href":"https:\/\/api.w.org\/{rel}","templated":true}]}}