{"id":4907,"date":"2015-06-09T13:21:22","date_gmt":"2015-06-09T11:21:22","guid":{"rendered":"http:\/\/blog.zeit.de\/teilchen\/?p=4907"},"modified":"2015-06-09T13:21:22","modified_gmt":"2015-06-09T11:21:22","slug":"geruch-gestank-grossstadt-barcelona-london","status":"publish","type":"post","link":"https:\/\/blog.zeit.de\/teilchen\/2015\/06\/09\/geruch-gestank-grossstadt-barcelona-london\/","title":{"rendered":"Wo Barcelona und London am meisten stinken"},"content":{"rendered":"<p class=\"wp-caption-text\"><img loading=\"lazy\" decoding=\"async\" class=\"aligncenter wp-image-4914 size-medium\" src=\"https:\/\/blog.zeit.de\/teilchen\/files\/2015\/06\/Bildschirmfoto-2015-06-08-um-17.56.16-580x408.png\" alt=\"Der liebliche Geruch der gro\u00dfen Stadt\" width=\"580\" height=\"408\" srcset=\"https:\/\/blog.zeit.de\/teilchen\/files\/2015\/06\/Bildschirmfoto-2015-06-08-um-17.56.16-580x408.png 580w, https:\/\/blog.zeit.de\/teilchen\/files\/2015\/06\/Bildschirmfoto-2015-06-08-um-17.56.16-1024x721.png 1024w, https:\/\/blog.zeit.de\/teilchen\/files\/2015\/06\/Bildschirmfoto-2015-06-08-um-17.56.16.png 1494w\" sizes=\"auto, (max-width: 580px) 100vw, 580px\" \/>So riecht Barcelona. Rot sind Emissionsger\u00fcche eingef\u00e4rbt, die gr\u00fcnen Markierungen zeigen, wo die Nase von Natur bet\u00f6rt wird. Foto: Screenshot <em><a href=\"http:\/\/www.washingtonpost.com\/blogs\/wonkblog\/wp\/2015\/06\/07\/maps-what-your-city-smells-like\/?tid=sm_tw\" target=\"_blank\">Washington Post<\/a><\/em><\/p>\n<p>Es gibt verschiedene Arten von Stadtpl\u00e4nen: U-Bahn-Pl\u00e4ne, Karten f\u00fcr Feinstaub und die <a href=\"http:\/\/urbanshit.de\/u-bahn-kneipen-karte-berlin\" target=\"_blank\">coolsten Kneipen<\/a>, \u00dcbersichten f\u00fcr <a href=\"http:\/\/www.citylab.com\/design\/2015\/05\/the-world-mapped-as-pop-art\/392729\/\" target=\"_blank\">Roy-Lichtenstein-Fans<\/a> und <a href=\"http:\/\/www.zdf.de\/ZDFmediathek\/beitrag\/video\/2350932\/Spezielle-Stadtplaene-fuer-Fluechtlinge#\/beitrag\/video\/2350932\/Spezielle-Stadtplaene-fuer-Fluechtlinge\" target=\"_blank\">Fl\u00fcchtlinge<\/a>. Forscher der Universit\u00e4t Cambridge und Yahoo haben nun eine neue Kategorie geschaffen: Ihre von der <a href=\"http:\/\/www.washingtonpost.com\/blogs\/wonkblog\/wp\/2015\/06\/07\/maps-what-your-city-smells-like\/?tid=sm_tw\" target=\"_blank\"><em>Washington Post<\/em> ver\u00f6ffentlichten Karten<\/a> zeigen, wie St\u00e4dte riechen.<!--more--><\/p>\n<p>Das scheint zun\u00e4chst eine ziemlich eklige Angelegenheit zu sein, schlie\u00dflich machen die Grafiken von London und Barcelona unter anderem recht unsch\u00f6ne Ger\u00fcche von Emissionen und Hinterlassenschaften von Tieren sichtbar.<\/p>\n<p>Doch gl\u00fccklicherweise mussten die Wissenschaftler nicht mit ihren eigenen Nasen recherchieren. Diesen Job erledigten Einwohner, die von dem Forscherteam nach ihren <em>&#8222;smell walks&#8220;<\/em> befragt wurden. <a href=\"http:\/\/www.zeit.de\/wissen\/2014-03\/nase-geruch-studie\" target=\"_blank\">Die menschliche Nase kann \u00fcbrigens mehr als eine Billion verschiedener Ger\u00fcche unterscheiden.<\/a><\/p>\n<p>Auch mit Social Media experimentierte das Team der Uni Cambridge. Auf Twitter, Instagram und Flickr suchten sie nach geogetaggten Beitr\u00e4gen mit &#8222;Geruchsbegriffen&#8220; und lie\u00dfen diese ebenfalls in ihre Karte einflie\u00dfen.<\/p>\n<p><em>Weitere <a href=\"https:\/\/blog.zeit.de\/teilchen\/\" target=\"_blank\">Teilchen finden Sie hier<\/a>.<\/em><\/p>\n","protected":false},"excerpt":{"rendered":"<p>So riecht Barcelona. Rot sind Emissionsger\u00fcche eingef\u00e4rbt, die gr\u00fcnen Markierungen zeigen, wo die Nase von Natur bet\u00f6rt wird. Foto: Screenshot Washington Post Es gibt [\u2026]<\/p>\n","protected":false},"author":556,"featured_media":0,"comment_status":"open","ping_status":"closed","sticky":false,"template":"","format":"standard","meta":{"_jetpack_memberships_contains_paid_content":false,"footnotes":""},"categories":[9469],"tags":[],"class_list":["post-4907","post","type-post","status-publish","format-standard","hentry","category-infografiken"],"yoast_head":"<!-- This site is optimized with the Yoast SEO plugin v21.0 - https:\/\/yoast.com\/wordpress\/plugins\/seo\/ -->\n<title>Der liebliche Geruch der gro\u00dfen Stadt<\/title>\n<meta name=\"description\" content=\"Dufte Idee \u2013 eine Karte zeigt uns den Geruch (bis Gestank) unserer Lieblingsst\u00e4dte.\" \/>\n<meta name=\"robots\" content=\"index, follow, max-snippet:-1, max-image-preview:large, max-video-preview:-1\" \/>\n<link rel=\"canonical\" href=\"https:\/\/blog.zeit.de\/teilchen\/2015\/06\/09\/geruch-gestank-grossstadt-barcelona-london\/\" \/>\n<meta property=\"og:locale\" content=\"de_DE\" \/>\n<meta property=\"og:type\" content=\"article\" \/>\n<meta property=\"og:title\" content=\"Der liebliche Geruch der gro\u00dfen Stadt\" \/>\n<meta property=\"og:description\" content=\"Dufte Idee \u2013 eine Karte zeigt uns den Geruch (bis Gestank) unserer Lieblingsst\u00e4dte.\" \/>\n<meta property=\"og:url\" content=\"https:\/\/blog.zeit.de\/teilchen\/2015\/06\/09\/geruch-gestank-grossstadt-barcelona-london\/\" \/>\n<meta property=\"og:site_name\" content=\"Teilchen\" \/>\n<meta property=\"article:published_time\" content=\"2015-06-09T11:21:22+00:00\" \/>\n<meta property=\"og:image\" content=\"https:\/\/blog.zeit.de\/teilchen\/files\/2015\/06\/Bildschirmfoto-2015-06-08-um-17.56.16-580x408.png\" \/>\n<meta name=\"author\" content=\"Tobias Dorfer\" \/>\n<meta name=\"twitter:card\" content=\"summary_large_image\" \/>\n<meta name=\"twitter:creator\" content=\"@tobiasdorfer\" \/>\n<meta name=\"twitter:site\" content=\"@zeitonline\" \/>\n<meta name=\"twitter:label1\" content=\"Geschrieben von\" \/>\n\t<meta name=\"twitter:data1\" content=\"Tobias Dorfer\" \/>\n\t<meta name=\"twitter:label2\" content=\"Gesch\u00e4tzte Lesezeit\" \/>\n\t<meta name=\"twitter:data2\" content=\"1\u00a0Minute\" \/>\n<script type=\"application\/ld+json\" class=\"yoast-schema-graph\">{\"@context\":\"https:\/\/schema.org\",\"@graph\":[{\"@type\":\"WebPage\",\"@id\":\"https:\/\/blog.zeit.de\/teilchen\/2015\/06\/09\/geruch-gestank-grossstadt-barcelona-london\/\",\"url\":\"https:\/\/blog.zeit.de\/teilchen\/2015\/06\/09\/geruch-gestank-grossstadt-barcelona-london\/\",\"name\":\"Der liebliche Geruch der gro\u00dfen Stadt\",\"isPartOf\":{\"@id\":\"https:\/\/blog.zeit.de\/teilchen\/#website\"},\"datePublished\":\"2015-06-09T11:21:22+00:00\",\"dateModified\":\"2015-06-09T11:21:22+00:00\",\"author\":{\"@id\":\"https:\/\/blog.zeit.de\/teilchen\/#\/schema\/person\/e90ba849254185115fd919d4fad07dc0\"},\"description\":\"Dufte Idee \u2013 eine Karte zeigt uns den Geruch (bis Gestank) unserer Lieblingsst\u00e4dte.\",\"breadcrumb\":{\"@id\":\"https:\/\/blog.zeit.de\/teilchen\/2015\/06\/09\/geruch-gestank-grossstadt-barcelona-london\/#breadcrumb\"},\"inLanguage\":\"de\",\"potentialAction\":[{\"@type\":\"ReadAction\",\"target\":[\"https:\/\/blog.zeit.de\/teilchen\/2015\/06\/09\/geruch-gestank-grossstadt-barcelona-london\/\"]}]},{\"@type\":\"BreadcrumbList\",\"@id\":\"https:\/\/blog.zeit.de\/teilchen\/2015\/06\/09\/geruch-gestank-grossstadt-barcelona-london\/#breadcrumb\",\"itemListElement\":[{\"@type\":\"ListItem\",\"position\":1,\"name\":\"Startseite\",\"item\":\"https:\/\/blog.zeit.de\/teilchen\/\"},{\"@type\":\"ListItem\",\"position\":2,\"name\":\"Wo Barcelona und London am meisten stinken\"}]},{\"@type\":\"WebSite\",\"@id\":\"https:\/\/blog.zeit.de\/teilchen\/#website\",\"url\":\"https:\/\/blog.zeit.de\/teilchen\/\",\"name\":\"Teilchen\",\"description\":\"Im Netz verstecken sich kleine Sch\u00e4tze - ZEIT ONLINE findet sie.\",\"potentialAction\":[{\"@type\":\"SearchAction\",\"target\":{\"@type\":\"EntryPoint\",\"urlTemplate\":\"https:\/\/blog.zeit.de\/teilchen\/?s={search_term_string}\"},\"query-input\":\"required name=search_term_string\"}],\"inLanguage\":\"de\"},{\"@type\":\"Person\",\"@id\":\"https:\/\/blog.zeit.de\/teilchen\/#\/schema\/person\/e90ba849254185115fd919d4fad07dc0\",\"name\":\"Tobias Dorfer\",\"image\":{\"@type\":\"ImageObject\",\"inLanguage\":\"de\",\"@id\":\"https:\/\/blog.zeit.de\/teilchen\/#\/schema\/person\/image\/\",\"url\":\"https:\/\/secure.gravatar.com\/avatar\/0021e1a3fe9f799912804bcca6f1bcbbe58ee3bf29c8f714a0f453695a888d0a?s=96&d=mm&r=g\",\"contentUrl\":\"https:\/\/secure.gravatar.com\/avatar\/0021e1a3fe9f799912804bcca6f1bcbbe58ee3bf29c8f714a0f453695a888d0a?s=96&d=mm&r=g\",\"caption\":\"Tobias Dorfer\"},\"description\":\"Teamleiter Social Media bei ZEIT ONLINE. Zuvor sieben Jahre bei S\u00fcddeutsche.de, als Redakteur im Wirtschafts- und Regional-Ressort sowie Editorial SEO. Ausbildung an der Deutschen Journalistenschule in M\u00fcnchen mit Hospitanzen bei S\u00fcddeutsche Zeitung, SPIEGEL und SPIEGEL Online.\",\"sameAs\":[\"https:\/\/twitter.com\/tobiasdorfer\"],\"url\":\"https:\/\/blog.zeit.de\/teilchen\/author\/tdorfer\/\"}]}<\/script>\n<!-- \/ Yoast SEO plugin. -->","yoast_head_json":{"title":"Der liebliche Geruch der gro\u00dfen Stadt","description":"Dufte Idee \u2013 eine Karte zeigt uns den Geruch (bis Gestank) unserer Lieblingsst\u00e4dte.","robots":{"index":"index","follow":"follow","max-snippet":"max-snippet:-1","max-image-preview":"max-image-preview:large","max-video-preview":"max-video-preview:-1"},"canonical":"https:\/\/blog.zeit.de\/teilchen\/2015\/06\/09\/geruch-gestank-grossstadt-barcelona-london\/","og_locale":"de_DE","og_type":"article","og_title":"Der liebliche Geruch der gro\u00dfen Stadt","og_description":"Dufte Idee \u2013 eine Karte zeigt uns den Geruch (bis Gestank) unserer Lieblingsst\u00e4dte.","og_url":"https:\/\/blog.zeit.de\/teilchen\/2015\/06\/09\/geruch-gestank-grossstadt-barcelona-london\/","og_site_name":"Teilchen","article_published_time":"2015-06-09T11:21:22+00:00","og_image":[{"url":"https:\/\/blog.zeit.de\/teilchen\/files\/2015\/06\/Bildschirmfoto-2015-06-08-um-17.56.16-580x408.png"}],"author":"Tobias Dorfer","twitter_card":"summary_large_image","twitter_creator":"@tobiasdorfer","twitter_site":"@zeitonline","twitter_misc":{"Geschrieben von":"Tobias Dorfer","Gesch\u00e4tzte Lesezeit":"1\u00a0Minute"},"schema":{"@context":"https:\/\/schema.org","@graph":[{"@type":"WebPage","@id":"https:\/\/blog.zeit.de\/teilchen\/2015\/06\/09\/geruch-gestank-grossstadt-barcelona-london\/","url":"https:\/\/blog.zeit.de\/teilchen\/2015\/06\/09\/geruch-gestank-grossstadt-barcelona-london\/","name":"Der liebliche Geruch der gro\u00dfen Stadt","isPartOf":{"@id":"https:\/\/blog.zeit.de\/teilchen\/#website"},"datePublished":"2015-06-09T11:21:22+00:00","dateModified":"2015-06-09T11:21:22+00:00","author":{"@id":"https:\/\/blog.zeit.de\/teilchen\/#\/schema\/person\/e90ba849254185115fd919d4fad07dc0"},"description":"Dufte Idee \u2013 eine Karte zeigt uns den Geruch (bis Gestank) unserer Lieblingsst\u00e4dte.","breadcrumb":{"@id":"https:\/\/blog.zeit.de\/teilchen\/2015\/06\/09\/geruch-gestank-grossstadt-barcelona-london\/#breadcrumb"},"inLanguage":"de","potentialAction":[{"@type":"ReadAction","target":["https:\/\/blog.zeit.de\/teilchen\/2015\/06\/09\/geruch-gestank-grossstadt-barcelona-london\/"]}]},{"@type":"BreadcrumbList","@id":"https:\/\/blog.zeit.de\/teilchen\/2015\/06\/09\/geruch-gestank-grossstadt-barcelona-london\/#breadcrumb","itemListElement":[{"@type":"ListItem","position":1,"name":"Startseite","item":"https:\/\/blog.zeit.de\/teilchen\/"},{"@type":"ListItem","position":2,"name":"Wo Barcelona und London am meisten stinken"}]},{"@type":"WebSite","@id":"https:\/\/blog.zeit.de\/teilchen\/#website","url":"https:\/\/blog.zeit.de\/teilchen\/","name":"Teilchen","description":"Im Netz verstecken sich kleine Sch\u00e4tze - ZEIT ONLINE findet sie.","potentialAction":[{"@type":"SearchAction","target":{"@type":"EntryPoint","urlTemplate":"https:\/\/blog.zeit.de\/teilchen\/?s={search_term_string}"},"query-input":"required name=search_term_string"}],"inLanguage":"de"},{"@type":"Person","@id":"https:\/\/blog.zeit.de\/teilchen\/#\/schema\/person\/e90ba849254185115fd919d4fad07dc0","name":"Tobias Dorfer","image":{"@type":"ImageObject","inLanguage":"de","@id":"https:\/\/blog.zeit.de\/teilchen\/#\/schema\/person\/image\/","url":"https:\/\/secure.gravatar.com\/avatar\/0021e1a3fe9f799912804bcca6f1bcbbe58ee3bf29c8f714a0f453695a888d0a?s=96&d=mm&r=g","contentUrl":"https:\/\/secure.gravatar.com\/avatar\/0021e1a3fe9f799912804bcca6f1bcbbe58ee3bf29c8f714a0f453695a888d0a?s=96&d=mm&r=g","caption":"Tobias Dorfer"},"description":"Teamleiter Social Media bei ZEIT ONLINE. Zuvor sieben Jahre bei S\u00fcddeutsche.de, als Redakteur im Wirtschafts- und Regional-Ressort sowie Editorial SEO. Ausbildung an der Deutschen Journalistenschule in M\u00fcnchen mit Hospitanzen bei S\u00fcddeutsche Zeitung, SPIEGEL und SPIEGEL Online.","sameAs":["https:\/\/twitter.com\/tobiasdorfer"],"url":"https:\/\/blog.zeit.de\/teilchen\/author\/tdorfer\/"}]}},"jetpack_featured_media_url":"","jetpack_sharing_enabled":true,"_links":{"self":[{"href":"https:\/\/blog.zeit.de\/teilchen\/wp-json\/wp\/v2\/posts\/4907","targetHints":{"allow":["GET"]}}],"collection":[{"href":"https:\/\/blog.zeit.de\/teilchen\/wp-json\/wp\/v2\/posts"}],"about":[{"href":"https:\/\/blog.zeit.de\/teilchen\/wp-json\/wp\/v2\/types\/post"}],"author":[{"embeddable":true,"href":"https:\/\/blog.zeit.de\/teilchen\/wp-json\/wp\/v2\/users\/556"}],"replies":[{"embeddable":true,"href":"https:\/\/blog.zeit.de\/teilchen\/wp-json\/wp\/v2\/comments?post=4907"}],"version-history":[{"count":13,"href":"https:\/\/blog.zeit.de\/teilchen\/wp-json\/wp\/v2\/posts\/4907\/revisions"}],"predecessor-version":[{"id":4951,"href":"https:\/\/blog.zeit.de\/teilchen\/wp-json\/wp\/v2\/posts\/4907\/revisions\/4951"}],"wp:attachment":[{"href":"https:\/\/blog.zeit.de\/teilchen\/wp-json\/wp\/v2\/media?parent=4907"}],"wp:term":[{"taxonomy":"category","embeddable":true,"href":"https:\/\/blog.zeit.de\/teilchen\/wp-json\/wp\/v2\/categories?post=4907"},{"taxonomy":"post_tag","embeddable":true,"href":"https:\/\/blog.zeit.de\/teilchen\/wp-json\/wp\/v2\/tags?post=4907"}],"curies":[{"name":"wp","href":"https:\/\/api.w.org\/{rel}","templated":true}]}}