{"id":5164,"date":"2015-06-15T15:33:39","date_gmt":"2015-06-15T13:33:39","guid":{"rendered":"http:\/\/blog.zeit.de\/teilchen\/?p=5164"},"modified":"2015-06-15T15:52:13","modified_gmt":"2015-06-15T13:52:13","slug":"selfie-sri-lanka-polizei-polfie","status":"publish","type":"post","link":"https:\/\/blog.zeit.de\/teilchen\/2015\/06\/15\/selfie-sri-lanka-polizei-polfie\/","title":{"rendered":"Statt Selfies lieber Polfies mit der Polizei"},"content":{"rendered":"<div class=\"fb-post\" data-href=\"https:\/\/www.facebook.com\/DhadaSelfieSL\/photos\/pb.849401461761650.-2207520000.1434370347.\/849404688427994\/?type=3&#038;theater\" data-width=\"552\" style=\"background-color: #fff; display: inline-block;\"><\/div>\n<p>Die Kulturgeschichte des Selfies ist vergleichsweise jung und allersp\u00e4testens mit dem <a href=\"http:\/\/www.oxforddictionaries.com\/definition\/english\/selfie\" target=\"_blank\">Eintrag ins Oxford Dictionary<\/a> und der <a href=\"http:\/\/www.theguardian.com\/books\/2013\/nov\/19\/selfie-word-of-the-year-oed-olinguito-twerk\" target=\"_blank\">K\u00fcr zum englischen Wort des Jahres<\/a> zum Massensport verkommen. Mit der Variante von der Stange sorgen wir f\u00fcr <a href=\"http:\/\/www.zeit.de\/2015\/01\/selfie-stick-tourismus-selbstportraet\" target=\"_blank\">\u00c4rger in Kirchen und Museen<\/a>, mit den entsprechenden Drohnen machen wir <a href=\"http:\/\/www.zeit.de\/digital\/mobil\/2015-05\/lily-camera-selfies-aus-der-luft\" target=\"_blank\">Fluglotsen noch mehr Arbeit<\/a>, irritieren Touristen mit <a href=\"https:\/\/blog.zeit.de\/teilchen\/2015\/05\/12\/ein-selfie-tuerke-unter-polizeischutz\/\" target=\"_blank\">Selfie-Statuen<\/a>. In Sri Lanka sind sie schon einen Schritt weiter: <a href=\"http:\/\/www.cnet.com\/news\/the-latest-joy-selfies-with-police-officers-giving-you-a-ticket\/\" target=\"_blank\">Dort machen die Menschen jetzt Polfies<\/a>.<!--more--><\/p>\n<p>Wer in Sri Lanka einen Strafzettel erh\u00e4lt, gr\u00e4mt sich nicht l\u00e4nger \u2013\u00a0sondern befeuert einen Trend: Er knipst ein Selfie von sich und r\u00fcckt den schreibenden Polizisten mit ins Bild. Fertig ist das Polfie. Die <a href=\"https:\/\/www.facebook.com\/DhadaSelfieSL\" target=\"_blank\">passende Facebook-Seite dazu<\/a> gibt es nat\u00fcrlich auch schon.<\/p>\n<p>Und glaubt man Medienberichten, <a href=\"http:\/\/www.asianmirror.lk\/news\/item\/9356-new-dada-selfie-trend-advantageous-to-police-audio\" target=\"_blank\">freut sich die Polizei sogar \u00fcber den neuen Dada-Selfie-Trend<\/a>. Schlie\u00dflich dienten die Fotos als Beweis, dass der Strafzettel tats\u00e4chlich ausgestellt wurde.<\/p>\n<p><em>Weitere <a href=\"https:\/\/blog.zeit.de\/teilchen\/\">dadaistische Teilchen st\u00f6bern Sie hier auf<\/a>. <\/em><\/p>\n","protected":false},"excerpt":{"rendered":"<p>Die Kulturgeschichte des Selfies ist vergleichsweise jung und allersp\u00e4testens mit dem Eintrag ins Oxford Dictionary und der K\u00fcr zum englischen Wort des Jahres zum [\u2026]<\/p>\n","protected":false},"author":528,"featured_media":0,"comment_status":"open","ping_status":"closed","sticky":false,"template":"","format":"standard","meta":{"_jetpack_memberships_contains_paid_content":false,"footnotes":""},"categories":[29747],"tags":[],"class_list":["post-5164","post","type-post","status-publish","format-standard","hentry","category-geschichten"],"yoast_head":"<!-- This site is optimized with the Yoast SEO plugin v21.0 - https:\/\/yoast.com\/wordpress\/plugins\/seo\/ -->\n<title>Statt Selfie lieber ein Polfie<\/title>\n<meta name=\"description\" content=\"Strafzettel bekommen? In Sri Lanka kein \u00c4rgernis, sondern Zeit f\u00fcrs Polfie: Ein Selfie mit Polizei.\" \/>\n<meta name=\"robots\" content=\"index, follow, max-snippet:-1, max-image-preview:large, max-video-preview:-1\" \/>\n<link rel=\"canonical\" href=\"https:\/\/blog.zeit.de\/teilchen\/2015\/06\/15\/selfie-sri-lanka-polizei-polfie\/\" \/>\n<meta property=\"og:locale\" content=\"de_DE\" \/>\n<meta property=\"og:type\" content=\"article\" \/>\n<meta property=\"og:title\" content=\"Statt Selfie lieber ein Polfie\" \/>\n<meta property=\"og:description\" content=\"Strafzettel bekommen? In Sri Lanka kein \u00c4rgernis, sondern Zeit f\u00fcrs Polfie: Ein Selfie mit Polizei.\" \/>\n<meta property=\"og:url\" content=\"https:\/\/blog.zeit.de\/teilchen\/2015\/06\/15\/selfie-sri-lanka-polizei-polfie\/\" \/>\n<meta property=\"og:site_name\" content=\"Teilchen\" \/>\n<meta property=\"article:published_time\" content=\"2015-06-15T13:33:39+00:00\" \/>\n<meta property=\"article:modified_time\" content=\"2015-06-15T13:52:13+00:00\" \/>\n<meta property=\"og:image\" content=\"https:\/\/blog.zeit.de\/teilchen\/files\/2015\/03\/teilchen-facebook-fallback.jpg\" \/>\n\t<meta property=\"og:image:width\" content=\"1200\" \/>\n\t<meta property=\"og:image:height\" content=\"900\" \/>\n\t<meta property=\"og:image:type\" content=\"image\/jpeg\" \/>\n<meta name=\"author\" content=\"Bj\u00f6rn Maatz\" \/>\n<meta name=\"twitter:card\" content=\"summary_large_image\" \/>\n<meta name=\"twitter:creator\" content=\"@BjoernMaatz\" \/>\n<meta name=\"twitter:site\" content=\"@zeitonline\" \/>\n<meta name=\"twitter:label1\" content=\"Geschrieben von\" \/>\n\t<meta name=\"twitter:data1\" content=\"Bj\u00f6rn Maatz\" \/>\n\t<meta name=\"twitter:label2\" content=\"Gesch\u00e4tzte Lesezeit\" \/>\n\t<meta name=\"twitter:data2\" content=\"1\u00a0Minute\" \/>\n<script type=\"application\/ld+json\" class=\"yoast-schema-graph\">{\"@context\":\"https:\/\/schema.org\",\"@graph\":[{\"@type\":\"WebPage\",\"@id\":\"https:\/\/blog.zeit.de\/teilchen\/2015\/06\/15\/selfie-sri-lanka-polizei-polfie\/\",\"url\":\"https:\/\/blog.zeit.de\/teilchen\/2015\/06\/15\/selfie-sri-lanka-polizei-polfie\/\",\"name\":\"Statt Selfie lieber ein Polfie\",\"isPartOf\":{\"@id\":\"https:\/\/blog.zeit.de\/teilchen\/#website\"},\"datePublished\":\"2015-06-15T13:33:39+00:00\",\"dateModified\":\"2015-06-15T13:52:13+00:00\",\"author\":{\"@id\":\"https:\/\/blog.zeit.de\/teilchen\/#\/schema\/person\/20ae47479c9c6443ed61f03c9eac892f\"},\"description\":\"Strafzettel bekommen? In Sri Lanka kein \u00c4rgernis, sondern Zeit f\u00fcrs Polfie: Ein Selfie mit Polizei.\",\"breadcrumb\":{\"@id\":\"https:\/\/blog.zeit.de\/teilchen\/2015\/06\/15\/selfie-sri-lanka-polizei-polfie\/#breadcrumb\"},\"inLanguage\":\"de\",\"potentialAction\":[{\"@type\":\"ReadAction\",\"target\":[\"https:\/\/blog.zeit.de\/teilchen\/2015\/06\/15\/selfie-sri-lanka-polizei-polfie\/\"]}]},{\"@type\":\"BreadcrumbList\",\"@id\":\"https:\/\/blog.zeit.de\/teilchen\/2015\/06\/15\/selfie-sri-lanka-polizei-polfie\/#breadcrumb\",\"itemListElement\":[{\"@type\":\"ListItem\",\"position\":1,\"name\":\"Startseite\",\"item\":\"https:\/\/blog.zeit.de\/teilchen\/\"},{\"@type\":\"ListItem\",\"position\":2,\"name\":\"Statt Selfies lieber Polfies mit der Polizei\"}]},{\"@type\":\"WebSite\",\"@id\":\"https:\/\/blog.zeit.de\/teilchen\/#website\",\"url\":\"https:\/\/blog.zeit.de\/teilchen\/\",\"name\":\"Teilchen\",\"description\":\"Im Netz verstecken sich kleine Sch\u00e4tze - ZEIT ONLINE findet sie.\",\"potentialAction\":[{\"@type\":\"SearchAction\",\"target\":{\"@type\":\"EntryPoint\",\"urlTemplate\":\"https:\/\/blog.zeit.de\/teilchen\/?s={search_term_string}\"},\"query-input\":\"required name=search_term_string\"}],\"inLanguage\":\"de\"},{\"@type\":\"Person\",\"@id\":\"https:\/\/blog.zeit.de\/teilchen\/#\/schema\/person\/20ae47479c9c6443ed61f03c9eac892f\",\"name\":\"Bj\u00f6rn Maatz\",\"image\":{\"@type\":\"ImageObject\",\"inLanguage\":\"de\",\"@id\":\"https:\/\/blog.zeit.de\/teilchen\/#\/schema\/person\/image\/\",\"url\":\"https:\/\/secure.gravatar.com\/avatar\/4ed13ddffa21af7dcec9d6d36d2b36f05bfc49e1676e43abd84a80376d644278?s=96&d=mm&r=g\",\"contentUrl\":\"https:\/\/secure.gravatar.com\/avatar\/4ed13ddffa21af7dcec9d6d36d2b36f05bfc49e1676e43abd84a80376d644278?s=96&d=mm&r=g\",\"caption\":\"Bj\u00f6rn Maatz\"},\"description\":\"Leitet die Online-Redaktion der Kreativagentur Philipp und Keuntje. Zuvor Engagement-Redakteur bei ZEIT ONLINE und bei FINANCIAL TIMES DEUTSCHLAND, u.a. als Print-Redakteur im Unternehmensressort sowie als erster und letzter Social-Media-Redakteur. Studium der Wirtschaftsjournalistik in Bremen und Melbourne mit Hospitanzen beim NDR, der dpa und dem Hamburger Abendblatt.\",\"sameAs\":[\"https:\/\/twitter.com\/BjoernMaatz\"],\"url\":\"https:\/\/blog.zeit.de\/teilchen\/author\/bjoernmaatz\/\"}]}<\/script>\n<!-- \/ Yoast SEO plugin. -->","yoast_head_json":{"title":"Statt Selfie lieber ein Polfie","description":"Strafzettel bekommen? In Sri Lanka kein \u00c4rgernis, sondern Zeit f\u00fcrs Polfie: Ein Selfie mit Polizei.","robots":{"index":"index","follow":"follow","max-snippet":"max-snippet:-1","max-image-preview":"max-image-preview:large","max-video-preview":"max-video-preview:-1"},"canonical":"https:\/\/blog.zeit.de\/teilchen\/2015\/06\/15\/selfie-sri-lanka-polizei-polfie\/","og_locale":"de_DE","og_type":"article","og_title":"Statt Selfie lieber ein Polfie","og_description":"Strafzettel bekommen? In Sri Lanka kein \u00c4rgernis, sondern Zeit f\u00fcrs Polfie: Ein Selfie mit Polizei.","og_url":"https:\/\/blog.zeit.de\/teilchen\/2015\/06\/15\/selfie-sri-lanka-polizei-polfie\/","og_site_name":"Teilchen","article_published_time":"2015-06-15T13:33:39+00:00","article_modified_time":"2015-06-15T13:52:13+00:00","og_image":[{"width":1200,"height":900,"url":"https:\/\/blog.zeit.de\/teilchen\/files\/2015\/03\/teilchen-facebook-fallback.jpg","type":"image\/jpeg"}],"author":"Bj\u00f6rn Maatz","twitter_card":"summary_large_image","twitter_creator":"@BjoernMaatz","twitter_site":"@zeitonline","twitter_misc":{"Geschrieben von":"Bj\u00f6rn Maatz","Gesch\u00e4tzte Lesezeit":"1\u00a0Minute"},"schema":{"@context":"https:\/\/schema.org","@graph":[{"@type":"WebPage","@id":"https:\/\/blog.zeit.de\/teilchen\/2015\/06\/15\/selfie-sri-lanka-polizei-polfie\/","url":"https:\/\/blog.zeit.de\/teilchen\/2015\/06\/15\/selfie-sri-lanka-polizei-polfie\/","name":"Statt Selfie lieber ein Polfie","isPartOf":{"@id":"https:\/\/blog.zeit.de\/teilchen\/#website"},"datePublished":"2015-06-15T13:33:39+00:00","dateModified":"2015-06-15T13:52:13+00:00","author":{"@id":"https:\/\/blog.zeit.de\/teilchen\/#\/schema\/person\/20ae47479c9c6443ed61f03c9eac892f"},"description":"Strafzettel bekommen? In Sri Lanka kein \u00c4rgernis, sondern Zeit f\u00fcrs Polfie: Ein Selfie mit Polizei.","breadcrumb":{"@id":"https:\/\/blog.zeit.de\/teilchen\/2015\/06\/15\/selfie-sri-lanka-polizei-polfie\/#breadcrumb"},"inLanguage":"de","potentialAction":[{"@type":"ReadAction","target":["https:\/\/blog.zeit.de\/teilchen\/2015\/06\/15\/selfie-sri-lanka-polizei-polfie\/"]}]},{"@type":"BreadcrumbList","@id":"https:\/\/blog.zeit.de\/teilchen\/2015\/06\/15\/selfie-sri-lanka-polizei-polfie\/#breadcrumb","itemListElement":[{"@type":"ListItem","position":1,"name":"Startseite","item":"https:\/\/blog.zeit.de\/teilchen\/"},{"@type":"ListItem","position":2,"name":"Statt Selfies lieber Polfies mit der Polizei"}]},{"@type":"WebSite","@id":"https:\/\/blog.zeit.de\/teilchen\/#website","url":"https:\/\/blog.zeit.de\/teilchen\/","name":"Teilchen","description":"Im Netz verstecken sich kleine Sch\u00e4tze - ZEIT ONLINE findet sie.","potentialAction":[{"@type":"SearchAction","target":{"@type":"EntryPoint","urlTemplate":"https:\/\/blog.zeit.de\/teilchen\/?s={search_term_string}"},"query-input":"required name=search_term_string"}],"inLanguage":"de"},{"@type":"Person","@id":"https:\/\/blog.zeit.de\/teilchen\/#\/schema\/person\/20ae47479c9c6443ed61f03c9eac892f","name":"Bj\u00f6rn Maatz","image":{"@type":"ImageObject","inLanguage":"de","@id":"https:\/\/blog.zeit.de\/teilchen\/#\/schema\/person\/image\/","url":"https:\/\/secure.gravatar.com\/avatar\/4ed13ddffa21af7dcec9d6d36d2b36f05bfc49e1676e43abd84a80376d644278?s=96&d=mm&r=g","contentUrl":"https:\/\/secure.gravatar.com\/avatar\/4ed13ddffa21af7dcec9d6d36d2b36f05bfc49e1676e43abd84a80376d644278?s=96&d=mm&r=g","caption":"Bj\u00f6rn Maatz"},"description":"Leitet die Online-Redaktion der Kreativagentur Philipp und Keuntje. Zuvor Engagement-Redakteur bei ZEIT ONLINE und bei FINANCIAL TIMES DEUTSCHLAND, u.a. als Print-Redakteur im Unternehmensressort sowie als erster und letzter Social-Media-Redakteur. Studium der Wirtschaftsjournalistik in Bremen und Melbourne mit Hospitanzen beim NDR, der dpa und dem Hamburger Abendblatt.","sameAs":["https:\/\/twitter.com\/BjoernMaatz"],"url":"https:\/\/blog.zeit.de\/teilchen\/author\/bjoernmaatz\/"}]}},"jetpack_featured_media_url":"","jetpack_sharing_enabled":true,"_links":{"self":[{"href":"https:\/\/blog.zeit.de\/teilchen\/wp-json\/wp\/v2\/posts\/5164","targetHints":{"allow":["GET"]}}],"collection":[{"href":"https:\/\/blog.zeit.de\/teilchen\/wp-json\/wp\/v2\/posts"}],"about":[{"href":"https:\/\/blog.zeit.de\/teilchen\/wp-json\/wp\/v2\/types\/post"}],"author":[{"embeddable":true,"href":"https:\/\/blog.zeit.de\/teilchen\/wp-json\/wp\/v2\/users\/528"}],"replies":[{"embeddable":true,"href":"https:\/\/blog.zeit.de\/teilchen\/wp-json\/wp\/v2\/comments?post=5164"}],"version-history":[{"count":7,"href":"https:\/\/blog.zeit.de\/teilchen\/wp-json\/wp\/v2\/posts\/5164\/revisions"}],"predecessor-version":[{"id":5185,"href":"https:\/\/blog.zeit.de\/teilchen\/wp-json\/wp\/v2\/posts\/5164\/revisions\/5185"}],"wp:attachment":[{"href":"https:\/\/blog.zeit.de\/teilchen\/wp-json\/wp\/v2\/media?parent=5164"}],"wp:term":[{"taxonomy":"category","embeddable":true,"href":"https:\/\/blog.zeit.de\/teilchen\/wp-json\/wp\/v2\/categories?post=5164"},{"taxonomy":"post_tag","embeddable":true,"href":"https:\/\/blog.zeit.de\/teilchen\/wp-json\/wp\/v2\/tags?post=5164"}],"curies":[{"name":"wp","href":"https:\/\/api.w.org\/{rel}","templated":true}]}}