{"id":5235,"date":"2015-06-16T13:23:41","date_gmt":"2015-06-16T11:23:41","guid":{"rendered":"http:\/\/blog.zeit.de\/teilchen\/?p=5235"},"modified":"2015-06-16T13:23:41","modified_gmt":"2015-06-16T11:23:41","slug":"papst-im-namen-des-vaters-des-sohnes-und-mike-tysons","status":"publish","type":"post","link":"https:\/\/blog.zeit.de\/teilchen\/2015\/06\/16\/papst-im-namen-des-vaters-des-sohnes-und-mike-tysons\/","title":{"rendered":"Im Namen des Vaters, des Sohnes und Mike Tysons"},"content":{"rendered":"\n<div class=\"embed-wrapper embed-wrapper--blocked js-embed-consent\" data-method=\"iframe\">\n<script class=\"raw__source\" type=\"text\/template\"><iframe loading=\"lazy\" frameborder=\"0\" height=\"326\" src=\"https:\/\/www.youtube.com\/embed\/76BtP1GInlc\" width=\"580\"><\/iframe><\/script>\n<div class=\"embed-wrapper__inner\">\n<div class=\"embed-wrapper__text\">\n<h3>Empfohlener redaktioneller Inhalt<\/h3>\n<p data-replace=\"no\">An dieser Stelle finden Sie externen Inhalt, der den Artikel erg\u00e4nzt. Sie k\u00f6nnen sich externe Inhalte mit einem Klick anzeigen lassen und wieder ausblenden.<noscript>Bitte aktivieren Sie JavaScript damit Sie diesen Inhalt anzeigen k\u00f6nnen.<\/noscript><\/p>\n<\/div>\n<div class=\"embed-consent\">\n<label class=\"embed-consent__toggle\">\n<input class=\"js-embed-consent__toggle\" type=\"checkbox\" autocomplete=\"off\">\n<span><\/span>\nExterner Inhalt\n<\/label>\n<a href=\"https:\/\/www.zeit.de\/hilfe\/datenschutz\" target=\"_blank\" class=\"embed-consent__datalink-when-active\">Datenschutzerkl\u00e4rung<\/a>\n<\/div>\n<div class=\"embed-wrapper__footer\">\n<p data-replace=\"no\">\nIch bin damit einverstanden, dass mir externe Inhalte angezeigt werden. Damit k\u00f6nnen personenbezogene Daten an Drittplattformen \u00fcbermittelt werden. <a href=\"https:\/\/www.zeit.de\/hilfe\/datenschutz\" target=\"_blank\">Mehr dazu in unserer Datenschutzerkl\u00e4rung.<\/a>\n<\/p>\n<\/div>\n<\/div>\n<\/div>\n<p>Als Oberhaupt der katholischen Kirche hat der Papst mehr als eine Milliarde Gl\u00e4ubige zu beaufsichtigen, die ihm zumindest in der Theorie zu Gehorsam verpflichtet sind. Aber leider sind a) nicht alle Menschen katholisch und b) befinden sich auch unter Franziskus&#8216; Sch\u00e4fchen b\u00f6se Umwelts\u00fcnder. Da kann man schon mal aus der Haut fahren.<!--more--><\/p>\n<p>Eine Gruppe brasilianischer Klimasch\u00fctzer hat nun einen <a href=\"http:\/\/www.theguardian.com\/environment\/blog\/2015\/jun\/16\/the-popes-climate-change-encyclical-first-the-leak-now-the-movie-trailer\" target=\"_blank\">aufwendig gestalteten Clip<\/a> ins Netz gestellt, in dem Gottes Stellvertreter auf Erden ganz andere Saiten aufzieht. Denn offenbar reichen salbungsvolle Worte nicht, um f\u00fcr Gottes Werk zu k\u00e4mpfen. Und bevor uns die Natur zerst\u00f6rt (&#8222;<em>if you slap it, it will always slap you back<\/em>&#8222;), muss der Papst \u2013 assistiert von einem Klischee-Jesus \u2013 eben selbst in den Ring steigen.<\/p>\n<p>Nat\u00fcrlich ist das alles so gar nicht bibelkompatibel. Ein boxender Stellvertreter Gottes, der Klimas\u00fcndern ein blaues Auge haut, dieses Szenario hat die Heilige Schrift aus gutem Grund ausgespart. <a href=\"http:\/\/www.die-bibel.de\/online-bibeln\/luther-bibel-1984\/bibeltext\/bibelstelle\/mt5\/\" target=\"_blank\">Schlie\u00dflich sind der Bergpredigt zufolge die Friedfertigen selig<\/a> und nicht die Anh\u00e4nger der Heiligen Kirche von Henry Maske und <a href=\"https:\/\/www.youtube.com\/watch?v=54hNVi-R12k\" target=\"_blank\">Mike Tyson<\/a>.<\/p>\n<p>Und so wird in der Realit\u00e4t dann doch wieder das gesprochene (und geschriebene) Wort bem\u00fcht, wenn es um die Natur geht. Noch in dieser Woche will der Vatikan die Enzyklika des Papstes zum Klimaschutz ver\u00f6ffentlichen (<a href=\"http:\/\/www.zeit.de\/politik\/ausland\/2015-06\/papst-franziskus-vatikan-intrigen-enzyklika-umweltschutz\" target=\"_blank\">eine \u2013 ziemlich pazifistisch intonierte \u2013 Kopie des Entwurfs ist bereits durchgesickert<\/a>).<\/p>\n<p><em>Weitere <a href=\"https:\/\/blog.zeit.de\/teilchen\">Teilchen finden sie hier<\/a>.<\/em><\/p>\n","protected":false},"excerpt":{"rendered":"<p>Empfohlener redaktioneller Inhalt An dieser Stelle finden Sie externen Inhalt, der den Artikel erg\u00e4nzt. Sie k\u00f6nnen sich externe Inhalte mit einem Klick anzeigen lassen [\u2026]<\/p>\n","protected":false},"author":556,"featured_media":0,"comment_status":"open","ping_status":"closed","sticky":false,"template":"","format":"standard","meta":{"_jetpack_memberships_contains_paid_content":false,"footnotes":""},"categories":[28],"tags":[],"class_list":["post-5235","post","type-post","status-publish","format-standard","hentry","category-video"],"yoast_head":"<!-- This site is optimized with the Yoast SEO plugin v21.0 - https:\/\/yoast.com\/wordpress\/plugins\/seo\/ -->\n<title>Papst: Im Namen des Vaters, des Sohnes und Mike Tysons<\/title>\n<meta name=\"description\" content=\"Der Papst k\u00e4mpft f\u00fcr den Klimaschutz. Wie das w\u00f6rtlich genommen aussieht, zeigt dieses Video.\" \/>\n<meta name=\"robots\" content=\"index, follow, max-snippet:-1, max-image-preview:large, max-video-preview:-1\" \/>\n<link rel=\"canonical\" href=\"https:\/\/blog.zeit.de\/teilchen\/2015\/06\/16\/papst-im-namen-des-vaters-des-sohnes-und-mike-tysons\/\" \/>\n<meta property=\"og:locale\" content=\"de_DE\" \/>\n<meta property=\"og:type\" content=\"article\" \/>\n<meta property=\"og:title\" content=\"Papst: Im Namen des Vaters, des Sohnes und Mike Tysons\" \/>\n<meta property=\"og:description\" content=\"Der Papst k\u00e4mpft f\u00fcr den Klimaschutz. Wie das w\u00f6rtlich genommen aussieht, zeigt dieses Video.\" \/>\n<meta property=\"og:url\" content=\"https:\/\/blog.zeit.de\/teilchen\/2015\/06\/16\/papst-im-namen-des-vaters-des-sohnes-und-mike-tysons\/\" \/>\n<meta property=\"og:site_name\" content=\"Teilchen\" \/>\n<meta property=\"article:published_time\" content=\"2015-06-16T11:23:41+00:00\" \/>\n<meta property=\"og:image\" content=\"https:\/\/blog.zeit.de\/teilchen\/files\/2015\/03\/teilchen-facebook-fallback.jpg\" \/>\n\t<meta property=\"og:image:width\" content=\"1200\" \/>\n\t<meta property=\"og:image:height\" content=\"900\" \/>\n\t<meta property=\"og:image:type\" content=\"image\/jpeg\" \/>\n<meta name=\"author\" content=\"Tobias Dorfer\" \/>\n<meta name=\"twitter:card\" content=\"summary_large_image\" \/>\n<meta name=\"twitter:creator\" content=\"@tobiasdorfer\" \/>\n<meta name=\"twitter:site\" content=\"@zeitonline\" \/>\n<meta name=\"twitter:label1\" content=\"Geschrieben von\" \/>\n\t<meta name=\"twitter:data1\" content=\"Tobias Dorfer\" \/>\n\t<meta name=\"twitter:label2\" content=\"Gesch\u00e4tzte Lesezeit\" \/>\n\t<meta name=\"twitter:data2\" content=\"1\u00a0Minute\" \/>\n<script type=\"application\/ld+json\" class=\"yoast-schema-graph\">{\"@context\":\"https:\/\/schema.org\",\"@graph\":[{\"@type\":\"WebPage\",\"@id\":\"https:\/\/blog.zeit.de\/teilchen\/2015\/06\/16\/papst-im-namen-des-vaters-des-sohnes-und-mike-tysons\/\",\"url\":\"https:\/\/blog.zeit.de\/teilchen\/2015\/06\/16\/papst-im-namen-des-vaters-des-sohnes-und-mike-tysons\/\",\"name\":\"Papst: Im Namen des Vaters, des Sohnes und Mike Tysons\",\"isPartOf\":{\"@id\":\"https:\/\/blog.zeit.de\/teilchen\/#website\"},\"datePublished\":\"2015-06-16T11:23:41+00:00\",\"dateModified\":\"2015-06-16T11:23:41+00:00\",\"author\":{\"@id\":\"https:\/\/blog.zeit.de\/teilchen\/#\/schema\/person\/e90ba849254185115fd919d4fad07dc0\"},\"description\":\"Der Papst k\u00e4mpft f\u00fcr den Klimaschutz. Wie das w\u00f6rtlich genommen aussieht, zeigt dieses Video.\",\"breadcrumb\":{\"@id\":\"https:\/\/blog.zeit.de\/teilchen\/2015\/06\/16\/papst-im-namen-des-vaters-des-sohnes-und-mike-tysons\/#breadcrumb\"},\"inLanguage\":\"de\",\"potentialAction\":[{\"@type\":\"ReadAction\",\"target\":[\"https:\/\/blog.zeit.de\/teilchen\/2015\/06\/16\/papst-im-namen-des-vaters-des-sohnes-und-mike-tysons\/\"]}]},{\"@type\":\"BreadcrumbList\",\"@id\":\"https:\/\/blog.zeit.de\/teilchen\/2015\/06\/16\/papst-im-namen-des-vaters-des-sohnes-und-mike-tysons\/#breadcrumb\",\"itemListElement\":[{\"@type\":\"ListItem\",\"position\":1,\"name\":\"Startseite\",\"item\":\"https:\/\/blog.zeit.de\/teilchen\/\"},{\"@type\":\"ListItem\",\"position\":2,\"name\":\"Im Namen des Vaters, des Sohnes und Mike Tysons\"}]},{\"@type\":\"WebSite\",\"@id\":\"https:\/\/blog.zeit.de\/teilchen\/#website\",\"url\":\"https:\/\/blog.zeit.de\/teilchen\/\",\"name\":\"Teilchen\",\"description\":\"Im Netz verstecken sich kleine Sch\u00e4tze - ZEIT ONLINE findet sie.\",\"potentialAction\":[{\"@type\":\"SearchAction\",\"target\":{\"@type\":\"EntryPoint\",\"urlTemplate\":\"https:\/\/blog.zeit.de\/teilchen\/?s={search_term_string}\"},\"query-input\":\"required name=search_term_string\"}],\"inLanguage\":\"de\"},{\"@type\":\"Person\",\"@id\":\"https:\/\/blog.zeit.de\/teilchen\/#\/schema\/person\/e90ba849254185115fd919d4fad07dc0\",\"name\":\"Tobias Dorfer\",\"image\":{\"@type\":\"ImageObject\",\"inLanguage\":\"de\",\"@id\":\"https:\/\/blog.zeit.de\/teilchen\/#\/schema\/person\/image\/\",\"url\":\"https:\/\/secure.gravatar.com\/avatar\/0021e1a3fe9f799912804bcca6f1bcbbe58ee3bf29c8f714a0f453695a888d0a?s=96&d=mm&r=g\",\"contentUrl\":\"https:\/\/secure.gravatar.com\/avatar\/0021e1a3fe9f799912804bcca6f1bcbbe58ee3bf29c8f714a0f453695a888d0a?s=96&d=mm&r=g\",\"caption\":\"Tobias Dorfer\"},\"description\":\"Teamleiter Social Media bei ZEIT ONLINE. Zuvor sieben Jahre bei S\u00fcddeutsche.de, als Redakteur im Wirtschafts- und Regional-Ressort sowie Editorial SEO. Ausbildung an der Deutschen Journalistenschule in M\u00fcnchen mit Hospitanzen bei S\u00fcddeutsche Zeitung, SPIEGEL und SPIEGEL Online.\",\"sameAs\":[\"https:\/\/twitter.com\/tobiasdorfer\"],\"url\":\"https:\/\/blog.zeit.de\/teilchen\/author\/tdorfer\/\"}]}<\/script>\n<!-- \/ Yoast SEO plugin. -->","yoast_head_json":{"title":"Papst: Im Namen des Vaters, des Sohnes und Mike Tysons","description":"Der Papst k\u00e4mpft f\u00fcr den Klimaschutz. Wie das w\u00f6rtlich genommen aussieht, zeigt dieses Video.","robots":{"index":"index","follow":"follow","max-snippet":"max-snippet:-1","max-image-preview":"max-image-preview:large","max-video-preview":"max-video-preview:-1"},"canonical":"https:\/\/blog.zeit.de\/teilchen\/2015\/06\/16\/papst-im-namen-des-vaters-des-sohnes-und-mike-tysons\/","og_locale":"de_DE","og_type":"article","og_title":"Papst: Im Namen des Vaters, des Sohnes und Mike Tysons","og_description":"Der Papst k\u00e4mpft f\u00fcr den Klimaschutz. Wie das w\u00f6rtlich genommen aussieht, zeigt dieses Video.","og_url":"https:\/\/blog.zeit.de\/teilchen\/2015\/06\/16\/papst-im-namen-des-vaters-des-sohnes-und-mike-tysons\/","og_site_name":"Teilchen","article_published_time":"2015-06-16T11:23:41+00:00","og_image":[{"width":1200,"height":900,"url":"https:\/\/blog.zeit.de\/teilchen\/files\/2015\/03\/teilchen-facebook-fallback.jpg","type":"image\/jpeg"}],"author":"Tobias Dorfer","twitter_card":"summary_large_image","twitter_creator":"@tobiasdorfer","twitter_site":"@zeitonline","twitter_misc":{"Geschrieben von":"Tobias Dorfer","Gesch\u00e4tzte Lesezeit":"1\u00a0Minute"},"schema":{"@context":"https:\/\/schema.org","@graph":[{"@type":"WebPage","@id":"https:\/\/blog.zeit.de\/teilchen\/2015\/06\/16\/papst-im-namen-des-vaters-des-sohnes-und-mike-tysons\/","url":"https:\/\/blog.zeit.de\/teilchen\/2015\/06\/16\/papst-im-namen-des-vaters-des-sohnes-und-mike-tysons\/","name":"Papst: Im Namen des Vaters, des Sohnes und Mike Tysons","isPartOf":{"@id":"https:\/\/blog.zeit.de\/teilchen\/#website"},"datePublished":"2015-06-16T11:23:41+00:00","dateModified":"2015-06-16T11:23:41+00:00","author":{"@id":"https:\/\/blog.zeit.de\/teilchen\/#\/schema\/person\/e90ba849254185115fd919d4fad07dc0"},"description":"Der Papst k\u00e4mpft f\u00fcr den Klimaschutz. Wie das w\u00f6rtlich genommen aussieht, zeigt dieses Video.","breadcrumb":{"@id":"https:\/\/blog.zeit.de\/teilchen\/2015\/06\/16\/papst-im-namen-des-vaters-des-sohnes-und-mike-tysons\/#breadcrumb"},"inLanguage":"de","potentialAction":[{"@type":"ReadAction","target":["https:\/\/blog.zeit.de\/teilchen\/2015\/06\/16\/papst-im-namen-des-vaters-des-sohnes-und-mike-tysons\/"]}]},{"@type":"BreadcrumbList","@id":"https:\/\/blog.zeit.de\/teilchen\/2015\/06\/16\/papst-im-namen-des-vaters-des-sohnes-und-mike-tysons\/#breadcrumb","itemListElement":[{"@type":"ListItem","position":1,"name":"Startseite","item":"https:\/\/blog.zeit.de\/teilchen\/"},{"@type":"ListItem","position":2,"name":"Im Namen des Vaters, des Sohnes und Mike Tysons"}]},{"@type":"WebSite","@id":"https:\/\/blog.zeit.de\/teilchen\/#website","url":"https:\/\/blog.zeit.de\/teilchen\/","name":"Teilchen","description":"Im Netz verstecken sich kleine Sch\u00e4tze - ZEIT ONLINE findet sie.","potentialAction":[{"@type":"SearchAction","target":{"@type":"EntryPoint","urlTemplate":"https:\/\/blog.zeit.de\/teilchen\/?s={search_term_string}"},"query-input":"required name=search_term_string"}],"inLanguage":"de"},{"@type":"Person","@id":"https:\/\/blog.zeit.de\/teilchen\/#\/schema\/person\/e90ba849254185115fd919d4fad07dc0","name":"Tobias Dorfer","image":{"@type":"ImageObject","inLanguage":"de","@id":"https:\/\/blog.zeit.de\/teilchen\/#\/schema\/person\/image\/","url":"https:\/\/secure.gravatar.com\/avatar\/0021e1a3fe9f799912804bcca6f1bcbbe58ee3bf29c8f714a0f453695a888d0a?s=96&d=mm&r=g","contentUrl":"https:\/\/secure.gravatar.com\/avatar\/0021e1a3fe9f799912804bcca6f1bcbbe58ee3bf29c8f714a0f453695a888d0a?s=96&d=mm&r=g","caption":"Tobias Dorfer"},"description":"Teamleiter Social Media bei ZEIT ONLINE. Zuvor sieben Jahre bei S\u00fcddeutsche.de, als Redakteur im Wirtschafts- und Regional-Ressort sowie Editorial SEO. Ausbildung an der Deutschen Journalistenschule in M\u00fcnchen mit Hospitanzen bei S\u00fcddeutsche Zeitung, SPIEGEL und SPIEGEL Online.","sameAs":["https:\/\/twitter.com\/tobiasdorfer"],"url":"https:\/\/blog.zeit.de\/teilchen\/author\/tdorfer\/"}]}},"jetpack_featured_media_url":"","jetpack_sharing_enabled":true,"_links":{"self":[{"href":"https:\/\/blog.zeit.de\/teilchen\/wp-json\/wp\/v2\/posts\/5235","targetHints":{"allow":["GET"]}}],"collection":[{"href":"https:\/\/blog.zeit.de\/teilchen\/wp-json\/wp\/v2\/posts"}],"about":[{"href":"https:\/\/blog.zeit.de\/teilchen\/wp-json\/wp\/v2\/types\/post"}],"author":[{"embeddable":true,"href":"https:\/\/blog.zeit.de\/teilchen\/wp-json\/wp\/v2\/users\/556"}],"replies":[{"embeddable":true,"href":"https:\/\/blog.zeit.de\/teilchen\/wp-json\/wp\/v2\/comments?post=5235"}],"version-history":[{"count":8,"href":"https:\/\/blog.zeit.de\/teilchen\/wp-json\/wp\/v2\/posts\/5235\/revisions"}],"predecessor-version":[{"id":5252,"href":"https:\/\/blog.zeit.de\/teilchen\/wp-json\/wp\/v2\/posts\/5235\/revisions\/5252"}],"wp:attachment":[{"href":"https:\/\/blog.zeit.de\/teilchen\/wp-json\/wp\/v2\/media?parent=5235"}],"wp:term":[{"taxonomy":"category","embeddable":true,"href":"https:\/\/blog.zeit.de\/teilchen\/wp-json\/wp\/v2\/categories?post=5235"},{"taxonomy":"post_tag","embeddable":true,"href":"https:\/\/blog.zeit.de\/teilchen\/wp-json\/wp\/v2\/tags?post=5235"}],"curies":[{"name":"wp","href":"https:\/\/api.w.org\/{rel}","templated":true}]}}