{"id":55,"date":"2014-09-23T15:00:02","date_gmt":"2014-09-23T13:00:02","guid":{"rendered":"http:\/\/blog.zeit.de\/teilchen\/?p=55"},"modified":"2015-03-16T11:25:32","modified_gmt":"2015-03-16T10:25:32","slug":"ebola-karte-healthmap","status":"publish","type":"post","link":"https:\/\/blog.zeit.de\/teilchen\/2014\/09\/23\/ebola-karte-healthmap\/","title":{"rendered":"Interaktiv: Wie Ebola zur gr\u00f6\u00dften Gefahr f\u00fcr Westafrika wurde"},"content":{"rendered":"<p><figure id=\"attachment_57\" aria-describedby=\"caption-attachment-57\" style=\"width: 580px\" class=\"wp-caption aligncenter\"><a href=\"http:\/\/healthmap.org\/ebola\/#\" target=\"_blank\"><img loading=\"lazy\" decoding=\"async\" class=\"size-medium wp-image-57\" src=\"https:\/\/blog.zeit.de\/teilchen\/files\/2014\/09\/Bildschirmfoto-2014-09-22-um-23.58.04-580x390.png\" alt=\"Eine interaktive Karte zeigt den Verlauf der Ebola-Epidemie. \u00a9HealthMap.com\" width=\"580\" height=\"390\" srcset=\"https:\/\/blog.zeit.de\/teilchen\/files\/2014\/09\/Bildschirmfoto-2014-09-22-um-23.58.04-580x390.png 580w, https:\/\/blog.zeit.de\/teilchen\/files\/2014\/09\/Bildschirmfoto-2014-09-22-um-23.58.04.png 655w\" sizes=\"auto, (max-width: 580px) 100vw, 580px\" \/><\/a><figcaption id=\"caption-attachment-57\" class=\"wp-caption-text\">Eine interaktive Karte zeigt den Verlauf der Ebola-Epidemie. \u00a9HealthMap.com<\/figcaption><\/figure><\/p>\n<p>In Westafrika grassiert der gr\u00f6\u00dfte Ebola-Ausbruch aller Zeiten. Die HealthMap zeigt die Entwicklung der vergangenen Monate. Sie wurde auf Grundlage der gemeldeten Krankheits- und Todesf\u00e4lle der Weltgesundheitsorganisation WHO und verschiedener Gesundheitsbeh\u00f6rden erstellt \u2013 allerdings decken sich die dort verwendeten Zahlen nicht ganz <a href=\"http:\/\/www.who.int\/csr\/don\/archive\/disease\/ebola\/en\/\" target=\"_blank\">mit denen der WHO<\/a>.<\/p>\n<p>Trotzdem gibt die Karte einen anschaulichen \u00dcberblick, wie sich die Seuche, gegen die es bis heute weder eine Impfung noch eine Therapie gibt, von Guinea \u00fcber Sierra Leone und Liberia nach Nigeria ausgebreitet hat. Diese vier Staaten sind weiterhin am st\u00e4rksten betroffen, aus anderen L\u00e4ndern wurden nur Einzelf\u00e4lle bekannt.<\/p>\n<p>Etwas verwirrend: Die Karte zeigt auch F\u00e4lle aus der Demokratischen Republik Kongo an. Der dortige Ausbruch hat <a href=\"http:\/\/www.zeit.de\/wissen\/gesundheit\/2014-08\/ebola-epidemie-kongo\" target=\"_blank\">aber nichts mit dem in den anderen afrikanischen Staaten zu tun<\/a>, der Ebola-Stamm im Kongo ist ein anderer. Die <a href=\"http:\/\/www.who.int\/csr\/don\/2014_09_10_ebola\/en\/\" target=\"_blank\">WHO f\u00fchrt die Zahlen aus Kongo<\/a> gesondert auf. Genetische Analysen des dort isolierten Erregers haben best\u00e4tigt, dass der Ausbruch <a href=\"http:\/\/news.sciencemag.org\/africa\/2014\/09\/congo-outbreak-ebola-unrelated-escalating-west-african-epidemic\" target=\"_blank\">unabh\u00e4ngig von der westafrikanischen Epidemie<\/a> ist.<\/p>\n<p>Schaut man die HealthMap an, beginnt der Ausbruch zudem scheinbar erst im M\u00e4rz 2014. In Wahrheit war das aber der Zeitpunkt, als die \u00d6ffentlichkeit davon erfuhr. In Wahrheit ging das Ebola-Virus da schon seit Dezember 2013 in Guinea um, wo es \u2013 vermutlich von einer Fledermaus \u2013 auf einen Zweij\u00e4hrigen \u00fcbergesprungen war, der daraufhin starb. Beh\u00f6rden erkannten und meldeten erste Ebola-F\u00e4lle erst Wochen sp\u00e4ter. Der Junge<a href=\"http:\/\/www.zeit.de\/wissen\/gesundheit\/2014-07\/ebola-westafrika-faq\/seite-2\" target=\"_blank\"> gilt als Patient Null der jetzigen Ebola-Epidemie<\/a>, der gr\u00f6\u00dften jemals.<\/p>\n<p><strong>Das Erbgut des Virus verr\u00e4t seinen Weg<\/strong><\/p>\n<p>Anhand des Erbguts der bei Patienten isolierten Viren konnten Forscher den Weg des Erregers von dem Jungen \u00fcber seine Schwester, die Mutter und die Gro\u00dfmutter verfolgen. Sie alle starben an der Infektion. W\u00e4hrend der Beerdigung der Gro\u00dfmutter \u00fcbertrug sich das Virus auf weitere Familienmitglieder, auch eine Krankenschwester erkrankte.<\/p>\n<p>Von da an nahm die Epidemie ihren Lauf. Die Studie zu dieser fr\u00fchen Phase der Ausbreitung ist im <em>New England Journal of Medicine <\/em>erschienen (<a title=\"externer Link\" href=\"http:\/\/www.nejm.org\/doi\/pdf\/10.1056\/NEJMoa1404505\" target=\"_blank\">Baize et al., 2014<\/a>).<\/p>\n<p>Alle aktuellen <a href=\"http:\/\/www.zeit.de\/schlagworte\/themen\/ebola\/index\" target=\"_blank\">Berichte zum Ebola-Ausbruch auf ZEIT ONLINE <\/a>finden Sie hier im \u00dcberblick. Die <a href=\"http:\/\/www.zeit.de\/wissen\/gesundheit\/2014-07\/ebola-westafrika-faq\/\" target=\"_blank\">wichtigsten Fakten zu Ebola: hier<\/a>.<\/p>\n","protected":false},"excerpt":{"rendered":"<p>In Westafrika grassiert der gr\u00f6\u00dfte Ebola-Ausbruch aller Zeiten. Die HealthMap zeigt die Entwicklung der vergangenen Monate. Sie wurde auf Grundlage der gemeldeten Krankheits- und [\u2026]<\/p>\n","protected":false},"author":452,"featured_media":0,"comment_status":"closed","ping_status":"closed","sticky":false,"template":"","format":"standard","meta":{"_jetpack_memberships_contains_paid_content":false,"footnotes":""},"categories":[13657],"tags":[],"class_list":["post-55","post","type-post","status-publish","format-standard","hentry","category-interaktiv"],"yoast_head":"<!-- This site is optimized with the Yoast SEO plugin v21.0 - https:\/\/yoast.com\/wordpress\/plugins\/seo\/ -->\n<title>Wie Ebola zur gr\u00f6\u00dften Gefahr f\u00fcr Westafrika wurde<\/title>\n<meta name=\"description\" content=\"Diese HealthMap zeigt interaktiv auf Grundlage der gemeldeten Krankheits- und Todesf\u00e4lle die Entwicklung und Verbreitung von Ebola in Westafrika.\" \/>\n<meta name=\"robots\" content=\"index, follow, max-snippet:-1, max-image-preview:large, max-video-preview:-1\" \/>\n<link rel=\"canonical\" href=\"https:\/\/blog.zeit.de\/teilchen\/2014\/09\/23\/ebola-karte-healthmap\/\" \/>\n<meta property=\"og:locale\" content=\"de_DE\" \/>\n<meta property=\"og:type\" content=\"article\" \/>\n<meta property=\"og:title\" content=\"Wie Ebola zur gr\u00f6\u00dften Gefahr f\u00fcr Westafrika wurde\" \/>\n<meta property=\"og:description\" content=\"Diese HealthMap zeigt interaktiv auf Grundlage der gemeldeten Krankheits- und Todesf\u00e4lle die Entwicklung und Verbreitung von Ebola in Westafrika.\" \/>\n<meta property=\"og:url\" content=\"https:\/\/blog.zeit.de\/teilchen\/2014\/09\/23\/ebola-karte-healthmap\/\" \/>\n<meta property=\"og:site_name\" content=\"Teilchen\" \/>\n<meta property=\"article:published_time\" content=\"2014-09-23T13:00:02+00:00\" \/>\n<meta property=\"article:modified_time\" content=\"2015-03-16T10:25:32+00:00\" \/>\n<meta property=\"og:image\" content=\"https:\/\/blog.zeit.de\/teilchen\/files\/2014\/09\/Bildschirmfoto-2014-09-22-um-23.58.04-580x390.png\" \/>\n<meta name=\"author\" content=\"Dagny L\u00fcdemann\" \/>\n<meta name=\"twitter:card\" content=\"summary_large_image\" \/>\n<meta name=\"twitter:creator\" content=\"@zeitonline\" \/>\n<meta name=\"twitter:site\" content=\"@zeitonline\" \/>\n<meta name=\"twitter:label1\" content=\"Geschrieben von\" \/>\n\t<meta name=\"twitter:data1\" content=\"Dagny L\u00fcdemann\" \/>\n\t<meta name=\"twitter:label2\" content=\"Gesch\u00e4tzte Lesezeit\" \/>\n\t<meta name=\"twitter:data2\" content=\"2\u00a0Minuten\" \/>\n<script type=\"application\/ld+json\" class=\"yoast-schema-graph\">{\"@context\":\"https:\/\/schema.org\",\"@graph\":[{\"@type\":\"WebPage\",\"@id\":\"https:\/\/blog.zeit.de\/teilchen\/2014\/09\/23\/ebola-karte-healthmap\/\",\"url\":\"https:\/\/blog.zeit.de\/teilchen\/2014\/09\/23\/ebola-karte-healthmap\/\",\"name\":\"Wie Ebola zur gr\u00f6\u00dften Gefahr f\u00fcr Westafrika wurde\",\"isPartOf\":{\"@id\":\"https:\/\/blog.zeit.de\/teilchen\/#website\"},\"datePublished\":\"2014-09-23T13:00:02+00:00\",\"dateModified\":\"2015-03-16T10:25:32+00:00\",\"author\":{\"@id\":\"https:\/\/blog.zeit.de\/teilchen\/#\/schema\/person\/4d393fc650f29dc32d4e1529e3c46a5f\"},\"description\":\"Diese HealthMap zeigt interaktiv auf Grundlage der gemeldeten Krankheits- und Todesf\u00e4lle die Entwicklung und Verbreitung von Ebola in Westafrika.\",\"breadcrumb\":{\"@id\":\"https:\/\/blog.zeit.de\/teilchen\/2014\/09\/23\/ebola-karte-healthmap\/#breadcrumb\"},\"inLanguage\":\"de\",\"potentialAction\":[{\"@type\":\"ReadAction\",\"target\":[\"https:\/\/blog.zeit.de\/teilchen\/2014\/09\/23\/ebola-karte-healthmap\/\"]}]},{\"@type\":\"BreadcrumbList\",\"@id\":\"https:\/\/blog.zeit.de\/teilchen\/2014\/09\/23\/ebola-karte-healthmap\/#breadcrumb\",\"itemListElement\":[{\"@type\":\"ListItem\",\"position\":1,\"name\":\"Startseite\",\"item\":\"https:\/\/blog.zeit.de\/teilchen\/\"},{\"@type\":\"ListItem\",\"position\":2,\"name\":\"Interaktiv: Wie Ebola zur gr\u00f6\u00dften Gefahr f\u00fcr Westafrika wurde\"}]},{\"@type\":\"WebSite\",\"@id\":\"https:\/\/blog.zeit.de\/teilchen\/#website\",\"url\":\"https:\/\/blog.zeit.de\/teilchen\/\",\"name\":\"Teilchen\",\"description\":\"Im Netz verstecken sich kleine Sch\u00e4tze - ZEIT ONLINE findet sie.\",\"potentialAction\":[{\"@type\":\"SearchAction\",\"target\":{\"@type\":\"EntryPoint\",\"urlTemplate\":\"https:\/\/blog.zeit.de\/teilchen\/?s={search_term_string}\"},\"query-input\":\"required name=search_term_string\"}],\"inLanguage\":\"de\"},{\"@type\":\"Person\",\"@id\":\"https:\/\/blog.zeit.de\/teilchen\/#\/schema\/person\/4d393fc650f29dc32d4e1529e3c46a5f\",\"name\":\"Dagny L\u00fcdemann\",\"image\":{\"@type\":\"ImageObject\",\"inLanguage\":\"de\",\"@id\":\"https:\/\/blog.zeit.de\/teilchen\/#\/schema\/person\/image\/\",\"url\":\"https:\/\/secure.gravatar.com\/avatar\/4ebd4dddd75df63ac264a0e3a6ca636e435e46c72b94d0888acdaccd1b58941e?s=96&d=mm&r=g\",\"contentUrl\":\"https:\/\/secure.gravatar.com\/avatar\/4ebd4dddd75df63ac264a0e3a6ca636e435e46c72b94d0888acdaccd1b58941e?s=96&d=mm&r=g\",\"caption\":\"Dagny L\u00fcdemann\"},\"description\":\"leitet die Ressorts Wissen und Digital bei ZEIT ONLINE.\",\"url\":\"https:\/\/blog.zeit.de\/teilchen\/author\/dluedemann\/\"}]}<\/script>\n<!-- \/ Yoast SEO plugin. -->","yoast_head_json":{"title":"Wie Ebola zur gr\u00f6\u00dften Gefahr f\u00fcr Westafrika wurde","description":"Diese HealthMap zeigt interaktiv auf Grundlage der gemeldeten Krankheits- und Todesf\u00e4lle die Entwicklung und Verbreitung von Ebola in Westafrika.","robots":{"index":"index","follow":"follow","max-snippet":"max-snippet:-1","max-image-preview":"max-image-preview:large","max-video-preview":"max-video-preview:-1"},"canonical":"https:\/\/blog.zeit.de\/teilchen\/2014\/09\/23\/ebola-karte-healthmap\/","og_locale":"de_DE","og_type":"article","og_title":"Wie Ebola zur gr\u00f6\u00dften Gefahr f\u00fcr Westafrika wurde","og_description":"Diese HealthMap zeigt interaktiv auf Grundlage der gemeldeten Krankheits- und Todesf\u00e4lle die Entwicklung und Verbreitung von Ebola in Westafrika.","og_url":"https:\/\/blog.zeit.de\/teilchen\/2014\/09\/23\/ebola-karte-healthmap\/","og_site_name":"Teilchen","article_published_time":"2014-09-23T13:00:02+00:00","article_modified_time":"2015-03-16T10:25:32+00:00","og_image":[{"url":"https:\/\/blog.zeit.de\/teilchen\/files\/2014\/09\/Bildschirmfoto-2014-09-22-um-23.58.04-580x390.png"}],"author":"Dagny L\u00fcdemann","twitter_card":"summary_large_image","twitter_creator":"@zeitonline","twitter_site":"@zeitonline","twitter_misc":{"Geschrieben von":"Dagny L\u00fcdemann","Gesch\u00e4tzte Lesezeit":"2\u00a0Minuten"},"schema":{"@context":"https:\/\/schema.org","@graph":[{"@type":"WebPage","@id":"https:\/\/blog.zeit.de\/teilchen\/2014\/09\/23\/ebola-karte-healthmap\/","url":"https:\/\/blog.zeit.de\/teilchen\/2014\/09\/23\/ebola-karte-healthmap\/","name":"Wie Ebola zur gr\u00f6\u00dften Gefahr f\u00fcr Westafrika wurde","isPartOf":{"@id":"https:\/\/blog.zeit.de\/teilchen\/#website"},"datePublished":"2014-09-23T13:00:02+00:00","dateModified":"2015-03-16T10:25:32+00:00","author":{"@id":"https:\/\/blog.zeit.de\/teilchen\/#\/schema\/person\/4d393fc650f29dc32d4e1529e3c46a5f"},"description":"Diese HealthMap zeigt interaktiv auf Grundlage der gemeldeten Krankheits- und Todesf\u00e4lle die Entwicklung und Verbreitung von Ebola in Westafrika.","breadcrumb":{"@id":"https:\/\/blog.zeit.de\/teilchen\/2014\/09\/23\/ebola-karte-healthmap\/#breadcrumb"},"inLanguage":"de","potentialAction":[{"@type":"ReadAction","target":["https:\/\/blog.zeit.de\/teilchen\/2014\/09\/23\/ebola-karte-healthmap\/"]}]},{"@type":"BreadcrumbList","@id":"https:\/\/blog.zeit.de\/teilchen\/2014\/09\/23\/ebola-karte-healthmap\/#breadcrumb","itemListElement":[{"@type":"ListItem","position":1,"name":"Startseite","item":"https:\/\/blog.zeit.de\/teilchen\/"},{"@type":"ListItem","position":2,"name":"Interaktiv: Wie Ebola zur gr\u00f6\u00dften Gefahr f\u00fcr Westafrika wurde"}]},{"@type":"WebSite","@id":"https:\/\/blog.zeit.de\/teilchen\/#website","url":"https:\/\/blog.zeit.de\/teilchen\/","name":"Teilchen","description":"Im Netz verstecken sich kleine Sch\u00e4tze - ZEIT ONLINE findet sie.","potentialAction":[{"@type":"SearchAction","target":{"@type":"EntryPoint","urlTemplate":"https:\/\/blog.zeit.de\/teilchen\/?s={search_term_string}"},"query-input":"required name=search_term_string"}],"inLanguage":"de"},{"@type":"Person","@id":"https:\/\/blog.zeit.de\/teilchen\/#\/schema\/person\/4d393fc650f29dc32d4e1529e3c46a5f","name":"Dagny L\u00fcdemann","image":{"@type":"ImageObject","inLanguage":"de","@id":"https:\/\/blog.zeit.de\/teilchen\/#\/schema\/person\/image\/","url":"https:\/\/secure.gravatar.com\/avatar\/4ebd4dddd75df63ac264a0e3a6ca636e435e46c72b94d0888acdaccd1b58941e?s=96&d=mm&r=g","contentUrl":"https:\/\/secure.gravatar.com\/avatar\/4ebd4dddd75df63ac264a0e3a6ca636e435e46c72b94d0888acdaccd1b58941e?s=96&d=mm&r=g","caption":"Dagny L\u00fcdemann"},"description":"leitet die Ressorts Wissen und Digital bei ZEIT ONLINE.","url":"https:\/\/blog.zeit.de\/teilchen\/author\/dluedemann\/"}]}},"jetpack_featured_media_url":"","jetpack_sharing_enabled":true,"_links":{"self":[{"href":"https:\/\/blog.zeit.de\/teilchen\/wp-json\/wp\/v2\/posts\/55","targetHints":{"allow":["GET"]}}],"collection":[{"href":"https:\/\/blog.zeit.de\/teilchen\/wp-json\/wp\/v2\/posts"}],"about":[{"href":"https:\/\/blog.zeit.de\/teilchen\/wp-json\/wp\/v2\/types\/post"}],"author":[{"embeddable":true,"href":"https:\/\/blog.zeit.de\/teilchen\/wp-json\/wp\/v2\/users\/452"}],"replies":[{"embeddable":true,"href":"https:\/\/blog.zeit.de\/teilchen\/wp-json\/wp\/v2\/comments?post=55"}],"version-history":[{"count":13,"href":"https:\/\/blog.zeit.de\/teilchen\/wp-json\/wp\/v2\/posts\/55\/revisions"}],"predecessor-version":[{"id":2215,"href":"https:\/\/blog.zeit.de\/teilchen\/wp-json\/wp\/v2\/posts\/55\/revisions\/2215"}],"wp:attachment":[{"href":"https:\/\/blog.zeit.de\/teilchen\/wp-json\/wp\/v2\/media?parent=55"}],"wp:term":[{"taxonomy":"category","embeddable":true,"href":"https:\/\/blog.zeit.de\/teilchen\/wp-json\/wp\/v2\/categories?post=55"},{"taxonomy":"post_tag","embeddable":true,"href":"https:\/\/blog.zeit.de\/teilchen\/wp-json\/wp\/v2\/tags?post=55"}],"curies":[{"name":"wp","href":"https:\/\/api.w.org\/{rel}","templated":true}]}}