{"id":5627,"date":"2015-06-30T10:29:22","date_gmt":"2015-06-30T08:29:22","guid":{"rendered":"http:\/\/blog.zeit.de\/teilchen\/?p=5627"},"modified":"2015-06-30T10:39:39","modified_gmt":"2015-06-30T08:39:39","slug":"die-usa-streitet-ueber-die-falsche-flagge","status":"publish","type":"post","link":"https:\/\/blog.zeit.de\/teilchen\/2015\/06\/30\/die-usa-streitet-ueber-die-falsche-flagge\/","title":{"rendered":"Die USA streiten \u00fcber die falsche Flagge"},"content":{"rendered":"<p>[youtube http:\/\/www.youtube.com\/watch?v=ULBCuHIpNgU&amp;w=580&amp;h=326]<\/p>\n<p>&nbsp;<\/p>\n<p>Sie muss weg, sagen die einen. Sie muss bleiben, sagen die anderen. In den USA ist nach dem offenbar rassistisch motivierten Attentat auf eine schwarze Kirchengemeinde eine Diskussion \u00fcber die Flagge der S\u00fcdstaaten entbrannt. Ohne, dass es um die Flagge der S\u00fcdstaaten ginge.<!--more--><\/p>\n<p>Wei\u00dfe Sterne auf blauem Kreuz auf rotem Grund: Das sind die <a href=\"http:\/\/www.zeit.de\/gesellschaft\/zeitgeschehen\/2015-06\/charleston-anschlag-flagge-suedstaaten\">Farben und Formen, \u00fcber die in den Vereinigten Staaten momentan hitzig diskutiert wird<\/a>. Sie bilden die Flagge, die konservative S\u00fcdstaatler als historisches Symbol der eigenen Identit\u00e4t verteidigen. Selbst wenn viele rassistische Organisationen sie als Symbol ihrer Sache missbrauchen. Schlie\u00dflich ist sie die Nationalflagge der Konf\u00f6derierten Staaten von Amerika, die sich 1861 von den USA trennten und ihr den Krieg erkl\u00e4rten. Nein, ist sie nicht.<\/p>\n<p>Entgegen dem weit verbreiteten Irrglauben weht im S\u00fcden der USA \u00fcber vielen \u00f6ffentlichen Pl\u00e4tzen nicht die Nationalflagge der Konf\u00f6deration. Wie der YouTuber C.G.P. Grey erkl\u00e4rt, handelt es sich dabei um eine Variation der konf\u00f6derierten Kriegsflagge. Sie wurde wurde von Armee und Marine w\u00e4hrend des Sezessionskrieges genutzt. Der Krieg, durch den die S\u00fcdstaaten vor allem das Recht, Sklaven zu halten, durchsetzen wollten.<\/p>\n<p><em>Weitere <a href=\"https:\/\/blog.zeit.de\/teilchen\">Teilchen finden Sie hier<\/a><\/em>.<\/p>\n","protected":false},"excerpt":{"rendered":"<p>[youtube http:\/\/www.youtube.com\/watch?v=ULBCuHIpNgU&amp;w=580&amp;h=326] &nbsp; Sie muss weg, sagen die einen. Sie muss bleiben, sagen die anderen. In den USA ist nach dem offenbar rassistisch motivierten [\u2026]<\/p>\n","protected":false},"author":558,"featured_media":5632,"comment_status":"open","ping_status":"closed","sticky":false,"template":"","format":"standard","meta":{"_jetpack_memberships_contains_paid_content":false,"footnotes":""},"categories":[28],"tags":[],"class_list":["post-5627","post","type-post","status-publish","format-standard","has-post-thumbnail","hentry","category-video"],"yoast_head":"<!-- This site is optimized with the Yoast SEO plugin v21.0 - https:\/\/yoast.com\/wordpress\/plugins\/seo\/ -->\n<title>Die USA streiten \u00fcber die falsche Flagge<\/title>\n<meta name=\"description\" content=\"In den USA ist ein Streit \u00fcber die Flagge der S\u00fcdstaaten entbrannt. Ohne, dass es um die Flagge der S\u00fcdstaaten geht.\" \/>\n<meta name=\"robots\" content=\"index, follow, max-snippet:-1, max-image-preview:large, max-video-preview:-1\" \/>\n<link rel=\"canonical\" href=\"https:\/\/blog.zeit.de\/teilchen\/2015\/06\/30\/die-usa-streitet-ueber-die-falsche-flagge\/\" \/>\n<meta property=\"og:locale\" content=\"de_DE\" \/>\n<meta property=\"og:type\" content=\"article\" \/>\n<meta property=\"og:title\" content=\"Die USA streiten \u00fcber die falsche Flagge\" \/>\n<meta property=\"og:description\" content=\"In den USA ist ein Streit \u00fcber die Flagge der S\u00fcdstaaten entbrannt. Ohne, dass es um die Flagge der S\u00fcdstaaten geht.\" \/>\n<meta property=\"og:url\" content=\"https:\/\/blog.zeit.de\/teilchen\/2015\/06\/30\/die-usa-streitet-ueber-die-falsche-flagge\/\" \/>\n<meta property=\"og:site_name\" content=\"Teilchen\" \/>\n<meta property=\"article:published_time\" content=\"2015-06-30T08:29:22+00:00\" \/>\n<meta property=\"article:modified_time\" content=\"2015-06-30T08:39:39+00:00\" \/>\n<meta property=\"og:image\" content=\"https:\/\/blog.zeit.de\/teilchen\/files\/2015\/06\/teilchen-flaggefalsch.png\" \/>\n\t<meta property=\"og:image:width\" content=\"640\" \/>\n\t<meta property=\"og:image:height\" content=\"363\" \/>\n\t<meta property=\"og:image:type\" content=\"image\/png\" \/>\n<meta name=\"author\" content=\"Carim Soliman\" \/>\n<meta name=\"twitter:card\" content=\"summary_large_image\" \/>\n<meta name=\"twitter:creator\" content=\"@zeitonline\" \/>\n<meta name=\"twitter:site\" content=\"@zeitonline\" \/>\n<meta name=\"twitter:label1\" content=\"Geschrieben von\" \/>\n\t<meta name=\"twitter:data1\" content=\"Carim Soliman\" \/>\n\t<meta name=\"twitter:label2\" content=\"Gesch\u00e4tzte Lesezeit\" \/>\n\t<meta name=\"twitter:data2\" content=\"1\u00a0Minute\" \/>\n<script type=\"application\/ld+json\" class=\"yoast-schema-graph\">{\"@context\":\"https:\/\/schema.org\",\"@graph\":[{\"@type\":\"WebPage\",\"@id\":\"https:\/\/blog.zeit.de\/teilchen\/2015\/06\/30\/die-usa-streitet-ueber-die-falsche-flagge\/\",\"url\":\"https:\/\/blog.zeit.de\/teilchen\/2015\/06\/30\/die-usa-streitet-ueber-die-falsche-flagge\/\",\"name\":\"Die USA streiten \u00fcber die falsche Flagge\",\"isPartOf\":{\"@id\":\"https:\/\/blog.zeit.de\/teilchen\/#website\"},\"datePublished\":\"2015-06-30T08:29:22+00:00\",\"dateModified\":\"2015-06-30T08:39:39+00:00\",\"author\":{\"@id\":\"https:\/\/blog.zeit.de\/teilchen\/#\/schema\/person\/1b29fdf43f8ed1922626fad081532fea\"},\"description\":\"In den USA ist ein Streit \u00fcber die Flagge der S\u00fcdstaaten entbrannt. Ohne, dass es um die Flagge der S\u00fcdstaaten geht.\",\"breadcrumb\":{\"@id\":\"https:\/\/blog.zeit.de\/teilchen\/2015\/06\/30\/die-usa-streitet-ueber-die-falsche-flagge\/#breadcrumb\"},\"inLanguage\":\"de\",\"potentialAction\":[{\"@type\":\"ReadAction\",\"target\":[\"https:\/\/blog.zeit.de\/teilchen\/2015\/06\/30\/die-usa-streitet-ueber-die-falsche-flagge\/\"]}]},{\"@type\":\"BreadcrumbList\",\"@id\":\"https:\/\/blog.zeit.de\/teilchen\/2015\/06\/30\/die-usa-streitet-ueber-die-falsche-flagge\/#breadcrumb\",\"itemListElement\":[{\"@type\":\"ListItem\",\"position\":1,\"name\":\"Startseite\",\"item\":\"https:\/\/blog.zeit.de\/teilchen\/\"},{\"@type\":\"ListItem\",\"position\":2,\"name\":\"Die USA streiten \u00fcber die falsche Flagge\"}]},{\"@type\":\"WebSite\",\"@id\":\"https:\/\/blog.zeit.de\/teilchen\/#website\",\"url\":\"https:\/\/blog.zeit.de\/teilchen\/\",\"name\":\"Teilchen\",\"description\":\"Im Netz verstecken sich kleine Sch\u00e4tze - ZEIT ONLINE findet sie.\",\"potentialAction\":[{\"@type\":\"SearchAction\",\"target\":{\"@type\":\"EntryPoint\",\"urlTemplate\":\"https:\/\/blog.zeit.de\/teilchen\/?s={search_term_string}\"},\"query-input\":\"required name=search_term_string\"}],\"inLanguage\":\"de\"},{\"@type\":\"Person\",\"@id\":\"https:\/\/blog.zeit.de\/teilchen\/#\/schema\/person\/1b29fdf43f8ed1922626fad081532fea\",\"name\":\"Carim Soliman\",\"image\":{\"@type\":\"ImageObject\",\"inLanguage\":\"de\",\"@id\":\"https:\/\/blog.zeit.de\/teilchen\/#\/schema\/person\/image\/\",\"url\":\"https:\/\/secure.gravatar.com\/avatar\/928a491c6dc6ad6a6b7c6e9c5a3c52f6c2b64a769ba414071d0504ad0a1c306e?s=96&d=mm&r=g\",\"contentUrl\":\"https:\/\/secure.gravatar.com\/avatar\/928a491c6dc6ad6a6b7c6e9c5a3c52f6c2b64a769ba414071d0504ad0a1c306e?s=96&d=mm&r=g\",\"caption\":\"Carim Soliman\"},\"description\":\"ist Autor bei ZEIT ONLINE.\",\"url\":\"https:\/\/blog.zeit.de\/teilchen\/author\/csoliman\/\"}]}<\/script>\n<!-- \/ Yoast SEO plugin. -->","yoast_head_json":{"title":"Die USA streiten \u00fcber die falsche Flagge","description":"In den USA ist ein Streit \u00fcber die Flagge der S\u00fcdstaaten entbrannt. Ohne, dass es um die Flagge der S\u00fcdstaaten geht.","robots":{"index":"index","follow":"follow","max-snippet":"max-snippet:-1","max-image-preview":"max-image-preview:large","max-video-preview":"max-video-preview:-1"},"canonical":"https:\/\/blog.zeit.de\/teilchen\/2015\/06\/30\/die-usa-streitet-ueber-die-falsche-flagge\/","og_locale":"de_DE","og_type":"article","og_title":"Die USA streiten \u00fcber die falsche Flagge","og_description":"In den USA ist ein Streit \u00fcber die Flagge der S\u00fcdstaaten entbrannt. Ohne, dass es um die Flagge der S\u00fcdstaaten geht.","og_url":"https:\/\/blog.zeit.de\/teilchen\/2015\/06\/30\/die-usa-streitet-ueber-die-falsche-flagge\/","og_site_name":"Teilchen","article_published_time":"2015-06-30T08:29:22+00:00","article_modified_time":"2015-06-30T08:39:39+00:00","og_image":[{"width":640,"height":363,"url":"https:\/\/blog.zeit.de\/teilchen\/files\/2015\/06\/teilchen-flaggefalsch.png","type":"image\/png"}],"author":"Carim Soliman","twitter_card":"summary_large_image","twitter_creator":"@zeitonline","twitter_site":"@zeitonline","twitter_misc":{"Geschrieben von":"Carim Soliman","Gesch\u00e4tzte Lesezeit":"1\u00a0Minute"},"schema":{"@context":"https:\/\/schema.org","@graph":[{"@type":"WebPage","@id":"https:\/\/blog.zeit.de\/teilchen\/2015\/06\/30\/die-usa-streitet-ueber-die-falsche-flagge\/","url":"https:\/\/blog.zeit.de\/teilchen\/2015\/06\/30\/die-usa-streitet-ueber-die-falsche-flagge\/","name":"Die USA streiten \u00fcber die falsche Flagge","isPartOf":{"@id":"https:\/\/blog.zeit.de\/teilchen\/#website"},"datePublished":"2015-06-30T08:29:22+00:00","dateModified":"2015-06-30T08:39:39+00:00","author":{"@id":"https:\/\/blog.zeit.de\/teilchen\/#\/schema\/person\/1b29fdf43f8ed1922626fad081532fea"},"description":"In den USA ist ein Streit \u00fcber die Flagge der S\u00fcdstaaten entbrannt. Ohne, dass es um die Flagge der S\u00fcdstaaten geht.","breadcrumb":{"@id":"https:\/\/blog.zeit.de\/teilchen\/2015\/06\/30\/die-usa-streitet-ueber-die-falsche-flagge\/#breadcrumb"},"inLanguage":"de","potentialAction":[{"@type":"ReadAction","target":["https:\/\/blog.zeit.de\/teilchen\/2015\/06\/30\/die-usa-streitet-ueber-die-falsche-flagge\/"]}]},{"@type":"BreadcrumbList","@id":"https:\/\/blog.zeit.de\/teilchen\/2015\/06\/30\/die-usa-streitet-ueber-die-falsche-flagge\/#breadcrumb","itemListElement":[{"@type":"ListItem","position":1,"name":"Startseite","item":"https:\/\/blog.zeit.de\/teilchen\/"},{"@type":"ListItem","position":2,"name":"Die USA streiten \u00fcber die falsche Flagge"}]},{"@type":"WebSite","@id":"https:\/\/blog.zeit.de\/teilchen\/#website","url":"https:\/\/blog.zeit.de\/teilchen\/","name":"Teilchen","description":"Im Netz verstecken sich kleine Sch\u00e4tze - ZEIT ONLINE findet sie.","potentialAction":[{"@type":"SearchAction","target":{"@type":"EntryPoint","urlTemplate":"https:\/\/blog.zeit.de\/teilchen\/?s={search_term_string}"},"query-input":"required name=search_term_string"}],"inLanguage":"de"},{"@type":"Person","@id":"https:\/\/blog.zeit.de\/teilchen\/#\/schema\/person\/1b29fdf43f8ed1922626fad081532fea","name":"Carim Soliman","image":{"@type":"ImageObject","inLanguage":"de","@id":"https:\/\/blog.zeit.de\/teilchen\/#\/schema\/person\/image\/","url":"https:\/\/secure.gravatar.com\/avatar\/928a491c6dc6ad6a6b7c6e9c5a3c52f6c2b64a769ba414071d0504ad0a1c306e?s=96&d=mm&r=g","contentUrl":"https:\/\/secure.gravatar.com\/avatar\/928a491c6dc6ad6a6b7c6e9c5a3c52f6c2b64a769ba414071d0504ad0a1c306e?s=96&d=mm&r=g","caption":"Carim Soliman"},"description":"ist Autor bei ZEIT ONLINE.","url":"https:\/\/blog.zeit.de\/teilchen\/author\/csoliman\/"}]}},"jetpack_featured_media_url":"https:\/\/blog.zeit.de\/teilchen\/files\/2015\/06\/teilchen-flaggefalsch.png","jetpack_sharing_enabled":true,"_links":{"self":[{"href":"https:\/\/blog.zeit.de\/teilchen\/wp-json\/wp\/v2\/posts\/5627","targetHints":{"allow":["GET"]}}],"collection":[{"href":"https:\/\/blog.zeit.de\/teilchen\/wp-json\/wp\/v2\/posts"}],"about":[{"href":"https:\/\/blog.zeit.de\/teilchen\/wp-json\/wp\/v2\/types\/post"}],"author":[{"embeddable":true,"href":"https:\/\/blog.zeit.de\/teilchen\/wp-json\/wp\/v2\/users\/558"}],"replies":[{"embeddable":true,"href":"https:\/\/blog.zeit.de\/teilchen\/wp-json\/wp\/v2\/comments?post=5627"}],"version-history":[{"count":10,"href":"https:\/\/blog.zeit.de\/teilchen\/wp-json\/wp\/v2\/posts\/5627\/revisions"}],"predecessor-version":[{"id":5705,"href":"https:\/\/blog.zeit.de\/teilchen\/wp-json\/wp\/v2\/posts\/5627\/revisions\/5705"}],"wp:featuredmedia":[{"embeddable":true,"href":"https:\/\/blog.zeit.de\/teilchen\/wp-json\/wp\/v2\/media\/5632"}],"wp:attachment":[{"href":"https:\/\/blog.zeit.de\/teilchen\/wp-json\/wp\/v2\/media?parent=5627"}],"wp:term":[{"taxonomy":"category","embeddable":true,"href":"https:\/\/blog.zeit.de\/teilchen\/wp-json\/wp\/v2\/categories?post=5627"},{"taxonomy":"post_tag","embeddable":true,"href":"https:\/\/blog.zeit.de\/teilchen\/wp-json\/wp\/v2\/tags?post=5627"}],"curies":[{"name":"wp","href":"https:\/\/api.w.org\/{rel}","templated":true}]}}