{"id":5634,"date":"2015-06-29T15:59:19","date_gmt":"2015-06-29T13:59:19","guid":{"rendered":"http:\/\/blog.zeit.de\/teilchen\/?p=5634"},"modified":"2015-06-30T10:02:29","modified_gmt":"2015-06-30T08:02:29","slug":"knueppel-krugman-gegen-abnormale-austerianer","status":"publish","type":"post","link":"https:\/\/blog.zeit.de\/teilchen\/2015\/06\/29\/knueppel-krugman-gegen-abnormale-austerianer\/","title":{"rendered":"Kn\u00fcppel-Krugman gegen abnormale Austerianer"},"content":{"rendered":"<p class=\"wp-caption-text\"><em><a href=\"http:\/\/www.bloomberg.com\/graphics\/2015-krugman-battles-austerians\/\"><img loading=\"lazy\" decoding=\"async\" class=\"alignnone wp-image-5644 size-medium\" src=\"https:\/\/blog.zeit.de\/teilchen\/files\/2015\/06\/imgo-580x354.jpg\" alt=\"Kn\u00fcppel-Krugman gegen abnormale Austerianer\" width=\"580\" height=\"354\" srcset=\"https:\/\/blog.zeit.de\/teilchen\/files\/2015\/06\/imgo-580x354.jpg 580w, https:\/\/blog.zeit.de\/teilchen\/files\/2015\/06\/imgo.jpg 800w\" sizes=\"auto, (max-width: 580px) 100vw, 580px\" \/><\/a>Paul Krugman bek\u00e4mpft die Austerianer. Screenshot von <\/em>Bloomberg.com<\/p>\n<p>Sparen in der Rezession? <a href=\"http:\/\/www.zeit.de\/2015\/22\/griechenland-eurokrise-souveraenitaet\" target=\"_blank\">&#8222;Niemand glaubt diesen Unsinn in den internationalen Organisationen.&#8220;<\/a> Paul Krugman h\u00e4lt \u00fcberhaupt nichts von einer rigiden Sparpolitik \u2013\u00a0das hat der streitbare Wirtschaftsnobelpreistr\u00e4ger <a href=\"http:\/\/www.nytimes.com\/column\/paul-krugman\" target=\"_blank\">in Dutzenden Kolumnen und Blog-Beitr\u00e4gen f\u00fcr die <em>New York Times<\/em><\/a> immer wieder deutlich gemacht. Erst k\u00fcrzlich las er <a href=\"http:\/\/www.theguardian.com\/business\/ng-interactive\/2015\/apr\/29\/the-austerity-delusion\" target=\"_blank\">im <em>Guardian<\/em> auch den Briten die Leviten<\/a>.<\/p>\n<p>Krugmans nat\u00fcrlicher Gegner ist <a href=\"http:\/\/www.ritholtz.com\/blog\/2010\/06\/word-origins-austerians\/\" target=\"_blank\">der Austerianer<\/a>. Im Gegensatz zu diesem h\u00e4lt er es f\u00fcr \u00f6konomisch sinnlos, in wirtschaftlich schwachen Zeiten Staatsausgaben zu senken. <a href=\"http:\/\/www.bloomberg.com\/graphics\/2015-krugman-battles-austerians\/\" target=\"_blank\"><em>Bloomberg<\/em> bringt den Konflikt auf den Punkt \u2013\u00a0in bester MS-DOS-achtziger-Jahre-Computerspiele-Optik<\/a>.<!--more--><\/p>\n<p>In der <em>Bloomberg<\/em>-Darstellung pr\u00fcgelt Krugman zun\u00e4chst auf einen Vertreter der schwedischen Reichsbank ein, f\u00fcr ihn ein typischer Sadomonetarist. Zentralbanken w\u00fcrgen laut Krugman wirtschaftliche Aufschw\u00fcnge ab, indem sie Leitzinsen zu schnell erh\u00f6hten.<\/p>\n<p>Eine volle Breitseite kassiert er danach von einem Mann im giftgr\u00fcnen Anzug \u2013 <a href=\"http:\/\/www.capital.de\/meinungen\/wo-krugman-unrecht-hat-3774.html\" target=\"_blank\">Jeffrey Sachs, Professor an der Columbia University. Der empfiehlt Krugman, weniger zu polemisieren und mehr zu analysieren<\/a>. Wem Krugman sonst noch eine verpasst, wer ihn traktiert und wer in diesem &#8222;Spiel&#8220; als Sieger hervorgeht? Sehen Sie selbst.<\/p>\n<p><em>Weitere <a href=\"https:\/\/blog.zeit.de\/teilchen\/\" target=\"_blank\">Teilchen finden Sie hier<\/a>. <\/em><\/p>\n","protected":false},"excerpt":{"rendered":"<p>Paul Krugman bek\u00e4mpft die Austerianer. Screenshot von Bloomberg.com Sparen in der Rezession? &#8222;Niemand glaubt diesen Unsinn in den internationalen Organisationen.&#8220; Paul Krugman h\u00e4lt \u00fcberhaupt [\u2026]<\/p>\n","protected":false},"author":528,"featured_media":5644,"comment_status":"open","ping_status":"closed","sticky":false,"template":"","format":"standard","meta":{"_jetpack_memberships_contains_paid_content":false,"footnotes":""},"categories":[13657],"tags":[],"class_list":["post-5634","post","type-post","status-publish","format-standard","has-post-thumbnail","hentry","category-interaktiv"],"yoast_head":"<!-- This site is optimized with the Yoast SEO plugin v21.0 - https:\/\/yoast.com\/wordpress\/plugins\/seo\/ -->\n<title>Kn\u00fcppel-Krugman gegen abnormale Austerianer<\/title>\n<meta name=\"description\" content=\"Bei Bloomberg Business pr\u00fcgelt Paul Krugman gegen das Sparen in der Rezession. Wer geht als Sieger hervor?\" \/>\n<meta name=\"robots\" content=\"index, follow, max-snippet:-1, max-image-preview:large, max-video-preview:-1\" \/>\n<link rel=\"canonical\" href=\"https:\/\/blog.zeit.de\/teilchen\/2015\/06\/29\/knueppel-krugman-gegen-abnormale-austerianer\/\" \/>\n<meta property=\"og:locale\" content=\"de_DE\" \/>\n<meta property=\"og:type\" content=\"article\" \/>\n<meta property=\"og:title\" content=\"Kn\u00fcppel-Krugman gegen abnormale Austerianer\" \/>\n<meta property=\"og:description\" content=\"Bei Bloomberg Business pr\u00fcgelt Paul Krugman gegen das Sparen in der Rezession. Wer geht als Sieger hervor?\" \/>\n<meta property=\"og:url\" content=\"https:\/\/blog.zeit.de\/teilchen\/2015\/06\/29\/knueppel-krugman-gegen-abnormale-austerianer\/\" \/>\n<meta property=\"og:site_name\" content=\"Teilchen\" \/>\n<meta property=\"article:published_time\" content=\"2015-06-29T13:59:19+00:00\" \/>\n<meta property=\"article:modified_time\" content=\"2015-06-30T08:02:29+00:00\" \/>\n<meta property=\"og:image\" content=\"https:\/\/blog.zeit.de\/teilchen\/files\/2015\/06\/imgo.jpg\" \/>\n\t<meta property=\"og:image:width\" content=\"800\" \/>\n\t<meta property=\"og:image:height\" content=\"488\" \/>\n\t<meta property=\"og:image:type\" content=\"image\/jpeg\" \/>\n<meta name=\"author\" content=\"Bj\u00f6rn Maatz\" \/>\n<meta name=\"twitter:card\" content=\"summary_large_image\" \/>\n<meta name=\"twitter:creator\" content=\"@BjoernMaatz\" \/>\n<meta name=\"twitter:site\" content=\"@zeitonline\" \/>\n<meta name=\"twitter:label1\" content=\"Geschrieben von\" \/>\n\t<meta name=\"twitter:data1\" content=\"Bj\u00f6rn Maatz\" \/>\n\t<meta name=\"twitter:label2\" content=\"Gesch\u00e4tzte Lesezeit\" \/>\n\t<meta name=\"twitter:data2\" content=\"1\u00a0Minute\" \/>\n<script type=\"application\/ld+json\" class=\"yoast-schema-graph\">{\"@context\":\"https:\/\/schema.org\",\"@graph\":[{\"@type\":\"WebPage\",\"@id\":\"https:\/\/blog.zeit.de\/teilchen\/2015\/06\/29\/knueppel-krugman-gegen-abnormale-austerianer\/\",\"url\":\"https:\/\/blog.zeit.de\/teilchen\/2015\/06\/29\/knueppel-krugman-gegen-abnormale-austerianer\/\",\"name\":\"Kn\u00fcppel-Krugman gegen abnormale Austerianer\",\"isPartOf\":{\"@id\":\"https:\/\/blog.zeit.de\/teilchen\/#website\"},\"datePublished\":\"2015-06-29T13:59:19+00:00\",\"dateModified\":\"2015-06-30T08:02:29+00:00\",\"author\":{\"@id\":\"https:\/\/blog.zeit.de\/teilchen\/#\/schema\/person\/20ae47479c9c6443ed61f03c9eac892f\"},\"description\":\"Bei Bloomberg Business pr\u00fcgelt Paul Krugman gegen das Sparen in der Rezession. Wer geht als Sieger hervor?\",\"breadcrumb\":{\"@id\":\"https:\/\/blog.zeit.de\/teilchen\/2015\/06\/29\/knueppel-krugman-gegen-abnormale-austerianer\/#breadcrumb\"},\"inLanguage\":\"de\",\"potentialAction\":[{\"@type\":\"ReadAction\",\"target\":[\"https:\/\/blog.zeit.de\/teilchen\/2015\/06\/29\/knueppel-krugman-gegen-abnormale-austerianer\/\"]}]},{\"@type\":\"BreadcrumbList\",\"@id\":\"https:\/\/blog.zeit.de\/teilchen\/2015\/06\/29\/knueppel-krugman-gegen-abnormale-austerianer\/#breadcrumb\",\"itemListElement\":[{\"@type\":\"ListItem\",\"position\":1,\"name\":\"Startseite\",\"item\":\"https:\/\/blog.zeit.de\/teilchen\/\"},{\"@type\":\"ListItem\",\"position\":2,\"name\":\"Kn\u00fcppel-Krugman gegen abnormale Austerianer\"}]},{\"@type\":\"WebSite\",\"@id\":\"https:\/\/blog.zeit.de\/teilchen\/#website\",\"url\":\"https:\/\/blog.zeit.de\/teilchen\/\",\"name\":\"Teilchen\",\"description\":\"Im Netz verstecken sich kleine Sch\u00e4tze - ZEIT ONLINE findet sie.\",\"potentialAction\":[{\"@type\":\"SearchAction\",\"target\":{\"@type\":\"EntryPoint\",\"urlTemplate\":\"https:\/\/blog.zeit.de\/teilchen\/?s={search_term_string}\"},\"query-input\":\"required name=search_term_string\"}],\"inLanguage\":\"de\"},{\"@type\":\"Person\",\"@id\":\"https:\/\/blog.zeit.de\/teilchen\/#\/schema\/person\/20ae47479c9c6443ed61f03c9eac892f\",\"name\":\"Bj\u00f6rn Maatz\",\"image\":{\"@type\":\"ImageObject\",\"inLanguage\":\"de\",\"@id\":\"https:\/\/blog.zeit.de\/teilchen\/#\/schema\/person\/image\/\",\"url\":\"https:\/\/secure.gravatar.com\/avatar\/4ed13ddffa21af7dcec9d6d36d2b36f05bfc49e1676e43abd84a80376d644278?s=96&d=mm&r=g\",\"contentUrl\":\"https:\/\/secure.gravatar.com\/avatar\/4ed13ddffa21af7dcec9d6d36d2b36f05bfc49e1676e43abd84a80376d644278?s=96&d=mm&r=g\",\"caption\":\"Bj\u00f6rn Maatz\"},\"description\":\"Leitet die Online-Redaktion der Kreativagentur Philipp und Keuntje. Zuvor Engagement-Redakteur bei ZEIT ONLINE und bei FINANCIAL TIMES DEUTSCHLAND, u.a. als Print-Redakteur im Unternehmensressort sowie als erster und letzter Social-Media-Redakteur. Studium der Wirtschaftsjournalistik in Bremen und Melbourne mit Hospitanzen beim NDR, der dpa und dem Hamburger Abendblatt.\",\"sameAs\":[\"https:\/\/twitter.com\/BjoernMaatz\"],\"url\":\"https:\/\/blog.zeit.de\/teilchen\/author\/bjoernmaatz\/\"}]}<\/script>\n<!-- \/ Yoast SEO plugin. -->","yoast_head_json":{"title":"Kn\u00fcppel-Krugman gegen abnormale Austerianer","description":"Bei Bloomberg Business pr\u00fcgelt Paul Krugman gegen das Sparen in der Rezession. Wer geht als Sieger hervor?","robots":{"index":"index","follow":"follow","max-snippet":"max-snippet:-1","max-image-preview":"max-image-preview:large","max-video-preview":"max-video-preview:-1"},"canonical":"https:\/\/blog.zeit.de\/teilchen\/2015\/06\/29\/knueppel-krugman-gegen-abnormale-austerianer\/","og_locale":"de_DE","og_type":"article","og_title":"Kn\u00fcppel-Krugman gegen abnormale Austerianer","og_description":"Bei Bloomberg Business pr\u00fcgelt Paul Krugman gegen das Sparen in der Rezession. Wer geht als Sieger hervor?","og_url":"https:\/\/blog.zeit.de\/teilchen\/2015\/06\/29\/knueppel-krugman-gegen-abnormale-austerianer\/","og_site_name":"Teilchen","article_published_time":"2015-06-29T13:59:19+00:00","article_modified_time":"2015-06-30T08:02:29+00:00","og_image":[{"width":800,"height":488,"url":"https:\/\/blog.zeit.de\/teilchen\/files\/2015\/06\/imgo.jpg","type":"image\/jpeg"}],"author":"Bj\u00f6rn Maatz","twitter_card":"summary_large_image","twitter_creator":"@BjoernMaatz","twitter_site":"@zeitonline","twitter_misc":{"Geschrieben von":"Bj\u00f6rn Maatz","Gesch\u00e4tzte Lesezeit":"1\u00a0Minute"},"schema":{"@context":"https:\/\/schema.org","@graph":[{"@type":"WebPage","@id":"https:\/\/blog.zeit.de\/teilchen\/2015\/06\/29\/knueppel-krugman-gegen-abnormale-austerianer\/","url":"https:\/\/blog.zeit.de\/teilchen\/2015\/06\/29\/knueppel-krugman-gegen-abnormale-austerianer\/","name":"Kn\u00fcppel-Krugman gegen abnormale Austerianer","isPartOf":{"@id":"https:\/\/blog.zeit.de\/teilchen\/#website"},"datePublished":"2015-06-29T13:59:19+00:00","dateModified":"2015-06-30T08:02:29+00:00","author":{"@id":"https:\/\/blog.zeit.de\/teilchen\/#\/schema\/person\/20ae47479c9c6443ed61f03c9eac892f"},"description":"Bei Bloomberg Business pr\u00fcgelt Paul Krugman gegen das Sparen in der Rezession. Wer geht als Sieger hervor?","breadcrumb":{"@id":"https:\/\/blog.zeit.de\/teilchen\/2015\/06\/29\/knueppel-krugman-gegen-abnormale-austerianer\/#breadcrumb"},"inLanguage":"de","potentialAction":[{"@type":"ReadAction","target":["https:\/\/blog.zeit.de\/teilchen\/2015\/06\/29\/knueppel-krugman-gegen-abnormale-austerianer\/"]}]},{"@type":"BreadcrumbList","@id":"https:\/\/blog.zeit.de\/teilchen\/2015\/06\/29\/knueppel-krugman-gegen-abnormale-austerianer\/#breadcrumb","itemListElement":[{"@type":"ListItem","position":1,"name":"Startseite","item":"https:\/\/blog.zeit.de\/teilchen\/"},{"@type":"ListItem","position":2,"name":"Kn\u00fcppel-Krugman gegen abnormale Austerianer"}]},{"@type":"WebSite","@id":"https:\/\/blog.zeit.de\/teilchen\/#website","url":"https:\/\/blog.zeit.de\/teilchen\/","name":"Teilchen","description":"Im Netz verstecken sich kleine Sch\u00e4tze - ZEIT ONLINE findet sie.","potentialAction":[{"@type":"SearchAction","target":{"@type":"EntryPoint","urlTemplate":"https:\/\/blog.zeit.de\/teilchen\/?s={search_term_string}"},"query-input":"required name=search_term_string"}],"inLanguage":"de"},{"@type":"Person","@id":"https:\/\/blog.zeit.de\/teilchen\/#\/schema\/person\/20ae47479c9c6443ed61f03c9eac892f","name":"Bj\u00f6rn Maatz","image":{"@type":"ImageObject","inLanguage":"de","@id":"https:\/\/blog.zeit.de\/teilchen\/#\/schema\/person\/image\/","url":"https:\/\/secure.gravatar.com\/avatar\/4ed13ddffa21af7dcec9d6d36d2b36f05bfc49e1676e43abd84a80376d644278?s=96&d=mm&r=g","contentUrl":"https:\/\/secure.gravatar.com\/avatar\/4ed13ddffa21af7dcec9d6d36d2b36f05bfc49e1676e43abd84a80376d644278?s=96&d=mm&r=g","caption":"Bj\u00f6rn Maatz"},"description":"Leitet die Online-Redaktion der Kreativagentur Philipp und Keuntje. Zuvor Engagement-Redakteur bei ZEIT ONLINE und bei FINANCIAL TIMES DEUTSCHLAND, u.a. als Print-Redakteur im Unternehmensressort sowie als erster und letzter Social-Media-Redakteur. Studium der Wirtschaftsjournalistik in Bremen und Melbourne mit Hospitanzen beim NDR, der dpa und dem Hamburger Abendblatt.","sameAs":["https:\/\/twitter.com\/BjoernMaatz"],"url":"https:\/\/blog.zeit.de\/teilchen\/author\/bjoernmaatz\/"}]}},"jetpack_featured_media_url":"https:\/\/blog.zeit.de\/teilchen\/files\/2015\/06\/imgo.jpg","jetpack_sharing_enabled":true,"_links":{"self":[{"href":"https:\/\/blog.zeit.de\/teilchen\/wp-json\/wp\/v2\/posts\/5634","targetHints":{"allow":["GET"]}}],"collection":[{"href":"https:\/\/blog.zeit.de\/teilchen\/wp-json\/wp\/v2\/posts"}],"about":[{"href":"https:\/\/blog.zeit.de\/teilchen\/wp-json\/wp\/v2\/types\/post"}],"author":[{"embeddable":true,"href":"https:\/\/blog.zeit.de\/teilchen\/wp-json\/wp\/v2\/users\/528"}],"replies":[{"embeddable":true,"href":"https:\/\/blog.zeit.de\/teilchen\/wp-json\/wp\/v2\/comments?post=5634"}],"version-history":[{"count":16,"href":"https:\/\/blog.zeit.de\/teilchen\/wp-json\/wp\/v2\/posts\/5634\/revisions"}],"predecessor-version":[{"id":5676,"href":"https:\/\/blog.zeit.de\/teilchen\/wp-json\/wp\/v2\/posts\/5634\/revisions\/5676"}],"wp:featuredmedia":[{"embeddable":true,"href":"https:\/\/blog.zeit.de\/teilchen\/wp-json\/wp\/v2\/media\/5644"}],"wp:attachment":[{"href":"https:\/\/blog.zeit.de\/teilchen\/wp-json\/wp\/v2\/media?parent=5634"}],"wp:term":[{"taxonomy":"category","embeddable":true,"href":"https:\/\/blog.zeit.de\/teilchen\/wp-json\/wp\/v2\/categories?post=5634"},{"taxonomy":"post_tag","embeddable":true,"href":"https:\/\/blog.zeit.de\/teilchen\/wp-json\/wp\/v2\/tags?post=5634"}],"curies":[{"name":"wp","href":"https:\/\/api.w.org\/{rel}","templated":true}]}}