{"id":5762,"date":"2015-07-01T15:12:26","date_gmt":"2015-07-01T13:12:26","guid":{"rendered":"http:\/\/blog.zeit.de\/teilchen\/?p=5762"},"modified":"2015-07-01T15:12:26","modified_gmt":"2015-07-01T13:12:26","slug":"griechen-sicht-krise","status":"publish","type":"post","link":"https:\/\/blog.zeit.de\/teilchen\/2015\/07\/01\/griechen-sicht-krise\/","title":{"rendered":"Jetzt sprechen die Griechen"},"content":{"rendered":"<p class=\"wp-caption-text\"><img loading=\"lazy\" decoding=\"async\" class=\"aligncenter wp-image-5764 size-medium\" src=\"https:\/\/blog.zeit.de\/teilchen\/files\/2015\/07\/Bildschirmfoto-2015-07-01-um-13.36.45-580x432.png\" alt=\"Jetzt sprechen die Griechen\" width=\"580\" height=\"432\" srcset=\"https:\/\/blog.zeit.de\/teilchen\/files\/2015\/07\/Bildschirmfoto-2015-07-01-um-13.36.45-580x432.png 580w, https:\/\/blog.zeit.de\/teilchen\/files\/2015\/07\/Bildschirmfoto-2015-07-01-um-13.36.45-1024x763.png 1024w, https:\/\/blog.zeit.de\/teilchen\/files\/2015\/07\/Bildschirmfoto-2015-07-01-um-13.36.45.png 1263w\" sizes=\"auto, (max-width: 580px) 100vw, 580px\" \/><br \/>\n100 Griechen und ihre ganz pers\u00f6nliche Sicht auf die Krise. Screenshot von <em><a href=\"http:\/\/www.theguardian.com\/world\/ng-interactive\/2015\/jun\/30\/greece-euro-referendum-100-greeks-give-their-view#\" target=\"_blank\">Guardian.co.uk<\/a><\/em><\/p>\n<p>Wir reden in diesen Tagen viel \u00fcber Griechenland. Wir h\u00f6ren Yanis Varoufakis sowie Alexis Tsipras <a href=\"http:\/\/www.zeit.de\/wirtschaft\/2015-06\/griechenland-krise-grexit-eu-live\" target=\"_blank\">und dessen zahlreichen Meinungswechseln zu<\/a> \u2013 und verfolgen die Aussagen von Angela Merkel, Jean-Claude Juncker und den restlichen EU-Oberen. Aber reden wir auch gen\u00fcgend <em>mit<\/em> den Griechen statt nur \u00fcber sie?<!--more--><\/p>\n<p>Der <em>Guardian<\/em> hat das getan. Die Sicht von 100 griechischen B\u00fcrgern auf Troika, EU-Mitgliedschaft und ihre Regierung sind <a href=\"http:\/\/www.theguardian.com\/world\/ng-interactive\/2015\/jun\/30\/greece-euro-referendum-100-greeks-give-their-view#\" target=\"_blank\">in einer interaktiven Grafik<\/a> zusammengestellt. Und, um es gleich zu sagen, die Protokolle zeichnen ein d\u00fcsteres und hoffnungsloses Bild von der Lage des Landes.<\/p>\n<blockquote><p>&#8222;Day in, day out, it\u2019s in the back of your mind, that whatever you do (work hard, pay your taxes, try to help those around you), nothing will change to the better.&#8220; (Anna)<\/p>\n<p>&#8222;I worked abroad for four out of five years. At the beginning of the crisis I saw cutbacks of all the benefits I was getting from my company. Then I got fired in order to hire me again for less than 3\/5 of my salary for working abroad in a Balkan country with a Greek company.&#8220; (Liana)<\/p>\n<p>&#8222;The bills I have to pay for, utilities like electricity are about one third of my salary. In Greece we have one of the most expensive energy kWh in Europe.&#8220; (anonym)<\/p>\n<p>&#8222;Thessaloniki, which is Greece&#8217;s second largest city, used to be a hub of commercial activity and is now a shadow of its former self.&#8220; (Patricia Peponoula)<\/p>\n<p>&#8222;I used to earn \u20ac2.500 per month and now my salary is \u20ac700. I consider myself to be one of the lucky ones because I do have a job. My husband earns \u20ac800 and we have two children.&#8220; (Sof)<\/p><\/blockquote>\n<p>Und nat\u00fcrlich reden wir von ZEIT ONLINE auch mit den Griechen. <a href=\"https:\/\/twitter.com\/zacys\" target=\"_blank\">Unser Kollege Zacharias Zacharakis<\/a> ist wieder in Athen und berichtet aus der griechischen Hauptstadt. Er sprach mit <a href=\"http:\/\/www.zeit.de\/wirtschaft\/2015-06\/griechenland-banken-griechischer-bankenverband\" target=\"_blank\">Spitzen-Bankern<\/a>, dem <a href=\"http:\/\/www.zeit.de\/wirtschaft\/2015-06\/griechenland-referendum-grexit\" target=\"_blank\">griechischen Verwaltungsminister<\/a> und mit <a href=\"http:\/\/www.zeit.de\/wirtschaft\/2015-06\/griechenland-kapitalverkehrskontrollen-reportage-athen\" target=\"_blank\">Senioren, die aufgrund der geschlossenen Banken nicht mehr an ihre Rente kommen<\/a>.<\/p>\n<p><em>Mehr zur <a href=\"http:\/\/www.zeit.de\/schlagworte\/orte\/griechenland\/index\" target=\"_blank\">Griechenland-Krise lesen Sie hier<\/a>.<\/em><\/p>\n<p><em>Und <a href=\"https:\/\/blog.zeit.de\/teilchen\/\" target=\"_blank\">weitere Teilchen gibt\u2019s hier<\/a>.<\/em><\/p>\n","protected":false},"excerpt":{"rendered":"<p>100 Griechen und ihre ganz pers\u00f6nliche Sicht auf die Krise. Screenshot von Guardian.co.uk Wir reden in diesen Tagen viel \u00fcber Griechenland. Wir h\u00f6ren Yanis [\u2026]<\/p>\n","protected":false},"author":556,"featured_media":0,"comment_status":"open","ping_status":"closed","sticky":false,"template":"","format":"standard","meta":{"_jetpack_memberships_contains_paid_content":false,"footnotes":""},"categories":[13657],"tags":[],"class_list":["post-5762","post","type-post","status-publish","format-standard","hentry","category-interaktiv"],"yoast_head":"<!-- This site is optimized with the Yoast SEO plugin v21.0 - https:\/\/yoast.com\/wordpress\/plugins\/seo\/ -->\n<title>Jetzt sprechen die Griechen<\/title>\n<meta name=\"description\" content=\"100 Griechen und ihre ganz pers\u00f6nliche Sicht auf die Krise.\" \/>\n<meta name=\"robots\" content=\"index, follow, max-snippet:-1, max-image-preview:large, max-video-preview:-1\" \/>\n<link rel=\"canonical\" href=\"https:\/\/blog.zeit.de\/teilchen\/2015\/07\/01\/griechen-sicht-krise\/\" \/>\n<meta property=\"og:locale\" content=\"de_DE\" \/>\n<meta property=\"og:type\" content=\"article\" \/>\n<meta property=\"og:title\" content=\"Jetzt sprechen die Griechen\" \/>\n<meta property=\"og:description\" content=\"100 Griechen und ihre ganz pers\u00f6nliche Sicht auf die Krise.\" \/>\n<meta property=\"og:url\" content=\"https:\/\/blog.zeit.de\/teilchen\/2015\/07\/01\/griechen-sicht-krise\/\" \/>\n<meta property=\"og:site_name\" content=\"Teilchen\" \/>\n<meta property=\"article:published_time\" content=\"2015-07-01T13:12:26+00:00\" \/>\n<meta property=\"og:image\" content=\"https:\/\/blog.zeit.de\/teilchen\/files\/2015\/07\/Bildschirmfoto-2015-07-01-um-13.36.45-580x432.png\" \/>\n<meta name=\"author\" content=\"Tobias Dorfer\" \/>\n<meta name=\"twitter:card\" content=\"summary_large_image\" \/>\n<meta name=\"twitter:creator\" content=\"@tobiasdorfer\" \/>\n<meta name=\"twitter:site\" content=\"@zeitonline\" \/>\n<meta name=\"twitter:label1\" content=\"Geschrieben von\" \/>\n\t<meta name=\"twitter:data1\" content=\"Tobias Dorfer\" \/>\n\t<meta name=\"twitter:label2\" content=\"Gesch\u00e4tzte Lesezeit\" \/>\n\t<meta name=\"twitter:data2\" content=\"2\u00a0Minuten\" \/>\n<script type=\"application\/ld+json\" class=\"yoast-schema-graph\">{\"@context\":\"https:\/\/schema.org\",\"@graph\":[{\"@type\":\"WebPage\",\"@id\":\"https:\/\/blog.zeit.de\/teilchen\/2015\/07\/01\/griechen-sicht-krise\/\",\"url\":\"https:\/\/blog.zeit.de\/teilchen\/2015\/07\/01\/griechen-sicht-krise\/\",\"name\":\"Jetzt sprechen die Griechen\",\"isPartOf\":{\"@id\":\"https:\/\/blog.zeit.de\/teilchen\/#website\"},\"datePublished\":\"2015-07-01T13:12:26+00:00\",\"dateModified\":\"2015-07-01T13:12:26+00:00\",\"author\":{\"@id\":\"https:\/\/blog.zeit.de\/teilchen\/#\/schema\/person\/e90ba849254185115fd919d4fad07dc0\"},\"description\":\"100 Griechen und ihre ganz pers\u00f6nliche Sicht auf die Krise.\",\"breadcrumb\":{\"@id\":\"https:\/\/blog.zeit.de\/teilchen\/2015\/07\/01\/griechen-sicht-krise\/#breadcrumb\"},\"inLanguage\":\"de\",\"potentialAction\":[{\"@type\":\"ReadAction\",\"target\":[\"https:\/\/blog.zeit.de\/teilchen\/2015\/07\/01\/griechen-sicht-krise\/\"]}]},{\"@type\":\"BreadcrumbList\",\"@id\":\"https:\/\/blog.zeit.de\/teilchen\/2015\/07\/01\/griechen-sicht-krise\/#breadcrumb\",\"itemListElement\":[{\"@type\":\"ListItem\",\"position\":1,\"name\":\"Startseite\",\"item\":\"https:\/\/blog.zeit.de\/teilchen\/\"},{\"@type\":\"ListItem\",\"position\":2,\"name\":\"Jetzt sprechen die Griechen\"}]},{\"@type\":\"WebSite\",\"@id\":\"https:\/\/blog.zeit.de\/teilchen\/#website\",\"url\":\"https:\/\/blog.zeit.de\/teilchen\/\",\"name\":\"Teilchen\",\"description\":\"Im Netz verstecken sich kleine Sch\u00e4tze - ZEIT ONLINE findet sie.\",\"potentialAction\":[{\"@type\":\"SearchAction\",\"target\":{\"@type\":\"EntryPoint\",\"urlTemplate\":\"https:\/\/blog.zeit.de\/teilchen\/?s={search_term_string}\"},\"query-input\":\"required name=search_term_string\"}],\"inLanguage\":\"de\"},{\"@type\":\"Person\",\"@id\":\"https:\/\/blog.zeit.de\/teilchen\/#\/schema\/person\/e90ba849254185115fd919d4fad07dc0\",\"name\":\"Tobias Dorfer\",\"image\":{\"@type\":\"ImageObject\",\"inLanguage\":\"de\",\"@id\":\"https:\/\/blog.zeit.de\/teilchen\/#\/schema\/person\/image\/\",\"url\":\"https:\/\/secure.gravatar.com\/avatar\/0021e1a3fe9f799912804bcca6f1bcbbe58ee3bf29c8f714a0f453695a888d0a?s=96&d=mm&r=g\",\"contentUrl\":\"https:\/\/secure.gravatar.com\/avatar\/0021e1a3fe9f799912804bcca6f1bcbbe58ee3bf29c8f714a0f453695a888d0a?s=96&d=mm&r=g\",\"caption\":\"Tobias Dorfer\"},\"description\":\"Teamleiter Social Media bei ZEIT ONLINE. Zuvor sieben Jahre bei S\u00fcddeutsche.de, als Redakteur im Wirtschafts- und Regional-Ressort sowie Editorial SEO. Ausbildung an der Deutschen Journalistenschule in M\u00fcnchen mit Hospitanzen bei S\u00fcddeutsche Zeitung, SPIEGEL und SPIEGEL Online.\",\"sameAs\":[\"https:\/\/twitter.com\/tobiasdorfer\"],\"url\":\"https:\/\/blog.zeit.de\/teilchen\/author\/tdorfer\/\"}]}<\/script>\n<!-- \/ Yoast SEO plugin. -->","yoast_head_json":{"title":"Jetzt sprechen die Griechen","description":"100 Griechen und ihre ganz pers\u00f6nliche Sicht auf die Krise.","robots":{"index":"index","follow":"follow","max-snippet":"max-snippet:-1","max-image-preview":"max-image-preview:large","max-video-preview":"max-video-preview:-1"},"canonical":"https:\/\/blog.zeit.de\/teilchen\/2015\/07\/01\/griechen-sicht-krise\/","og_locale":"de_DE","og_type":"article","og_title":"Jetzt sprechen die Griechen","og_description":"100 Griechen und ihre ganz pers\u00f6nliche Sicht auf die Krise.","og_url":"https:\/\/blog.zeit.de\/teilchen\/2015\/07\/01\/griechen-sicht-krise\/","og_site_name":"Teilchen","article_published_time":"2015-07-01T13:12:26+00:00","og_image":[{"url":"https:\/\/blog.zeit.de\/teilchen\/files\/2015\/07\/Bildschirmfoto-2015-07-01-um-13.36.45-580x432.png"}],"author":"Tobias Dorfer","twitter_card":"summary_large_image","twitter_creator":"@tobiasdorfer","twitter_site":"@zeitonline","twitter_misc":{"Geschrieben von":"Tobias Dorfer","Gesch\u00e4tzte Lesezeit":"2\u00a0Minuten"},"schema":{"@context":"https:\/\/schema.org","@graph":[{"@type":"WebPage","@id":"https:\/\/blog.zeit.de\/teilchen\/2015\/07\/01\/griechen-sicht-krise\/","url":"https:\/\/blog.zeit.de\/teilchen\/2015\/07\/01\/griechen-sicht-krise\/","name":"Jetzt sprechen die Griechen","isPartOf":{"@id":"https:\/\/blog.zeit.de\/teilchen\/#website"},"datePublished":"2015-07-01T13:12:26+00:00","dateModified":"2015-07-01T13:12:26+00:00","author":{"@id":"https:\/\/blog.zeit.de\/teilchen\/#\/schema\/person\/e90ba849254185115fd919d4fad07dc0"},"description":"100 Griechen und ihre ganz pers\u00f6nliche Sicht auf die Krise.","breadcrumb":{"@id":"https:\/\/blog.zeit.de\/teilchen\/2015\/07\/01\/griechen-sicht-krise\/#breadcrumb"},"inLanguage":"de","potentialAction":[{"@type":"ReadAction","target":["https:\/\/blog.zeit.de\/teilchen\/2015\/07\/01\/griechen-sicht-krise\/"]}]},{"@type":"BreadcrumbList","@id":"https:\/\/blog.zeit.de\/teilchen\/2015\/07\/01\/griechen-sicht-krise\/#breadcrumb","itemListElement":[{"@type":"ListItem","position":1,"name":"Startseite","item":"https:\/\/blog.zeit.de\/teilchen\/"},{"@type":"ListItem","position":2,"name":"Jetzt sprechen die Griechen"}]},{"@type":"WebSite","@id":"https:\/\/blog.zeit.de\/teilchen\/#website","url":"https:\/\/blog.zeit.de\/teilchen\/","name":"Teilchen","description":"Im Netz verstecken sich kleine Sch\u00e4tze - ZEIT ONLINE findet sie.","potentialAction":[{"@type":"SearchAction","target":{"@type":"EntryPoint","urlTemplate":"https:\/\/blog.zeit.de\/teilchen\/?s={search_term_string}"},"query-input":"required name=search_term_string"}],"inLanguage":"de"},{"@type":"Person","@id":"https:\/\/blog.zeit.de\/teilchen\/#\/schema\/person\/e90ba849254185115fd919d4fad07dc0","name":"Tobias Dorfer","image":{"@type":"ImageObject","inLanguage":"de","@id":"https:\/\/blog.zeit.de\/teilchen\/#\/schema\/person\/image\/","url":"https:\/\/secure.gravatar.com\/avatar\/0021e1a3fe9f799912804bcca6f1bcbbe58ee3bf29c8f714a0f453695a888d0a?s=96&d=mm&r=g","contentUrl":"https:\/\/secure.gravatar.com\/avatar\/0021e1a3fe9f799912804bcca6f1bcbbe58ee3bf29c8f714a0f453695a888d0a?s=96&d=mm&r=g","caption":"Tobias Dorfer"},"description":"Teamleiter Social Media bei ZEIT ONLINE. Zuvor sieben Jahre bei S\u00fcddeutsche.de, als Redakteur im Wirtschafts- und Regional-Ressort sowie Editorial SEO. Ausbildung an der Deutschen Journalistenschule in M\u00fcnchen mit Hospitanzen bei S\u00fcddeutsche Zeitung, SPIEGEL und SPIEGEL Online.","sameAs":["https:\/\/twitter.com\/tobiasdorfer"],"url":"https:\/\/blog.zeit.de\/teilchen\/author\/tdorfer\/"}]}},"jetpack_featured_media_url":"","jetpack_sharing_enabled":true,"_links":{"self":[{"href":"https:\/\/blog.zeit.de\/teilchen\/wp-json\/wp\/v2\/posts\/5762","targetHints":{"allow":["GET"]}}],"collection":[{"href":"https:\/\/blog.zeit.de\/teilchen\/wp-json\/wp\/v2\/posts"}],"about":[{"href":"https:\/\/blog.zeit.de\/teilchen\/wp-json\/wp\/v2\/types\/post"}],"author":[{"embeddable":true,"href":"https:\/\/blog.zeit.de\/teilchen\/wp-json\/wp\/v2\/users\/556"}],"replies":[{"embeddable":true,"href":"https:\/\/blog.zeit.de\/teilchen\/wp-json\/wp\/v2\/comments?post=5762"}],"version-history":[{"count":13,"href":"https:\/\/blog.zeit.de\/teilchen\/wp-json\/wp\/v2\/posts\/5762\/revisions"}],"predecessor-version":[{"id":5784,"href":"https:\/\/blog.zeit.de\/teilchen\/wp-json\/wp\/v2\/posts\/5762\/revisions\/5784"}],"wp:attachment":[{"href":"https:\/\/blog.zeit.de\/teilchen\/wp-json\/wp\/v2\/media?parent=5762"}],"wp:term":[{"taxonomy":"category","embeddable":true,"href":"https:\/\/blog.zeit.de\/teilchen\/wp-json\/wp\/v2\/categories?post=5762"},{"taxonomy":"post_tag","embeddable":true,"href":"https:\/\/blog.zeit.de\/teilchen\/wp-json\/wp\/v2\/tags?post=5762"}],"curies":[{"name":"wp","href":"https:\/\/api.w.org\/{rel}","templated":true}]}}