{"id":5796,"date":"2015-07-02T11:44:32","date_gmt":"2015-07-02T09:44:32","guid":{"rendered":"http:\/\/blog.zeit.de\/teilchen\/?p=5796"},"modified":"2015-07-02T11:44:32","modified_gmt":"2015-07-02T09:44:32","slug":"guacamole-mit-erbsen-bloss-nicht","status":"publish","type":"post","link":"https:\/\/blog.zeit.de\/teilchen\/2015\/07\/02\/guacamole-mit-erbsen-bloss-nicht\/","title":{"rendered":"Guacamole mit Erbsen? Blo\u00df nicht!"},"content":{"rendered":"<p class=\"wp-caption-text\"><img loading=\"lazy\" decoding=\"async\" class=\"aligncenter wp-image-5797 size-medium\" src=\"https:\/\/blog.zeit.de\/teilchen\/files\/2015\/07\/Bildschirmfoto-2015-07-02-um-10.57.54-580x336.png\" alt=\"Guacamole mit Erbsen? Blo\u00df nicht!\" width=\"580\" height=\"336\" srcset=\"https:\/\/blog.zeit.de\/teilchen\/files\/2015\/07\/Bildschirmfoto-2015-07-02-um-10.57.54-580x336.png 580w, https:\/\/blog.zeit.de\/teilchen\/files\/2015\/07\/Bildschirmfoto-2015-07-02-um-10.57.54.png 981w\" sizes=\"auto, (max-width: 580px) 100vw, 580px\" \/><br \/>\nWarum nicht mal Erbsen in die Guacamole geben? Das empfiehlt zumindest die <em><a href=\"http:\/\/cooking.nytimes.com\/recipes\/1015047-green-pea-guacamole?smid=tw-nytimes\" target=\"_blank\">New York Times<\/a><\/em>. Screenshot von nytimes.com<\/p>\n<p>Was geh\u00f6rt in eine klassische Guacamole? Nicht viel: Avocado, Knoblauch und Salz f\u00fcr den Geschmack, Chili f\u00fcr die Sch\u00e4rfe und Zitronen- oder Limettensaft, damit der Dip etwas Pep bekommt und sch\u00f6n gr\u00fcn bleibt. Dachten wir zumindest.<!--more--><\/p>\n<p>Im Netz sorgt nun eine <a href=\"http:\/\/cooking.nytimes.com\/recipes\/1015047-green-pea-guacamole?smid=tw-nytimes\" target=\"_blank\">Guacamole-Abwandlung der <em>New York Times<\/em><\/a> f\u00fcr Aufregung, die inzwischen sogar das Wei\u00dfe Haus besch\u00e4ftigt. Denn als weitere Zutat empfiehlt die Autorin Melissa Clark Erbsen. Das sei, so die Food-Expertin, ein &#8222;radikaler move&#8220; und total lecker. Erbsen machten die Guacamole gr\u00fcner, br\u00e4chten eine gewisse S\u00fc\u00dfe in den Dip und sorgten f\u00fcr eine gr\u00f6bere Struktur. Die <em>New York Times<\/em> trommelte prompt per Twitter, um diese revolution\u00e4re Erkenntnis einem m\u00f6glichst gro\u00dfen Personenkreis zug\u00e4nglich zu machen.<\/p>\n<blockquote class=\"twitter-tweet\" lang=\"de\">\n<p dir=\"ltr\" lang=\"en\">Add green peas to your guacamole. Trust us. <a href=\"http:\/\/t.co\/7imMY9c2ph\">http:\/\/t.co\/7imMY9c2ph<\/a> <a href=\"http:\/\/t.co\/oeOMt2qgmh\">pic.twitter.com\/oeOMt2qgmh<\/a><\/p>\n<p>\u2014 The New York Times (@nytimes) <a href=\"https:\/\/twitter.com\/nytimes\/status\/616303020574441472\">1. Juli 2015<\/a><\/p><\/blockquote>\n<p><script src=\"\/\/platform.twitter.com\/widgets.js\" async=\"\" charset=\"utf-8\"><\/script>Die Reaktionen waren jedoch wenig schmeichelhaft.<\/p>\n<blockquote class=\"twitter-tweet\" lang=\"de\" data-cards=\"hidden\"><p>\nTHESE PEOPLE MUST BE STOPPED AT ALL COST: <a href=\"http:\/\/t.co\/MNdpui6Kf3\">http:\/\/t.co\/MNdpui6Kf3<\/a><\/p>\n<p>\u2014 Twisted Spinster (@SpinsterAndCat) <a href=\"https:\/\/twitter.com\/SpinsterAndCat\/status\/616330817812471808\">1. Juli 2015<\/a>\n<\/p><\/blockquote>\n<p><script src=\"\/\/platform.twitter.com\/widgets.js\" async=\"\" charset=\"utf-8\"><\/script><\/p>\n<blockquote class=\"twitter-tweet\" lang=\"de\" data-cards=\"hidden\"><p>I hope the NYT apologizes for this <a href=\"http:\/\/t.co\/V9Qv89luPT\">http:\/\/t.co\/V9Qv89luPT<\/a> <a href=\"http:\/\/t.co\/IEyA4b2C3k\">http:\/\/t.co\/IEyA4b2C3k<\/a> \u2014 Kevin Kline (@KevinKlineNews) <a href=\"https:\/\/twitter.com\/KevinKlineNews\/status\/616350188265824256\">1. Juli 2015<\/a><\/p><\/blockquote>\n<p><script src=\"\/\/platform.twitter.com\/widgets.js\" async=\"\" charset=\"utf-8\"><\/script><\/p>\n<blockquote class=\"twitter-tweet\" lang=\"de\" data-cards=\"hidden\"><p>\nEverything I hate about New York in one place: <a href=\"http:\/\/t.co\/DWBdwSzNfe\">http:\/\/t.co\/DWBdwSzNfe<\/a><\/p>\n<p>\u2014 Guy Branum (@guybranum) <a href=\"https:\/\/twitter.com\/guybranum\/status\/616331415936978944\">1. Juli 2015<\/a>\n<\/p><\/blockquote>\n<p><script src=\"\/\/platform.twitter.com\/widgets.js\" async=\"\" charset=\"utf-8\"><\/script><script src=\"\/\/platform.twitter.com\/widgets.js\" async=\"\" charset=\"utf-8\"><\/script><\/p>\n<blockquote class=\"twitter-tweet\" lang=\"de\" data-cards=\"hidden\"><p>\nJuly 1, 2015: a dark day for journalism&#8230; <a href=\"http:\/\/t.co\/XtlHKFlRee\">http:\/\/t.co\/XtlHKFlRee<\/a><\/p>\n<p>\u2014 Roger Kristof (@RogerKristof) <a href=\"https:\/\/twitter.com\/RogerKristof\/status\/616327334669389828\">1. Juli 2015<\/a>\n<\/p><\/blockquote>\n<p><script src=\"\/\/platform.twitter.com\/widgets.js\" async=\"\" charset=\"utf-8\"><\/script>Sogar der US-Pr\u00e4sident mischte sich in die Guacamole-Debatte ein. In einer Twitter-Fragestunde wurde Barack Obama gefragt, was er denn davon halte, Erbsen in den Dip zu mischen. Offenbar nicht allzu viel.<\/p>\n<blockquote class=\"twitter-tweet\" lang=\"de\"><p>respect the nyt, but not buying peas in guac. onions, garlic, hot peppers. classic. <a href=\"https:\/\/t.co\/MEEI8QHH1V\">https:\/\/t.co\/MEEI8QHH1V<\/a> \u2014 President Obama (@POTUS) <a href=\"https:\/\/twitter.com\/POTUS\/status\/616338528138608640\">1. Juli 2015<\/a><\/p><\/blockquote>\n<p><script src=\"\/\/platform.twitter.com\/widgets.js\" async=\"\" charset=\"utf-8\"><\/script>Und weil in den USA der Wahlkampf bereits begonnen hat, musste sich auch die republikanische Seite \u00e4u\u00dfern. Allerdings zeigte sich Jeb Bush in der Guacamole-Frage \u00fcberraschend einig mit dem Demokraten Obama.<\/p>\n<blockquote class=\"twitter-tweet\" lang=\"de\"><p>\nYou don&#8217;t put peas in guacamole <a href=\"https:\/\/t.co\/kG3ewrVv6f\">https:\/\/t.co\/kG3ewrVv6f<\/a><\/p>\n<p>\u2014 Jeb Bush (@JebBush) <a href=\"https:\/\/twitter.com\/JebBush\/status\/616329509617463296\">1. Juli 2015<\/a>\n<\/p><\/blockquote>\n<p><script src=\"\/\/platform.twitter.com\/widgets.js\" async=\"\" charset=\"utf-8\"><\/script><\/p>\n<p>Was weder Obama noch Bush wissen: Erbsen in der Guacamole mag zwar ein &#8222;radikaler move&#8220; sein \u2013 doch es geht noch ein wenig radikaler. Wir empfehlen: <a href=\"http:\/\/www.chefkoch.de\/rezepte\/2800361432138203\/Guacamole-mit-Erdbeeren-und-Basilikum.html\" target=\"_blank\">die Erdbeer-Basilikum-Guacamole aus der Rezepte-Datenbank von chefkoch.de<\/a>. Die beiden Kommentare darunter lassen zumindest darauf schlie\u00dfen, dass DAS die wirkliche Food-Revolution ist.<\/p>\n<p><em>Weitere <a href=\"http:\/\/www.chefkoch.de\/rs\/s0\/Guacamole\/Rezepte.html\" target=\"_blank\">Guacamole-Rezepte finden Sie hier<\/a>.<\/em><\/p>\n<p><em>Und <a href=\"https:\/\/blog.zeit.de\/teilchen\/\" target=\"_blank\">weitere Teilchen gibt&#8217;s hier<\/a>.<\/em><\/p>\n","protected":false},"excerpt":{"rendered":"<p>Warum nicht mal Erbsen in die Guacamole geben? Das empfiehlt zumindest die New York Times. Screenshot von nytimes.com Was geh\u00f6rt in eine klassische Guacamole? [\u2026]<\/p>\n","protected":false},"author":556,"featured_media":0,"comment_status":"open","ping_status":"closed","sticky":false,"template":"","format":"standard","meta":{"_jetpack_memberships_contains_paid_content":false,"footnotes":""},"categories":[29747],"tags":[],"class_list":["post-5796","post","type-post","status-publish","format-standard","hentry","category-geschichten"],"yoast_head":"<!-- This site is optimized with the Yoast SEO plugin v21.0 - https:\/\/yoast.com\/wordpress\/plugins\/seo\/ -->\n<title>Guacamole mit Erbsen? Blo\u00df nicht!<\/title>\n<meta name=\"description\" content=\"Ein Rezept f\u00fcr Guacamole l\u00f6st emotionale Reaktionen auf Twitter aus. Was halten Sie von Erbsen im Dip?\" \/>\n<meta name=\"robots\" content=\"index, follow, max-snippet:-1, max-image-preview:large, max-video-preview:-1\" \/>\n<link rel=\"canonical\" href=\"https:\/\/blog.zeit.de\/teilchen\/2015\/07\/02\/guacamole-mit-erbsen-bloss-nicht\/\" \/>\n<meta property=\"og:locale\" content=\"de_DE\" \/>\n<meta property=\"og:type\" content=\"article\" \/>\n<meta property=\"og:title\" content=\"Guacamole mit Erbsen? Blo\u00df nicht!\" \/>\n<meta property=\"og:description\" content=\"Ein Rezept f\u00fcr Guacamole l\u00f6st emotionale Reaktionen auf Twitter aus. Was halten Sie von Erbsen im Dip?\" \/>\n<meta property=\"og:url\" content=\"https:\/\/blog.zeit.de\/teilchen\/2015\/07\/02\/guacamole-mit-erbsen-bloss-nicht\/\" \/>\n<meta property=\"og:site_name\" content=\"Teilchen\" \/>\n<meta property=\"article:published_time\" content=\"2015-07-02T09:44:32+00:00\" \/>\n<meta property=\"og:image\" content=\"https:\/\/blog.zeit.de\/teilchen\/files\/2015\/07\/Bildschirmfoto-2015-07-02-um-10.57.54-580x336.png\" \/>\n<meta name=\"author\" content=\"Tobias Dorfer\" \/>\n<meta name=\"twitter:card\" content=\"summary_large_image\" \/>\n<meta name=\"twitter:creator\" content=\"@tobiasdorfer\" \/>\n<meta name=\"twitter:site\" content=\"@zeitonline\" \/>\n<meta name=\"twitter:label1\" content=\"Geschrieben von\" \/>\n\t<meta name=\"twitter:data1\" content=\"Tobias Dorfer\" \/>\n\t<meta name=\"twitter:label2\" content=\"Gesch\u00e4tzte Lesezeit\" \/>\n\t<meta name=\"twitter:data2\" content=\"2\u00a0Minuten\" \/>\n<script type=\"application\/ld+json\" class=\"yoast-schema-graph\">{\"@context\":\"https:\/\/schema.org\",\"@graph\":[{\"@type\":\"WebPage\",\"@id\":\"https:\/\/blog.zeit.de\/teilchen\/2015\/07\/02\/guacamole-mit-erbsen-bloss-nicht\/\",\"url\":\"https:\/\/blog.zeit.de\/teilchen\/2015\/07\/02\/guacamole-mit-erbsen-bloss-nicht\/\",\"name\":\"Guacamole mit Erbsen? Blo\u00df nicht!\",\"isPartOf\":{\"@id\":\"https:\/\/blog.zeit.de\/teilchen\/#website\"},\"datePublished\":\"2015-07-02T09:44:32+00:00\",\"dateModified\":\"2015-07-02T09:44:32+00:00\",\"author\":{\"@id\":\"https:\/\/blog.zeit.de\/teilchen\/#\/schema\/person\/e90ba849254185115fd919d4fad07dc0\"},\"description\":\"Ein Rezept f\u00fcr Guacamole l\u00f6st emotionale Reaktionen auf Twitter aus. Was halten Sie von Erbsen im Dip?\",\"breadcrumb\":{\"@id\":\"https:\/\/blog.zeit.de\/teilchen\/2015\/07\/02\/guacamole-mit-erbsen-bloss-nicht\/#breadcrumb\"},\"inLanguage\":\"de\",\"potentialAction\":[{\"@type\":\"ReadAction\",\"target\":[\"https:\/\/blog.zeit.de\/teilchen\/2015\/07\/02\/guacamole-mit-erbsen-bloss-nicht\/\"]}]},{\"@type\":\"BreadcrumbList\",\"@id\":\"https:\/\/blog.zeit.de\/teilchen\/2015\/07\/02\/guacamole-mit-erbsen-bloss-nicht\/#breadcrumb\",\"itemListElement\":[{\"@type\":\"ListItem\",\"position\":1,\"name\":\"Startseite\",\"item\":\"https:\/\/blog.zeit.de\/teilchen\/\"},{\"@type\":\"ListItem\",\"position\":2,\"name\":\"Guacamole mit Erbsen? Blo\u00df nicht!\"}]},{\"@type\":\"WebSite\",\"@id\":\"https:\/\/blog.zeit.de\/teilchen\/#website\",\"url\":\"https:\/\/blog.zeit.de\/teilchen\/\",\"name\":\"Teilchen\",\"description\":\"Im Netz verstecken sich kleine Sch\u00e4tze - ZEIT ONLINE findet sie.\",\"potentialAction\":[{\"@type\":\"SearchAction\",\"target\":{\"@type\":\"EntryPoint\",\"urlTemplate\":\"https:\/\/blog.zeit.de\/teilchen\/?s={search_term_string}\"},\"query-input\":\"required name=search_term_string\"}],\"inLanguage\":\"de\"},{\"@type\":\"Person\",\"@id\":\"https:\/\/blog.zeit.de\/teilchen\/#\/schema\/person\/e90ba849254185115fd919d4fad07dc0\",\"name\":\"Tobias Dorfer\",\"image\":{\"@type\":\"ImageObject\",\"inLanguage\":\"de\",\"@id\":\"https:\/\/blog.zeit.de\/teilchen\/#\/schema\/person\/image\/\",\"url\":\"https:\/\/secure.gravatar.com\/avatar\/0021e1a3fe9f799912804bcca6f1bcbbe58ee3bf29c8f714a0f453695a888d0a?s=96&d=mm&r=g\",\"contentUrl\":\"https:\/\/secure.gravatar.com\/avatar\/0021e1a3fe9f799912804bcca6f1bcbbe58ee3bf29c8f714a0f453695a888d0a?s=96&d=mm&r=g\",\"caption\":\"Tobias Dorfer\"},\"description\":\"Teamleiter Social Media bei ZEIT ONLINE. Zuvor sieben Jahre bei S\u00fcddeutsche.de, als Redakteur im Wirtschafts- und Regional-Ressort sowie Editorial SEO. Ausbildung an der Deutschen Journalistenschule in M\u00fcnchen mit Hospitanzen bei S\u00fcddeutsche Zeitung, SPIEGEL und SPIEGEL Online.\",\"sameAs\":[\"https:\/\/twitter.com\/tobiasdorfer\"],\"url\":\"https:\/\/blog.zeit.de\/teilchen\/author\/tdorfer\/\"}]}<\/script>\n<!-- \/ Yoast SEO plugin. -->","yoast_head_json":{"title":"Guacamole mit Erbsen? Blo\u00df nicht!","description":"Ein Rezept f\u00fcr Guacamole l\u00f6st emotionale Reaktionen auf Twitter aus. Was halten Sie von Erbsen im Dip?","robots":{"index":"index","follow":"follow","max-snippet":"max-snippet:-1","max-image-preview":"max-image-preview:large","max-video-preview":"max-video-preview:-1"},"canonical":"https:\/\/blog.zeit.de\/teilchen\/2015\/07\/02\/guacamole-mit-erbsen-bloss-nicht\/","og_locale":"de_DE","og_type":"article","og_title":"Guacamole mit Erbsen? Blo\u00df nicht!","og_description":"Ein Rezept f\u00fcr Guacamole l\u00f6st emotionale Reaktionen auf Twitter aus. Was halten Sie von Erbsen im Dip?","og_url":"https:\/\/blog.zeit.de\/teilchen\/2015\/07\/02\/guacamole-mit-erbsen-bloss-nicht\/","og_site_name":"Teilchen","article_published_time":"2015-07-02T09:44:32+00:00","og_image":[{"url":"https:\/\/blog.zeit.de\/teilchen\/files\/2015\/07\/Bildschirmfoto-2015-07-02-um-10.57.54-580x336.png"}],"author":"Tobias Dorfer","twitter_card":"summary_large_image","twitter_creator":"@tobiasdorfer","twitter_site":"@zeitonline","twitter_misc":{"Geschrieben von":"Tobias Dorfer","Gesch\u00e4tzte Lesezeit":"2\u00a0Minuten"},"schema":{"@context":"https:\/\/schema.org","@graph":[{"@type":"WebPage","@id":"https:\/\/blog.zeit.de\/teilchen\/2015\/07\/02\/guacamole-mit-erbsen-bloss-nicht\/","url":"https:\/\/blog.zeit.de\/teilchen\/2015\/07\/02\/guacamole-mit-erbsen-bloss-nicht\/","name":"Guacamole mit Erbsen? Blo\u00df nicht!","isPartOf":{"@id":"https:\/\/blog.zeit.de\/teilchen\/#website"},"datePublished":"2015-07-02T09:44:32+00:00","dateModified":"2015-07-02T09:44:32+00:00","author":{"@id":"https:\/\/blog.zeit.de\/teilchen\/#\/schema\/person\/e90ba849254185115fd919d4fad07dc0"},"description":"Ein Rezept f\u00fcr Guacamole l\u00f6st emotionale Reaktionen auf Twitter aus. Was halten Sie von Erbsen im Dip?","breadcrumb":{"@id":"https:\/\/blog.zeit.de\/teilchen\/2015\/07\/02\/guacamole-mit-erbsen-bloss-nicht\/#breadcrumb"},"inLanguage":"de","potentialAction":[{"@type":"ReadAction","target":["https:\/\/blog.zeit.de\/teilchen\/2015\/07\/02\/guacamole-mit-erbsen-bloss-nicht\/"]}]},{"@type":"BreadcrumbList","@id":"https:\/\/blog.zeit.de\/teilchen\/2015\/07\/02\/guacamole-mit-erbsen-bloss-nicht\/#breadcrumb","itemListElement":[{"@type":"ListItem","position":1,"name":"Startseite","item":"https:\/\/blog.zeit.de\/teilchen\/"},{"@type":"ListItem","position":2,"name":"Guacamole mit Erbsen? Blo\u00df nicht!"}]},{"@type":"WebSite","@id":"https:\/\/blog.zeit.de\/teilchen\/#website","url":"https:\/\/blog.zeit.de\/teilchen\/","name":"Teilchen","description":"Im Netz verstecken sich kleine Sch\u00e4tze - ZEIT ONLINE findet sie.","potentialAction":[{"@type":"SearchAction","target":{"@type":"EntryPoint","urlTemplate":"https:\/\/blog.zeit.de\/teilchen\/?s={search_term_string}"},"query-input":"required name=search_term_string"}],"inLanguage":"de"},{"@type":"Person","@id":"https:\/\/blog.zeit.de\/teilchen\/#\/schema\/person\/e90ba849254185115fd919d4fad07dc0","name":"Tobias Dorfer","image":{"@type":"ImageObject","inLanguage":"de","@id":"https:\/\/blog.zeit.de\/teilchen\/#\/schema\/person\/image\/","url":"https:\/\/secure.gravatar.com\/avatar\/0021e1a3fe9f799912804bcca6f1bcbbe58ee3bf29c8f714a0f453695a888d0a?s=96&d=mm&r=g","contentUrl":"https:\/\/secure.gravatar.com\/avatar\/0021e1a3fe9f799912804bcca6f1bcbbe58ee3bf29c8f714a0f453695a888d0a?s=96&d=mm&r=g","caption":"Tobias Dorfer"},"description":"Teamleiter Social Media bei ZEIT ONLINE. Zuvor sieben Jahre bei S\u00fcddeutsche.de, als Redakteur im Wirtschafts- und Regional-Ressort sowie Editorial SEO. Ausbildung an der Deutschen Journalistenschule in M\u00fcnchen mit Hospitanzen bei S\u00fcddeutsche Zeitung, SPIEGEL und SPIEGEL Online.","sameAs":["https:\/\/twitter.com\/tobiasdorfer"],"url":"https:\/\/blog.zeit.de\/teilchen\/author\/tdorfer\/"}]}},"jetpack_featured_media_url":"","jetpack_sharing_enabled":true,"_links":{"self":[{"href":"https:\/\/blog.zeit.de\/teilchen\/wp-json\/wp\/v2\/posts\/5796","targetHints":{"allow":["GET"]}}],"collection":[{"href":"https:\/\/blog.zeit.de\/teilchen\/wp-json\/wp\/v2\/posts"}],"about":[{"href":"https:\/\/blog.zeit.de\/teilchen\/wp-json\/wp\/v2\/types\/post"}],"author":[{"embeddable":true,"href":"https:\/\/blog.zeit.de\/teilchen\/wp-json\/wp\/v2\/users\/556"}],"replies":[{"embeddable":true,"href":"https:\/\/blog.zeit.de\/teilchen\/wp-json\/wp\/v2\/comments?post=5796"}],"version-history":[{"count":11,"href":"https:\/\/blog.zeit.de\/teilchen\/wp-json\/wp\/v2\/posts\/5796\/revisions"}],"predecessor-version":[{"id":5816,"href":"https:\/\/blog.zeit.de\/teilchen\/wp-json\/wp\/v2\/posts\/5796\/revisions\/5816"}],"wp:attachment":[{"href":"https:\/\/blog.zeit.de\/teilchen\/wp-json\/wp\/v2\/media?parent=5796"}],"wp:term":[{"taxonomy":"category","embeddable":true,"href":"https:\/\/blog.zeit.de\/teilchen\/wp-json\/wp\/v2\/categories?post=5796"},{"taxonomy":"post_tag","embeddable":true,"href":"https:\/\/blog.zeit.de\/teilchen\/wp-json\/wp\/v2\/tags?post=5796"}],"curies":[{"name":"wp","href":"https:\/\/api.w.org\/{rel}","templated":true}]}}