{"id":5806,"date":"2015-07-17T09:35:15","date_gmt":"2015-07-17T07:35:15","guid":{"rendered":"http:\/\/blog.zeit.de\/teilchen\/?p=5806"},"modified":"2015-07-17T09:31:19","modified_gmt":"2015-07-17T07:31:19","slug":"farben-sehen-farbenblinde-achromatopsie","status":"publish","type":"post","link":"https:\/\/blog.zeit.de\/teilchen\/2015\/07\/17\/farben-sehen-farbenblinde-achromatopsie\/","title":{"rendered":"Die Welt ist ein Regenbogen"},"content":{"rendered":"<p>[vimeo 132121995 w=580 h=326]<\/p>\n<p>&nbsp;<\/p>\n<p>Welche Farbe hat Ihre Bettw\u00e4sche? F\u00fcr viele\u00a0Menschen sind Farben nebens\u00e4chliche Selbstverst\u00e4ndlichkeit. Dabei sollten wir sie zu sch\u00e4tzen wissen.<!--more--><\/p>\n<p>Die Filmemacher <a href=\"https:\/\/blog.zeit.de\/teilchen\/2015\/04\/15\/glauben-religionen-kurzfilm-five\/\"><em>The Mercadantes<\/em> widmen sich in ihrer Arbeit gerne dem Spirituellen<\/a>. <em>Colors<\/em> ist keine Ausnahme.\u00a0Farben\u00a0sind nicht nur <a href=\"http:\/\/www.zeit.de\/zeit-wissen\/2015\/02\/rot-farbe-wissenschaft\">Gegenstand zahlreicher wissenschaftlicher Disziplinen zwischen Astrophysik und Psychologie<\/a>. Sie sind ein Medium f\u00fcr Emotionen, sowohl als Eindruck, als auch als Ausdruck. Kl\u00e4nge, Stimmungslagen, politische Ideologien \u2013 Menschen\u00a0machen abstrakte Vorg\u00e4nge greifbar, in dem sie ihnen Farben zuordnen. Die meisten Menschen.<\/p>\n<p>2009 lebten in Deutschland 3000 Farbenblinde. Sie leiden unter\u00a0<em>Achromatopsie<\/em>,\u00a0k\u00f6nnen nur Kontraste in einer Welt von Graut\u00f6nen unterscheiden. Das unterscheidet sie zum Beispiel von Menschen, die unter einer Rot-Gr\u00fcn-Schw\u00e4che leiden. Im Gegensatz zum Volksmund sprechen Mediziner dabei von einer\u00a0Farbenfehlsichtigkeit oder\u00a0<em>Dyschromatopsie.\u00a0<\/em>2013 waren knapp 8 Prozent der M\u00e4nner und 0,3 Prozent der Frauen in Deutschland\u00a0von dem Gendefekt betroffen.<\/p>\n<p>Einige Hersteller haben deshalb spezielle Brillengl\u00e4ser entwickelt.\u00a0Durch sie k\u00f6nnen Farbenfehlsichtige einen gro\u00dfen Bereich des Farbspektrums erkennen, der ihnen sonst verborgen bleibt. Wer Farben sch\u00e4tzen lernen will, muss nur <a href=\"https:\/\/www.youtube.com\/watch?v=fTpCTDwjHZQ\">dabei zuschauen<\/a>, wie jemand zum ersten Mal Blumen in ihrer ganzen Pracht sieht.<\/p>\n<p><em>Weitere <a href=\"https:\/\/blog.zeit.de\/teilchen\">Teilchen, die meisten in Farbe, finden Sie hier<\/a>.<\/em><\/p>\n","protected":false},"excerpt":{"rendered":"<p>[vimeo 132121995 w=580 h=326] &nbsp; Welche Farbe hat Ihre Bettw\u00e4sche? F\u00fcr viele\u00a0Menschen sind Farben nebens\u00e4chliche Selbstverst\u00e4ndlichkeit. Dabei sollten wir sie zu sch\u00e4tzen wissen.<\/p>\n","protected":false},"author":558,"featured_media":5808,"comment_status":"open","ping_status":"closed","sticky":false,"template":"","format":"standard","meta":{"_jetpack_memberships_contains_paid_content":false,"footnotes":""},"categories":[28],"tags":[],"class_list":["post-5806","post","type-post","status-publish","format-standard","has-post-thumbnail","hentry","category-video"],"yoast_head":"<!-- This site is optimized with the Yoast SEO plugin v21.0 - https:\/\/yoast.com\/wordpress\/plugins\/seo\/ -->\n<title>Alle Farben des Regenbogen<\/title>\n<meta name=\"description\" content=\"Mit Farben lassen sich gro\u00dfartig Emotionen kommunizieren. Nur nicht von jedem. 2009 lebten in Deutschland 3000 Farbenblinde.\" \/>\n<meta name=\"robots\" content=\"index, follow, max-snippet:-1, max-image-preview:large, max-video-preview:-1\" \/>\n<link rel=\"canonical\" href=\"https:\/\/blog.zeit.de\/teilchen\/2015\/07\/17\/farben-sehen-farbenblinde-achromatopsie\/\" \/>\n<meta property=\"og:locale\" content=\"de_DE\" \/>\n<meta property=\"og:type\" content=\"article\" \/>\n<meta property=\"og:title\" content=\"Alle Farben des Regenbogen\" \/>\n<meta property=\"og:description\" content=\"Mit Farben lassen sich gro\u00dfartig Emotionen kommunizieren. Nur nicht von jedem. 2009 lebten in Deutschland 3000 Farbenblinde.\" \/>\n<meta property=\"og:url\" content=\"https:\/\/blog.zeit.de\/teilchen\/2015\/07\/17\/farben-sehen-farbenblinde-achromatopsie\/\" \/>\n<meta property=\"og:site_name\" content=\"Teilchen\" \/>\n<meta property=\"article:published_time\" content=\"2015-07-17T07:35:15+00:00\" \/>\n<meta property=\"article:modified_time\" content=\"2015-07-17T07:31:19+00:00\" \/>\n<meta property=\"og:image\" content=\"https:\/\/blog.zeit.de\/teilchen\/files\/2015\/07\/teilchen-colors.png\" \/>\n\t<meta property=\"og:image:width\" content=\"640\" \/>\n\t<meta property=\"og:image:height\" content=\"360\" \/>\n\t<meta property=\"og:image:type\" content=\"image\/png\" \/>\n<meta name=\"author\" content=\"Carim Soliman\" \/>\n<meta name=\"twitter:card\" content=\"summary_large_image\" \/>\n<meta name=\"twitter:creator\" content=\"@zeitonline\" \/>\n<meta name=\"twitter:site\" content=\"@zeitonline\" \/>\n<meta name=\"twitter:label1\" content=\"Geschrieben von\" \/>\n\t<meta name=\"twitter:data1\" content=\"Carim Soliman\" \/>\n\t<meta name=\"twitter:label2\" content=\"Gesch\u00e4tzte Lesezeit\" \/>\n\t<meta name=\"twitter:data2\" content=\"1\u00a0Minute\" \/>\n<script type=\"application\/ld+json\" class=\"yoast-schema-graph\">{\"@context\":\"https:\/\/schema.org\",\"@graph\":[{\"@type\":\"WebPage\",\"@id\":\"https:\/\/blog.zeit.de\/teilchen\/2015\/07\/17\/farben-sehen-farbenblinde-achromatopsie\/\",\"url\":\"https:\/\/blog.zeit.de\/teilchen\/2015\/07\/17\/farben-sehen-farbenblinde-achromatopsie\/\",\"name\":\"Alle Farben des Regenbogen\",\"isPartOf\":{\"@id\":\"https:\/\/blog.zeit.de\/teilchen\/#website\"},\"datePublished\":\"2015-07-17T07:35:15+00:00\",\"dateModified\":\"2015-07-17T07:31:19+00:00\",\"author\":{\"@id\":\"https:\/\/blog.zeit.de\/teilchen\/#\/schema\/person\/1b29fdf43f8ed1922626fad081532fea\"},\"description\":\"Mit Farben lassen sich gro\u00dfartig Emotionen kommunizieren. Nur nicht von jedem. 2009 lebten in Deutschland 3000 Farbenblinde.\",\"breadcrumb\":{\"@id\":\"https:\/\/blog.zeit.de\/teilchen\/2015\/07\/17\/farben-sehen-farbenblinde-achromatopsie\/#breadcrumb\"},\"inLanguage\":\"de\",\"potentialAction\":[{\"@type\":\"ReadAction\",\"target\":[\"https:\/\/blog.zeit.de\/teilchen\/2015\/07\/17\/farben-sehen-farbenblinde-achromatopsie\/\"]}]},{\"@type\":\"BreadcrumbList\",\"@id\":\"https:\/\/blog.zeit.de\/teilchen\/2015\/07\/17\/farben-sehen-farbenblinde-achromatopsie\/#breadcrumb\",\"itemListElement\":[{\"@type\":\"ListItem\",\"position\":1,\"name\":\"Startseite\",\"item\":\"https:\/\/blog.zeit.de\/teilchen\/\"},{\"@type\":\"ListItem\",\"position\":2,\"name\":\"Die Welt ist ein Regenbogen\"}]},{\"@type\":\"WebSite\",\"@id\":\"https:\/\/blog.zeit.de\/teilchen\/#website\",\"url\":\"https:\/\/blog.zeit.de\/teilchen\/\",\"name\":\"Teilchen\",\"description\":\"Im Netz verstecken sich kleine Sch\u00e4tze - ZEIT ONLINE findet sie.\",\"potentialAction\":[{\"@type\":\"SearchAction\",\"target\":{\"@type\":\"EntryPoint\",\"urlTemplate\":\"https:\/\/blog.zeit.de\/teilchen\/?s={search_term_string}\"},\"query-input\":\"required name=search_term_string\"}],\"inLanguage\":\"de\"},{\"@type\":\"Person\",\"@id\":\"https:\/\/blog.zeit.de\/teilchen\/#\/schema\/person\/1b29fdf43f8ed1922626fad081532fea\",\"name\":\"Carim Soliman\",\"image\":{\"@type\":\"ImageObject\",\"inLanguage\":\"de\",\"@id\":\"https:\/\/blog.zeit.de\/teilchen\/#\/schema\/person\/image\/\",\"url\":\"https:\/\/secure.gravatar.com\/avatar\/928a491c6dc6ad6a6b7c6e9c5a3c52f6c2b64a769ba414071d0504ad0a1c306e?s=96&d=mm&r=g\",\"contentUrl\":\"https:\/\/secure.gravatar.com\/avatar\/928a491c6dc6ad6a6b7c6e9c5a3c52f6c2b64a769ba414071d0504ad0a1c306e?s=96&d=mm&r=g\",\"caption\":\"Carim Soliman\"},\"description\":\"ist Autor bei ZEIT ONLINE.\",\"url\":\"https:\/\/blog.zeit.de\/teilchen\/author\/csoliman\/\"}]}<\/script>\n<!-- \/ Yoast SEO plugin. -->","yoast_head_json":{"title":"Alle Farben des Regenbogen","description":"Mit Farben lassen sich gro\u00dfartig Emotionen kommunizieren. Nur nicht von jedem. 2009 lebten in Deutschland 3000 Farbenblinde.","robots":{"index":"index","follow":"follow","max-snippet":"max-snippet:-1","max-image-preview":"max-image-preview:large","max-video-preview":"max-video-preview:-1"},"canonical":"https:\/\/blog.zeit.de\/teilchen\/2015\/07\/17\/farben-sehen-farbenblinde-achromatopsie\/","og_locale":"de_DE","og_type":"article","og_title":"Alle Farben des Regenbogen","og_description":"Mit Farben lassen sich gro\u00dfartig Emotionen kommunizieren. Nur nicht von jedem. 2009 lebten in Deutschland 3000 Farbenblinde.","og_url":"https:\/\/blog.zeit.de\/teilchen\/2015\/07\/17\/farben-sehen-farbenblinde-achromatopsie\/","og_site_name":"Teilchen","article_published_time":"2015-07-17T07:35:15+00:00","article_modified_time":"2015-07-17T07:31:19+00:00","og_image":[{"width":640,"height":360,"url":"https:\/\/blog.zeit.de\/teilchen\/files\/2015\/07\/teilchen-colors.png","type":"image\/png"}],"author":"Carim Soliman","twitter_card":"summary_large_image","twitter_creator":"@zeitonline","twitter_site":"@zeitonline","twitter_misc":{"Geschrieben von":"Carim Soliman","Gesch\u00e4tzte Lesezeit":"1\u00a0Minute"},"schema":{"@context":"https:\/\/schema.org","@graph":[{"@type":"WebPage","@id":"https:\/\/blog.zeit.de\/teilchen\/2015\/07\/17\/farben-sehen-farbenblinde-achromatopsie\/","url":"https:\/\/blog.zeit.de\/teilchen\/2015\/07\/17\/farben-sehen-farbenblinde-achromatopsie\/","name":"Alle Farben des Regenbogen","isPartOf":{"@id":"https:\/\/blog.zeit.de\/teilchen\/#website"},"datePublished":"2015-07-17T07:35:15+00:00","dateModified":"2015-07-17T07:31:19+00:00","author":{"@id":"https:\/\/blog.zeit.de\/teilchen\/#\/schema\/person\/1b29fdf43f8ed1922626fad081532fea"},"description":"Mit Farben lassen sich gro\u00dfartig Emotionen kommunizieren. Nur nicht von jedem. 2009 lebten in Deutschland 3000 Farbenblinde.","breadcrumb":{"@id":"https:\/\/blog.zeit.de\/teilchen\/2015\/07\/17\/farben-sehen-farbenblinde-achromatopsie\/#breadcrumb"},"inLanguage":"de","potentialAction":[{"@type":"ReadAction","target":["https:\/\/blog.zeit.de\/teilchen\/2015\/07\/17\/farben-sehen-farbenblinde-achromatopsie\/"]}]},{"@type":"BreadcrumbList","@id":"https:\/\/blog.zeit.de\/teilchen\/2015\/07\/17\/farben-sehen-farbenblinde-achromatopsie\/#breadcrumb","itemListElement":[{"@type":"ListItem","position":1,"name":"Startseite","item":"https:\/\/blog.zeit.de\/teilchen\/"},{"@type":"ListItem","position":2,"name":"Die Welt ist ein Regenbogen"}]},{"@type":"WebSite","@id":"https:\/\/blog.zeit.de\/teilchen\/#website","url":"https:\/\/blog.zeit.de\/teilchen\/","name":"Teilchen","description":"Im Netz verstecken sich kleine Sch\u00e4tze - ZEIT ONLINE findet sie.","potentialAction":[{"@type":"SearchAction","target":{"@type":"EntryPoint","urlTemplate":"https:\/\/blog.zeit.de\/teilchen\/?s={search_term_string}"},"query-input":"required name=search_term_string"}],"inLanguage":"de"},{"@type":"Person","@id":"https:\/\/blog.zeit.de\/teilchen\/#\/schema\/person\/1b29fdf43f8ed1922626fad081532fea","name":"Carim Soliman","image":{"@type":"ImageObject","inLanguage":"de","@id":"https:\/\/blog.zeit.de\/teilchen\/#\/schema\/person\/image\/","url":"https:\/\/secure.gravatar.com\/avatar\/928a491c6dc6ad6a6b7c6e9c5a3c52f6c2b64a769ba414071d0504ad0a1c306e?s=96&d=mm&r=g","contentUrl":"https:\/\/secure.gravatar.com\/avatar\/928a491c6dc6ad6a6b7c6e9c5a3c52f6c2b64a769ba414071d0504ad0a1c306e?s=96&d=mm&r=g","caption":"Carim Soliman"},"description":"ist Autor bei ZEIT ONLINE.","url":"https:\/\/blog.zeit.de\/teilchen\/author\/csoliman\/"}]}},"jetpack_featured_media_url":"https:\/\/blog.zeit.de\/teilchen\/files\/2015\/07\/teilchen-colors.png","jetpack_sharing_enabled":true,"_links":{"self":[{"href":"https:\/\/blog.zeit.de\/teilchen\/wp-json\/wp\/v2\/posts\/5806","targetHints":{"allow":["GET"]}}],"collection":[{"href":"https:\/\/blog.zeit.de\/teilchen\/wp-json\/wp\/v2\/posts"}],"about":[{"href":"https:\/\/blog.zeit.de\/teilchen\/wp-json\/wp\/v2\/types\/post"}],"author":[{"embeddable":true,"href":"https:\/\/blog.zeit.de\/teilchen\/wp-json\/wp\/v2\/users\/558"}],"replies":[{"embeddable":true,"href":"https:\/\/blog.zeit.de\/teilchen\/wp-json\/wp\/v2\/comments?post=5806"}],"version-history":[{"count":7,"href":"https:\/\/blog.zeit.de\/teilchen\/wp-json\/wp\/v2\/posts\/5806\/revisions"}],"predecessor-version":[{"id":5885,"href":"https:\/\/blog.zeit.de\/teilchen\/wp-json\/wp\/v2\/posts\/5806\/revisions\/5885"}],"wp:featuredmedia":[{"embeddable":true,"href":"https:\/\/blog.zeit.de\/teilchen\/wp-json\/wp\/v2\/media\/5808"}],"wp:attachment":[{"href":"https:\/\/blog.zeit.de\/teilchen\/wp-json\/wp\/v2\/media?parent=5806"}],"wp:term":[{"taxonomy":"category","embeddable":true,"href":"https:\/\/blog.zeit.de\/teilchen\/wp-json\/wp\/v2\/categories?post=5806"},{"taxonomy":"post_tag","embeddable":true,"href":"https:\/\/blog.zeit.de\/teilchen\/wp-json\/wp\/v2\/tags?post=5806"}],"curies":[{"name":"wp","href":"https:\/\/api.w.org\/{rel}","templated":true}]}}