{"id":6121,"date":"2015-07-14T12:28:35","date_gmt":"2015-07-14T10:28:35","guid":{"rendered":"http:\/\/blog.zeit.de\/teilchen\/?p=6121"},"modified":"2015-07-14T12:52:13","modified_gmt":"2015-07-14T10:52:13","slug":"drohnen-fotografie-vogelperspektive","status":"publish","type":"post","link":"https:\/\/blog.zeit.de\/teilchen\/2015\/07\/14\/drohnen-fotografie-vogelperspektive\/","title":{"rendered":"Mit den Augen einer Drohne"},"content":{"rendered":"<p class=\"wp-caption-text\"><img loading=\"lazy\" decoding=\"async\" class=\"alignnone wp-image-6123 size-full\" src=\"https:\/\/blog.zeit.de\/teilchen\/files\/2015\/07\/preview1.jpg\" alt=\"Durch die Augen der Drohnen\" width=\"500\" height=\"281\" \/><br \/>\nMaring\u00e1-Kathedrale, Brasilien <em>\u00a9 Ricardo Matiello\/dronestagram (<a href=\"http:\/\/www.dronestagr.am\/contest\/\" target=\"_blank\">http:\/\/www.dronestagr.am\/contest\/<\/a>) <\/em><\/p>\n<p>Wie war das eigentlich, als es Google, Facebook oder Amazon noch nicht gab? Eine \u00e4hnliche Bedeutung wie die Technologiekonzerne f\u00fcr das Internet d\u00fcrften inzwischen Drohnen f\u00fcr die Digitalfotografie haben. Weil der Mensch nicht all zu hoch springen und sich nicht zu weit aus einem Hubschrauber lehnen kann, liefern kamerabest\u00fcckte Drohnen inzwischen die pr\u00e4chtigsten Motive aus der Vogelperspektive. Eindeutige Beweise liefert dieser <a href=\"http:\/\/www.dronestagr.am\/contest\/\" target=\"_blank\">von der Fotoplattform <em>Dronestagram<\/em> und der Zeitschrift <em>National Geographic<\/em> veranstaltete Fotowettbewerb<\/a>.<!--more--><\/p>\n<p>Den ersten Platz in der Kategorie &#8222;Orte&#8220; belegte <a href=\"http:\/\/www.dronestagr.am\/catedral-basilica-menor-nossa-senhora-da-gloria\/\" target=\"_blank\">Ricardo Matiello mit der nebel-umwaberten Spitze der Maring\u00e1-Kathedrale<\/a> seines brasilianischen Heimatortes. Auf dem ersten Platz in der Kategorie &#8222;Natur&#8220; landete die Luftaufnahme von zwei <a href=\"http:\/\/www.dronestagr.am\/french-polynesia-4\/\" target=\"_blank\">Menschen, die vor der s\u00fcdpazifischen Insel Moorea mit Haien schnorcheln<\/a>.<\/p>\n<p>Menschen, die sich f\u00fcr Kathedralen und Schnorchler interessieren, interessieren sich auch f\u00fcr bunte Tulpen und den Mont-Saint-Michel. Wetten?<\/p>\n<p><em>Weitere <a href=\"https:\/\/blog.zeit.de\/teilchen\/\" target=\"_blank\">Teilchen finden Sie hier<\/a> \u2013 darunter auch:\u00a0<a href=\"https:\/\/blog.zeit.de\/teilchen\/2015\/05\/13\/drohnen-die-auf-geisterstaedte-starren\/\" target=\"_blank\">Bilder von Drohnen, die auf Geisterst\u00e4dte starren<\/a> und <a href=\"https:\/\/blog.zeit.de\/teilchen\/2015\/07\/01\/drohnen-fliegen-rennsport-neuseeland\/\" target=\"_blank\">Renndrohnen<\/a>.<br \/>\n<\/em><\/p>\n","protected":false},"excerpt":{"rendered":"<p>Maring\u00e1-Kathedrale, Brasilien \u00a9 Ricardo Matiello\/dronestagram (http:\/\/www.dronestagr.am\/contest\/) Wie war das eigentlich, als es Google, Facebook oder Amazon noch nicht gab? Eine \u00e4hnliche Bedeutung wie die [\u2026]<\/p>\n","protected":false},"author":528,"featured_media":0,"comment_status":"open","ping_status":"closed","sticky":false,"template":"","format":"standard","meta":{"_jetpack_memberships_contains_paid_content":false,"footnotes":""},"categories":[14172],"tags":[],"class_list":["post-6121","post","type-post","status-publish","format-standard","hentry","category-bilder"],"yoast_head":"<!-- This site is optimized with the Yoast SEO plugin v21.0 - https:\/\/yoast.com\/wordpress\/plugins\/seo\/ -->\n<title>Durch die Augen der Drohnen<\/title>\n<meta name=\"description\" content=\"Wer tr\u00e4umt nicht vom Fliegen? Drohnen machen Fotos aus der Welt der Vogelperspektive \u2013 mit pr\u00e4chtigem Ergebnis.\" \/>\n<meta name=\"robots\" content=\"index, follow, max-snippet:-1, max-image-preview:large, max-video-preview:-1\" \/>\n<link rel=\"canonical\" href=\"https:\/\/blog.zeit.de\/teilchen\/2015\/07\/14\/drohnen-fotografie-vogelperspektive\/\" \/>\n<meta property=\"og:locale\" content=\"de_DE\" \/>\n<meta property=\"og:type\" content=\"article\" \/>\n<meta property=\"og:title\" content=\"Durch die Augen der Drohnen\" \/>\n<meta property=\"og:description\" content=\"Wer tr\u00e4umt nicht vom Fliegen? Drohnen machen Fotos aus der Welt der Vogelperspektive \u2013 mit pr\u00e4chtigem Ergebnis.\" \/>\n<meta property=\"og:url\" content=\"https:\/\/blog.zeit.de\/teilchen\/2015\/07\/14\/drohnen-fotografie-vogelperspektive\/\" \/>\n<meta property=\"og:site_name\" content=\"Teilchen\" \/>\n<meta property=\"article:published_time\" content=\"2015-07-14T10:28:35+00:00\" \/>\n<meta property=\"article:modified_time\" content=\"2015-07-14T10:52:13+00:00\" \/>\n<meta property=\"og:image\" content=\"https:\/\/blog.zeit.de\/teilchen\/files\/2015\/07\/preview1.jpg\" \/>\n<meta name=\"author\" content=\"Bj\u00f6rn Maatz\" \/>\n<meta name=\"twitter:card\" content=\"summary_large_image\" \/>\n<meta name=\"twitter:creator\" content=\"@BjoernMaatz\" \/>\n<meta name=\"twitter:site\" content=\"@zeitonline\" \/>\n<meta name=\"twitter:label1\" content=\"Geschrieben von\" \/>\n\t<meta name=\"twitter:data1\" content=\"Bj\u00f6rn Maatz\" \/>\n\t<meta name=\"twitter:label2\" content=\"Gesch\u00e4tzte Lesezeit\" \/>\n\t<meta name=\"twitter:data2\" content=\"1\u00a0Minute\" \/>\n<script type=\"application\/ld+json\" class=\"yoast-schema-graph\">{\"@context\":\"https:\/\/schema.org\",\"@graph\":[{\"@type\":\"WebPage\",\"@id\":\"https:\/\/blog.zeit.de\/teilchen\/2015\/07\/14\/drohnen-fotografie-vogelperspektive\/\",\"url\":\"https:\/\/blog.zeit.de\/teilchen\/2015\/07\/14\/drohnen-fotografie-vogelperspektive\/\",\"name\":\"Durch die Augen der Drohnen\",\"isPartOf\":{\"@id\":\"https:\/\/blog.zeit.de\/teilchen\/#website\"},\"datePublished\":\"2015-07-14T10:28:35+00:00\",\"dateModified\":\"2015-07-14T10:52:13+00:00\",\"author\":{\"@id\":\"https:\/\/blog.zeit.de\/teilchen\/#\/schema\/person\/20ae47479c9c6443ed61f03c9eac892f\"},\"description\":\"Wer tr\u00e4umt nicht vom Fliegen? Drohnen machen Fotos aus der Welt der Vogelperspektive \u2013 mit pr\u00e4chtigem Ergebnis.\",\"breadcrumb\":{\"@id\":\"https:\/\/blog.zeit.de\/teilchen\/2015\/07\/14\/drohnen-fotografie-vogelperspektive\/#breadcrumb\"},\"inLanguage\":\"de\",\"potentialAction\":[{\"@type\":\"ReadAction\",\"target\":[\"https:\/\/blog.zeit.de\/teilchen\/2015\/07\/14\/drohnen-fotografie-vogelperspektive\/\"]}]},{\"@type\":\"BreadcrumbList\",\"@id\":\"https:\/\/blog.zeit.de\/teilchen\/2015\/07\/14\/drohnen-fotografie-vogelperspektive\/#breadcrumb\",\"itemListElement\":[{\"@type\":\"ListItem\",\"position\":1,\"name\":\"Startseite\",\"item\":\"https:\/\/blog.zeit.de\/teilchen\/\"},{\"@type\":\"ListItem\",\"position\":2,\"name\":\"Mit den Augen einer Drohne\"}]},{\"@type\":\"WebSite\",\"@id\":\"https:\/\/blog.zeit.de\/teilchen\/#website\",\"url\":\"https:\/\/blog.zeit.de\/teilchen\/\",\"name\":\"Teilchen\",\"description\":\"Im Netz verstecken sich kleine Sch\u00e4tze - ZEIT ONLINE findet sie.\",\"potentialAction\":[{\"@type\":\"SearchAction\",\"target\":{\"@type\":\"EntryPoint\",\"urlTemplate\":\"https:\/\/blog.zeit.de\/teilchen\/?s={search_term_string}\"},\"query-input\":\"required name=search_term_string\"}],\"inLanguage\":\"de\"},{\"@type\":\"Person\",\"@id\":\"https:\/\/blog.zeit.de\/teilchen\/#\/schema\/person\/20ae47479c9c6443ed61f03c9eac892f\",\"name\":\"Bj\u00f6rn Maatz\",\"image\":{\"@type\":\"ImageObject\",\"inLanguage\":\"de\",\"@id\":\"https:\/\/blog.zeit.de\/teilchen\/#\/schema\/person\/image\/\",\"url\":\"https:\/\/secure.gravatar.com\/avatar\/4ed13ddffa21af7dcec9d6d36d2b36f05bfc49e1676e43abd84a80376d644278?s=96&d=mm&r=g\",\"contentUrl\":\"https:\/\/secure.gravatar.com\/avatar\/4ed13ddffa21af7dcec9d6d36d2b36f05bfc49e1676e43abd84a80376d644278?s=96&d=mm&r=g\",\"caption\":\"Bj\u00f6rn Maatz\"},\"description\":\"Leitet die Online-Redaktion der Kreativagentur Philipp und Keuntje. Zuvor Engagement-Redakteur bei ZEIT ONLINE und bei FINANCIAL TIMES DEUTSCHLAND, u.a. als Print-Redakteur im Unternehmensressort sowie als erster und letzter Social-Media-Redakteur. Studium der Wirtschaftsjournalistik in Bremen und Melbourne mit Hospitanzen beim NDR, der dpa und dem Hamburger Abendblatt.\",\"sameAs\":[\"https:\/\/twitter.com\/BjoernMaatz\"],\"url\":\"https:\/\/blog.zeit.de\/teilchen\/author\/bjoernmaatz\/\"}]}<\/script>\n<!-- \/ Yoast SEO plugin. -->","yoast_head_json":{"title":"Durch die Augen der Drohnen","description":"Wer tr\u00e4umt nicht vom Fliegen? Drohnen machen Fotos aus der Welt der Vogelperspektive \u2013 mit pr\u00e4chtigem Ergebnis.","robots":{"index":"index","follow":"follow","max-snippet":"max-snippet:-1","max-image-preview":"max-image-preview:large","max-video-preview":"max-video-preview:-1"},"canonical":"https:\/\/blog.zeit.de\/teilchen\/2015\/07\/14\/drohnen-fotografie-vogelperspektive\/","og_locale":"de_DE","og_type":"article","og_title":"Durch die Augen der Drohnen","og_description":"Wer tr\u00e4umt nicht vom Fliegen? Drohnen machen Fotos aus der Welt der Vogelperspektive \u2013 mit pr\u00e4chtigem Ergebnis.","og_url":"https:\/\/blog.zeit.de\/teilchen\/2015\/07\/14\/drohnen-fotografie-vogelperspektive\/","og_site_name":"Teilchen","article_published_time":"2015-07-14T10:28:35+00:00","article_modified_time":"2015-07-14T10:52:13+00:00","og_image":[{"url":"https:\/\/blog.zeit.de\/teilchen\/files\/2015\/07\/preview1.jpg"}],"author":"Bj\u00f6rn Maatz","twitter_card":"summary_large_image","twitter_creator":"@BjoernMaatz","twitter_site":"@zeitonline","twitter_misc":{"Geschrieben von":"Bj\u00f6rn Maatz","Gesch\u00e4tzte Lesezeit":"1\u00a0Minute"},"schema":{"@context":"https:\/\/schema.org","@graph":[{"@type":"WebPage","@id":"https:\/\/blog.zeit.de\/teilchen\/2015\/07\/14\/drohnen-fotografie-vogelperspektive\/","url":"https:\/\/blog.zeit.de\/teilchen\/2015\/07\/14\/drohnen-fotografie-vogelperspektive\/","name":"Durch die Augen der Drohnen","isPartOf":{"@id":"https:\/\/blog.zeit.de\/teilchen\/#website"},"datePublished":"2015-07-14T10:28:35+00:00","dateModified":"2015-07-14T10:52:13+00:00","author":{"@id":"https:\/\/blog.zeit.de\/teilchen\/#\/schema\/person\/20ae47479c9c6443ed61f03c9eac892f"},"description":"Wer tr\u00e4umt nicht vom Fliegen? Drohnen machen Fotos aus der Welt der Vogelperspektive \u2013 mit pr\u00e4chtigem Ergebnis.","breadcrumb":{"@id":"https:\/\/blog.zeit.de\/teilchen\/2015\/07\/14\/drohnen-fotografie-vogelperspektive\/#breadcrumb"},"inLanguage":"de","potentialAction":[{"@type":"ReadAction","target":["https:\/\/blog.zeit.de\/teilchen\/2015\/07\/14\/drohnen-fotografie-vogelperspektive\/"]}]},{"@type":"BreadcrumbList","@id":"https:\/\/blog.zeit.de\/teilchen\/2015\/07\/14\/drohnen-fotografie-vogelperspektive\/#breadcrumb","itemListElement":[{"@type":"ListItem","position":1,"name":"Startseite","item":"https:\/\/blog.zeit.de\/teilchen\/"},{"@type":"ListItem","position":2,"name":"Mit den Augen einer Drohne"}]},{"@type":"WebSite","@id":"https:\/\/blog.zeit.de\/teilchen\/#website","url":"https:\/\/blog.zeit.de\/teilchen\/","name":"Teilchen","description":"Im Netz verstecken sich kleine Sch\u00e4tze - ZEIT ONLINE findet sie.","potentialAction":[{"@type":"SearchAction","target":{"@type":"EntryPoint","urlTemplate":"https:\/\/blog.zeit.de\/teilchen\/?s={search_term_string}"},"query-input":"required name=search_term_string"}],"inLanguage":"de"},{"@type":"Person","@id":"https:\/\/blog.zeit.de\/teilchen\/#\/schema\/person\/20ae47479c9c6443ed61f03c9eac892f","name":"Bj\u00f6rn Maatz","image":{"@type":"ImageObject","inLanguage":"de","@id":"https:\/\/blog.zeit.de\/teilchen\/#\/schema\/person\/image\/","url":"https:\/\/secure.gravatar.com\/avatar\/4ed13ddffa21af7dcec9d6d36d2b36f05bfc49e1676e43abd84a80376d644278?s=96&d=mm&r=g","contentUrl":"https:\/\/secure.gravatar.com\/avatar\/4ed13ddffa21af7dcec9d6d36d2b36f05bfc49e1676e43abd84a80376d644278?s=96&d=mm&r=g","caption":"Bj\u00f6rn Maatz"},"description":"Leitet die Online-Redaktion der Kreativagentur Philipp und Keuntje. Zuvor Engagement-Redakteur bei ZEIT ONLINE und bei FINANCIAL TIMES DEUTSCHLAND, u.a. als Print-Redakteur im Unternehmensressort sowie als erster und letzter Social-Media-Redakteur. Studium der Wirtschaftsjournalistik in Bremen und Melbourne mit Hospitanzen beim NDR, der dpa und dem Hamburger Abendblatt.","sameAs":["https:\/\/twitter.com\/BjoernMaatz"],"url":"https:\/\/blog.zeit.de\/teilchen\/author\/bjoernmaatz\/"}]}},"jetpack_featured_media_url":"","jetpack_sharing_enabled":true,"_links":{"self":[{"href":"https:\/\/blog.zeit.de\/teilchen\/wp-json\/wp\/v2\/posts\/6121","targetHints":{"allow":["GET"]}}],"collection":[{"href":"https:\/\/blog.zeit.de\/teilchen\/wp-json\/wp\/v2\/posts"}],"about":[{"href":"https:\/\/blog.zeit.de\/teilchen\/wp-json\/wp\/v2\/types\/post"}],"author":[{"embeddable":true,"href":"https:\/\/blog.zeit.de\/teilchen\/wp-json\/wp\/v2\/users\/528"}],"replies":[{"embeddable":true,"href":"https:\/\/blog.zeit.de\/teilchen\/wp-json\/wp\/v2\/comments?post=6121"}],"version-history":[{"count":13,"href":"https:\/\/blog.zeit.de\/teilchen\/wp-json\/wp\/v2\/posts\/6121\/revisions"}],"predecessor-version":[{"id":6144,"href":"https:\/\/blog.zeit.de\/teilchen\/wp-json\/wp\/v2\/posts\/6121\/revisions\/6144"}],"wp:attachment":[{"href":"https:\/\/blog.zeit.de\/teilchen\/wp-json\/wp\/v2\/media?parent=6121"}],"wp:term":[{"taxonomy":"category","embeddable":true,"href":"https:\/\/blog.zeit.de\/teilchen\/wp-json\/wp\/v2\/categories?post=6121"},{"taxonomy":"post_tag","embeddable":true,"href":"https:\/\/blog.zeit.de\/teilchen\/wp-json\/wp\/v2\/tags?post=6121"}],"curies":[{"name":"wp","href":"https:\/\/api.w.org\/{rel}","templated":true}]}}