{"id":6271,"date":"2015-07-21T10:25:30","date_gmt":"2015-07-21T08:25:30","guid":{"rendered":"http:\/\/blog.zeit.de\/teilchen\/?p=6271"},"modified":"2015-07-21T11:29:46","modified_gmt":"2015-07-21T09:29:46","slug":"wie-religionen-die-welt-eroberten","status":"publish","type":"post","link":"https:\/\/blog.zeit.de\/teilchen\/2015\/07\/21\/wie-religionen-die-welt-eroberten\/","title":{"rendered":"Wie Religionen die Welt eroberten"},"content":{"rendered":"<p>[youtube http:\/\/www.youtube.com\/watch?v=AvFl6UBZLv4&amp;w=580&amp;h=326]<\/p>\n<p>&nbsp;<\/p>\n<p>Auch Weltreligionen haben einmal klein angefangen. Die erste schon 3.000 vor, die letzte erst 620 nach Christus.<!--more--><\/p>\n<p>Wobei Jahreszahlen nat\u00fcrlich auch eine Frage der Religion sind, wie die 3-D-Animation des <em>Business Insider<\/em> zeigt. Man k\u00f6nnte genauso gut sagen, dass der Hinduismus 3.600 Jahre vor Auswanderung des Propheten Mohammed nach Medina entstand, dem Beginn der islamischen Zeitrechnung.\u00a0Das Video gibt auch Aufschluss \u00fcber\u00a0die territoriale Verbreitung der f\u00fcnf weltweit gr\u00f6\u00dften Religionen Islam, Christentum, Judentum, Buddhismus und Hinduismus.<\/p>\n<p>In Zeiten von\u00a0Globalisierung und weit verbreitetem S\u00e4kularismus ist es selbstverst\u00e4ndlich, dass sich in fast allen Winkeln der Erde gleichberechtigte Gemeinden unterschiedlicher\u00a0Glaubensrichtungen finden. Noch vor wenigen Hundert Jahren war religi\u00f6se Toleranz oder gar Pluralismus die Ausnahme, vor allem in Europa. Vor Aufkommen der Nationalstaaten\u00a0waren\u00a0es Religionsgemeinden, denen sich Menschen zugeh\u00f6rig f\u00fchlten. Der\u00a0Feudalismus galt w\u00e4hrend des Mittelalters als gottgegebenes Herrschaftssystem.\u00a0<a href=\"http:\/\/www.zeit.de\/zeit-geschichte\/2014\/03\/religion-ketzerei-mittelalter\">Bis heute sind\u00a0in Europa die Nachwirkungen vergangener Religionskonflikte sp\u00fcrbar<\/a>.<\/p>\n<p><em>Weitere <a href=\"https:\/\/blog.zeit.de\/teilchen\">Teilchen finden Sie hier<\/a><\/em>.<\/p>\n","protected":false},"excerpt":{"rendered":"<p>[youtube http:\/\/www.youtube.com\/watch?v=AvFl6UBZLv4&amp;w=580&amp;h=326] &nbsp; Auch Weltreligionen haben einmal klein angefangen. Die erste schon 3.000 vor, die letzte erst 620 nach Christus.<\/p>\n","protected":false},"author":558,"featured_media":6274,"comment_status":"open","ping_status":"closed","sticky":false,"template":"","format":"standard","meta":{"_jetpack_memberships_contains_paid_content":false,"footnotes":""},"categories":[28],"tags":[],"class_list":["post-6271","post","type-post","status-publish","format-standard","has-post-thumbnail","hentry","category-video"],"yoast_head":"<!-- This site is optimized with the Yoast SEO plugin v21.0 - https:\/\/yoast.com\/wordpress\/plugins\/seo\/ -->\n<title>Wie Religionen die Welt eroberten &#8902; Teilchen<\/title>\n<meta name=\"description\" content=\"Wie sehr sp\u00fcrt man im s\u00e4kularisierten Europa noch die jahrhundertealten Konflikte gro\u00dfer Religionen?\" \/>\n<meta name=\"robots\" content=\"index, follow, max-snippet:-1, max-image-preview:large, max-video-preview:-1\" \/>\n<link rel=\"canonical\" href=\"https:\/\/blog.zeit.de\/teilchen\/2015\/07\/21\/wie-religionen-die-welt-eroberten\/\" \/>\n<meta property=\"og:locale\" content=\"de_DE\" \/>\n<meta property=\"og:type\" content=\"article\" \/>\n<meta property=\"og:title\" content=\"Wie Religionen die Welt eroberten &#8902; Teilchen\" \/>\n<meta property=\"og:description\" content=\"Wie sehr sp\u00fcrt man im s\u00e4kularisierten Europa noch die jahrhundertealten Konflikte gro\u00dfer Religionen?\" \/>\n<meta property=\"og:url\" content=\"https:\/\/blog.zeit.de\/teilchen\/2015\/07\/21\/wie-religionen-die-welt-eroberten\/\" \/>\n<meta property=\"og:site_name\" content=\"Teilchen\" \/>\n<meta property=\"article:published_time\" content=\"2015-07-21T08:25:30+00:00\" \/>\n<meta property=\"article:modified_time\" content=\"2015-07-21T09:29:46+00:00\" \/>\n<meta property=\"og:image\" content=\"https:\/\/blog.zeit.de\/teilchen\/files\/2015\/07\/teilchen_religionsverbreitung.png\" \/>\n\t<meta property=\"og:image:width\" content=\"640\" \/>\n\t<meta property=\"og:image:height\" content=\"360\" \/>\n\t<meta property=\"og:image:type\" content=\"image\/png\" \/>\n<meta name=\"author\" content=\"Carim Soliman\" \/>\n<meta name=\"twitter:card\" content=\"summary_large_image\" \/>\n<meta name=\"twitter:creator\" content=\"@zeitonline\" \/>\n<meta name=\"twitter:site\" content=\"@zeitonline\" \/>\n<meta name=\"twitter:label1\" content=\"Geschrieben von\" \/>\n\t<meta name=\"twitter:data1\" content=\"Carim Soliman\" \/>\n\t<meta name=\"twitter:label2\" content=\"Gesch\u00e4tzte Lesezeit\" \/>\n\t<meta name=\"twitter:data2\" content=\"1\u00a0Minute\" \/>\n<script type=\"application\/ld+json\" class=\"yoast-schema-graph\">{\"@context\":\"https:\/\/schema.org\",\"@graph\":[{\"@type\":\"WebPage\",\"@id\":\"https:\/\/blog.zeit.de\/teilchen\/2015\/07\/21\/wie-religionen-die-welt-eroberten\/\",\"url\":\"https:\/\/blog.zeit.de\/teilchen\/2015\/07\/21\/wie-religionen-die-welt-eroberten\/\",\"name\":\"Wie Religionen die Welt eroberten &#8902; Teilchen\",\"isPartOf\":{\"@id\":\"https:\/\/blog.zeit.de\/teilchen\/#website\"},\"datePublished\":\"2015-07-21T08:25:30+00:00\",\"dateModified\":\"2015-07-21T09:29:46+00:00\",\"author\":{\"@id\":\"https:\/\/blog.zeit.de\/teilchen\/#\/schema\/person\/1b29fdf43f8ed1922626fad081532fea\"},\"description\":\"Wie sehr sp\u00fcrt man im s\u00e4kularisierten Europa noch die jahrhundertealten Konflikte gro\u00dfer Religionen?\",\"breadcrumb\":{\"@id\":\"https:\/\/blog.zeit.de\/teilchen\/2015\/07\/21\/wie-religionen-die-welt-eroberten\/#breadcrumb\"},\"inLanguage\":\"de\",\"potentialAction\":[{\"@type\":\"ReadAction\",\"target\":[\"https:\/\/blog.zeit.de\/teilchen\/2015\/07\/21\/wie-religionen-die-welt-eroberten\/\"]}]},{\"@type\":\"BreadcrumbList\",\"@id\":\"https:\/\/blog.zeit.de\/teilchen\/2015\/07\/21\/wie-religionen-die-welt-eroberten\/#breadcrumb\",\"itemListElement\":[{\"@type\":\"ListItem\",\"position\":1,\"name\":\"Startseite\",\"item\":\"https:\/\/blog.zeit.de\/teilchen\/\"},{\"@type\":\"ListItem\",\"position\":2,\"name\":\"Wie Religionen die Welt eroberten\"}]},{\"@type\":\"WebSite\",\"@id\":\"https:\/\/blog.zeit.de\/teilchen\/#website\",\"url\":\"https:\/\/blog.zeit.de\/teilchen\/\",\"name\":\"Teilchen\",\"description\":\"Im Netz verstecken sich kleine Sch\u00e4tze - ZEIT ONLINE findet sie.\",\"potentialAction\":[{\"@type\":\"SearchAction\",\"target\":{\"@type\":\"EntryPoint\",\"urlTemplate\":\"https:\/\/blog.zeit.de\/teilchen\/?s={search_term_string}\"},\"query-input\":\"required name=search_term_string\"}],\"inLanguage\":\"de\"},{\"@type\":\"Person\",\"@id\":\"https:\/\/blog.zeit.de\/teilchen\/#\/schema\/person\/1b29fdf43f8ed1922626fad081532fea\",\"name\":\"Carim Soliman\",\"image\":{\"@type\":\"ImageObject\",\"inLanguage\":\"de\",\"@id\":\"https:\/\/blog.zeit.de\/teilchen\/#\/schema\/person\/image\/\",\"url\":\"https:\/\/secure.gravatar.com\/avatar\/928a491c6dc6ad6a6b7c6e9c5a3c52f6c2b64a769ba414071d0504ad0a1c306e?s=96&d=mm&r=g\",\"contentUrl\":\"https:\/\/secure.gravatar.com\/avatar\/928a491c6dc6ad6a6b7c6e9c5a3c52f6c2b64a769ba414071d0504ad0a1c306e?s=96&d=mm&r=g\",\"caption\":\"Carim Soliman\"},\"description\":\"ist Autor bei ZEIT ONLINE.\",\"url\":\"https:\/\/blog.zeit.de\/teilchen\/author\/csoliman\/\"}]}<\/script>\n<!-- \/ Yoast SEO plugin. -->","yoast_head_json":{"title":"Wie Religionen die Welt eroberten &#8902; Teilchen","description":"Wie sehr sp\u00fcrt man im s\u00e4kularisierten Europa noch die jahrhundertealten Konflikte gro\u00dfer Religionen?","robots":{"index":"index","follow":"follow","max-snippet":"max-snippet:-1","max-image-preview":"max-image-preview:large","max-video-preview":"max-video-preview:-1"},"canonical":"https:\/\/blog.zeit.de\/teilchen\/2015\/07\/21\/wie-religionen-die-welt-eroberten\/","og_locale":"de_DE","og_type":"article","og_title":"Wie Religionen die Welt eroberten &#8902; Teilchen","og_description":"Wie sehr sp\u00fcrt man im s\u00e4kularisierten Europa noch die jahrhundertealten Konflikte gro\u00dfer Religionen?","og_url":"https:\/\/blog.zeit.de\/teilchen\/2015\/07\/21\/wie-religionen-die-welt-eroberten\/","og_site_name":"Teilchen","article_published_time":"2015-07-21T08:25:30+00:00","article_modified_time":"2015-07-21T09:29:46+00:00","og_image":[{"width":640,"height":360,"url":"https:\/\/blog.zeit.de\/teilchen\/files\/2015\/07\/teilchen_religionsverbreitung.png","type":"image\/png"}],"author":"Carim Soliman","twitter_card":"summary_large_image","twitter_creator":"@zeitonline","twitter_site":"@zeitonline","twitter_misc":{"Geschrieben von":"Carim Soliman","Gesch\u00e4tzte Lesezeit":"1\u00a0Minute"},"schema":{"@context":"https:\/\/schema.org","@graph":[{"@type":"WebPage","@id":"https:\/\/blog.zeit.de\/teilchen\/2015\/07\/21\/wie-religionen-die-welt-eroberten\/","url":"https:\/\/blog.zeit.de\/teilchen\/2015\/07\/21\/wie-religionen-die-welt-eroberten\/","name":"Wie Religionen die Welt eroberten &#8902; Teilchen","isPartOf":{"@id":"https:\/\/blog.zeit.de\/teilchen\/#website"},"datePublished":"2015-07-21T08:25:30+00:00","dateModified":"2015-07-21T09:29:46+00:00","author":{"@id":"https:\/\/blog.zeit.de\/teilchen\/#\/schema\/person\/1b29fdf43f8ed1922626fad081532fea"},"description":"Wie sehr sp\u00fcrt man im s\u00e4kularisierten Europa noch die jahrhundertealten Konflikte gro\u00dfer Religionen?","breadcrumb":{"@id":"https:\/\/blog.zeit.de\/teilchen\/2015\/07\/21\/wie-religionen-die-welt-eroberten\/#breadcrumb"},"inLanguage":"de","potentialAction":[{"@type":"ReadAction","target":["https:\/\/blog.zeit.de\/teilchen\/2015\/07\/21\/wie-religionen-die-welt-eroberten\/"]}]},{"@type":"BreadcrumbList","@id":"https:\/\/blog.zeit.de\/teilchen\/2015\/07\/21\/wie-religionen-die-welt-eroberten\/#breadcrumb","itemListElement":[{"@type":"ListItem","position":1,"name":"Startseite","item":"https:\/\/blog.zeit.de\/teilchen\/"},{"@type":"ListItem","position":2,"name":"Wie Religionen die Welt eroberten"}]},{"@type":"WebSite","@id":"https:\/\/blog.zeit.de\/teilchen\/#website","url":"https:\/\/blog.zeit.de\/teilchen\/","name":"Teilchen","description":"Im Netz verstecken sich kleine Sch\u00e4tze - ZEIT ONLINE findet sie.","potentialAction":[{"@type":"SearchAction","target":{"@type":"EntryPoint","urlTemplate":"https:\/\/blog.zeit.de\/teilchen\/?s={search_term_string}"},"query-input":"required name=search_term_string"}],"inLanguage":"de"},{"@type":"Person","@id":"https:\/\/blog.zeit.de\/teilchen\/#\/schema\/person\/1b29fdf43f8ed1922626fad081532fea","name":"Carim Soliman","image":{"@type":"ImageObject","inLanguage":"de","@id":"https:\/\/blog.zeit.de\/teilchen\/#\/schema\/person\/image\/","url":"https:\/\/secure.gravatar.com\/avatar\/928a491c6dc6ad6a6b7c6e9c5a3c52f6c2b64a769ba414071d0504ad0a1c306e?s=96&d=mm&r=g","contentUrl":"https:\/\/secure.gravatar.com\/avatar\/928a491c6dc6ad6a6b7c6e9c5a3c52f6c2b64a769ba414071d0504ad0a1c306e?s=96&d=mm&r=g","caption":"Carim Soliman"},"description":"ist Autor bei ZEIT ONLINE.","url":"https:\/\/blog.zeit.de\/teilchen\/author\/csoliman\/"}]}},"jetpack_featured_media_url":"https:\/\/blog.zeit.de\/teilchen\/files\/2015\/07\/teilchen_religionsverbreitung.png","jetpack_sharing_enabled":true,"_links":{"self":[{"href":"https:\/\/blog.zeit.de\/teilchen\/wp-json\/wp\/v2\/posts\/6271","targetHints":{"allow":["GET"]}}],"collection":[{"href":"https:\/\/blog.zeit.de\/teilchen\/wp-json\/wp\/v2\/posts"}],"about":[{"href":"https:\/\/blog.zeit.de\/teilchen\/wp-json\/wp\/v2\/types\/post"}],"author":[{"embeddable":true,"href":"https:\/\/blog.zeit.de\/teilchen\/wp-json\/wp\/v2\/users\/558"}],"replies":[{"embeddable":true,"href":"https:\/\/blog.zeit.de\/teilchen\/wp-json\/wp\/v2\/comments?post=6271"}],"version-history":[{"count":12,"href":"https:\/\/blog.zeit.de\/teilchen\/wp-json\/wp\/v2\/posts\/6271\/revisions"}],"predecessor-version":[{"id":6318,"href":"https:\/\/blog.zeit.de\/teilchen\/wp-json\/wp\/v2\/posts\/6271\/revisions\/6318"}],"wp:featuredmedia":[{"embeddable":true,"href":"https:\/\/blog.zeit.de\/teilchen\/wp-json\/wp\/v2\/media\/6274"}],"wp:attachment":[{"href":"https:\/\/blog.zeit.de\/teilchen\/wp-json\/wp\/v2\/media?parent=6271"}],"wp:term":[{"taxonomy":"category","embeddable":true,"href":"https:\/\/blog.zeit.de\/teilchen\/wp-json\/wp\/v2\/categories?post=6271"},{"taxonomy":"post_tag","embeddable":true,"href":"https:\/\/blog.zeit.de\/teilchen\/wp-json\/wp\/v2\/tags?post=6271"}],"curies":[{"name":"wp","href":"https:\/\/api.w.org\/{rel}","templated":true}]}}