{"id":6296,"date":"2015-07-23T08:27:34","date_gmt":"2015-07-23T06:27:34","guid":{"rendered":"http:\/\/blog.zeit.de\/teilchen\/?p=6296"},"modified":"2015-07-23T08:27:34","modified_gmt":"2015-07-23T06:27:34","slug":"hundert-jahre-maennermode-in-unter-drei-minuten","status":"publish","type":"post","link":"https:\/\/blog.zeit.de\/teilchen\/2015\/07\/23\/hundert-jahre-maennermode-in-unter-drei-minuten\/","title":{"rendered":"Hundert Jahre M\u00e4nnermode in unter drei Minuten"},"content":{"rendered":"<p>[youtube http:\/\/www.youtube.com\/watch?v=DaSkMWVlFUU&amp;w=580&amp;h=326]<\/p>\n<p>Das Online-Modemagazin <em>GLAM<\/em> feiert die letzten hundert Jahre M\u00e4nnermode. Ein Blick in die Vergangenheit, ganz ohne Risiko.<!--more--><\/p>\n<p>Denn Zeitreisen ist offenbar ungesund. H. G. Wells warnt vor Schiffbruch in der Zukunft, oder besser Zeitmaschinenbruch. Glaubt man Robert Zemeckis, riskiert man bei einer Reise in die Vergangenheit gar die eigene Existenz. \u00dcberzeugend abschreckend, bei aller Liebe zu Schirmm\u00fctzen\u00a0und Galoschen.\u00a0Selbst, wenn man nicht um das eigene Wohlbefinden f\u00fcrchten m\u00fcsste, s\u00e4he es d\u00fcster aus.\u00a0<a href=\"http:\/\/www.zeit.de\/2003\/41\/Zeitreisen\">Echte Physiker zweifeln daran, dass\u00a0Zeitreisen je m\u00f6glich werden<\/a>. Spa\u00dfbremsen, diese Wissenschaftler und ihre Stringtheorie.<\/p>\n<p>Aber wie hei\u00dft es so sch\u00f6n:\u00a0Wenn der Prophet nicht zum Berg kommt, muss der Berg zum Propheten kommen. Und: Kleider machen Leute. Au\u00dferdem: Bilder sagen mehr als tausend Worte. Das war das letzte Sprichwort, Ehrenwort. Man soll schlie\u00dflich aufh\u00f6ren, wenn&#8217;s am sch\u00f6nsten ist.<\/p>\n<p><em>Weitere <a href=\"https:\/\/blog.zeit.de\/teilchen\">Teilchen finden Sie hier<\/a>.<\/em><\/p>\n","protected":false},"excerpt":{"rendered":"<p>[youtube http:\/\/www.youtube.com\/watch?v=DaSkMWVlFUU&amp;w=580&amp;h=326] Das Online-Modemagazin GLAM feiert die letzten hundert Jahre M\u00e4nnermode. Ein Blick in die Vergangenheit, ganz ohne Risiko.<\/p>\n","protected":false},"author":558,"featured_media":6300,"comment_status":"open","ping_status":"closed","sticky":false,"template":"","format":"standard","meta":{"_jetpack_memberships_contains_paid_content":false,"footnotes":""},"categories":[28],"tags":[],"class_list":["post-6296","post","type-post","status-publish","format-standard","has-post-thumbnail","hentry","category-video"],"yoast_head":"<!-- This site is optimized with the Yoast SEO plugin v21.0 - https:\/\/yoast.com\/wordpress\/plugins\/seo\/ -->\n<title>Hundert Jahre M\u00e4nnermode in unter drei Minuten &#8902; Teilchen<\/title>\n<meta name=\"description\" content=\"Die GLAM hat der M\u00e4nnermode einen visuellen Tribut gezollt. Ein Blick lohnt sich.\" \/>\n<meta name=\"robots\" content=\"index, follow, max-snippet:-1, max-image-preview:large, max-video-preview:-1\" \/>\n<link rel=\"canonical\" href=\"https:\/\/blog.zeit.de\/teilchen\/2015\/07\/23\/hundert-jahre-maennermode-in-unter-drei-minuten\/\" \/>\n<meta property=\"og:locale\" content=\"de_DE\" \/>\n<meta property=\"og:type\" content=\"article\" \/>\n<meta property=\"og:title\" content=\"Hundert Jahre M\u00e4nnermode in unter drei Minuten &#8902; Teilchen\" \/>\n<meta property=\"og:description\" content=\"Die GLAM hat der M\u00e4nnermode einen visuellen Tribut gezollt. Ein Blick lohnt sich.\" \/>\n<meta property=\"og:url\" content=\"https:\/\/blog.zeit.de\/teilchen\/2015\/07\/23\/hundert-jahre-maennermode-in-unter-drei-minuten\/\" \/>\n<meta property=\"og:site_name\" content=\"Teilchen\" \/>\n<meta property=\"article:published_time\" content=\"2015-07-23T06:27:34+00:00\" \/>\n<meta property=\"og:image\" content=\"https:\/\/blog.zeit.de\/teilchen\/files\/2015\/07\/teilchen-maennermode100.png\" \/>\n\t<meta property=\"og:image:width\" content=\"640\" \/>\n\t<meta property=\"og:image:height\" content=\"360\" \/>\n\t<meta property=\"og:image:type\" content=\"image\/png\" \/>\n<meta name=\"author\" content=\"Carim Soliman\" \/>\n<meta name=\"twitter:card\" content=\"summary_large_image\" \/>\n<meta name=\"twitter:creator\" content=\"@zeitonline\" \/>\n<meta name=\"twitter:site\" content=\"@zeitonline\" \/>\n<meta name=\"twitter:label1\" content=\"Geschrieben von\" \/>\n\t<meta name=\"twitter:data1\" content=\"Carim Soliman\" \/>\n\t<meta name=\"twitter:label2\" content=\"Gesch\u00e4tzte Lesezeit\" \/>\n\t<meta name=\"twitter:data2\" content=\"1\u00a0Minute\" \/>\n<script type=\"application\/ld+json\" class=\"yoast-schema-graph\">{\"@context\":\"https:\/\/schema.org\",\"@graph\":[{\"@type\":\"WebPage\",\"@id\":\"https:\/\/blog.zeit.de\/teilchen\/2015\/07\/23\/hundert-jahre-maennermode-in-unter-drei-minuten\/\",\"url\":\"https:\/\/blog.zeit.de\/teilchen\/2015\/07\/23\/hundert-jahre-maennermode-in-unter-drei-minuten\/\",\"name\":\"Hundert Jahre M\u00e4nnermode in unter drei Minuten &#8902; Teilchen\",\"isPartOf\":{\"@id\":\"https:\/\/blog.zeit.de\/teilchen\/#website\"},\"datePublished\":\"2015-07-23T06:27:34+00:00\",\"dateModified\":\"2015-07-23T06:27:34+00:00\",\"author\":{\"@id\":\"https:\/\/blog.zeit.de\/teilchen\/#\/schema\/person\/1b29fdf43f8ed1922626fad081532fea\"},\"description\":\"Die GLAM hat der M\u00e4nnermode einen visuellen Tribut gezollt. Ein Blick lohnt sich.\",\"breadcrumb\":{\"@id\":\"https:\/\/blog.zeit.de\/teilchen\/2015\/07\/23\/hundert-jahre-maennermode-in-unter-drei-minuten\/#breadcrumb\"},\"inLanguage\":\"de\",\"potentialAction\":[{\"@type\":\"ReadAction\",\"target\":[\"https:\/\/blog.zeit.de\/teilchen\/2015\/07\/23\/hundert-jahre-maennermode-in-unter-drei-minuten\/\"]}]},{\"@type\":\"BreadcrumbList\",\"@id\":\"https:\/\/blog.zeit.de\/teilchen\/2015\/07\/23\/hundert-jahre-maennermode-in-unter-drei-minuten\/#breadcrumb\",\"itemListElement\":[{\"@type\":\"ListItem\",\"position\":1,\"name\":\"Startseite\",\"item\":\"https:\/\/blog.zeit.de\/teilchen\/\"},{\"@type\":\"ListItem\",\"position\":2,\"name\":\"Hundert Jahre M\u00e4nnermode in unter drei Minuten\"}]},{\"@type\":\"WebSite\",\"@id\":\"https:\/\/blog.zeit.de\/teilchen\/#website\",\"url\":\"https:\/\/blog.zeit.de\/teilchen\/\",\"name\":\"Teilchen\",\"description\":\"Im Netz verstecken sich kleine Sch\u00e4tze - ZEIT ONLINE findet sie.\",\"potentialAction\":[{\"@type\":\"SearchAction\",\"target\":{\"@type\":\"EntryPoint\",\"urlTemplate\":\"https:\/\/blog.zeit.de\/teilchen\/?s={search_term_string}\"},\"query-input\":\"required name=search_term_string\"}],\"inLanguage\":\"de\"},{\"@type\":\"Person\",\"@id\":\"https:\/\/blog.zeit.de\/teilchen\/#\/schema\/person\/1b29fdf43f8ed1922626fad081532fea\",\"name\":\"Carim Soliman\",\"image\":{\"@type\":\"ImageObject\",\"inLanguage\":\"de\",\"@id\":\"https:\/\/blog.zeit.de\/teilchen\/#\/schema\/person\/image\/\",\"url\":\"https:\/\/secure.gravatar.com\/avatar\/928a491c6dc6ad6a6b7c6e9c5a3c52f6c2b64a769ba414071d0504ad0a1c306e?s=96&d=mm&r=g\",\"contentUrl\":\"https:\/\/secure.gravatar.com\/avatar\/928a491c6dc6ad6a6b7c6e9c5a3c52f6c2b64a769ba414071d0504ad0a1c306e?s=96&d=mm&r=g\",\"caption\":\"Carim Soliman\"},\"description\":\"ist Autor bei ZEIT ONLINE.\",\"url\":\"https:\/\/blog.zeit.de\/teilchen\/author\/csoliman\/\"}]}<\/script>\n<!-- \/ Yoast SEO plugin. -->","yoast_head_json":{"title":"Hundert Jahre M\u00e4nnermode in unter drei Minuten &#8902; Teilchen","description":"Die GLAM hat der M\u00e4nnermode einen visuellen Tribut gezollt. Ein Blick lohnt sich.","robots":{"index":"index","follow":"follow","max-snippet":"max-snippet:-1","max-image-preview":"max-image-preview:large","max-video-preview":"max-video-preview:-1"},"canonical":"https:\/\/blog.zeit.de\/teilchen\/2015\/07\/23\/hundert-jahre-maennermode-in-unter-drei-minuten\/","og_locale":"de_DE","og_type":"article","og_title":"Hundert Jahre M\u00e4nnermode in unter drei Minuten &#8902; Teilchen","og_description":"Die GLAM hat der M\u00e4nnermode einen visuellen Tribut gezollt. Ein Blick lohnt sich.","og_url":"https:\/\/blog.zeit.de\/teilchen\/2015\/07\/23\/hundert-jahre-maennermode-in-unter-drei-minuten\/","og_site_name":"Teilchen","article_published_time":"2015-07-23T06:27:34+00:00","og_image":[{"width":640,"height":360,"url":"https:\/\/blog.zeit.de\/teilchen\/files\/2015\/07\/teilchen-maennermode100.png","type":"image\/png"}],"author":"Carim Soliman","twitter_card":"summary_large_image","twitter_creator":"@zeitonline","twitter_site":"@zeitonline","twitter_misc":{"Geschrieben von":"Carim Soliman","Gesch\u00e4tzte Lesezeit":"1\u00a0Minute"},"schema":{"@context":"https:\/\/schema.org","@graph":[{"@type":"WebPage","@id":"https:\/\/blog.zeit.de\/teilchen\/2015\/07\/23\/hundert-jahre-maennermode-in-unter-drei-minuten\/","url":"https:\/\/blog.zeit.de\/teilchen\/2015\/07\/23\/hundert-jahre-maennermode-in-unter-drei-minuten\/","name":"Hundert Jahre M\u00e4nnermode in unter drei Minuten &#8902; Teilchen","isPartOf":{"@id":"https:\/\/blog.zeit.de\/teilchen\/#website"},"datePublished":"2015-07-23T06:27:34+00:00","dateModified":"2015-07-23T06:27:34+00:00","author":{"@id":"https:\/\/blog.zeit.de\/teilchen\/#\/schema\/person\/1b29fdf43f8ed1922626fad081532fea"},"description":"Die GLAM hat der M\u00e4nnermode einen visuellen Tribut gezollt. Ein Blick lohnt sich.","breadcrumb":{"@id":"https:\/\/blog.zeit.de\/teilchen\/2015\/07\/23\/hundert-jahre-maennermode-in-unter-drei-minuten\/#breadcrumb"},"inLanguage":"de","potentialAction":[{"@type":"ReadAction","target":["https:\/\/blog.zeit.de\/teilchen\/2015\/07\/23\/hundert-jahre-maennermode-in-unter-drei-minuten\/"]}]},{"@type":"BreadcrumbList","@id":"https:\/\/blog.zeit.de\/teilchen\/2015\/07\/23\/hundert-jahre-maennermode-in-unter-drei-minuten\/#breadcrumb","itemListElement":[{"@type":"ListItem","position":1,"name":"Startseite","item":"https:\/\/blog.zeit.de\/teilchen\/"},{"@type":"ListItem","position":2,"name":"Hundert Jahre M\u00e4nnermode in unter drei Minuten"}]},{"@type":"WebSite","@id":"https:\/\/blog.zeit.de\/teilchen\/#website","url":"https:\/\/blog.zeit.de\/teilchen\/","name":"Teilchen","description":"Im Netz verstecken sich kleine Sch\u00e4tze - ZEIT ONLINE findet sie.","potentialAction":[{"@type":"SearchAction","target":{"@type":"EntryPoint","urlTemplate":"https:\/\/blog.zeit.de\/teilchen\/?s={search_term_string}"},"query-input":"required name=search_term_string"}],"inLanguage":"de"},{"@type":"Person","@id":"https:\/\/blog.zeit.de\/teilchen\/#\/schema\/person\/1b29fdf43f8ed1922626fad081532fea","name":"Carim Soliman","image":{"@type":"ImageObject","inLanguage":"de","@id":"https:\/\/blog.zeit.de\/teilchen\/#\/schema\/person\/image\/","url":"https:\/\/secure.gravatar.com\/avatar\/928a491c6dc6ad6a6b7c6e9c5a3c52f6c2b64a769ba414071d0504ad0a1c306e?s=96&d=mm&r=g","contentUrl":"https:\/\/secure.gravatar.com\/avatar\/928a491c6dc6ad6a6b7c6e9c5a3c52f6c2b64a769ba414071d0504ad0a1c306e?s=96&d=mm&r=g","caption":"Carim Soliman"},"description":"ist Autor bei ZEIT ONLINE.","url":"https:\/\/blog.zeit.de\/teilchen\/author\/csoliman\/"}]}},"jetpack_featured_media_url":"https:\/\/blog.zeit.de\/teilchen\/files\/2015\/07\/teilchen-maennermode100.png","jetpack_sharing_enabled":true,"_links":{"self":[{"href":"https:\/\/blog.zeit.de\/teilchen\/wp-json\/wp\/v2\/posts\/6296","targetHints":{"allow":["GET"]}}],"collection":[{"href":"https:\/\/blog.zeit.de\/teilchen\/wp-json\/wp\/v2\/posts"}],"about":[{"href":"https:\/\/blog.zeit.de\/teilchen\/wp-json\/wp\/v2\/types\/post"}],"author":[{"embeddable":true,"href":"https:\/\/blog.zeit.de\/teilchen\/wp-json\/wp\/v2\/users\/558"}],"replies":[{"embeddable":true,"href":"https:\/\/blog.zeit.de\/teilchen\/wp-json\/wp\/v2\/comments?post=6296"}],"version-history":[{"count":10,"href":"https:\/\/blog.zeit.de\/teilchen\/wp-json\/wp\/v2\/posts\/6296\/revisions"}],"predecessor-version":[{"id":6398,"href":"https:\/\/blog.zeit.de\/teilchen\/wp-json\/wp\/v2\/posts\/6296\/revisions\/6398"}],"wp:featuredmedia":[{"embeddable":true,"href":"https:\/\/blog.zeit.de\/teilchen\/wp-json\/wp\/v2\/media\/6300"}],"wp:attachment":[{"href":"https:\/\/blog.zeit.de\/teilchen\/wp-json\/wp\/v2\/media?parent=6296"}],"wp:term":[{"taxonomy":"category","embeddable":true,"href":"https:\/\/blog.zeit.de\/teilchen\/wp-json\/wp\/v2\/categories?post=6296"},{"taxonomy":"post_tag","embeddable":true,"href":"https:\/\/blog.zeit.de\/teilchen\/wp-json\/wp\/v2\/tags?post=6296"}],"curies":[{"name":"wp","href":"https:\/\/api.w.org\/{rel}","templated":true}]}}