{"id":6380,"date":"2015-07-22T17:19:15","date_gmt":"2015-07-22T15:19:15","guid":{"rendered":"http:\/\/blog.zeit.de\/teilchen\/?p=6380"},"modified":"2015-07-23T09:31:11","modified_gmt":"2015-07-23T07:31:11","slug":"eine-angela-merkel-fantasie","status":"publish","type":"post","link":"https:\/\/blog.zeit.de\/teilchen\/2015\/07\/22\/eine-angela-merkel-fantasie\/","title":{"rendered":"Eine Angela-Merkel-Fantasie"},"content":{"rendered":"<blockquote class=\"twitter-video\" lang=\"de\">\n<p dir=\"ltr\" lang=\"de\">Ganz Europa hasst Merkel? Ja, bis auf diese Frau&#8230; <a href=\"http:\/\/t.co\/kWwwe0h6SU\">http:\/\/t.co\/kWwwe0h6SU<\/a> <a href=\"https:\/\/twitter.com\/hashtag\/JippieJayGay?src=hash\">#JippieJayGay<\/a> <a href=\"https:\/\/twitter.com\/hashtag\/LoveWins?src=hash\">#LoveWins<\/a> <a href=\"https:\/\/twitter.com\/hashtag\/Homoehe?src=hash\">#Homoehe<\/a> <a href=\"https:\/\/t.co\/MXeKh27ZZT\">https:\/\/t.co\/MXeKh27ZZT<\/a><\/p>\n<p>\u2014 STRAIGHT magazine (@STRAIGHT) <a href=\"https:\/\/twitter.com\/STRAIGHT\/status\/621685380329267200\">16. Juli 2015<\/a><\/p><\/blockquote>\n<p><script src=\"\/\/platform.twitter.com\/widgets.js\" async=\"\" charset=\"utf-8\"><\/script><\/p>\n<p>Macht soll sexy machen. Was f\u00fcr US-Pr\u00e4sidenten und Manager gilt, k\u00f6nnte auch auf <a href=\"http:\/\/www.zeit.de\/kultur\/2015-07\/angela-merkel-machtpolitik-zaudern-unterlassen\">Angela Merkel<\/a> zutreffen, die angeblich m\u00e4chtigste Frau der Welt \u2026<!--more--><\/p>\n<p>Das neue lesbische Lifestyle-Magazin <em>Straight<\/em> hat in einem Spot inszeniert, wie sich eine junge Frau an &#8222;Merkel&#8220; schmiegt. Der Spot ist jenseits der kuschelnden Kanzlerin durchaus realit\u00e4tsnah, denn das Merkel-Double genie\u00dft die Umarmung nur kurz und dirigiert Kabinett und Partei per Smartphone nahezu unger\u00fchrt weiter. In einem <a href=\"https:\/\/twitter.com\/STRAIGHT\/status\/621610974076731392\" target=\"_blank\">weiteren Spot<\/a> geht die Andeutung noch weiter: Die vermeintliche Geliebte k\u00fcsst das Merkel-Double auf den R\u00fccken.<\/p>\n<p>F\u00fcr Gespr\u00e4chsstoff sorgen die Werbefilme, weil die echte, heterosexuelle Kanzlerin zwar f\u00fcr Gleichberechtigung aller Paare eintritt, von der &#8222;Ehe f\u00fcr alle&#8220; aber wenig h\u00e4lt. Die einen gratulieren dem Magazin zu seiner gelungenen Werbestrategie, die anderen haben ein neues Hashtag erfunden: <a href=\"https:\/\/twitter.com\/search?q=%23merkelwirdgestreichelt\" target=\"_blank\">#merkelwirdgestreichelt<\/a>.<\/p>\n<p>Vergangene Woche hatten Nutzer unter <a href=\"http:\/\/www.zeit.de\/gesellschaft\/zeitgeschehen\/2015-07\/angela-merkel-fluechtlingsmaedchen-buergerdialog-fluechtlingspolitik\">#merkelstreichelt<\/a> ihrem \u00c4rger \u00fcber <a href=\"https:\/\/blog.zeit.de\/teilchen\/2015\/07\/16\/angela-merkel-fluechtling-muttitag-in-rostock\/#more-6206\" target=\"_blank\">Merkels Reaktion auf ein weinendes Fl\u00fcchtlingsm\u00e4dchen bei einem B\u00fcrgerdialog in Rostock<\/a> Luft gemacht.<\/p>\n","protected":false},"excerpt":{"rendered":"<p>Ganz Europa hasst Merkel? Ja, bis auf diese Frau&#8230; http:\/\/t.co\/kWwwe0h6SU #JippieJayGay #LoveWins #Homoehe https:\/\/t.co\/MXeKh27ZZT \u2014 STRAIGHT magazine (@STRAIGHT) 16. Juli 2015 Macht soll sexy [\u2026]<\/p>\n","protected":false},"author":512,"featured_media":6385,"comment_status":"open","ping_status":"closed","sticky":false,"template":"","format":"standard","meta":{"_jetpack_memberships_contains_paid_content":false,"footnotes":""},"categories":[28],"tags":[],"class_list":["post-6380","post","type-post","status-publish","format-standard","has-post-thumbnail","hentry","category-video"],"yoast_head":"<!-- This site is optimized with the Yoast SEO plugin v21.0 - https:\/\/yoast.com\/wordpress\/plugins\/seo\/ -->\n<title>Fantasien mit Angela Merkel<\/title>\n<meta name=\"description\" content=\"Macht macht sexy. Funktioniert das auch bei Angela Merkel? Ein Berlin Lesbenmagazin findet: Ja!\" \/>\n<meta name=\"robots\" content=\"index, follow, max-snippet:-1, max-image-preview:large, max-video-preview:-1\" \/>\n<link rel=\"canonical\" href=\"https:\/\/blog.zeit.de\/teilchen\/2015\/07\/22\/eine-angela-merkel-fantasie\/\" \/>\n<meta property=\"og:locale\" content=\"de_DE\" \/>\n<meta property=\"og:type\" content=\"article\" \/>\n<meta property=\"og:title\" content=\"Fantasien mit Angela Merkel\" \/>\n<meta property=\"og:description\" content=\"Macht macht sexy. Funktioniert das auch bei Angela Merkel? Ein Berlin Lesbenmagazin findet: Ja!\" \/>\n<meta property=\"og:url\" content=\"https:\/\/blog.zeit.de\/teilchen\/2015\/07\/22\/eine-angela-merkel-fantasie\/\" \/>\n<meta property=\"og:site_name\" content=\"Teilchen\" \/>\n<meta property=\"article:published_time\" content=\"2015-07-22T15:19:15+00:00\" \/>\n<meta property=\"article:modified_time\" content=\"2015-07-23T07:31:11+00:00\" \/>\n<meta property=\"og:image\" content=\"https:\/\/blog.zeit.de\/teilchen\/files\/2015\/07\/Merkel.jpg\" \/>\n\t<meta property=\"og:image:width\" content=\"640\" \/>\n\t<meta property=\"og:image:height\" content=\"362\" \/>\n\t<meta property=\"og:image:type\" content=\"image\/jpeg\" \/>\n<meta name=\"author\" content=\"Ute Brandenburger\" \/>\n<meta name=\"twitter:card\" content=\"summary_large_image\" \/>\n<meta name=\"twitter:creator\" content=\"@zeitonline\" \/>\n<meta name=\"twitter:site\" content=\"@zeitonline\" \/>\n<meta name=\"twitter:label1\" content=\"Geschrieben von\" \/>\n\t<meta name=\"twitter:data1\" content=\"Ute Brandenburger\" \/>\n\t<meta name=\"twitter:label2\" content=\"Gesch\u00e4tzte Lesezeit\" \/>\n\t<meta name=\"twitter:data2\" content=\"1\u00a0Minute\" \/>\n<script type=\"application\/ld+json\" class=\"yoast-schema-graph\">{\"@context\":\"https:\/\/schema.org\",\"@graph\":[{\"@type\":\"WebPage\",\"@id\":\"https:\/\/blog.zeit.de\/teilchen\/2015\/07\/22\/eine-angela-merkel-fantasie\/\",\"url\":\"https:\/\/blog.zeit.de\/teilchen\/2015\/07\/22\/eine-angela-merkel-fantasie\/\",\"name\":\"Fantasien mit Angela Merkel\",\"isPartOf\":{\"@id\":\"https:\/\/blog.zeit.de\/teilchen\/#website\"},\"datePublished\":\"2015-07-22T15:19:15+00:00\",\"dateModified\":\"2015-07-23T07:31:11+00:00\",\"author\":{\"@id\":\"https:\/\/blog.zeit.de\/teilchen\/#\/schema\/person\/3599364aa80e33724066a76409d02a81\"},\"description\":\"Macht macht sexy. Funktioniert das auch bei Angela Merkel? Ein Berlin Lesbenmagazin findet: Ja!\",\"breadcrumb\":{\"@id\":\"https:\/\/blog.zeit.de\/teilchen\/2015\/07\/22\/eine-angela-merkel-fantasie\/#breadcrumb\"},\"inLanguage\":\"de\",\"potentialAction\":[{\"@type\":\"ReadAction\",\"target\":[\"https:\/\/blog.zeit.de\/teilchen\/2015\/07\/22\/eine-angela-merkel-fantasie\/\"]}]},{\"@type\":\"BreadcrumbList\",\"@id\":\"https:\/\/blog.zeit.de\/teilchen\/2015\/07\/22\/eine-angela-merkel-fantasie\/#breadcrumb\",\"itemListElement\":[{\"@type\":\"ListItem\",\"position\":1,\"name\":\"Startseite\",\"item\":\"https:\/\/blog.zeit.de\/teilchen\/\"},{\"@type\":\"ListItem\",\"position\":2,\"name\":\"Eine Angela-Merkel-Fantasie\"}]},{\"@type\":\"WebSite\",\"@id\":\"https:\/\/blog.zeit.de\/teilchen\/#website\",\"url\":\"https:\/\/blog.zeit.de\/teilchen\/\",\"name\":\"Teilchen\",\"description\":\"Im Netz verstecken sich kleine Sch\u00e4tze - ZEIT ONLINE findet sie.\",\"potentialAction\":[{\"@type\":\"SearchAction\",\"target\":{\"@type\":\"EntryPoint\",\"urlTemplate\":\"https:\/\/blog.zeit.de\/teilchen\/?s={search_term_string}\"},\"query-input\":\"required name=search_term_string\"}],\"inLanguage\":\"de\"},{\"@type\":\"Person\",\"@id\":\"https:\/\/blog.zeit.de\/teilchen\/#\/schema\/person\/3599364aa80e33724066a76409d02a81\",\"name\":\"Ute Brandenburger\",\"image\":{\"@type\":\"ImageObject\",\"inLanguage\":\"de\",\"@id\":\"https:\/\/blog.zeit.de\/teilchen\/#\/schema\/person\/image\/\",\"url\":\"https:\/\/secure.gravatar.com\/avatar\/3ae1b71ab9eac8344bcb58029669bed2b7885f48c244759bdd77bab578bee5dc?s=96&d=mm&r=g\",\"contentUrl\":\"https:\/\/secure.gravatar.com\/avatar\/3ae1b71ab9eac8344bcb58029669bed2b7885f48c244759bdd77bab578bee5dc?s=96&d=mm&r=g\",\"caption\":\"Ute Brandenburger\"},\"description\":\"ist Redakteurin bei ZEIT ONLINE.\",\"url\":\"https:\/\/blog.zeit.de\/teilchen\/author\/ubrandenburger\/\"}]}<\/script>\n<!-- \/ Yoast SEO plugin. -->","yoast_head_json":{"title":"Fantasien mit Angela Merkel","description":"Macht macht sexy. Funktioniert das auch bei Angela Merkel? Ein Berlin Lesbenmagazin findet: Ja!","robots":{"index":"index","follow":"follow","max-snippet":"max-snippet:-1","max-image-preview":"max-image-preview:large","max-video-preview":"max-video-preview:-1"},"canonical":"https:\/\/blog.zeit.de\/teilchen\/2015\/07\/22\/eine-angela-merkel-fantasie\/","og_locale":"de_DE","og_type":"article","og_title":"Fantasien mit Angela Merkel","og_description":"Macht macht sexy. Funktioniert das auch bei Angela Merkel? Ein Berlin Lesbenmagazin findet: Ja!","og_url":"https:\/\/blog.zeit.de\/teilchen\/2015\/07\/22\/eine-angela-merkel-fantasie\/","og_site_name":"Teilchen","article_published_time":"2015-07-22T15:19:15+00:00","article_modified_time":"2015-07-23T07:31:11+00:00","og_image":[{"width":640,"height":362,"url":"https:\/\/blog.zeit.de\/teilchen\/files\/2015\/07\/Merkel.jpg","type":"image\/jpeg"}],"author":"Ute Brandenburger","twitter_card":"summary_large_image","twitter_creator":"@zeitonline","twitter_site":"@zeitonline","twitter_misc":{"Geschrieben von":"Ute Brandenburger","Gesch\u00e4tzte Lesezeit":"1\u00a0Minute"},"schema":{"@context":"https:\/\/schema.org","@graph":[{"@type":"WebPage","@id":"https:\/\/blog.zeit.de\/teilchen\/2015\/07\/22\/eine-angela-merkel-fantasie\/","url":"https:\/\/blog.zeit.de\/teilchen\/2015\/07\/22\/eine-angela-merkel-fantasie\/","name":"Fantasien mit Angela Merkel","isPartOf":{"@id":"https:\/\/blog.zeit.de\/teilchen\/#website"},"datePublished":"2015-07-22T15:19:15+00:00","dateModified":"2015-07-23T07:31:11+00:00","author":{"@id":"https:\/\/blog.zeit.de\/teilchen\/#\/schema\/person\/3599364aa80e33724066a76409d02a81"},"description":"Macht macht sexy. Funktioniert das auch bei Angela Merkel? Ein Berlin Lesbenmagazin findet: Ja!","breadcrumb":{"@id":"https:\/\/blog.zeit.de\/teilchen\/2015\/07\/22\/eine-angela-merkel-fantasie\/#breadcrumb"},"inLanguage":"de","potentialAction":[{"@type":"ReadAction","target":["https:\/\/blog.zeit.de\/teilchen\/2015\/07\/22\/eine-angela-merkel-fantasie\/"]}]},{"@type":"BreadcrumbList","@id":"https:\/\/blog.zeit.de\/teilchen\/2015\/07\/22\/eine-angela-merkel-fantasie\/#breadcrumb","itemListElement":[{"@type":"ListItem","position":1,"name":"Startseite","item":"https:\/\/blog.zeit.de\/teilchen\/"},{"@type":"ListItem","position":2,"name":"Eine Angela-Merkel-Fantasie"}]},{"@type":"WebSite","@id":"https:\/\/blog.zeit.de\/teilchen\/#website","url":"https:\/\/blog.zeit.de\/teilchen\/","name":"Teilchen","description":"Im Netz verstecken sich kleine Sch\u00e4tze - ZEIT ONLINE findet sie.","potentialAction":[{"@type":"SearchAction","target":{"@type":"EntryPoint","urlTemplate":"https:\/\/blog.zeit.de\/teilchen\/?s={search_term_string}"},"query-input":"required name=search_term_string"}],"inLanguage":"de"},{"@type":"Person","@id":"https:\/\/blog.zeit.de\/teilchen\/#\/schema\/person\/3599364aa80e33724066a76409d02a81","name":"Ute Brandenburger","image":{"@type":"ImageObject","inLanguage":"de","@id":"https:\/\/blog.zeit.de\/teilchen\/#\/schema\/person\/image\/","url":"https:\/\/secure.gravatar.com\/avatar\/3ae1b71ab9eac8344bcb58029669bed2b7885f48c244759bdd77bab578bee5dc?s=96&d=mm&r=g","contentUrl":"https:\/\/secure.gravatar.com\/avatar\/3ae1b71ab9eac8344bcb58029669bed2b7885f48c244759bdd77bab578bee5dc?s=96&d=mm&r=g","caption":"Ute Brandenburger"},"description":"ist Redakteurin bei ZEIT ONLINE.","url":"https:\/\/blog.zeit.de\/teilchen\/author\/ubrandenburger\/"}]}},"jetpack_featured_media_url":"https:\/\/blog.zeit.de\/teilchen\/files\/2015\/07\/Merkel.jpg","jetpack_sharing_enabled":true,"_links":{"self":[{"href":"https:\/\/blog.zeit.de\/teilchen\/wp-json\/wp\/v2\/posts\/6380","targetHints":{"allow":["GET"]}}],"collection":[{"href":"https:\/\/blog.zeit.de\/teilchen\/wp-json\/wp\/v2\/posts"}],"about":[{"href":"https:\/\/blog.zeit.de\/teilchen\/wp-json\/wp\/v2\/types\/post"}],"author":[{"embeddable":true,"href":"https:\/\/blog.zeit.de\/teilchen\/wp-json\/wp\/v2\/users\/512"}],"replies":[{"embeddable":true,"href":"https:\/\/blog.zeit.de\/teilchen\/wp-json\/wp\/v2\/comments?post=6380"}],"version-history":[{"count":14,"href":"https:\/\/blog.zeit.de\/teilchen\/wp-json\/wp\/v2\/posts\/6380\/revisions"}],"predecessor-version":[{"id":6400,"href":"https:\/\/blog.zeit.de\/teilchen\/wp-json\/wp\/v2\/posts\/6380\/revisions\/6400"}],"wp:featuredmedia":[{"embeddable":true,"href":"https:\/\/blog.zeit.de\/teilchen\/wp-json\/wp\/v2\/media\/6385"}],"wp:attachment":[{"href":"https:\/\/blog.zeit.de\/teilchen\/wp-json\/wp\/v2\/media?parent=6380"}],"wp:term":[{"taxonomy":"category","embeddable":true,"href":"https:\/\/blog.zeit.de\/teilchen\/wp-json\/wp\/v2\/categories?post=6380"},{"taxonomy":"post_tag","embeddable":true,"href":"https:\/\/blog.zeit.de\/teilchen\/wp-json\/wp\/v2\/tags?post=6380"}],"curies":[{"name":"wp","href":"https:\/\/api.w.org\/{rel}","templated":true}]}}