{"id":6792,"date":"2015-08-06T13:19:55","date_gmt":"2015-08-06T11:19:55","guid":{"rendered":"http:\/\/blog.zeit.de\/teilchen\/?p=6792"},"modified":"2015-08-06T13:19:55","modified_gmt":"2015-08-06T11:19:55","slug":"wenn-die-hiroshima-bombe-auf-muenchen-fiele","status":"publish","type":"post","link":"https:\/\/blog.zeit.de\/teilchen\/2015\/08\/06\/wenn-die-hiroshima-bombe-auf-muenchen-fiele\/","title":{"rendered":"Wenn die Hiroshima-Bombe auf M\u00fcnchen fiele"},"content":{"rendered":"<p class=\"wp-caption-text\"><img loading=\"lazy\" decoding=\"async\" class=\"aligncenter wp-image-6796 size-medium\" src=\"https:\/\/blog.zeit.de\/teilchen\/files\/2015\/08\/atom_hiroshima_muenchen-580x423.jpg\" alt=\"Wenn die Bombe von Hiroshima auf M\u00fcnchen fiele\" width=\"580\" height=\"423\" srcset=\"https:\/\/blog.zeit.de\/teilchen\/files\/2015\/08\/atom_hiroshima_muenchen-580x423.jpg 580w, https:\/\/blog.zeit.de\/teilchen\/files\/2015\/08\/atom_hiroshima_muenchen.jpg 918w\" sizes=\"auto, (max-width: 580px) 100vw, 580px\" \/><br \/>\nW\u00e4re die Atombombe Little Boy nicht \u00fcber Hiroshima abgeworfen worden, sondern \u00fcber M\u00fcnchen \u2013 weite Teile der Innenstadt w\u00e4ren zerst\u00f6rt. \u00a9 <a href=\"http:\/\/nuclearsecrecy.com\/nukemap\/\" target=\"_blank\">Alex Wellerstein<\/a><\/p>\n<p>Der Zweite Weltkrieg hat Millionen von Menschen unendliches Leid gebracht \u2013 aber heute, 70 Jahre nach Kriegsende, gibt es immer weniger Zeitzeugen, die davon berichten k\u00f6nnen. Ein Gro\u00dfteil der deutschen Bev\u00f6lkerung hat nie erlebt, wie es ist, wenn im eigenen Land Krieg herrscht. Und davon, was es bedeutet, wenn eine Atombombe ganze Landstriche zerst\u00f6rt, k\u00f6nnen nur Menschen in Japan erz\u00e4hlen.<!--more--><\/p>\n<p>Zwei Animationen verdeutlichen nun die Wirkung der Atombomben, die am 6. August 1945 auf das japanische Hiroshima und drei Tage sp\u00e4ter auf Nagasaki abgeworfen wurden, und bringen uns allen den Wahnsinn der letzten Kriegstage n\u00e4her. Was w\u00e4re, wenn eine Atombombe auf unsere Heimatstadt fiele? Wie gro\u00df w\u00e4ren die zerst\u00f6rten Gebiete? Wie weit ginge die Verw\u00fcstung? Das zeigen zwei interaktive Karten.<\/p>\n<p><a href=\"http:\/\/www.pri.org\/stories\/2015-08-04\/what-if-your-hometown-were-hit-hiroshima-atomic-bomb\" target=\"_blank\">Kuang Keng Kuek Ser hat f\u00fcr Public Radio International eine Karte erstellt<\/a>. Der Nutzer muss lediglich einen Punkt auf einer Weltkarte markieren, schon werden die Folgen sichtbar. Angenommen, eine Atombombe fiele auf Duisburg \u2013 der Animation zufolge w\u00fcrde die Wucht der Bombe selbst in Essen, Krefeld und dem n\u00f6rdlichen Stadtgebiet von D\u00fcsseldorf die Fenster zerbrechen lassen.<\/p>\n<p class=\"wp-caption-text\"><a href=\"http:\/\/www.pri.org\/stories\/2015-08-04\/what-if-your-hometown-were-hit-hiroshima-atomic-bomb\" target=\"_blank\"><img loading=\"lazy\" decoding=\"async\" class=\"aligncenter size-medium wp-image-6797\" src=\"https:\/\/blog.zeit.de\/teilchen\/files\/2015\/08\/atom_hiroshima_duisburg-580x391.jpg\" alt=\"atom_hiroshima_duisburg\" width=\"580\" height=\"391\" srcset=\"https:\/\/blog.zeit.de\/teilchen\/files\/2015\/08\/atom_hiroshima_duisburg-580x391.jpg 580w, https:\/\/blog.zeit.de\/teilchen\/files\/2015\/08\/atom_hiroshima_duisburg.jpg 842w\" sizes=\"auto, (max-width: 580px) 100vw, 580px\" \/><\/a><br \/>\nM\u00f6gliche Zerst\u00f6rung der Atombombe Little Boy \u2013 w\u00e4re sie \u00fcber Duisburg abgeworfen worden (nach Kuang Keng Kuek Ser). Die Ergebnisse der beiden im Text zitierten Karten sind <em>nicht<\/em> deckungsgleich. \u00a9 <a href=\"http:\/\/www.pri.org\/stories\/2015-08-04\/what-if-your-hometown-were-hit-hiroshima-atomic-bomb\" target=\"_blank\">Kuang Keng Kuek Ser\/PRI<\/a><\/p>\n<p><a href=\"http:\/\/nuclearsecrecy.com\/nukemap\/\" target=\"_blank\">Eine zweite Karte, programmiert am Stevens Institute of Technology von Alex Wellerstein<\/a>, gew\u00e4hrt einen etwas detaillierteren Einblick in die grausame Materie. Hier k\u00f6nnen neben der Bombe Little Boy, die \u00fcber Hiroshima detonierte und Fat Boy, die Nagasaki zerst\u00f6rte, auch die Wirkung von Bomben dargestellt werden, die sich derzeit im Besitz einzelner Staaten befinden.<\/p>\n<p class=\"wp-caption-text\"><a href=\"http:\/\/nuclearsecrecy.com\/nukemap\/\" target=\"_blank\"><img loading=\"lazy\" decoding=\"async\" class=\"aligncenter size-medium wp-image-6798\" src=\"https:\/\/blog.zeit.de\/teilchen\/files\/2015\/08\/atom_usbombe_berlin-580x404.jpg\" alt=\"atom_usbombe_berlin\" width=\"580\" height=\"404\" srcset=\"https:\/\/blog.zeit.de\/teilchen\/files\/2015\/08\/atom_usbombe_berlin-580x404.jpg 580w, https:\/\/blog.zeit.de\/teilchen\/files\/2015\/08\/atom_usbombe_berlin.jpg 935w\" sizes=\"auto, (max-width: 580px) 100vw, 580px\" \/><\/a><br \/>\nDer Abwurf der Atombombe B83 (im Besitz der USA) h\u00e4tte fatale Folgen f\u00fcr das gesamte Berliner Stadtgebiet.\u00a0\u00a9 <a href=\"http:\/\/nuclearsecrecy.com\/nukemap\/\" target=\"_blank\">Alex Wellerstein <\/a><\/p>\n<p>Die Ergebnisse beider Karten sind nicht deckungsgleich \u2013 und doch vermitteln sie einen Eindruck, welche verheerende Wirkung eine Atombombe h\u00e4tte. Nicht ohne Grund appelliert Japan, wo im Sommer vor 70 Jahren in Hiroshima 66.000 Menschen sofort nach der Explosion starben und mindestens 69.000 weitere verletzt wurden, <a href=\"http:\/\/www.zeit.de\/wissen\/geschichte\/2015-08\/atombombe-japan-hiroshima-nagasaki-jahrestag\" target=\"_blank\">weltweit alle Atombomben zu vernichten<\/a>. Ein unterst\u00fctzenswerter Wunsch. Aber wohl leider auch ein unrealistischer.<\/p>\n<ul>\n<li>War die zweite Atombombe auf Nagasaki \u00fcberhaupt notwendig, um Japans Kapitulation zu erzwingen? Damit befasst sich <a href=\"http:\/\/www.zeit.de\/kultur\/film\/2015-08\/nagasaki-ard-dokumentation\" target=\"_blank\">eine sehenswerte ARD-Dokumentation<\/a> (hier geht\u2019s zum <a href=\"http:\/\/www.ardmediathek.de\/tv\/Reportage-Dokumentation\/Geschichte-im-Ersten-Nagasaki-Warum-f\/Das-Erste\/Video?documentId=29885680&amp;bcastId=799280\" target=\"_blank\">Film in der ARD-Mediathek<\/a>, Video verf\u00fcgbar bis 10. August 2015, t\u00e4glich ab 20 Uhr).<\/li>\n<li>Wie <a href=\"http:\/\/www.zeit.de\/zeit-geschichte\/2015\/01\/japan-zweiter-weltkrieg-atombombe-kapitulation\" target=\"_blank\">Japan die letzten Tage des Zweiten Weltkriegs erlebte<\/a>, beschreibt der ehemalige <em>ZEIT<\/em>-Chefredakteur Theo Sommer.<\/li>\n<li>Wer war der Pilot, der das Signal zum Abwurf der Hiroshima-Bombe gab und danach bereute? Lesen Sie <a href=\"http:\/\/www.zeit.de\/2015\/32\/hiroshima-pilot-atombombe-claude-eatherly\" target=\"_blank\">die Geschichte und Legende von Claude Eatherly<\/a>.<\/li>\n<\/ul>\n<p><em>Weitere <a href=\"https:\/\/blog.zeit.de\/teilchen\/\" target=\"_blank\">Teilchen finden Sie hier.<\/a><\/em><\/p>\n","protected":false},"excerpt":{"rendered":"<p>W\u00e4re die Atombombe Little Boy nicht \u00fcber Hiroshima abgeworfen worden, sondern \u00fcber M\u00fcnchen \u2013 weite Teile der Innenstadt w\u00e4ren zerst\u00f6rt. \u00a9 Alex Wellerstein Der [\u2026]<\/p>\n","protected":false},"author":556,"featured_media":0,"comment_status":"open","ping_status":"closed","sticky":false,"template":"","format":"standard","meta":{"_jetpack_memberships_contains_paid_content":false,"footnotes":""},"categories":[13657],"tags":[],"class_list":["post-6792","post","type-post","status-publish","format-standard","hentry","category-interaktiv"],"yoast_head":"<!-- This site is optimized with the Yoast SEO plugin v21.0 - https:\/\/yoast.com\/wordpress\/plugins\/seo\/ -->\n<title>Wenn die Bombe von Hiroshima auf M\u00fcnchen fiele<\/title>\n<meta name=\"description\" content=\"Wie w\u00fcrden unsere Heimatst\u00e4dte nach einem Atombombenangriff wie 1945 in Hiroshima aussehen?\" \/>\n<meta name=\"robots\" content=\"index, follow, max-snippet:-1, max-image-preview:large, max-video-preview:-1\" \/>\n<link rel=\"canonical\" href=\"https:\/\/blog.zeit.de\/teilchen\/2015\/08\/06\/wenn-die-hiroshima-bombe-auf-muenchen-fiele\/\" \/>\n<meta property=\"og:locale\" content=\"de_DE\" \/>\n<meta property=\"og:type\" content=\"article\" \/>\n<meta property=\"og:title\" content=\"Wenn die Bombe von Hiroshima auf M\u00fcnchen fiele\" \/>\n<meta property=\"og:description\" content=\"Wie w\u00fcrden unsere Heimatst\u00e4dte nach einem Atombombenangriff wie 1945 in Hiroshima aussehen?\" \/>\n<meta property=\"og:url\" content=\"https:\/\/blog.zeit.de\/teilchen\/2015\/08\/06\/wenn-die-hiroshima-bombe-auf-muenchen-fiele\/\" \/>\n<meta property=\"og:site_name\" content=\"Teilchen\" \/>\n<meta property=\"article:published_time\" content=\"2015-08-06T11:19:55+00:00\" \/>\n<meta property=\"og:image\" content=\"https:\/\/blog.zeit.de\/teilchen\/files\/2015\/08\/atom_hiroshima_muenchen-580x423.jpg\" \/>\n<meta name=\"author\" content=\"Tobias Dorfer\" \/>\n<meta name=\"twitter:card\" content=\"summary_large_image\" \/>\n<meta name=\"twitter:creator\" content=\"@tobiasdorfer\" \/>\n<meta name=\"twitter:site\" content=\"@zeitonline\" \/>\n<meta name=\"twitter:label1\" content=\"Geschrieben von\" \/>\n\t<meta name=\"twitter:data1\" content=\"Tobias Dorfer\" \/>\n\t<meta name=\"twitter:label2\" content=\"Gesch\u00e4tzte Lesezeit\" \/>\n\t<meta name=\"twitter:data2\" content=\"2\u00a0Minuten\" \/>\n<script type=\"application\/ld+json\" class=\"yoast-schema-graph\">{\"@context\":\"https:\/\/schema.org\",\"@graph\":[{\"@type\":\"WebPage\",\"@id\":\"https:\/\/blog.zeit.de\/teilchen\/2015\/08\/06\/wenn-die-hiroshima-bombe-auf-muenchen-fiele\/\",\"url\":\"https:\/\/blog.zeit.de\/teilchen\/2015\/08\/06\/wenn-die-hiroshima-bombe-auf-muenchen-fiele\/\",\"name\":\"Wenn die Bombe von Hiroshima auf M\u00fcnchen fiele\",\"isPartOf\":{\"@id\":\"https:\/\/blog.zeit.de\/teilchen\/#website\"},\"datePublished\":\"2015-08-06T11:19:55+00:00\",\"dateModified\":\"2015-08-06T11:19:55+00:00\",\"author\":{\"@id\":\"https:\/\/blog.zeit.de\/teilchen\/#\/schema\/person\/e90ba849254185115fd919d4fad07dc0\"},\"description\":\"Wie w\u00fcrden unsere Heimatst\u00e4dte nach einem Atombombenangriff wie 1945 in Hiroshima aussehen?\",\"breadcrumb\":{\"@id\":\"https:\/\/blog.zeit.de\/teilchen\/2015\/08\/06\/wenn-die-hiroshima-bombe-auf-muenchen-fiele\/#breadcrumb\"},\"inLanguage\":\"de\",\"potentialAction\":[{\"@type\":\"ReadAction\",\"target\":[\"https:\/\/blog.zeit.de\/teilchen\/2015\/08\/06\/wenn-die-hiroshima-bombe-auf-muenchen-fiele\/\"]}]},{\"@type\":\"BreadcrumbList\",\"@id\":\"https:\/\/blog.zeit.de\/teilchen\/2015\/08\/06\/wenn-die-hiroshima-bombe-auf-muenchen-fiele\/#breadcrumb\",\"itemListElement\":[{\"@type\":\"ListItem\",\"position\":1,\"name\":\"Startseite\",\"item\":\"https:\/\/blog.zeit.de\/teilchen\/\"},{\"@type\":\"ListItem\",\"position\":2,\"name\":\"Wenn die Hiroshima-Bombe auf M\u00fcnchen fiele\"}]},{\"@type\":\"WebSite\",\"@id\":\"https:\/\/blog.zeit.de\/teilchen\/#website\",\"url\":\"https:\/\/blog.zeit.de\/teilchen\/\",\"name\":\"Teilchen\",\"description\":\"Im Netz verstecken sich kleine Sch\u00e4tze - ZEIT ONLINE findet sie.\",\"potentialAction\":[{\"@type\":\"SearchAction\",\"target\":{\"@type\":\"EntryPoint\",\"urlTemplate\":\"https:\/\/blog.zeit.de\/teilchen\/?s={search_term_string}\"},\"query-input\":\"required name=search_term_string\"}],\"inLanguage\":\"de\"},{\"@type\":\"Person\",\"@id\":\"https:\/\/blog.zeit.de\/teilchen\/#\/schema\/person\/e90ba849254185115fd919d4fad07dc0\",\"name\":\"Tobias Dorfer\",\"image\":{\"@type\":\"ImageObject\",\"inLanguage\":\"de\",\"@id\":\"https:\/\/blog.zeit.de\/teilchen\/#\/schema\/person\/image\/\",\"url\":\"https:\/\/secure.gravatar.com\/avatar\/0021e1a3fe9f799912804bcca6f1bcbbe58ee3bf29c8f714a0f453695a888d0a?s=96&d=mm&r=g\",\"contentUrl\":\"https:\/\/secure.gravatar.com\/avatar\/0021e1a3fe9f799912804bcca6f1bcbbe58ee3bf29c8f714a0f453695a888d0a?s=96&d=mm&r=g\",\"caption\":\"Tobias Dorfer\"},\"description\":\"Teamleiter Social Media bei ZEIT ONLINE. Zuvor sieben Jahre bei S\u00fcddeutsche.de, als Redakteur im Wirtschafts- und Regional-Ressort sowie Editorial SEO. Ausbildung an der Deutschen Journalistenschule in M\u00fcnchen mit Hospitanzen bei S\u00fcddeutsche Zeitung, SPIEGEL und SPIEGEL Online.\",\"sameAs\":[\"https:\/\/twitter.com\/tobiasdorfer\"],\"url\":\"https:\/\/blog.zeit.de\/teilchen\/author\/tdorfer\/\"}]}<\/script>\n<!-- \/ Yoast SEO plugin. -->","yoast_head_json":{"title":"Wenn die Bombe von Hiroshima auf M\u00fcnchen fiele","description":"Wie w\u00fcrden unsere Heimatst\u00e4dte nach einem Atombombenangriff wie 1945 in Hiroshima aussehen?","robots":{"index":"index","follow":"follow","max-snippet":"max-snippet:-1","max-image-preview":"max-image-preview:large","max-video-preview":"max-video-preview:-1"},"canonical":"https:\/\/blog.zeit.de\/teilchen\/2015\/08\/06\/wenn-die-hiroshima-bombe-auf-muenchen-fiele\/","og_locale":"de_DE","og_type":"article","og_title":"Wenn die Bombe von Hiroshima auf M\u00fcnchen fiele","og_description":"Wie w\u00fcrden unsere Heimatst\u00e4dte nach einem Atombombenangriff wie 1945 in Hiroshima aussehen?","og_url":"https:\/\/blog.zeit.de\/teilchen\/2015\/08\/06\/wenn-die-hiroshima-bombe-auf-muenchen-fiele\/","og_site_name":"Teilchen","article_published_time":"2015-08-06T11:19:55+00:00","og_image":[{"url":"https:\/\/blog.zeit.de\/teilchen\/files\/2015\/08\/atom_hiroshima_muenchen-580x423.jpg"}],"author":"Tobias Dorfer","twitter_card":"summary_large_image","twitter_creator":"@tobiasdorfer","twitter_site":"@zeitonline","twitter_misc":{"Geschrieben von":"Tobias Dorfer","Gesch\u00e4tzte Lesezeit":"2\u00a0Minuten"},"schema":{"@context":"https:\/\/schema.org","@graph":[{"@type":"WebPage","@id":"https:\/\/blog.zeit.de\/teilchen\/2015\/08\/06\/wenn-die-hiroshima-bombe-auf-muenchen-fiele\/","url":"https:\/\/blog.zeit.de\/teilchen\/2015\/08\/06\/wenn-die-hiroshima-bombe-auf-muenchen-fiele\/","name":"Wenn die Bombe von Hiroshima auf M\u00fcnchen fiele","isPartOf":{"@id":"https:\/\/blog.zeit.de\/teilchen\/#website"},"datePublished":"2015-08-06T11:19:55+00:00","dateModified":"2015-08-06T11:19:55+00:00","author":{"@id":"https:\/\/blog.zeit.de\/teilchen\/#\/schema\/person\/e90ba849254185115fd919d4fad07dc0"},"description":"Wie w\u00fcrden unsere Heimatst\u00e4dte nach einem Atombombenangriff wie 1945 in Hiroshima aussehen?","breadcrumb":{"@id":"https:\/\/blog.zeit.de\/teilchen\/2015\/08\/06\/wenn-die-hiroshima-bombe-auf-muenchen-fiele\/#breadcrumb"},"inLanguage":"de","potentialAction":[{"@type":"ReadAction","target":["https:\/\/blog.zeit.de\/teilchen\/2015\/08\/06\/wenn-die-hiroshima-bombe-auf-muenchen-fiele\/"]}]},{"@type":"BreadcrumbList","@id":"https:\/\/blog.zeit.de\/teilchen\/2015\/08\/06\/wenn-die-hiroshima-bombe-auf-muenchen-fiele\/#breadcrumb","itemListElement":[{"@type":"ListItem","position":1,"name":"Startseite","item":"https:\/\/blog.zeit.de\/teilchen\/"},{"@type":"ListItem","position":2,"name":"Wenn die Hiroshima-Bombe auf M\u00fcnchen fiele"}]},{"@type":"WebSite","@id":"https:\/\/blog.zeit.de\/teilchen\/#website","url":"https:\/\/blog.zeit.de\/teilchen\/","name":"Teilchen","description":"Im Netz verstecken sich kleine Sch\u00e4tze - ZEIT ONLINE findet sie.","potentialAction":[{"@type":"SearchAction","target":{"@type":"EntryPoint","urlTemplate":"https:\/\/blog.zeit.de\/teilchen\/?s={search_term_string}"},"query-input":"required name=search_term_string"}],"inLanguage":"de"},{"@type":"Person","@id":"https:\/\/blog.zeit.de\/teilchen\/#\/schema\/person\/e90ba849254185115fd919d4fad07dc0","name":"Tobias Dorfer","image":{"@type":"ImageObject","inLanguage":"de","@id":"https:\/\/blog.zeit.de\/teilchen\/#\/schema\/person\/image\/","url":"https:\/\/secure.gravatar.com\/avatar\/0021e1a3fe9f799912804bcca6f1bcbbe58ee3bf29c8f714a0f453695a888d0a?s=96&d=mm&r=g","contentUrl":"https:\/\/secure.gravatar.com\/avatar\/0021e1a3fe9f799912804bcca6f1bcbbe58ee3bf29c8f714a0f453695a888d0a?s=96&d=mm&r=g","caption":"Tobias Dorfer"},"description":"Teamleiter Social Media bei ZEIT ONLINE. Zuvor sieben Jahre bei S\u00fcddeutsche.de, als Redakteur im Wirtschafts- und Regional-Ressort sowie Editorial SEO. Ausbildung an der Deutschen Journalistenschule in M\u00fcnchen mit Hospitanzen bei S\u00fcddeutsche Zeitung, SPIEGEL und SPIEGEL Online.","sameAs":["https:\/\/twitter.com\/tobiasdorfer"],"url":"https:\/\/blog.zeit.de\/teilchen\/author\/tdorfer\/"}]}},"jetpack_featured_media_url":"","jetpack_sharing_enabled":true,"_links":{"self":[{"href":"https:\/\/blog.zeit.de\/teilchen\/wp-json\/wp\/v2\/posts\/6792","targetHints":{"allow":["GET"]}}],"collection":[{"href":"https:\/\/blog.zeit.de\/teilchen\/wp-json\/wp\/v2\/posts"}],"about":[{"href":"https:\/\/blog.zeit.de\/teilchen\/wp-json\/wp\/v2\/types\/post"}],"author":[{"embeddable":true,"href":"https:\/\/blog.zeit.de\/teilchen\/wp-json\/wp\/v2\/users\/556"}],"replies":[{"embeddable":true,"href":"https:\/\/blog.zeit.de\/teilchen\/wp-json\/wp\/v2\/comments?post=6792"}],"version-history":[{"count":11,"href":"https:\/\/blog.zeit.de\/teilchen\/wp-json\/wp\/v2\/posts\/6792\/revisions"}],"predecessor-version":[{"id":6829,"href":"https:\/\/blog.zeit.de\/teilchen\/wp-json\/wp\/v2\/posts\/6792\/revisions\/6829"}],"wp:attachment":[{"href":"https:\/\/blog.zeit.de\/teilchen\/wp-json\/wp\/v2\/media?parent=6792"}],"wp:term":[{"taxonomy":"category","embeddable":true,"href":"https:\/\/blog.zeit.de\/teilchen\/wp-json\/wp\/v2\/categories?post=6792"},{"taxonomy":"post_tag","embeddable":true,"href":"https:\/\/blog.zeit.de\/teilchen\/wp-json\/wp\/v2\/tags?post=6792"}],"curies":[{"name":"wp","href":"https:\/\/api.w.org\/{rel}","templated":true}]}}